{"id":2125,"date":"2022-02-28T18:45:03","date_gmt":"2022-02-28T17:45:03","guid":{"rendered":"https:\/\/www.bhakademiker.org\/?p=2125"},"modified":"2022-03-01T23:38:32","modified_gmt":"2022-03-01T22:38:32","slug":"bih-staemmigen-unternehmer","status":"publish","type":"post","link":"https:\/\/www.bhakademiker.org\/bs\/2022\/02\/28\/bih-staemmigen-unternehmer\/","title":{"rendered":"Dan privrednika porijeklom iz BiH"},"content":{"rendered":"<p>Bosansko akademsko dru\u0161tvo u Austriji (BADA) \u0107e ove godine odr\u017eati privredni skup pod nazivom <strong>\u201cDan privrednika porijeklom iz BiH\u201d<\/strong>. <strong>.<\/strong>.<\/p>\n<p class=\" translation-block\">Skup \u0107e se odr\u017eati u <strong>subotu, 26. marta 2022. godine u Be\u010du<\/strong>.<\/p>\n<p>Govornici iz privrednog, nau\u010dnog i obrazovnog sektora bh. dijaspore u Austriji \u0107e predstaviti neke od pozitivnih primjera svog rada, te saradnje na privrednim projektima u BiH, i planove za daljnu podr\u0161ku privrednom razvoju.<\/p>\n<p>\u201cDan privrednika 2022\u201d \u0107e staviti fokus na umre\u017eavanje privrednika porijeklom iz BiH, na potencijalno rje\u0161avanje pitanja nedostatka stru\u010dne radne snage kroz prenos znanja i dualno obrazovanje, te razne izazove i prilike za osna\u017eivanje privrednika u Austriji i BiH.<\/p>\n<p>Govornici na skupu su:<\/p>\n<p>\u2022 <strong>Siradj Duhan<\/strong>, Pr\u00e4sident von BADA und Manager in der Firma &#8220;Schindler&#8221;<br \/>\n\u2022 <strong>Denis \u010cavki\u0107<\/strong> \u2013 \u201eKombiflex\u201c<br \/>\n\u2022 <strong>Saldin Herac<\/strong> \u2013 \u201eProgresys Management &amp; Engineering GmbH\u201c<br \/>\n\u2022 <strong>Svetlana Mili\u010di\u0107<\/strong> \u2013 \u201eFerronor\u201c<br \/>\n\u2022 <strong>Davul Ljuhar<\/strong> \u2013 \u201eBraincon-Technologies\u201c<br \/>\n\u2022 <strong>Ivan \u017dili\u0107<\/strong> &#8211; \u201eZilic-Lichtbogen-Halterschwei\u00dfverfahren\u201c<br \/>\n\u2022 <strong>Sini\u0161a Vidovi\u0107<\/strong> \u2013 \u201eForafilm\u201c<br \/>\n\u2022 <strong>Prof. Dr. Edvin Dervi\u0161evi\u0107<\/strong>\u2013 predsjednik \u201cBosanskog akademskog dru\u0161tva u Sloveniji\u201d<\/p>\n<p class=\" translation-block\">Medju gostima se o\u010dekuje i Ambasador Bosne i Hercegovine u Austriji <strong>Kemal Kozari\u0107<\/strong>, te\nnekoliko privrednika iz Danske, Francuske i Njema\u010dke. Ugodna atmosfera skupa \u0107e biti upotpunjena nastupom pijanistice Tine Kordi\u0107.<\/p>\n<p class=\" translation-block\">Ovom prilikom pozivamo i druge firme i menad\u017eere u Austriji da se prijave i u\u010destvuju na ovom skupu. Svoje prijave mo\u017eete poslati najkasnije do 14. marta na e-mail adresu: wirtschaft@bhakademiker.org<\/p>\n<p>Bosansko akademsko dru\u0161tvo u Austriji (BADA) osnovano je 1994. godine. Osnovali su ga akademski gra\u0111ani porijeklom iz Bosne i Hercegovine. Bosansko akademsko dru\u0161tvo u Austriji je 2019. godine dobilo status specijalnog posmatra\u010da u Ekonomsko-socijalnom vije\u0107u Ujedinjenih naroda (UN).<\/p>\n<p>Vi\u0161e informacija o Bosanskom Akademskom Dru\u0161tvu na <a href=\"https:\/\/www.bhakademiker.org\/bs\/\">web stranici<\/a> i <a href=\"https:\/\/www.facebook.com\/BosnischeAkademiker\/\">Facebook stranici<\/a>.<\/p>\n<p>Organizacijski tim koji vam stoji na raspologanju:<\/p>\n<p><a href=\"https:\/\/www.bhakademiker.org\/wp-content\/uploads\/2022\/02\/Wirtschaft-organisations-Gruppe.jpg\"><img fetchpriority=\"high\" decoding=\"async\" class=\"alignleft size-full wp-image-2128\" src=\"https:\/\/www.bhakademiker.org\/wp-content\/uploads\/2022\/02\/Wirtschaft-organisations-Gruppe.jpg\" alt=\"Wirtschaft organisations Gruppe\" width=\"1380\" height=\"714\" srcset=\"https:\/\/www.bhakademiker.org\/wp-content\/uploads\/2022\/02\/Wirtschaft-organisations-Gruppe.jpg 1380w, https:\/\/www.bhakademiker.org\/wp-content\/uploads\/2022\/02\/Wirtschaft-organisations-Gruppe-300x155.jpg 300w, https:\/\/www.bhakademiker.org\/wp-content\/uploads\/2022\/02\/Wirtschaft-organisations-Gruppe-1024x530.jpg 1024w, https:\/\/www.bhakademiker.org\/wp-content\/uploads\/2022\/02\/Wirtschaft-organisations-Gruppe-768x397.jpg 768w, https:\/\/www.bhakademiker.org\/wp-content\/uploads\/2022\/02\/Wirtschaft-organisations-Gruppe-18x9.jpg 18w\" sizes=\"(max-width: 1380px) 100vw, 1380px\" \/><\/a><\/p>","protected":false},"excerpt":{"rendered":"<p>Bosansko akademsko dru\u0161tvo u Austriji (BADA) \u0107e ove godine odr\u017eati privredni skup<\/p>","protected":false},"author":1,"featured_media":2126,"comment_status":"closed","ping_status":"closed","sticky":false,"template":"","format":"standard","meta":{"footnotes":""},"categories":[69],"tags":[],"class_list":["post-2125","post","type-post","status-publish","format-standard","has-post-thumbnail","hentry","category-wirtschaft"],"yoast_head":"<!-- This site is optimized with the Yoast SEO plugin v20.3 - https:\/\/yoast.com\/wordpress\/plugins\/seo\/ -->\n<title>BiH st\u00e4mmigen Unternehmer - Gesellschaft Bosnischer Akademiker<\/title>\n<meta name=\"description\" content=\"Tag der aus BiH st\u00e4mmigen Unternehmer in \u00d6sterreich. Das Treffen findet am Samstag, 26. M\u00e4rz 2022 in Wien statt.\" \/>\n<meta name=\"robots\" content=\"index, follow, max-snippet:-1, max-image-preview:large, max-video-preview:-1\" \/>\n<link rel=\"canonical\" href=\"https:\/\/www.bhakademiker.org\/bs\/2022\/02\/28\/bih-staemmigen-unternehmer\/\" \/>\n<meta property=\"og:locale\" content=\"bs_BA\" \/>\n<meta property=\"og:type\" content=\"article\" \/>\n<meta property=\"og:title\" content=\"BiH st\u00e4mmigen Unternehmer - Gesellschaft Bosnischer Akademiker\" \/>\n<meta property=\"og:description\" content=\"Tag der aus BiH st\u00e4mmigen Unternehmer in \u00d6sterreich. Das Treffen findet am Samstag, 26. M\u00e4rz 2022 in Wien statt.\" \/>\n<meta property=\"og:url\" content=\"https:\/\/www.bhakademiker.org\/bs\/2022\/02\/28\/bih-staemmigen-unternehmer\/\" \/>\n<meta property=\"og:site_name\" content=\"Gesellschaft Bosnischer Akademiker\" \/>\n<meta property=\"article:published_time\" content=\"2022-02-28T17:45:03+00:00\" \/>\n<meta property=\"article:modified_time\" content=\"2022-03-01T22:38:32+00:00\" \/>\n<meta property=\"og:image\" content=\"https:\/\/www.bhakademiker.org\/wp-content\/uploads\/2022\/02\/Dan-privrednika-porijeklom-iz-BiH-copy.png\" \/>\n\t<meta property=\"og:image:width\" content=\"1379\" \/>\n\t<meta property=\"og:image:height\" content=\"689\" \/>\n\t<meta property=\"og:image:type\" content=\"image\/png\" \/>\n<meta name=\"author\" content=\"BanKulin\" \/>\n<meta name=\"twitter:card\" content=\"summary_large_image\" \/>\n<meta name=\"twitter:label1\" content=\"Written by\" \/>\n\t<meta name=\"twitter:data1\" content=\"BanKulin\" \/>\n\t<meta name=\"twitter:label2\" content=\"Est. reading time\" \/>\n\t<meta name=\"twitter:data2\" content=\"1 minuta\" \/>\n<script type=\"application\/ld+json\" class=\"yoast-schema-graph\">{\"@context\":\"https:\/\/schema.org\",\"@graph\":[{\"@type\":\"Article\",\"@id\":\"https:\/\/www.bhakademiker.org\/2022\/02\/28\/bih-staemmigen-unternehmer\/#article\",\"isPartOf\":{\"@id\":\"https:\/\/www.bhakademiker.org\/2022\/02\/28\/bih-staemmigen-unternehmer\/\"},\"author\":{\"name\":\"BanKulin\",\"@id\":\"https:\/\/www.bhakademiker.org\/bs\/#\/schema\/person\/eb2bb45ccd10b1a8756ef049efa44da5\"},\"headline\":\"Tag der aus BiH st\u00e4mmigen Unternehmer in \u00d6sterreich\",\"datePublished\":\"2022-02-28T17:45:03+00:00\",\"dateModified\":\"2022-03-01T22:38:32+00:00\",\"mainEntityOfPage\":{\"@id\":\"https:\/\/www.bhakademiker.org\/2022\/02\/28\/bih-staemmigen-unternehmer\/\"},\"wordCount\":287,\"publisher\":{\"@id\":\"https:\/\/www.bhakademiker.org\/bs\/#organization\"},\"articleSection\":[\"Wirtschaft\"],\"inLanguage\":\"bs-BA\"},{\"@type\":\"WebPage\",\"@id\":\"https:\/\/www.bhakademiker.org\/2022\/02\/28\/bih-staemmigen-unternehmer\/\",\"url\":\"https:\/\/www.bhakademiker.org\/2022\/02\/28\/bih-staemmigen-unternehmer\/\",\"name\":\"BiH st\u00e4mmigen Unternehmer - Gesellschaft Bosnischer Akademiker\",\"isPartOf\":{\"@id\":\"https:\/\/www.bhakademiker.org\/bs\/#website\"},\"datePublished\":\"2022-02-28T17:45:03+00:00\",\"dateModified\":\"2022-03-01T22:38:32+00:00\",\"description\":\"Tag der aus BiH st\u00e4mmigen Unternehmer in \u00d6sterreich. Das Treffen findet am Samstag, 26. M\u00e4rz 2022 in Wien statt.\",\"breadcrumb\":{\"@id\":\"https:\/\/www.bhakademiker.org\/2022\/02\/28\/bih-staemmigen-unternehmer\/#breadcrumb\"},\"inLanguage\":\"bs-BA\",\"potentialAction\":[{\"@type\":\"ReadAction\",\"target\":[\"https:\/\/www.bhakademiker.org\/2022\/02\/28\/bih-staemmigen-unternehmer\/\"]}]},{\"@type\":\"BreadcrumbList\",\"@id\":\"https:\/\/www.bhakademiker.org\/2022\/02\/28\/bih-staemmigen-unternehmer\/#breadcrumb\",\"itemListElement\":[{\"@type\":\"ListItem\",\"position\":1,\"name\":\"Home\",\"item\":\"https:\/\/www.bhakademiker.org\/\"},{\"@type\":\"ListItem\",\"position\":2,\"name\":\"Tag der aus BiH st\u00e4mmigen Unternehmer in \u00d6sterreich\"}]},{\"@type\":\"WebSite\",\"@id\":\"https:\/\/www.bhakademiker.org\/bs\/#website\",\"url\":\"https:\/\/www.bhakademiker.org\/bs\/\",\"name\":\"Gesellschaft Bosnischer Akademiker\",\"description\":\"\",\"publisher\":{\"@id\":\"https:\/\/www.bhakademiker.org\/bs\/#organization\"},\"potentialAction\":[{\"@type\":\"SearchAction\",\"target\":{\"@type\":\"EntryPoint\",\"urlTemplate\":\"https:\/\/www.bhakademiker.org\/bs\/?s={search_term_string}\"},\"query-input\":\"required name=search_term_string\"}],\"inLanguage\":\"bs-BA\"},{\"@type\":\"Organization\",\"@id\":\"https:\/\/www.bhakademiker.org\/bs\/#organization\",\"name\":\"Gesellschaft Bosnischer Akademiker in \u00d6sterreich\",\"url\":\"https:\/\/www.bhakademiker.org\/bs\/\",\"logo\":{\"@type\":\"ImageObject\",\"inLanguage\":\"bs-BA\",\"@id\":\"https:\/\/www.bhakademiker.org\/bs\/#\/schema\/logo\/image\/\",\"url\":\"https:\/\/www.bhakademiker.org\/wp-content\/uploads\/2022\/01\/featured-GBAA.png\",\"contentUrl\":\"https:\/\/www.bhakademiker.org\/wp-content\/uploads\/2022\/01\/featured-GBAA.png\",\"width\":1200,\"height\":630,\"caption\":\"Gesellschaft Bosnischer Akademiker in \u00d6sterreich\"},\"image\":{\"@id\":\"https:\/\/www.bhakademiker.org\/bs\/#\/schema\/logo\/image\/\"}},{\"@type\":\"Person\",\"@id\":\"https:\/\/www.bhakademiker.org\/bs\/#\/schema\/person\/eb2bb45ccd10b1a8756ef049efa44da5\",\"name\":\"BanKulin\",\"image\":{\"@type\":\"ImageObject\",\"inLanguage\":\"bs-BA\",\"@id\":\"https:\/\/www.bhakademiker.org\/bs\/#\/schema\/person\/image\/\",\"url\":\"https:\/\/secure.gravatar.com\/avatar\/c6d58ce317ac29451bb963305865585b0ee61581cac268f7b497945aea17e32c?s=96&d=mm&r=g\",\"contentUrl\":\"https:\/\/secure.gravatar.com\/avatar\/c6d58ce317ac29451bb963305865585b0ee61581cac268f7b497945aea17e32c?s=96&d=mm&r=g\",\"caption\":\"BanKulin\"},\"sameAs\":[\"https:\/\/www.bhakademiker.org\"],\"url\":\"https:\/\/www.bhakademiker.org\/bs\/author\/bankulin\/\"}]}<\/script>\n<!-- \/ Yoast SEO plugin. -->","yoast_head_json":{"title":"BiH st\u00e4mmigen Unternehmer - Gesellschaft Bosnischer Akademiker","description":"Tag der aus BiH st\u00e4mmigen Unternehmer in \u00d6sterreich. Das Treffen findet am Samstag, 26. M\u00e4rz 2022 in Wien statt.","robots":{"index":"index","follow":"follow","max-snippet":"max-snippet:-1","max-image-preview":"max-image-preview:large","max-video-preview":"max-video-preview:-1"},"canonical":"https:\/\/www.bhakademiker.org\/bs\/2022\/02\/28\/bih-staemmigen-unternehmer\/","og_locale":"bs_BA","og_type":"article","og_title":"BiH st\u00e4mmigen Unternehmer - Gesellschaft Bosnischer Akademiker","og_description":"Tag der aus BiH st\u00e4mmigen Unternehmer in \u00d6sterreich. Das Treffen findet am Samstag, 26. M\u00e4rz 2022 in Wien statt.","og_url":"https:\/\/www.bhakademiker.org\/bs\/2022\/02\/28\/bih-staemmigen-unternehmer\/","og_site_name":"Gesellschaft Bosnischer Akademiker","article_published_time":"2022-02-28T17:45:03+00:00","article_modified_time":"2022-03-01T22:38:32+00:00","og_image":[{"width":1379,"height":689,"url":"https:\/\/www.bhakademiker.org\/wp-content\/uploads\/2022\/02\/Dan-privrednika-porijeklom-iz-BiH-copy.png","type":"image\/png"}],"author":"BanKulin","twitter_card":"summary_large_image","twitter_misc":{"Written by":"BanKulin","Est. reading time":"1 minuta"},"schema":{"@context":"https:\/\/schema.org","@graph":[{"@type":"Article","@id":"https:\/\/www.bhakademiker.org\/2022\/02\/28\/bih-staemmigen-unternehmer\/#article","isPartOf":{"@id":"https:\/\/www.bhakademiker.org\/2022\/02\/28\/bih-staemmigen-unternehmer\/"},"author":{"name":"BanKulin","@id":"https:\/\/www.bhakademiker.org\/bs\/#\/schema\/person\/eb2bb45ccd10b1a8756ef049efa44da5"},"headline":"Tag der aus BiH st\u00e4mmigen Unternehmer in \u00d6sterreich","datePublished":"2022-02-28T17:45:03+00:00","dateModified":"2022-03-01T22:38:32+00:00","mainEntityOfPage":{"@id":"https:\/\/www.bhakademiker.org\/2022\/02\/28\/bih-staemmigen-unternehmer\/"},"wordCount":287,"publisher":{"@id":"https:\/\/www.bhakademiker.org\/bs\/#organization"},"articleSection":["Wirtschaft"],"inLanguage":"bs-BA"},{"@type":"WebPage","@id":"https:\/\/www.bhakademiker.org\/2022\/02\/28\/bih-staemmigen-unternehmer\/","url":"https:\/\/www.bhakademiker.org\/2022\/02\/28\/bih-staemmigen-unternehmer\/","name":"BiH st\u00e4mmigen Unternehmer - Gesellschaft Bosnischer Akademiker","isPartOf":{"@id":"https:\/\/www.bhakademiker.org\/bs\/#website"},"datePublished":"2022-02-28T17:45:03+00:00","dateModified":"2022-03-01T22:38:32+00:00","description":"Tag der aus BiH st\u00e4mmigen Unternehmer in \u00d6sterreich. Das Treffen findet am Samstag, 26. M\u00e4rz 2022 in Wien statt.","breadcrumb":{"@id":"https:\/\/www.bhakademiker.org\/2022\/02\/28\/bih-staemmigen-unternehmer\/#breadcrumb"},"inLanguage":"bs-BA","potentialAction":[{"@type":"ReadAction","target":["https:\/\/www.bhakademiker.org\/2022\/02\/28\/bih-staemmigen-unternehmer\/"]}]},{"@type":"BreadcrumbList","@id":"https:\/\/www.bhakademiker.org\/2022\/02\/28\/bih-staemmigen-unternehmer\/#breadcrumb","itemListElement":[{"@type":"ListItem","position":1,"name":"Home","item":"https:\/\/www.bhakademiker.org\/"},{"@type":"ListItem","position":2,"name":"Tag der aus BiH st\u00e4mmigen Unternehmer in \u00d6sterreich"}]},{"@type":"WebSite","@id":"https:\/\/www.bhakademiker.org\/bs\/#website","url":"https:\/\/www.bhakademiker.org\/bs\/","name":"Gesellschaft Bosnischer Akademiker","description":"","publisher":{"@id":"https:\/\/www.bhakademiker.org\/bs\/#organization"},"potentialAction":[{"@type":"SearchAction","target":{"@type":"EntryPoint","urlTemplate":"https:\/\/www.bhakademiker.org\/bs\/?s={search_term_string}"},"query-input":"required name=search_term_string"}],"inLanguage":"bs-BA"},{"@type":"Organization","@id":"https:\/\/www.bhakademiker.org\/bs\/#organization","name":"Gesellschaft Bosnischer Akademiker in \u00d6sterreich","url":"https:\/\/www.bhakademiker.org\/bs\/","logo":{"@type":"ImageObject","inLanguage":"bs-BA","@id":"https:\/\/www.bhakademiker.org\/bs\/#\/schema\/logo\/image\/","url":"https:\/\/www.bhakademiker.org\/wp-content\/uploads\/2022\/01\/featured-GBAA.png","contentUrl":"https:\/\/www.bhakademiker.org\/wp-content\/uploads\/2022\/01\/featured-GBAA.png","width":1200,"height":630,"caption":"Gesellschaft Bosnischer Akademiker in \u00d6sterreich"},"image":{"@id":"https:\/\/www.bhakademiker.org\/bs\/#\/schema\/logo\/image\/"}},{"@type":"Person","@id":"https:\/\/www.bhakademiker.org\/bs\/#\/schema\/person\/eb2bb45ccd10b1a8756ef049efa44da5","name":"BanKulin","image":{"@type":"ImageObject","inLanguage":"bs-BA","@id":"https:\/\/www.bhakademiker.org\/bs\/#\/schema\/person\/image\/","url":"https:\/\/secure.gravatar.com\/avatar\/c6d58ce317ac29451bb963305865585b0ee61581cac268f7b497945aea17e32c?s=96&d=mm&r=g","contentUrl":"https:\/\/secure.gravatar.com\/avatar\/c6d58ce317ac29451bb963305865585b0ee61581cac268f7b497945aea17e32c?s=96&d=mm&r=g","caption":"BanKulin"},"sameAs":["https:\/\/www.bhakademiker.org"],"url":"https:\/\/www.bhakademiker.org\/bs\/author\/bankulin\/"}]}},"_links":{"self":[{"href":"https:\/\/www.bhakademiker.org\/bs\/wp-json\/wp\/v2\/posts\/2125","targetHints":{"allow":["GET"]}}],"collection":[{"href":"https:\/\/www.bhakademiker.org\/bs\/wp-json\/wp\/v2\/posts"}],"about":[{"href":"https:\/\/www.bhakademiker.org\/bs\/wp-json\/wp\/v2\/types\/post"}],"author":[{"embeddable":true,"href":"https:\/\/www.bhakademiker.org\/bs\/wp-json\/wp\/v2\/users\/1"}],"replies":[{"embeddable":true,"href":"https:\/\/www.bhakademiker.org\/bs\/wp-json\/wp\/v2\/comments?post=2125"}],"version-history":[{"count":10,"href":"https:\/\/www.bhakademiker.org\/bs\/wp-json\/wp\/v2\/posts\/2125\/revisions"}],"predecessor-version":[{"id":2143,"href":"https:\/\/www.bhakademiker.org\/bs\/wp-json\/wp\/v2\/posts\/2125\/revisions\/2143"}],"wp:featuredmedia":[{"embeddable":true,"href":"https:\/\/www.bhakademiker.org\/bs\/wp-json\/wp\/v2\/media\/2126"}],"wp:attachment":[{"href":"https:\/\/www.bhakademiker.org\/bs\/wp-json\/wp\/v2\/media?parent=2125"}],"wp:term":[{"taxonomy":"category","embeddable":true,"href":"https:\/\/www.bhakademiker.org\/bs\/wp-json\/wp\/v2\/categories?post=2125"},{"taxonomy":"post_tag","embeddable":true,"href":"https:\/\/www.bhakademiker.org\/bs\/wp-json\/wp\/v2\/tags?post=2125"}],"curies":[{"name":"wp","href":"https:\/\/api.w.org\/{rel}","templated":true}]}}