{"id":2737,"date":"2023-06-21T13:51:03","date_gmt":"2023-06-21T11:51:03","guid":{"rendered":"https:\/\/www.bhakademiker.org\/?p=2737"},"modified":"2023-06-21T13:51:03","modified_gmt":"2023-06-21T11:51:03","slug":"meletta-2023","status":"publish","type":"post","link":"https:\/\/www.bhakademiker.org\/bs\/2023\/06\/21\/meletta-2023\/","title":{"rendered":"Meletta 2023"},"content":{"rendered":"<h1 style=\"text-align: center;\">Meletta 2023<\/h1>\n<hr \/>\n<p>16. juna 2023 obilje\u017eena je 107. godi\u0161njica bitke na Monte Meletta-Fior. Manifestacija se odr\u017eala na vojnom groblju u Lebringu.<\/p>\n<p>Prisutni su bili predstavnici austrijske armije, lokalne uprave, austro-Bosanki\/Bosanaca, kao i  delegacija iz Bosne i Hercegovine.<\/p>\n<p>Austrobosanci polo\u017eili su posebno pripremljene vijence sa crveno-bijelom i crveno-zlatnom trakom.<\/p>\n<p>&nbsp;<\/p>\n\n\t\t<style type=\"text\/css\">\n\t\t\t#gallery-1 {\n\t\t\t\tmargin: auto;\n\t\t\t}\n\t\t\t#gallery-1 .gallery-item {\n\t\t\t\tfloat: left;\n\t\t\t\tmargin-top: 10px;\n\t\t\t\ttext-align: center;\n\t\t\t\twidth: 50%;\n\t\t\t}\n\t\t\t#gallery-1 img {\n\t\t\t\tborder: 2px solid #cfcfcf;\n\t\t\t}\n\t\t\t#gallery-1 .gallery-caption {\n\t\t\t\tmargin-left: 0;\n\t\t\t}\n\t\t\t\/* see gallery_shortcode() in wp-includes\/media.php *\/\n\t\t<\/style>\n\t\t<div id='gallery-1' class='gallery galleryid-2737 gallery-columns-2 gallery-size-large'><dl class='gallery-item'>\n\t\t\t<dt class='gallery-icon landscape'>\n\t\t\t\t<a href='https:\/\/www.bhakademiker.org\/bs\/2023\/06\/21\/meletta-2023\/attachment\/001\/'><img fetchpriority=\"high\" decoding=\"async\" width=\"750\" height=\"491\" src=\"https:\/\/www.bhakademiker.org\/wp-content\/uploads\/2023\/06\/001.jpg\" class=\"attachment-large size-large\" alt=\"\" srcset=\"https:\/\/www.bhakademiker.org\/wp-content\/uploads\/2023\/06\/001.jpg 750w, https:\/\/www.bhakademiker.org\/wp-content\/uploads\/2023\/06\/001-300x196.jpg 300w, https:\/\/www.bhakademiker.org\/wp-content\/uploads\/2023\/06\/001-18x12.jpg 18w\" sizes=\"(max-width: 750px) 100vw, 750px\" \/><\/a>\n\t\t\t<\/dt><\/dl><dl class='gallery-item'>\n\t\t\t<dt class='gallery-icon landscape'>\n\t\t\t\t<a href='https:\/\/www.bhakademiker.org\/bs\/2023\/06\/21\/meletta-2023\/attachment\/002\/'><img decoding=\"async\" width=\"770\" height=\"578\" src=\"https:\/\/www.bhakademiker.org\/wp-content\/uploads\/2023\/06\/002-1024x768.jpg\" class=\"attachment-large size-large\" alt=\"\" srcset=\"https:\/\/www.bhakademiker.org\/wp-content\/uploads\/2023\/06\/002-1024x768.jpg 1024w, https:\/\/www.bhakademiker.org\/wp-content\/uploads\/2023\/06\/002-300x225.jpg 300w, https:\/\/www.bhakademiker.org\/wp-content\/uploads\/2023\/06\/002-768x576.jpg 768w, https:\/\/www.bhakademiker.org\/wp-content\/uploads\/2023\/06\/002-1536x1152.jpg 1536w, https:\/\/www.bhakademiker.org\/wp-content\/uploads\/2023\/06\/002-16x12.jpg 16w, https:\/\/www.bhakademiker.org\/wp-content\/uploads\/2023\/06\/002.jpg 2016w\" sizes=\"(max-width: 770px) 100vw, 770px\" \/><\/a>\n\t\t\t<\/dt><\/dl><br style=\"clear: both\" \/><dl class='gallery-item'>\n\t\t\t<dt class='gallery-icon landscape'>\n\t\t\t\t<a href='https:\/\/www.bhakademiker.org\/bs\/2023\/06\/21\/meletta-2023\/attachment\/003\/'><img decoding=\"async\" width=\"734\" height=\"499\" src=\"https:\/\/www.bhakademiker.org\/wp-content\/uploads\/2023\/06\/003.jpg\" class=\"attachment-large size-large\" alt=\"\" srcset=\"https:\/\/www.bhakademiker.org\/wp-content\/uploads\/2023\/06\/003.jpg 734w, https:\/\/www.bhakademiker.org\/wp-content\/uploads\/2023\/06\/003-300x204.jpg 300w, https:\/\/www.bhakademiker.org\/wp-content\/uploads\/2023\/06\/003-18x12.jpg 18w\" sizes=\"(max-width: 734px) 100vw, 734px\" \/><\/a>\n\t\t\t<\/dt><\/dl><dl class='gallery-item'>\n\t\t\t<dt class='gallery-icon landscape'>\n\t\t\t\t<a href='https:\/\/www.bhakademiker.org\/bs\/2023\/06\/21\/meletta-2023\/attachment\/005\/'><img loading=\"lazy\" decoding=\"async\" width=\"770\" height=\"578\" src=\"https:\/\/www.bhakademiker.org\/wp-content\/uploads\/2023\/06\/005-1024x768.jpg\" class=\"attachment-large size-large\" alt=\"\" srcset=\"https:\/\/www.bhakademiker.org\/wp-content\/uploads\/2023\/06\/005-1024x768.jpg 1024w, https:\/\/www.bhakademiker.org\/wp-content\/uploads\/2023\/06\/005-300x225.jpg 300w, https:\/\/www.bhakademiker.org\/wp-content\/uploads\/2023\/06\/005-768x576.jpg 768w, https:\/\/www.bhakademiker.org\/wp-content\/uploads\/2023\/06\/005-1536x1152.jpg 1536w, https:\/\/www.bhakademiker.org\/wp-content\/uploads\/2023\/06\/005-16x12.jpg 16w, https:\/\/www.bhakademiker.org\/wp-content\/uploads\/2023\/06\/005.jpg 2016w\" sizes=\"(max-width: 770px) 100vw, 770px\" \/><\/a>\n\t\t\t<\/dt><\/dl><br style=\"clear: both\" \/><dl class='gallery-item'>\n\t\t\t<dt class='gallery-icon landscape'>\n\t\t\t\t<a href='https:\/\/www.bhakademiker.org\/bs\/2023\/06\/21\/meletta-2023\/attachment\/006\/'><img loading=\"lazy\" decoding=\"async\" width=\"770\" height=\"578\" src=\"https:\/\/www.bhakademiker.org\/wp-content\/uploads\/2023\/06\/006-1024x768.jpg\" class=\"attachment-large size-large\" alt=\"\" srcset=\"https:\/\/www.bhakademiker.org\/wp-content\/uploads\/2023\/06\/006-1024x768.jpg 1024w, https:\/\/www.bhakademiker.org\/wp-content\/uploads\/2023\/06\/006-300x225.jpg 300w, https:\/\/www.bhakademiker.org\/wp-content\/uploads\/2023\/06\/006-768x576.jpg 768w, https:\/\/www.bhakademiker.org\/wp-content\/uploads\/2023\/06\/006-1536x1152.jpg 1536w, https:\/\/www.bhakademiker.org\/wp-content\/uploads\/2023\/06\/006-16x12.jpg 16w, https:\/\/www.bhakademiker.org\/wp-content\/uploads\/2023\/06\/006.jpg 1600w\" sizes=\"(max-width: 770px) 100vw, 770px\" \/><\/a>\n\t\t\t<\/dt><\/dl><dl class='gallery-item'>\n\t\t\t<dt class='gallery-icon landscape'>\n\t\t\t\t<a href='https:\/\/www.bhakademiker.org\/bs\/2023\/06\/21\/meletta-2023\/attachment\/08\/'><img loading=\"lazy\" decoding=\"async\" width=\"750\" height=\"654\" src=\"https:\/\/www.bhakademiker.org\/wp-content\/uploads\/2023\/06\/08.jpg\" class=\"attachment-large size-large\" alt=\"\" srcset=\"https:\/\/www.bhakademiker.org\/wp-content\/uploads\/2023\/06\/08.jpg 750w, https:\/\/www.bhakademiker.org\/wp-content\/uploads\/2023\/06\/08-300x262.jpg 300w, https:\/\/www.bhakademiker.org\/wp-content\/uploads\/2023\/06\/08-14x12.jpg 14w\" sizes=\"(max-width: 750px) 100vw, 750px\" \/><\/a>\n\t\t\t<\/dt><\/dl><br style=\"clear: both\" \/><dl class='gallery-item'>\n\t\t\t<dt class='gallery-icon landscape'>\n\t\t\t\t<a href='https:\/\/www.bhakademiker.org\/bs\/2023\/06\/21\/meletta-2023\/attachment\/09\/'><img loading=\"lazy\" decoding=\"async\" width=\"770\" height=\"578\" src=\"https:\/\/www.bhakademiker.org\/wp-content\/uploads\/2023\/06\/09-1024x768.jpg\" class=\"attachment-large size-large\" alt=\"\" srcset=\"https:\/\/www.bhakademiker.org\/wp-content\/uploads\/2023\/06\/09-1024x768.jpg 1024w, https:\/\/www.bhakademiker.org\/wp-content\/uploads\/2023\/06\/09-300x225.jpg 300w, https:\/\/www.bhakademiker.org\/wp-content\/uploads\/2023\/06\/09-768x576.jpg 768w, https:\/\/www.bhakademiker.org\/wp-content\/uploads\/2023\/06\/09-1536x1152.jpg 1536w, https:\/\/www.bhakademiker.org\/wp-content\/uploads\/2023\/06\/09-16x12.jpg 16w, https:\/\/www.bhakademiker.org\/wp-content\/uploads\/2023\/06\/09.jpg 1600w\" sizes=\"(max-width: 770px) 100vw, 770px\" \/><\/a>\n\t\t\t<\/dt><\/dl><dl class='gallery-item'>\n\t\t\t<dt class='gallery-icon landscape'>\n\t\t\t\t<a href='https:\/\/www.bhakademiker.org\/bs\/2023\/06\/21\/meletta-2023\/attachment\/12\/'><img loading=\"lazy\" decoding=\"async\" width=\"750\" height=\"494\" src=\"https:\/\/www.bhakademiker.org\/wp-content\/uploads\/2023\/06\/12.jpg\" class=\"attachment-large size-large\" alt=\"\" srcset=\"https:\/\/www.bhakademiker.org\/wp-content\/uploads\/2023\/06\/12.jpg 750w, https:\/\/www.bhakademiker.org\/wp-content\/uploads\/2023\/06\/12-300x198.jpg 300w, https:\/\/www.bhakademiker.org\/wp-content\/uploads\/2023\/06\/12-18x12.jpg 18w, https:\/\/www.bhakademiker.org\/wp-content\/uploads\/2023\/06\/12-150x100.jpg 150w\" sizes=\"(max-width: 750px) 100vw, 750px\" \/><\/a>\n\t\t\t<\/dt><\/dl><br style=\"clear: both\" \/><dl class='gallery-item'>\n\t\t\t<dt class='gallery-icon landscape'>\n\t\t\t\t<a href='https:\/\/www.bhakademiker.org\/bs\/2023\/06\/21\/meletta-2023\/attachment\/14\/'><img loading=\"lazy\" decoding=\"async\" width=\"770\" height=\"578\" src=\"https:\/\/www.bhakademiker.org\/wp-content\/uploads\/2023\/06\/14-1024x768.jpg\" class=\"attachment-large size-large\" alt=\"\" srcset=\"https:\/\/www.bhakademiker.org\/wp-content\/uploads\/2023\/06\/14-1024x768.jpg 1024w, https:\/\/www.bhakademiker.org\/wp-content\/uploads\/2023\/06\/14-300x225.jpg 300w, https:\/\/www.bhakademiker.org\/wp-content\/uploads\/2023\/06\/14-768x576.jpg 768w, https:\/\/www.bhakademiker.org\/wp-content\/uploads\/2023\/06\/14-1536x1152.jpg 1536w, https:\/\/www.bhakademiker.org\/wp-content\/uploads\/2023\/06\/14-16x12.jpg 16w, https:\/\/www.bhakademiker.org\/wp-content\/uploads\/2023\/06\/14.jpg 2016w\" sizes=\"(max-width: 770px) 100vw, 770px\" \/><\/a>\n\t\t\t<\/dt><\/dl><dl class='gallery-item'>\n\t\t\t<dt class='gallery-icon landscape'>\n\t\t\t\t<a href='https:\/\/www.bhakademiker.org\/bs\/2023\/06\/21\/meletta-2023\/attachment\/15\/'><img loading=\"lazy\" decoding=\"async\" width=\"750\" height=\"505\" src=\"https:\/\/www.bhakademiker.org\/wp-content\/uploads\/2023\/06\/15.jpg\" class=\"attachment-large size-large\" alt=\"\" srcset=\"https:\/\/www.bhakademiker.org\/wp-content\/uploads\/2023\/06\/15.jpg 750w, https:\/\/www.bhakademiker.org\/wp-content\/uploads\/2023\/06\/15-300x202.jpg 300w, https:\/\/www.bhakademiker.org\/wp-content\/uploads\/2023\/06\/15-18x12.jpg 18w, https:\/\/www.bhakademiker.org\/wp-content\/uploads\/2023\/06\/15-263x177.jpg 263w, https:\/\/www.bhakademiker.org\/wp-content\/uploads\/2023\/06\/15-150x100.jpg 150w\" sizes=\"(max-width: 750px) 100vw, 750px\" \/><\/a>\n\t\t\t<\/dt><\/dl><br style=\"clear: both\" \/><dl class='gallery-item'>\n\t\t\t<dt class='gallery-icon landscape'>\n\t\t\t\t<a href='https:\/\/www.bhakademiker.org\/bs\/2023\/06\/21\/meletta-2023\/attachment\/18\/'><img loading=\"lazy\" decoding=\"async\" width=\"750\" height=\"500\" src=\"https:\/\/www.bhakademiker.org\/wp-content\/uploads\/2023\/06\/18.jpg\" class=\"attachment-large size-large\" alt=\"\" srcset=\"https:\/\/www.bhakademiker.org\/wp-content\/uploads\/2023\/06\/18.jpg 750w, https:\/\/www.bhakademiker.org\/wp-content\/uploads\/2023\/06\/18-300x200.jpg 300w, https:\/\/www.bhakademiker.org\/wp-content\/uploads\/2023\/06\/18-18x12.jpg 18w, https:\/\/www.bhakademiker.org\/wp-content\/uploads\/2023\/06\/18-150x100.jpg 150w\" sizes=\"(max-width: 750px) 100vw, 750px\" \/><\/a>\n\t\t\t<\/dt><\/dl><dl class='gallery-item'>\n\t\t\t<dt class='gallery-icon portrait'>\n\t\t\t\t<a href='https:\/\/www.bhakademiker.org\/bs\/2023\/06\/21\/meletta-2023\/attachment\/19\/'><img loading=\"lazy\" decoding=\"async\" width=\"768\" height=\"1024\" src=\"https:\/\/www.bhakademiker.org\/wp-content\/uploads\/2023\/06\/19-768x1024.jpg\" class=\"attachment-large size-large\" alt=\"\" srcset=\"https:\/\/www.bhakademiker.org\/wp-content\/uploads\/2023\/06\/19-768x1024.jpg 768w, https:\/\/www.bhakademiker.org\/wp-content\/uploads\/2023\/06\/19-225x300.jpg 225w, https:\/\/www.bhakademiker.org\/wp-content\/uploads\/2023\/06\/19-1152x1536.jpg 1152w, https:\/\/www.bhakademiker.org\/wp-content\/uploads\/2023\/06\/19-9x12.jpg 9w, https:\/\/www.bhakademiker.org\/wp-content\/uploads\/2023\/06\/19.jpg 1512w\" sizes=\"(max-width: 768px) 100vw, 768px\" \/><\/a>\n\t\t\t<\/dt><\/dl><br style=\"clear: both\" \/><dl class='gallery-item'>\n\t\t\t<dt class='gallery-icon landscape'>\n\t\t\t\t<a href='https:\/\/www.bhakademiker.org\/bs\/2023\/06\/21\/meletta-2023\/attachment\/20\/'><img loading=\"lazy\" decoding=\"async\" width=\"770\" height=\"578\" src=\"https:\/\/www.bhakademiker.org\/wp-content\/uploads\/2023\/06\/20-1024x768.jpg\" class=\"attachment-large size-large\" alt=\"\" srcset=\"https:\/\/www.bhakademiker.org\/wp-content\/uploads\/2023\/06\/20-1024x768.jpg 1024w, https:\/\/www.bhakademiker.org\/wp-content\/uploads\/2023\/06\/20-300x225.jpg 300w, https:\/\/www.bhakademiker.org\/wp-content\/uploads\/2023\/06\/20-768x576.jpg 768w, https:\/\/www.bhakademiker.org\/wp-content\/uploads\/2023\/06\/20-1536x1152.jpg 1536w, https:\/\/www.bhakademiker.org\/wp-content\/uploads\/2023\/06\/20-16x12.jpg 16w, https:\/\/www.bhakademiker.org\/wp-content\/uploads\/2023\/06\/20.jpg 1600w\" sizes=\"(max-width: 770px) 100vw, 770px\" \/><\/a>\n\t\t\t<\/dt><\/dl>\n\t\t\t<br style='clear: both' \/>\n\t\t<\/div>\n\n<p>&nbsp;<\/p>\n<p>O Monte Meletti:<\/p>\n<p>U junu 1916, Druga bosansko-hercegova\u010dka regimenta, stare austro-ugarske vojske, osvaja, na alpskom frontu protiv Italije, dobro utvr\u0111eno brdo Monte Melettu.<\/p>\n<p>Vi\u0161e:<\/p>\n<p><a href=\"https:\/\/www.bhakademiker.org\/bs\/monte-meletta\/\">MONTE MELETTA - Gesellschaft Bosnischer Akademiker (bhakademiker.org)<\/a><\/p>","protected":false},"excerpt":{"rendered":"<p>107. godi\u0161njica bitke na Monte Meletta-Fior<\/p>","protected":false},"author":1,"featured_media":2740,"comment_status":"open","ping_status":"open","sticky":false,"template":"","format":"standard","meta":{"footnotes":""},"categories":[48],"tags":[],"class_list":["post-2737","post","type-post","status-publish","format-standard","has-post-thumbnail","hentry","category-meletta"],"yoast_head":"<!-- This site is optimized with the Yoast SEO plugin v20.3 - https:\/\/yoast.com\/wordpress\/plugins\/seo\/ -->\n<title>Meletta 2023 - Gesellschaft Bosnischer Akademiker<\/title>\n<meta name=\"description\" content=\"07. Gedenktag von Monte Meletta-Fio\" \/>\n<meta name=\"robots\" content=\"index, follow, max-snippet:-1, max-image-preview:large, max-video-preview:-1\" \/>\n<link rel=\"canonical\" href=\"https:\/\/www.bhakademiker.org\/bs\/2023\/06\/21\/meletta-2023\/\" \/>\n<meta property=\"og:locale\" content=\"bs_BA\" \/>\n<meta property=\"og:type\" content=\"article\" \/>\n<meta property=\"og:title\" content=\"Meletta 2023 - Gesellschaft Bosnischer Akademiker\" \/>\n<meta property=\"og:description\" content=\"07. Gedenktag von Monte Meletta-Fio\" \/>\n<meta property=\"og:url\" content=\"https:\/\/www.bhakademiker.org\/bs\/2023\/06\/21\/meletta-2023\/\" \/>\n<meta property=\"og:site_name\" content=\"Gesellschaft Bosnischer Akademiker\" \/>\n<meta property=\"article:published_time\" content=\"2023-06-21T11:51:03+00:00\" \/>\n<meta property=\"og:image\" content=\"https:\/\/www.bhakademiker.org\/wp-content\/uploads\/2023\/06\/003.jpg\" \/>\n\t<meta property=\"og:image:width\" content=\"734\" \/>\n\t<meta property=\"og:image:height\" content=\"499\" \/>\n\t<meta property=\"og:image:type\" content=\"image\/jpeg\" \/>\n<meta name=\"author\" content=\"BanKulin\" \/>\n<meta name=\"twitter:card\" content=\"summary_large_image\" \/>\n<meta name=\"twitter:label1\" content=\"Written by\" \/>\n\t<meta name=\"twitter:data1\" content=\"BanKulin\" \/>\n\t<meta name=\"twitter:label2\" content=\"Est. reading time\" \/>\n\t<meta name=\"twitter:data2\" content=\"1 minuta\" \/>\n<script type=\"application\/ld+json\" class=\"yoast-schema-graph\">{\"@context\":\"https:\/\/schema.org\",\"@graph\":[{\"@type\":\"Article\",\"@id\":\"https:\/\/www.bhakademiker.org\/2023\/06\/21\/meletta-2023\/#article\",\"isPartOf\":{\"@id\":\"https:\/\/www.bhakademiker.org\/2023\/06\/21\/meletta-2023\/\"},\"author\":{\"name\":\"BanKulin\",\"@id\":\"https:\/\/www.bhakademiker.org\/bs\/#\/schema\/person\/eb2bb45ccd10b1a8756ef049efa44da5\"},\"headline\":\"Meletta 2023\",\"datePublished\":\"2023-06-21T11:51:03+00:00\",\"dateModified\":\"2023-06-21T11:51:03+00:00\",\"mainEntityOfPage\":{\"@id\":\"https:\/\/www.bhakademiker.org\/2023\/06\/21\/meletta-2023\/\"},\"wordCount\":96,\"commentCount\":0,\"publisher\":{\"@id\":\"https:\/\/www.bhakademiker.org\/bs\/#organization\"},\"articleSection\":[\"Meletta\"],\"inLanguage\":\"bs-BA\",\"potentialAction\":[{\"@type\":\"CommentAction\",\"name\":\"Comment\",\"target\":[\"https:\/\/www.bhakademiker.org\/2023\/06\/21\/meletta-2023\/#respond\"]}]},{\"@type\":\"WebPage\",\"@id\":\"https:\/\/www.bhakademiker.org\/2023\/06\/21\/meletta-2023\/\",\"url\":\"https:\/\/www.bhakademiker.org\/2023\/06\/21\/meletta-2023\/\",\"name\":\"Meletta 2023 - Gesellschaft Bosnischer Akademiker\",\"isPartOf\":{\"@id\":\"https:\/\/www.bhakademiker.org\/bs\/#website\"},\"datePublished\":\"2023-06-21T11:51:03+00:00\",\"dateModified\":\"2023-06-21T11:51:03+00:00\",\"description\":\"07. Gedenktag von Monte Meletta-Fio\",\"breadcrumb\":{\"@id\":\"https:\/\/www.bhakademiker.org\/2023\/06\/21\/meletta-2023\/#breadcrumb\"},\"inLanguage\":\"bs-BA\",\"potentialAction\":[{\"@type\":\"ReadAction\",\"target\":[\"https:\/\/www.bhakademiker.org\/2023\/06\/21\/meletta-2023\/\"]}]},{\"@type\":\"BreadcrumbList\",\"@id\":\"https:\/\/www.bhakademiker.org\/2023\/06\/21\/meletta-2023\/#breadcrumb\",\"itemListElement\":[{\"@type\":\"ListItem\",\"position\":1,\"name\":\"Home\",\"item\":\"https:\/\/www.bhakademiker.org\/\"},{\"@type\":\"ListItem\",\"position\":2,\"name\":\"Meletta 2023\"}]},{\"@type\":\"WebSite\",\"@id\":\"https:\/\/www.bhakademiker.org\/bs\/#website\",\"url\":\"https:\/\/www.bhakademiker.org\/bs\/\",\"name\":\"Gesellschaft Bosnischer Akademiker\",\"description\":\"\",\"publisher\":{\"@id\":\"https:\/\/www.bhakademiker.org\/bs\/#organization\"},\"potentialAction\":[{\"@type\":\"SearchAction\",\"target\":{\"@type\":\"EntryPoint\",\"urlTemplate\":\"https:\/\/www.bhakademiker.org\/bs\/?s={search_term_string}\"},\"query-input\":\"required name=search_term_string\"}],\"inLanguage\":\"bs-BA\"},{\"@type\":\"Organization\",\"@id\":\"https:\/\/www.bhakademiker.org\/bs\/#organization\",\"name\":\"Gesellschaft Bosnischer Akademiker in \u00d6sterreich\",\"url\":\"https:\/\/www.bhakademiker.org\/bs\/\",\"logo\":{\"@type\":\"ImageObject\",\"inLanguage\":\"bs-BA\",\"@id\":\"https:\/\/www.bhakademiker.org\/bs\/#\/schema\/logo\/image\/\",\"url\":\"https:\/\/www.bhakademiker.org\/wp-content\/uploads\/2022\/01\/featured-GBAA.png\",\"contentUrl\":\"https:\/\/www.bhakademiker.org\/wp-content\/uploads\/2022\/01\/featured-GBAA.png\",\"width\":1200,\"height\":630,\"caption\":\"Gesellschaft Bosnischer Akademiker in \u00d6sterreich\"},\"image\":{\"@id\":\"https:\/\/www.bhakademiker.org\/bs\/#\/schema\/logo\/image\/\"}},{\"@type\":\"Person\",\"@id\":\"https:\/\/www.bhakademiker.org\/bs\/#\/schema\/person\/eb2bb45ccd10b1a8756ef049efa44da5\",\"name\":\"BanKulin\",\"image\":{\"@type\":\"ImageObject\",\"inLanguage\":\"bs-BA\",\"@id\":\"https:\/\/www.bhakademiker.org\/bs\/#\/schema\/person\/image\/\",\"url\":\"https:\/\/secure.gravatar.com\/avatar\/c6d58ce317ac29451bb963305865585b0ee61581cac268f7b497945aea17e32c?s=96&d=mm&r=g\",\"contentUrl\":\"https:\/\/secure.gravatar.com\/avatar\/c6d58ce317ac29451bb963305865585b0ee61581cac268f7b497945aea17e32c?s=96&d=mm&r=g\",\"caption\":\"BanKulin\"},\"sameAs\":[\"https:\/\/www.bhakademiker.org\"],\"url\":\"https:\/\/www.bhakademiker.org\/bs\/author\/bankulin\/\"}]}<\/script>\n<!-- \/ Yoast SEO plugin. -->","yoast_head_json":{"title":"Meletta 2023 - Gesellschaft Bosnischer Akademiker","description":"07. Gedenktag von Monte Meletta-Fio","robots":{"index":"index","follow":"follow","max-snippet":"max-snippet:-1","max-image-preview":"max-image-preview:large","max-video-preview":"max-video-preview:-1"},"canonical":"https:\/\/www.bhakademiker.org\/bs\/2023\/06\/21\/meletta-2023\/","og_locale":"bs_BA","og_type":"article","og_title":"Meletta 2023 - Gesellschaft Bosnischer Akademiker","og_description":"07. Gedenktag von Monte Meletta-Fio","og_url":"https:\/\/www.bhakademiker.org\/bs\/2023\/06\/21\/meletta-2023\/","og_site_name":"Gesellschaft Bosnischer Akademiker","article_published_time":"2023-06-21T11:51:03+00:00","og_image":[{"width":734,"height":499,"url":"https:\/\/www.bhakademiker.org\/wp-content\/uploads\/2023\/06\/003.jpg","type":"image\/jpeg"}],"author":"BanKulin","twitter_card":"summary_large_image","twitter_misc":{"Written by":"BanKulin","Est. reading time":"1 minuta"},"schema":{"@context":"https:\/\/schema.org","@graph":[{"@type":"Article","@id":"https:\/\/www.bhakademiker.org\/2023\/06\/21\/meletta-2023\/#article","isPartOf":{"@id":"https:\/\/www.bhakademiker.org\/2023\/06\/21\/meletta-2023\/"},"author":{"name":"BanKulin","@id":"https:\/\/www.bhakademiker.org\/bs\/#\/schema\/person\/eb2bb45ccd10b1a8756ef049efa44da5"},"headline":"Meletta 2023","datePublished":"2023-06-21T11:51:03+00:00","dateModified":"2023-06-21T11:51:03+00:00","mainEntityOfPage":{"@id":"https:\/\/www.bhakademiker.org\/2023\/06\/21\/meletta-2023\/"},"wordCount":96,"commentCount":0,"publisher":{"@id":"https:\/\/www.bhakademiker.org\/bs\/#organization"},"articleSection":["Meletta"],"inLanguage":"bs-BA","potentialAction":[{"@type":"CommentAction","name":"Comment","target":["https:\/\/www.bhakademiker.org\/2023\/06\/21\/meletta-2023\/#respond"]}]},{"@type":"WebPage","@id":"https:\/\/www.bhakademiker.org\/2023\/06\/21\/meletta-2023\/","url":"https:\/\/www.bhakademiker.org\/2023\/06\/21\/meletta-2023\/","name":"Meletta 2023 - Gesellschaft Bosnischer Akademiker","isPartOf":{"@id":"https:\/\/www.bhakademiker.org\/bs\/#website"},"datePublished":"2023-06-21T11:51:03+00:00","dateModified":"2023-06-21T11:51:03+00:00","description":"07. Gedenktag von Monte Meletta-Fio","breadcrumb":{"@id":"https:\/\/www.bhakademiker.org\/2023\/06\/21\/meletta-2023\/#breadcrumb"},"inLanguage":"bs-BA","potentialAction":[{"@type":"ReadAction","target":["https:\/\/www.bhakademiker.org\/2023\/06\/21\/meletta-2023\/"]}]},{"@type":"BreadcrumbList","@id":"https:\/\/www.bhakademiker.org\/2023\/06\/21\/meletta-2023\/#breadcrumb","itemListElement":[{"@type":"ListItem","position":1,"name":"Home","item":"https:\/\/www.bhakademiker.org\/"},{"@type":"ListItem","position":2,"name":"Meletta 2023"}]},{"@type":"WebSite","@id":"https:\/\/www.bhakademiker.org\/bs\/#website","url":"https:\/\/www.bhakademiker.org\/bs\/","name":"Gesellschaft Bosnischer Akademiker","description":"","publisher":{"@id":"https:\/\/www.bhakademiker.org\/bs\/#organization"},"potentialAction":[{"@type":"SearchAction","target":{"@type":"EntryPoint","urlTemplate":"https:\/\/www.bhakademiker.org\/bs\/?s={search_term_string}"},"query-input":"required name=search_term_string"}],"inLanguage":"bs-BA"},{"@type":"Organization","@id":"https:\/\/www.bhakademiker.org\/bs\/#organization","name":"Gesellschaft Bosnischer Akademiker in \u00d6sterreich","url":"https:\/\/www.bhakademiker.org\/bs\/","logo":{"@type":"ImageObject","inLanguage":"bs-BA","@id":"https:\/\/www.bhakademiker.org\/bs\/#\/schema\/logo\/image\/","url":"https:\/\/www.bhakademiker.org\/wp-content\/uploads\/2022\/01\/featured-GBAA.png","contentUrl":"https:\/\/www.bhakademiker.org\/wp-content\/uploads\/2022\/01\/featured-GBAA.png","width":1200,"height":630,"caption":"Gesellschaft Bosnischer Akademiker in \u00d6sterreich"},"image":{"@id":"https:\/\/www.bhakademiker.org\/bs\/#\/schema\/logo\/image\/"}},{"@type":"Person","@id":"https:\/\/www.bhakademiker.org\/bs\/#\/schema\/person\/eb2bb45ccd10b1a8756ef049efa44da5","name":"BanKulin","image":{"@type":"ImageObject","inLanguage":"bs-BA","@id":"https:\/\/www.bhakademiker.org\/bs\/#\/schema\/person\/image\/","url":"https:\/\/secure.gravatar.com\/avatar\/c6d58ce317ac29451bb963305865585b0ee61581cac268f7b497945aea17e32c?s=96&d=mm&r=g","contentUrl":"https:\/\/secure.gravatar.com\/avatar\/c6d58ce317ac29451bb963305865585b0ee61581cac268f7b497945aea17e32c?s=96&d=mm&r=g","caption":"BanKulin"},"sameAs":["https:\/\/www.bhakademiker.org"],"url":"https:\/\/www.bhakademiker.org\/bs\/author\/bankulin\/"}]}},"_links":{"self":[{"href":"https:\/\/www.bhakademiker.org\/bs\/wp-json\/wp\/v2\/posts\/2737","targetHints":{"allow":["GET"]}}],"collection":[{"href":"https:\/\/www.bhakademiker.org\/bs\/wp-json\/wp\/v2\/posts"}],"about":[{"href":"https:\/\/www.bhakademiker.org\/bs\/wp-json\/wp\/v2\/types\/post"}],"author":[{"embeddable":true,"href":"https:\/\/www.bhakademiker.org\/bs\/wp-json\/wp\/v2\/users\/1"}],"replies":[{"embeddable":true,"href":"https:\/\/www.bhakademiker.org\/bs\/wp-json\/wp\/v2\/comments?post=2737"}],"version-history":[{"count":3,"href":"https:\/\/www.bhakademiker.org\/bs\/wp-json\/wp\/v2\/posts\/2737\/revisions"}],"predecessor-version":[{"id":2753,"href":"https:\/\/www.bhakademiker.org\/bs\/wp-json\/wp\/v2\/posts\/2737\/revisions\/2753"}],"wp:featuredmedia":[{"embeddable":true,"href":"https:\/\/www.bhakademiker.org\/bs\/wp-json\/wp\/v2\/media\/2740"}],"wp:attachment":[{"href":"https:\/\/www.bhakademiker.org\/bs\/wp-json\/wp\/v2\/media?parent=2737"}],"wp:term":[{"taxonomy":"category","embeddable":true,"href":"https:\/\/www.bhakademiker.org\/bs\/wp-json\/wp\/v2\/categories?post=2737"},{"taxonomy":"post_tag","embeddable":true,"href":"https:\/\/www.bhakademiker.org\/bs\/wp-json\/wp\/v2\/tags?post=2737"}],"curies":[{"name":"wp","href":"https:\/\/api.w.org\/{rel}","templated":true}]}}