{"id":3487,"date":"2024-10-08T08:50:19","date_gmt":"2024-10-08T06:50:19","guid":{"rendered":"https:\/\/www.bhakademiker.org\/?p=3487"},"modified":"2024-10-29T09:57:21","modified_gmt":"2024-10-29T08:57:21","slug":"lebring_2024_einladung","status":"publish","type":"post","link":"https:\/\/www.bhakademiker.org\/bs\/2024\/10\/08\/lebring_2024_einladung\/","title":{"rendered":"Lebring 2024"},"content":{"rendered":"<h3>Lebring 2024<\/h3>\n<p>Kao i svake godine zadnje nedjelje u oktobru, tako i ove godine, 27. oktobra 2024 na vojnom groblju u Lebringu, odr\u017eana je sve\u010danost sje\u0107anja na \u017ertve prvog svjetskog rata.<br \/>\nVojno groblje (poznato i kao Bo\u0161nja\u010dko groblje) u Lebringu sadr\u017ei 1233 groba sa posmrtnim ostacima vojnika iz 19 infantrijskih regimentata austro-ugarske armije, uklju\u010duju\u0107i 805 Bosanaca (tada Bo\u0161njaka). <span class=\"Y2IQFc\" lang=\"de\">Druga bosanskohercegova\u010dka regimenta, najodlikovanija jedinica austrougarske vojske, donijela je pobjedu austrougarskoj vojsci u Bici na Monte Maletti, 7. juna 1916. godine.<\/span><\/p>\n<p>Bosanski vojnici su bili elitne trupe u Monarhiji i kori\u0161teni su za najte\u017ee vojne zadatke. Mora da je bilo ne\u0161to posebno u tome da su 200.000 mladih ljudi muslimana, prvoslavaca, katolika,...ili samo Bosanaca (tada Bo\u0161njaka) iz Bosne koja je tada imala oko dva miliona stanovnika, bili oformljeni u vojno jedinstvo nesalomljive solidarnosti, prijateljstva i odgovornosti u okviru monarhijske vojske. Nije bio samo fes koji ih je izdvajao iz ostatka monarhijske vojske. Oni su formirali i od oficira jake i odlu\u010dne jedinice koje su izdr\u017eale do kraja.<\/p>\n<p id=\"tw-target-text\" class=\"tw-data-text tw-text-large tw-ta\" dir=\"ltr\" data-placeholder=\"\u00dcbersetzung\" data-ved=\"2ahUKEwjGw5LXucaCAxWqcfEDHXAYCX4Q3ewLegQIBhAQ\"><span class=\"Y2IQFc\" lang=\"de\">Sje\u0107anju na hrabre borce Druge bosanskohercegova\u010dke regimente prisustvovali su predstavnici austrijskih, italijanskih i bosanskih organizacija u Austriji. U ime<\/span><span class=\"Y2IQFc\" lang=\"de\"> Bosanskog akademskog dru\u0161tva u Austriji vijence su polo\u017eili Siradj Duhan i Denis \u010cavki\u0107.<\/span><\/p>\n<p class=\" translation-block\"><em>Gesellschaft Bosnischer Akademiker in <\/em><em>\u00d6sterreich <\/em><\/p>\n\n\t\t<style type=\"text\/css\">\n\t\t\t#gallery-1 {\n\t\t\t\tmargin: auto;\n\t\t\t}\n\t\t\t#gallery-1 .gallery-item {\n\t\t\t\tfloat: left;\n\t\t\t\tmargin-top: 10px;\n\t\t\t\ttext-align: center;\n\t\t\t\twidth: 50%;\n\t\t\t}\n\t\t\t#gallery-1 img {\n\t\t\t\tborder: 2px solid #cfcfcf;\n\t\t\t}\n\t\t\t#gallery-1 .gallery-caption {\n\t\t\t\tmargin-left: 0;\n\t\t\t}\n\t\t\t\/* see gallery_shortcode() in wp-includes\/media.php *\/\n\t\t<\/style>\n\t\t<div id='gallery-1' class='gallery galleryid-3487 gallery-columns-2 gallery-size-large'><dl class='gallery-item'>\n\t\t\t<dt class='gallery-icon landscape'>\n\t\t\t\t<a href='https:\/\/www.bhakademiker.org\/wp-content\/uploads\/2024\/10\/unnamed-1.jpg'><img fetchpriority=\"high\" decoding=\"async\" width=\"770\" height=\"578\" src=\"https:\/\/www.bhakademiker.org\/wp-content\/uploads\/2024\/10\/unnamed-1-1024x768.jpg\" class=\"attachment-large size-large\" alt=\"\" srcset=\"https:\/\/www.bhakademiker.org\/wp-content\/uploads\/2024\/10\/unnamed-1-1024x768.jpg 1024w, https:\/\/www.bhakademiker.org\/wp-content\/uploads\/2024\/10\/unnamed-1-300x225.jpg 300w, https:\/\/www.bhakademiker.org\/wp-content\/uploads\/2024\/10\/unnamed-1-768x576.jpg 768w, https:\/\/www.bhakademiker.org\/wp-content\/uploads\/2024\/10\/unnamed-1-1536x1152.jpg 1536w, https:\/\/www.bhakademiker.org\/wp-content\/uploads\/2024\/10\/unnamed-1-16x12.jpg 16w, https:\/\/www.bhakademiker.org\/wp-content\/uploads\/2024\/10\/unnamed-1.jpg 1600w\" sizes=\"(max-width: 770px) 100vw, 770px\" \/><\/a>\n\t\t\t<\/dt><\/dl><dl class='gallery-item'>\n\t\t\t<dt class='gallery-icon landscape'>\n\t\t\t\t<a href='https:\/\/www.bhakademiker.org\/wp-content\/uploads\/2024\/10\/unnamed-2.jpg'><img decoding=\"async\" width=\"770\" height=\"578\" src=\"https:\/\/www.bhakademiker.org\/wp-content\/uploads\/2024\/10\/unnamed-2-1024x768.jpg\" class=\"attachment-large size-large\" alt=\"\" srcset=\"https:\/\/www.bhakademiker.org\/wp-content\/uploads\/2024\/10\/unnamed-2-1024x768.jpg 1024w, https:\/\/www.bhakademiker.org\/wp-content\/uploads\/2024\/10\/unnamed-2-300x225.jpg 300w, https:\/\/www.bhakademiker.org\/wp-content\/uploads\/2024\/10\/unnamed-2-768x576.jpg 768w, https:\/\/www.bhakademiker.org\/wp-content\/uploads\/2024\/10\/unnamed-2-1536x1152.jpg 1536w, https:\/\/www.bhakademiker.org\/wp-content\/uploads\/2024\/10\/unnamed-2-16x12.jpg 16w, https:\/\/www.bhakademiker.org\/wp-content\/uploads\/2024\/10\/unnamed-2.jpg 1600w\" sizes=\"(max-width: 770px) 100vw, 770px\" \/><\/a>\n\t\t\t<\/dt><\/dl><br style=\"clear: both\" \/><dl class='gallery-item'>\n\t\t\t<dt class='gallery-icon portrait'>\n\t\t\t\t<a href='https:\/\/www.bhakademiker.org\/wp-content\/uploads\/2024\/10\/unnamed-5.jpg'><img decoding=\"async\" width=\"768\" height=\"1024\" src=\"https:\/\/www.bhakademiker.org\/wp-content\/uploads\/2024\/10\/unnamed-5-768x1024.jpg\" class=\"attachment-large size-large\" alt=\"\" srcset=\"https:\/\/www.bhakademiker.org\/wp-content\/uploads\/2024\/10\/unnamed-5-768x1024.jpg 768w, https:\/\/www.bhakademiker.org\/wp-content\/uploads\/2024\/10\/unnamed-5-225x300.jpg 225w, https:\/\/www.bhakademiker.org\/wp-content\/uploads\/2024\/10\/unnamed-5-1152x1536.jpg 1152w, https:\/\/www.bhakademiker.org\/wp-content\/uploads\/2024\/10\/unnamed-5-9x12.jpg 9w, https:\/\/www.bhakademiker.org\/wp-content\/uploads\/2024\/10\/unnamed-5.jpg 1200w\" sizes=\"(max-width: 768px) 100vw, 768px\" \/><\/a>\n\t\t\t<\/dt><\/dl><dl class='gallery-item'>\n\t\t\t<dt class='gallery-icon landscape'>\n\t\t\t\t<a href='https:\/\/www.bhakademiker.org\/wp-content\/uploads\/2024\/10\/unnamed.jpg'><img loading=\"lazy\" decoding=\"async\" width=\"770\" height=\"578\" src=\"https:\/\/www.bhakademiker.org\/wp-content\/uploads\/2024\/10\/unnamed-1024x768.jpg\" class=\"attachment-large size-large\" alt=\"\" srcset=\"https:\/\/www.bhakademiker.org\/wp-content\/uploads\/2024\/10\/unnamed-1024x768.jpg 1024w, https:\/\/www.bhakademiker.org\/wp-content\/uploads\/2024\/10\/unnamed-300x225.jpg 300w, https:\/\/www.bhakademiker.org\/wp-content\/uploads\/2024\/10\/unnamed-768x576.jpg 768w, https:\/\/www.bhakademiker.org\/wp-content\/uploads\/2024\/10\/unnamed-1536x1152.jpg 1536w, https:\/\/www.bhakademiker.org\/wp-content\/uploads\/2024\/10\/unnamed-16x12.jpg 16w, https:\/\/www.bhakademiker.org\/wp-content\/uploads\/2024\/10\/unnamed.jpg 1600w\" sizes=\"(max-width: 770px) 100vw, 770px\" \/><\/a>\n\t\t\t<\/dt><\/dl><br style=\"clear: both\" \/><dl class='gallery-item'>\n\t\t\t<dt class='gallery-icon landscape'>\n\t\t\t\t<a href='https:\/\/www.bhakademiker.org\/wp-content\/uploads\/2024\/10\/1.jpg'><img loading=\"lazy\" decoding=\"async\" width=\"770\" height=\"578\" src=\"https:\/\/www.bhakademiker.org\/wp-content\/uploads\/2024\/10\/1-1024x768.jpg\" class=\"attachment-large size-large\" alt=\"\" srcset=\"https:\/\/www.bhakademiker.org\/wp-content\/uploads\/2024\/10\/1-1024x768.jpg 1024w, https:\/\/www.bhakademiker.org\/wp-content\/uploads\/2024\/10\/1-300x225.jpg 300w, https:\/\/www.bhakademiker.org\/wp-content\/uploads\/2024\/10\/1-768x576.jpg 768w, https:\/\/www.bhakademiker.org\/wp-content\/uploads\/2024\/10\/1-1536x1152.jpg 1536w, https:\/\/www.bhakademiker.org\/wp-content\/uploads\/2024\/10\/1-16x12.jpg 16w, https:\/\/www.bhakademiker.org\/wp-content\/uploads\/2024\/10\/1.jpg 1600w\" sizes=\"(max-width: 770px) 100vw, 770px\" \/><\/a>\n\t\t\t<\/dt><\/dl><dl class='gallery-item'>\n\t\t\t<dt class='gallery-icon portrait'>\n\t\t\t\t<a href='https:\/\/www.bhakademiker.org\/wp-content\/uploads\/2024\/10\/2.jpg'><img loading=\"lazy\" decoding=\"async\" width=\"768\" height=\"1024\" src=\"https:\/\/www.bhakademiker.org\/wp-content\/uploads\/2024\/10\/2-768x1024.jpg\" class=\"attachment-large size-large\" alt=\"\" srcset=\"https:\/\/www.bhakademiker.org\/wp-content\/uploads\/2024\/10\/2-768x1024.jpg 768w, https:\/\/www.bhakademiker.org\/wp-content\/uploads\/2024\/10\/2-225x300.jpg 225w, https:\/\/www.bhakademiker.org\/wp-content\/uploads\/2024\/10\/2-1152x1536.jpg 1152w, https:\/\/www.bhakademiker.org\/wp-content\/uploads\/2024\/10\/2-9x12.jpg 9w, https:\/\/www.bhakademiker.org\/wp-content\/uploads\/2024\/10\/2.jpg 1200w\" sizes=\"(max-width: 768px) 100vw, 768px\" \/><\/a>\n\t\t\t<\/dt><\/dl><br style=\"clear: both\" \/><dl class='gallery-item'>\n\t\t\t<dt class='gallery-icon landscape'>\n\t\t\t\t<a href='https:\/\/www.bhakademiker.org\/wp-content\/uploads\/2024\/10\/unnamed-4-1.jpg'><img loading=\"lazy\" decoding=\"async\" width=\"770\" height=\"578\" src=\"https:\/\/www.bhakademiker.org\/wp-content\/uploads\/2024\/10\/unnamed-4-1-1024x768.jpg\" class=\"attachment-large size-large\" alt=\"\" srcset=\"https:\/\/www.bhakademiker.org\/wp-content\/uploads\/2024\/10\/unnamed-4-1-1024x768.jpg 1024w, https:\/\/www.bhakademiker.org\/wp-content\/uploads\/2024\/10\/unnamed-4-1-300x225.jpg 300w, https:\/\/www.bhakademiker.org\/wp-content\/uploads\/2024\/10\/unnamed-4-1-768x576.jpg 768w, https:\/\/www.bhakademiker.org\/wp-content\/uploads\/2024\/10\/unnamed-4-1-1536x1152.jpg 1536w, https:\/\/www.bhakademiker.org\/wp-content\/uploads\/2024\/10\/unnamed-4-1-16x12.jpg 16w, https:\/\/www.bhakademiker.org\/wp-content\/uploads\/2024\/10\/unnamed-4-1.jpg 1600w\" sizes=\"(max-width: 770px) 100vw, 770px\" \/><\/a>\n\t\t\t<\/dt><\/dl>\n\t\t\t<br style='clear: both' \/>\n\t\t<\/div>\n\n<p>&nbsp;<\/p>\n<div style=\"width: 770px;\" class=\"wp-video\"><video class=\"wp-video-shortcode\" id=\"video-3487-1\" width=\"770\" height=\"436\" preload=\"metadata\" controls=\"controls\"><source type=\"video\/mp4\" src=\"https:\/\/www.bhakademiker.org\/wp-content\/uploads\/2024\/10\/Lebring_2024.mp4?_=1\" \/><a href=\"https:\/\/www.bhakademiker.org\/wp-content\/uploads\/2024\/10\/Lebring_2024.mp4\">https:\/\/www.bhakademiker.org\/wp-content\/uploads\/2024\/10\/Lebring_2024.mp4<\/a><\/video><\/div>\n<p>&nbsp;<\/p>","protected":false},"excerpt":{"rendered":"<p>27.10.2024<\/p>","protected":false},"author":1,"featured_media":3606,"comment_status":"open","ping_status":"open","sticky":false,"template":"","format":"standard","meta":{"footnotes":""},"categories":[72],"tags":[],"class_list":["post-3487","post","type-post","status-publish","format-standard","has-post-thumbnail","hentry","category-bada"],"yoast_head":"<!-- This site is optimized with the Yoast SEO plugin v20.3 - https:\/\/yoast.com\/wordpress\/plugins\/seo\/ -->\n<title>Lebring 2024 - Gesellschaft Bosnischer Akademiker<\/title>\n<meta name=\"description\" content=\"27.10.2024\" \/>\n<meta name=\"robots\" content=\"index, follow, max-snippet:-1, max-image-preview:large, max-video-preview:-1\" \/>\n<link rel=\"canonical\" href=\"https:\/\/www.bhakademiker.org\/bs\/2024\/10\/08\/lebring_2024_einladung\/\" \/>\n<meta property=\"og:locale\" content=\"bs_BA\" \/>\n<meta property=\"og:type\" content=\"article\" \/>\n<meta property=\"og:title\" content=\"Lebring 2024\" \/>\n<meta property=\"og:description\" content=\"27.10.2024\" \/>\n<meta property=\"og:url\" content=\"https:\/\/www.bhakademiker.org\/bs\/2024\/10\/08\/lebring_2024_einladung\/\" \/>\n<meta property=\"og:site_name\" content=\"Gesellschaft Bosnischer Akademiker\" \/>\n<meta property=\"article:published_time\" content=\"2024-10-08T06:50:19+00:00\" \/>\n<meta property=\"article:modified_time\" content=\"2024-10-29T08:57:21+00:00\" \/>\n<meta property=\"og:image\" content=\"https:\/\/www.bhakademiker.org\/wp-content\/uploads\/2024\/10\/unnamed-3.jpg\" \/>\n\t<meta property=\"og:image:width\" content=\"1600\" \/>\n\t<meta property=\"og:image:height\" content=\"1200\" \/>\n\t<meta property=\"og:image:type\" content=\"image\/jpeg\" \/>\n<meta name=\"author\" content=\"BanKulin\" \/>\n<meta name=\"twitter:card\" content=\"summary_large_image\" \/>\n<meta name=\"twitter:title\" content=\"Lebring 2024\" \/>\n<meta name=\"twitter:description\" content=\"27.10.2024\" \/>\n<meta name=\"twitter:image\" content=\"https:\/\/www.bhakademiker.org\/wp-content\/uploads\/2024\/10\/unnamed-3.jpg\" \/>\n<meta name=\"twitter:label1\" content=\"Written by\" \/>\n\t<meta name=\"twitter:data1\" content=\"BanKulin\" \/>\n\t<meta name=\"twitter:label2\" content=\"Est. reading time\" \/>\n\t<meta name=\"twitter:data2\" content=\"2 minute\" \/>\n<script type=\"application\/ld+json\" class=\"yoast-schema-graph\">{\"@context\":\"https:\/\/schema.org\",\"@graph\":[{\"@type\":\"Article\",\"@id\":\"https:\/\/www.bhakademiker.org\/2024\/10\/08\/lebring_2024_einladung\/#article\",\"isPartOf\":{\"@id\":\"https:\/\/www.bhakademiker.org\/2024\/10\/08\/lebring_2024_einladung\/\"},\"author\":{\"name\":\"BanKulin\",\"@id\":\"https:\/\/www.bhakademiker.org\/bs\/#\/schema\/person\/eb2bb45ccd10b1a8756ef049efa44da5\"},\"headline\":\"Lebring 2024\",\"datePublished\":\"2024-10-08T06:50:19+00:00\",\"dateModified\":\"2024-10-29T08:57:21+00:00\",\"mainEntityOfPage\":{\"@id\":\"https:\/\/www.bhakademiker.org\/2024\/10\/08\/lebring_2024_einladung\/\"},\"wordCount\":263,\"commentCount\":0,\"publisher\":{\"@id\":\"https:\/\/www.bhakademiker.org\/bs\/#organization\"},\"articleSection\":[\"BADA\"],\"inLanguage\":\"bs-BA\",\"potentialAction\":[{\"@type\":\"CommentAction\",\"name\":\"Comment\",\"target\":[\"https:\/\/www.bhakademiker.org\/2024\/10\/08\/lebring_2024_einladung\/#respond\"]}]},{\"@type\":\"WebPage\",\"@id\":\"https:\/\/www.bhakademiker.org\/2024\/10\/08\/lebring_2024_einladung\/\",\"url\":\"https:\/\/www.bhakademiker.org\/2024\/10\/08\/lebring_2024_einladung\/\",\"name\":\"Lebring 2024 - Gesellschaft Bosnischer Akademiker\",\"isPartOf\":{\"@id\":\"https:\/\/www.bhakademiker.org\/bs\/#website\"},\"datePublished\":\"2024-10-08T06:50:19+00:00\",\"dateModified\":\"2024-10-29T08:57:21+00:00\",\"description\":\"27.10.2024\",\"breadcrumb\":{\"@id\":\"https:\/\/www.bhakademiker.org\/2024\/10\/08\/lebring_2024_einladung\/#breadcrumb\"},\"inLanguage\":\"bs-BA\",\"potentialAction\":[{\"@type\":\"ReadAction\",\"target\":[\"https:\/\/www.bhakademiker.org\/2024\/10\/08\/lebring_2024_einladung\/\"]}]},{\"@type\":\"BreadcrumbList\",\"@id\":\"https:\/\/www.bhakademiker.org\/2024\/10\/08\/lebring_2024_einladung\/#breadcrumb\",\"itemListElement\":[{\"@type\":\"ListItem\",\"position\":1,\"name\":\"Home\",\"item\":\"https:\/\/www.bhakademiker.org\/\"},{\"@type\":\"ListItem\",\"position\":2,\"name\":\"Lebring 2024\"}]},{\"@type\":\"WebSite\",\"@id\":\"https:\/\/www.bhakademiker.org\/bs\/#website\",\"url\":\"https:\/\/www.bhakademiker.org\/bs\/\",\"name\":\"Gesellschaft Bosnischer Akademiker\",\"description\":\"\",\"publisher\":{\"@id\":\"https:\/\/www.bhakademiker.org\/bs\/#organization\"},\"potentialAction\":[{\"@type\":\"SearchAction\",\"target\":{\"@type\":\"EntryPoint\",\"urlTemplate\":\"https:\/\/www.bhakademiker.org\/bs\/?s={search_term_string}\"},\"query-input\":\"required name=search_term_string\"}],\"inLanguage\":\"bs-BA\"},{\"@type\":\"Organization\",\"@id\":\"https:\/\/www.bhakademiker.org\/bs\/#organization\",\"name\":\"Gesellschaft Bosnischer Akademiker in \u00d6sterreich\",\"url\":\"https:\/\/www.bhakademiker.org\/bs\/\",\"logo\":{\"@type\":\"ImageObject\",\"inLanguage\":\"bs-BA\",\"@id\":\"https:\/\/www.bhakademiker.org\/bs\/#\/schema\/logo\/image\/\",\"url\":\"https:\/\/www.bhakademiker.org\/wp-content\/uploads\/2022\/01\/featured-GBAA.png\",\"contentUrl\":\"https:\/\/www.bhakademiker.org\/wp-content\/uploads\/2022\/01\/featured-GBAA.png\",\"width\":1200,\"height\":630,\"caption\":\"Gesellschaft Bosnischer Akademiker in \u00d6sterreich\"},\"image\":{\"@id\":\"https:\/\/www.bhakademiker.org\/bs\/#\/schema\/logo\/image\/\"}},{\"@type\":\"Person\",\"@id\":\"https:\/\/www.bhakademiker.org\/bs\/#\/schema\/person\/eb2bb45ccd10b1a8756ef049efa44da5\",\"name\":\"BanKulin\",\"image\":{\"@type\":\"ImageObject\",\"inLanguage\":\"bs-BA\",\"@id\":\"https:\/\/www.bhakademiker.org\/bs\/#\/schema\/person\/image\/\",\"url\":\"https:\/\/secure.gravatar.com\/avatar\/c6d58ce317ac29451bb963305865585b0ee61581cac268f7b497945aea17e32c?s=96&d=mm&r=g\",\"contentUrl\":\"https:\/\/secure.gravatar.com\/avatar\/c6d58ce317ac29451bb963305865585b0ee61581cac268f7b497945aea17e32c?s=96&d=mm&r=g\",\"caption\":\"BanKulin\"},\"sameAs\":[\"https:\/\/www.bhakademiker.org\"],\"url\":\"https:\/\/www.bhakademiker.org\/bs\/author\/bankulin\/\"}]}<\/script>\n<!-- \/ Yoast SEO plugin. -->","yoast_head_json":{"title":"Lebring 2024 - Gesellschaft Bosnischer Akademiker","description":"27.10.2024","robots":{"index":"index","follow":"follow","max-snippet":"max-snippet:-1","max-image-preview":"max-image-preview:large","max-video-preview":"max-video-preview:-1"},"canonical":"https:\/\/www.bhakademiker.org\/bs\/2024\/10\/08\/lebring_2024_einladung\/","og_locale":"bs_BA","og_type":"article","og_title":"Lebring 2024","og_description":"27.10.2024","og_url":"https:\/\/www.bhakademiker.org\/bs\/2024\/10\/08\/lebring_2024_einladung\/","og_site_name":"Gesellschaft Bosnischer Akademiker","article_published_time":"2024-10-08T06:50:19+00:00","article_modified_time":"2024-10-29T08:57:21+00:00","og_image":[{"width":1600,"height":1200,"url":"https:\/\/www.bhakademiker.org\/wp-content\/uploads\/2024\/10\/unnamed-3.jpg","type":"image\/jpeg"}],"author":"BanKulin","twitter_card":"summary_large_image","twitter_title":"Lebring 2024","twitter_description":"27.10.2024","twitter_image":"https:\/\/www.bhakademiker.org\/wp-content\/uploads\/2024\/10\/unnamed-3.jpg","twitter_misc":{"Written by":"BanKulin","Est. reading time":"2 minute"},"schema":{"@context":"https:\/\/schema.org","@graph":[{"@type":"Article","@id":"https:\/\/www.bhakademiker.org\/2024\/10\/08\/lebring_2024_einladung\/#article","isPartOf":{"@id":"https:\/\/www.bhakademiker.org\/2024\/10\/08\/lebring_2024_einladung\/"},"author":{"name":"BanKulin","@id":"https:\/\/www.bhakademiker.org\/bs\/#\/schema\/person\/eb2bb45ccd10b1a8756ef049efa44da5"},"headline":"Lebring 2024","datePublished":"2024-10-08T06:50:19+00:00","dateModified":"2024-10-29T08:57:21+00:00","mainEntityOfPage":{"@id":"https:\/\/www.bhakademiker.org\/2024\/10\/08\/lebring_2024_einladung\/"},"wordCount":263,"commentCount":0,"publisher":{"@id":"https:\/\/www.bhakademiker.org\/bs\/#organization"},"articleSection":["BADA"],"inLanguage":"bs-BA","potentialAction":[{"@type":"CommentAction","name":"Comment","target":["https:\/\/www.bhakademiker.org\/2024\/10\/08\/lebring_2024_einladung\/#respond"]}]},{"@type":"WebPage","@id":"https:\/\/www.bhakademiker.org\/2024\/10\/08\/lebring_2024_einladung\/","url":"https:\/\/www.bhakademiker.org\/2024\/10\/08\/lebring_2024_einladung\/","name":"Lebring 2024 - Gesellschaft Bosnischer Akademiker","isPartOf":{"@id":"https:\/\/www.bhakademiker.org\/bs\/#website"},"datePublished":"2024-10-08T06:50:19+00:00","dateModified":"2024-10-29T08:57:21+00:00","description":"27.10.2024","breadcrumb":{"@id":"https:\/\/www.bhakademiker.org\/2024\/10\/08\/lebring_2024_einladung\/#breadcrumb"},"inLanguage":"bs-BA","potentialAction":[{"@type":"ReadAction","target":["https:\/\/www.bhakademiker.org\/2024\/10\/08\/lebring_2024_einladung\/"]}]},{"@type":"BreadcrumbList","@id":"https:\/\/www.bhakademiker.org\/2024\/10\/08\/lebring_2024_einladung\/#breadcrumb","itemListElement":[{"@type":"ListItem","position":1,"name":"Home","item":"https:\/\/www.bhakademiker.org\/"},{"@type":"ListItem","position":2,"name":"Lebring 2024"}]},{"@type":"WebSite","@id":"https:\/\/www.bhakademiker.org\/bs\/#website","url":"https:\/\/www.bhakademiker.org\/bs\/","name":"Gesellschaft Bosnischer Akademiker","description":"","publisher":{"@id":"https:\/\/www.bhakademiker.org\/bs\/#organization"},"potentialAction":[{"@type":"SearchAction","target":{"@type":"EntryPoint","urlTemplate":"https:\/\/www.bhakademiker.org\/bs\/?s={search_term_string}"},"query-input":"required name=search_term_string"}],"inLanguage":"bs-BA"},{"@type":"Organization","@id":"https:\/\/www.bhakademiker.org\/bs\/#organization","name":"Gesellschaft Bosnischer Akademiker in \u00d6sterreich","url":"https:\/\/www.bhakademiker.org\/bs\/","logo":{"@type":"ImageObject","inLanguage":"bs-BA","@id":"https:\/\/www.bhakademiker.org\/bs\/#\/schema\/logo\/image\/","url":"https:\/\/www.bhakademiker.org\/wp-content\/uploads\/2022\/01\/featured-GBAA.png","contentUrl":"https:\/\/www.bhakademiker.org\/wp-content\/uploads\/2022\/01\/featured-GBAA.png","width":1200,"height":630,"caption":"Gesellschaft Bosnischer Akademiker in \u00d6sterreich"},"image":{"@id":"https:\/\/www.bhakademiker.org\/bs\/#\/schema\/logo\/image\/"}},{"@type":"Person","@id":"https:\/\/www.bhakademiker.org\/bs\/#\/schema\/person\/eb2bb45ccd10b1a8756ef049efa44da5","name":"BanKulin","image":{"@type":"ImageObject","inLanguage":"bs-BA","@id":"https:\/\/www.bhakademiker.org\/bs\/#\/schema\/person\/image\/","url":"https:\/\/secure.gravatar.com\/avatar\/c6d58ce317ac29451bb963305865585b0ee61581cac268f7b497945aea17e32c?s=96&d=mm&r=g","contentUrl":"https:\/\/secure.gravatar.com\/avatar\/c6d58ce317ac29451bb963305865585b0ee61581cac268f7b497945aea17e32c?s=96&d=mm&r=g","caption":"BanKulin"},"sameAs":["https:\/\/www.bhakademiker.org"],"url":"https:\/\/www.bhakademiker.org\/bs\/author\/bankulin\/"}]}},"_links":{"self":[{"href":"https:\/\/www.bhakademiker.org\/bs\/wp-json\/wp\/v2\/posts\/3487","targetHints":{"allow":["GET"]}}],"collection":[{"href":"https:\/\/www.bhakademiker.org\/bs\/wp-json\/wp\/v2\/posts"}],"about":[{"href":"https:\/\/www.bhakademiker.org\/bs\/wp-json\/wp\/v2\/types\/post"}],"author":[{"embeddable":true,"href":"https:\/\/www.bhakademiker.org\/bs\/wp-json\/wp\/v2\/users\/1"}],"replies":[{"embeddable":true,"href":"https:\/\/www.bhakademiker.org\/bs\/wp-json\/wp\/v2\/comments?post=3487"}],"version-history":[{"count":10,"href":"https:\/\/www.bhakademiker.org\/bs\/wp-json\/wp\/v2\/posts\/3487\/revisions"}],"predecessor-version":[{"id":3619,"href":"https:\/\/www.bhakademiker.org\/bs\/wp-json\/wp\/v2\/posts\/3487\/revisions\/3619"}],"wp:featuredmedia":[{"embeddable":true,"href":"https:\/\/www.bhakademiker.org\/bs\/wp-json\/wp\/v2\/media\/3606"}],"wp:attachment":[{"href":"https:\/\/www.bhakademiker.org\/bs\/wp-json\/wp\/v2\/media?parent=3487"}],"wp:term":[{"taxonomy":"category","embeddable":true,"href":"https:\/\/www.bhakademiker.org\/bs\/wp-json\/wp\/v2\/categories?post=3487"},{"taxonomy":"post_tag","embeddable":true,"href":"https:\/\/www.bhakademiker.org\/bs\/wp-json\/wp\/v2\/tags?post=3487"}],"curies":[{"name":"wp","href":"https:\/\/api.w.org\/{rel}","templated":true}]}}