{"id":3997,"date":"2025-10-21T11:05:36","date_gmt":"2025-10-21T09:05:36","guid":{"rendered":"https:\/\/www.bhakademiker.org\/?p=3997"},"modified":"2025-10-21T11:44:12","modified_gmt":"2025-10-21T09:44:12","slug":"wirtschaftstreffen-in-graz-2025","status":"publish","type":"post","link":"https:\/\/www.bhakademiker.org\/bs\/2025\/10\/21\/wirtschaftstreffen-in-graz-2025\/","title":{"rendered":"Privredni skup 2025"},"content":{"rendered":"<h1>Privredni skup 2025<\/h1>\n<p>U organizaciji Bosanskog Akademskog Dru\u0161tva u Austriji (BADA) odr\u017ean je Privredni skup 2025, koji je i ove godine okupio istaknute stru\u010dnjake iz podru\u010dja psihologije, ekonomije, menad\u017ementa i obrazovanja. Pored privrednika iz Austrije, na skupu su u\u010destvovali i predstavnici privrednog sektora iz Bosne i Hercegovine.<\/p>\n<p>U ime dr\u017eavne agencije za strana ulaganja FIPA, na ovom ve\u0107 tradicionalnom doga\u0111aju prisustvovala je dr. Maida Be\u0107irovi\u0107.<\/p>\n<p>Pod zajedni\u010dkom temom \u201eStrategije i izazovi poslovanja u kriznim vremenima\u201c, u\u010desnici su raspravljali o tome kako se pojedinci i kompanije mogu prilagoditi sve dinami\u010dnijem i neizvjesnijem globalnom okru\u017eenju.<\/p>\n<p>Skup je otvorila Mag. Edita Mayr, klini\u010dki i zdravstveni psiholog iz Graza, s predavanjem \u201ePsihologija krize: Ljudi, dru\u0161tvo i (ne)vidljive posljedice\u201c. Kroz niz primjera iz prakse, Mayr je istaknula da je psiholo\u0161ka otpornost klju\u010dni faktor ne samo za pojedince nego i za organizacije koje \u017eele dugoro\u010dno opstati.<\/p>\n<p>U nastavku programa odr\u017ean je Panel 1: \u201eLeadership i HR odgovor na krizu\u201c, u kojem su u\u010destvovale dr. MMag. Almina Be\u0161i\u0107 (JKU Linz), Aldina Salihod\u017ei\u0107, BA (Team23, Be\u010d) i Mag. Azra Beki\u0107 (Adriatic Group, Be\u010d). Panelistice su govorile o izazovima vo\u0111enja timova u neizvjesnim vremenima, zna\u010daju empatije u liderstvu te ulozi ljudskih resursa u ja\u010danju organizacione otpornosti.<\/p>\n<p>Nakon kratke pauze, Mag. Aida Sivro-Rahimi\u0107 iz Steierm\u00e4rkische Sparkasse Graz odr\u017eala je zapa\u017eeno izlaganje \u201eRiziko menad\u017ement kao priprema na krizu\u201c, nagla\u0161avaju\u0107i va\u017enost strate\u0161kog pristupa rizicima i proaktivnog planiranja.<\/p>\n<p>U drugom dijelu programa, kroz Panel 2, u\u010desnici su raspravljali o poslovanju i finansijskim strategijama u kriznim vremenima. Panelisti su bili Mag. Edin Salihod\u017ei\u0107 (Team23), osniva\u010d i porezni savjetnik iz Be\u010da, te Mirsad Durmi\u0107 (DMDE, Doboj Istok), uspje\u0161an poduzetnik iz Bosne i Hercegovine. Oni su podijelili prakti\u010dna iskustva o tome kako preduze\u0107a mogu opstati i rasti uprkos tr\u017ei\u0161nim izazovima.<\/p>\n<p>Skup je zaklju\u010den inspirativnim predavanjem dr. Fikreta Ba\u0161i\u0107a (Tehni\u010dki univerzitet Graz) pod naslovom \u201eObrazovanjem kroz krizu\u201c, u kojem je istaknuta uloga znanja i cjelo\u017eivotnog u\u010denja kao najva\u017enijeg alata u prevazila\u017eenju dru\u0161tvenih i ekonomskih turbulencija.<\/p>\n<p>Nakon zvani\u010dnog dijela uslijedilo je networking dru\u017eenje, koje je pru\u017eilo priliku za povezivanje predstavnika akademske zajednice, biznisa i institucija.<\/p>\n<p>Privredni skup BADA jo\u0161 jednom je potvrdio zna\u010daj dijaloga izme\u0111u nauke i prakse te pokazao da upravo u kriznim vremenima nastaju najva\u017enije ideje za odr\u017eivi razvoj i saradnju.<\/p>\n\n\t\t<style type=\"text\/css\">\n\t\t\t#gallery-1 {\n\t\t\t\tmargin: auto;\n\t\t\t}\n\t\t\t#gallery-1 .gallery-item {\n\t\t\t\tfloat: left;\n\t\t\t\tmargin-top: 10px;\n\t\t\t\ttext-align: center;\n\t\t\t\twidth: 33%;\n\t\t\t}\n\t\t\t#gallery-1 img {\n\t\t\t\tborder: 2px solid #cfcfcf;\n\t\t\t}\n\t\t\t#gallery-1 .gallery-caption {\n\t\t\t\tmargin-left: 0;\n\t\t\t}\n\t\t\t\/* see gallery_shortcode() in wp-includes\/media.php *\/\n\t\t<\/style>\n\t\t<div id='gallery-1' class='gallery galleryid-3997 gallery-columns-3 gallery-size-thumbnail'><dl class='gallery-item'>\n\t\t\t<dt class='gallery-icon landscape'>\n\t\t\t\t<a href='https:\/\/www.bhakademiker.org\/bs\/2025\/10\/21\/wirtschaftstreffen-in-graz-2025\/3-7\/'><img decoding=\"async\" width=\"150\" height=\"150\" src=\"https:\/\/www.bhakademiker.org\/wp-content\/uploads\/2025\/10\/3-150x150.jpeg\" class=\"attachment-thumbnail size-thumbnail\" alt=\"\" srcset=\"https:\/\/www.bhakademiker.org\/wp-content\/uploads\/2025\/10\/3-150x150.jpeg 150w, https:\/\/www.bhakademiker.org\/wp-content\/uploads\/2025\/10\/3-266x266.jpeg 266w, https:\/\/www.bhakademiker.org\/wp-content\/uploads\/2025\/10\/3-70x70.jpeg 70w, https:\/\/www.bhakademiker.org\/wp-content\/uploads\/2025\/10\/3-50x50.jpeg 50w\" sizes=\"(max-width: 150px) 100vw, 150px\" \/><\/a>\n\t\t\t<\/dt><\/dl><dl class='gallery-item'>\n\t\t\t<dt class='gallery-icon landscape'>\n\t\t\t\t<a href='https:\/\/www.bhakademiker.org\/bs\/2025\/10\/21\/wirtschaftstreffen-in-graz-2025\/bada-tim\/'><img decoding=\"async\" width=\"150\" height=\"150\" src=\"https:\/\/www.bhakademiker.org\/wp-content\/uploads\/2025\/10\/BADA-tim-150x150.jpg\" class=\"attachment-thumbnail size-thumbnail\" alt=\"\" srcset=\"https:\/\/www.bhakademiker.org\/wp-content\/uploads\/2025\/10\/BADA-tim-150x150.jpg 150w, https:\/\/www.bhakademiker.org\/wp-content\/uploads\/2025\/10\/BADA-tim-266x266.jpg 266w, https:\/\/www.bhakademiker.org\/wp-content\/uploads\/2025\/10\/BADA-tim-70x70.jpg 70w, https:\/\/www.bhakademiker.org\/wp-content\/uploads\/2025\/10\/BADA-tim-50x50.jpg 50w\" sizes=\"(max-width: 150px) 100vw, 150px\" \/><\/a>\n\t\t\t<\/dt><\/dl><dl class='gallery-item'>\n\t\t\t<dt class='gallery-icon landscape'>\n\t\t\t\t<a href='https:\/\/www.bhakademiker.org\/bs\/2025\/10\/21\/wirtschaftstreffen-in-graz-2025\/img_1400_original\/'><img decoding=\"async\" width=\"150\" height=\"150\" src=\"https:\/\/www.bhakademiker.org\/wp-content\/uploads\/2025\/10\/IMG_1400_Original-150x150.jpg\" class=\"attachment-thumbnail size-thumbnail\" alt=\"\" srcset=\"https:\/\/www.bhakademiker.org\/wp-content\/uploads\/2025\/10\/IMG_1400_Original-150x150.jpg 150w, https:\/\/www.bhakademiker.org\/wp-content\/uploads\/2025\/10\/IMG_1400_Original-266x266.jpg 266w, https:\/\/www.bhakademiker.org\/wp-content\/uploads\/2025\/10\/IMG_1400_Original-70x70.jpg 70w, https:\/\/www.bhakademiker.org\/wp-content\/uploads\/2025\/10\/IMG_1400_Original-50x50.jpg 50w\" sizes=\"(max-width: 150px) 100vw, 150px\" \/><\/a>\n\t\t\t<\/dt><\/dl><br style=\"clear: both\" \/><dl class='gallery-item'>\n\t\t\t<dt class='gallery-icon portrait'>\n\t\t\t\t<a href='https:\/\/www.bhakademiker.org\/bs\/2025\/10\/21\/wirtschaftstreffen-in-graz-2025\/img_1447_original\/'><img loading=\"lazy\" decoding=\"async\" width=\"150\" height=\"150\" src=\"https:\/\/www.bhakademiker.org\/wp-content\/uploads\/2025\/10\/IMG_1447_Original-150x150.jpg\" class=\"attachment-thumbnail size-thumbnail\" alt=\"\" srcset=\"https:\/\/www.bhakademiker.org\/wp-content\/uploads\/2025\/10\/IMG_1447_Original-150x150.jpg 150w, https:\/\/www.bhakademiker.org\/wp-content\/uploads\/2025\/10\/IMG_1447_Original-266x266.jpg 266w, https:\/\/www.bhakademiker.org\/wp-content\/uploads\/2025\/10\/IMG_1447_Original-70x70.jpg 70w, https:\/\/www.bhakademiker.org\/wp-content\/uploads\/2025\/10\/IMG_1447_Original-50x50.jpg 50w\" sizes=\"(max-width: 150px) 100vw, 150px\" \/><\/a>\n\t\t\t<\/dt><\/dl><dl class='gallery-item'>\n\t\t\t<dt class='gallery-icon landscape'>\n\t\t\t\t<a href='https:\/\/www.bhakademiker.org\/bs\/2025\/10\/21\/wirtschaftstreffen-in-graz-2025\/img_1476_original\/'><img loading=\"lazy\" decoding=\"async\" width=\"150\" height=\"150\" src=\"https:\/\/www.bhakademiker.org\/wp-content\/uploads\/2025\/10\/IMG_1476_Original-150x150.jpg\" class=\"attachment-thumbnail size-thumbnail\" alt=\"\" srcset=\"https:\/\/www.bhakademiker.org\/wp-content\/uploads\/2025\/10\/IMG_1476_Original-150x150.jpg 150w, https:\/\/www.bhakademiker.org\/wp-content\/uploads\/2025\/10\/IMG_1476_Original-266x266.jpg 266w, https:\/\/www.bhakademiker.org\/wp-content\/uploads\/2025\/10\/IMG_1476_Original-70x70.jpg 70w, https:\/\/www.bhakademiker.org\/wp-content\/uploads\/2025\/10\/IMG_1476_Original-50x50.jpg 50w\" sizes=\"(max-width: 150px) 100vw, 150px\" \/><\/a>\n\t\t\t<\/dt><\/dl><dl class='gallery-item'>\n\t\t\t<dt class='gallery-icon landscape'>\n\t\t\t\t<a href='https:\/\/www.bhakademiker.org\/bs\/2025\/10\/21\/wirtschaftstreffen-in-graz-2025\/img_1488_original\/'><img loading=\"lazy\" decoding=\"async\" width=\"150\" height=\"150\" src=\"https:\/\/www.bhakademiker.org\/wp-content\/uploads\/2025\/10\/IMG_1488_Original-150x150.jpg\" class=\"attachment-thumbnail size-thumbnail\" alt=\"\" srcset=\"https:\/\/www.bhakademiker.org\/wp-content\/uploads\/2025\/10\/IMG_1488_Original-150x150.jpg 150w, https:\/\/www.bhakademiker.org\/wp-content\/uploads\/2025\/10\/IMG_1488_Original-266x266.jpg 266w, https:\/\/www.bhakademiker.org\/wp-content\/uploads\/2025\/10\/IMG_1488_Original-70x70.jpg 70w, https:\/\/www.bhakademiker.org\/wp-content\/uploads\/2025\/10\/IMG_1488_Original-50x50.jpg 50w\" sizes=\"(max-width: 150px) 100vw, 150px\" \/><\/a>\n\t\t\t<\/dt><\/dl><br style=\"clear: both\" \/><dl class='gallery-item'>\n\t\t\t<dt class='gallery-icon landscape'>\n\t\t\t\t<a href='https:\/\/www.bhakademiker.org\/bs\/2025\/10\/21\/wirtschaftstreffen-in-graz-2025\/img_1571_original\/'><img loading=\"lazy\" decoding=\"async\" width=\"150\" height=\"150\" src=\"https:\/\/www.bhakademiker.org\/wp-content\/uploads\/2025\/10\/IMG_1571_Original-150x150.jpg\" class=\"attachment-thumbnail size-thumbnail\" alt=\"\" srcset=\"https:\/\/www.bhakademiker.org\/wp-content\/uploads\/2025\/10\/IMG_1571_Original-150x150.jpg 150w, https:\/\/www.bhakademiker.org\/wp-content\/uploads\/2025\/10\/IMG_1571_Original-266x266.jpg 266w, https:\/\/www.bhakademiker.org\/wp-content\/uploads\/2025\/10\/IMG_1571_Original-70x70.jpg 70w, https:\/\/www.bhakademiker.org\/wp-content\/uploads\/2025\/10\/IMG_1571_Original-50x50.jpg 50w\" sizes=\"(max-width: 150px) 100vw, 150px\" \/><\/a>\n\t\t\t<\/dt><\/dl><dl class='gallery-item'>\n\t\t\t<dt class='gallery-icon landscape'>\n\t\t\t\t<a href='https:\/\/www.bhakademiker.org\/bs\/2025\/10\/21\/wirtschaftstreffen-in-graz-2025\/img_1585_original\/'><img loading=\"lazy\" decoding=\"async\" width=\"150\" height=\"150\" src=\"https:\/\/www.bhakademiker.org\/wp-content\/uploads\/2025\/10\/IMG_1585_Original-150x150.jpg\" class=\"attachment-thumbnail size-thumbnail\" alt=\"\" srcset=\"https:\/\/www.bhakademiker.org\/wp-content\/uploads\/2025\/10\/IMG_1585_Original-150x150.jpg 150w, https:\/\/www.bhakademiker.org\/wp-content\/uploads\/2025\/10\/IMG_1585_Original-266x266.jpg 266w, https:\/\/www.bhakademiker.org\/wp-content\/uploads\/2025\/10\/IMG_1585_Original-70x70.jpg 70w, https:\/\/www.bhakademiker.org\/wp-content\/uploads\/2025\/10\/IMG_1585_Original-50x50.jpg 50w\" sizes=\"(max-width: 150px) 100vw, 150px\" \/><\/a>\n\t\t\t<\/dt><\/dl><dl class='gallery-item'>\n\t\t\t<dt class='gallery-icon landscape'>\n\t\t\t\t<a href='https:\/\/www.bhakademiker.org\/bs\/2025\/10\/21\/wirtschaftstreffen-in-graz-2025\/img_1609_original\/'><img loading=\"lazy\" decoding=\"async\" width=\"150\" height=\"150\" src=\"https:\/\/www.bhakademiker.org\/wp-content\/uploads\/2025\/10\/IMG_1609_Original-150x150.jpg\" class=\"attachment-thumbnail size-thumbnail\" alt=\"\" srcset=\"https:\/\/www.bhakademiker.org\/wp-content\/uploads\/2025\/10\/IMG_1609_Original-150x150.jpg 150w, https:\/\/www.bhakademiker.org\/wp-content\/uploads\/2025\/10\/IMG_1609_Original-266x266.jpg 266w, https:\/\/www.bhakademiker.org\/wp-content\/uploads\/2025\/10\/IMG_1609_Original-70x70.jpg 70w, https:\/\/www.bhakademiker.org\/wp-content\/uploads\/2025\/10\/IMG_1609_Original-50x50.jpg 50w\" sizes=\"(max-width: 150px) 100vw, 150px\" \/><\/a>\n\t\t\t<\/dt><\/dl><br style=\"clear: both\" \/><dl class='gallery-item'>\n\t\t\t<dt class='gallery-icon landscape'>\n\t\t\t\t<a href='https:\/\/www.bhakademiker.org\/bs\/2025\/10\/21\/wirtschaftstreffen-in-graz-2025\/img_1887_original\/'><img loading=\"lazy\" decoding=\"async\" width=\"150\" height=\"150\" src=\"https:\/\/www.bhakademiker.org\/wp-content\/uploads\/2025\/10\/IMG_1887_Original-150x150.jpg\" class=\"attachment-thumbnail size-thumbnail\" alt=\"\" srcset=\"https:\/\/www.bhakademiker.org\/wp-content\/uploads\/2025\/10\/IMG_1887_Original-150x150.jpg 150w, https:\/\/www.bhakademiker.org\/wp-content\/uploads\/2025\/10\/IMG_1887_Original-266x266.jpg 266w, https:\/\/www.bhakademiker.org\/wp-content\/uploads\/2025\/10\/IMG_1887_Original-70x70.jpg 70w, https:\/\/www.bhakademiker.org\/wp-content\/uploads\/2025\/10\/IMG_1887_Original-50x50.jpg 50w\" sizes=\"(max-width: 150px) 100vw, 150px\" \/><\/a>\n\t\t\t<\/dt><\/dl><dl class='gallery-item'>\n\t\t\t<dt class='gallery-icon landscape'>\n\t\t\t\t<a href='https:\/\/www.bhakademiker.org\/bs\/2025\/10\/21\/wirtschaftstreffen-in-graz-2025\/img_1968_original\/'><img loading=\"lazy\" decoding=\"async\" width=\"150\" height=\"150\" src=\"https:\/\/www.bhakademiker.org\/wp-content\/uploads\/2025\/10\/IMG_1968_Original-150x150.jpg\" class=\"attachment-thumbnail size-thumbnail\" alt=\"\" srcset=\"https:\/\/www.bhakademiker.org\/wp-content\/uploads\/2025\/10\/IMG_1968_Original-150x150.jpg 150w, https:\/\/www.bhakademiker.org\/wp-content\/uploads\/2025\/10\/IMG_1968_Original-266x266.jpg 266w, https:\/\/www.bhakademiker.org\/wp-content\/uploads\/2025\/10\/IMG_1968_Original-70x70.jpg 70w, https:\/\/www.bhakademiker.org\/wp-content\/uploads\/2025\/10\/IMG_1968_Original-50x50.jpg 50w\" sizes=\"(max-width: 150px) 100vw, 150px\" \/><\/a>\n\t\t\t<\/dt><\/dl><dl class='gallery-item'>\n\t\t\t<dt class='gallery-icon landscape'>\n\t\t\t\t<a href='https:\/\/www.bhakademiker.org\/bs\/2025\/10\/21\/wirtschaftstreffen-in-graz-2025\/img_1987_original\/'><img loading=\"lazy\" decoding=\"async\" width=\"150\" height=\"150\" src=\"https:\/\/www.bhakademiker.org\/wp-content\/uploads\/2025\/10\/IMG_1987_Original-150x150.jpg\" class=\"attachment-thumbnail size-thumbnail\" alt=\"\" srcset=\"https:\/\/www.bhakademiker.org\/wp-content\/uploads\/2025\/10\/IMG_1987_Original-150x150.jpg 150w, https:\/\/www.bhakademiker.org\/wp-content\/uploads\/2025\/10\/IMG_1987_Original-266x266.jpg 266w, https:\/\/www.bhakademiker.org\/wp-content\/uploads\/2025\/10\/IMG_1987_Original-70x70.jpg 70w, https:\/\/www.bhakademiker.org\/wp-content\/uploads\/2025\/10\/IMG_1987_Original-50x50.jpg 50w\" sizes=\"(max-width: 150px) 100vw, 150px\" \/><\/a>\n\t\t\t<\/dt><\/dl><br style=\"clear: both\" \/><dl class='gallery-item'>\n\t\t\t<dt class='gallery-icon landscape'>\n\t\t\t\t<a href='https:\/\/www.bhakademiker.org\/bs\/2025\/10\/21\/wirtschaftstreffen-in-graz-2025\/img_1994_original\/'><img loading=\"lazy\" decoding=\"async\" width=\"150\" height=\"150\" src=\"https:\/\/www.bhakademiker.org\/wp-content\/uploads\/2025\/10\/IMG_1994_Original-150x150.jpg\" class=\"attachment-thumbnail size-thumbnail\" alt=\"\" srcset=\"https:\/\/www.bhakademiker.org\/wp-content\/uploads\/2025\/10\/IMG_1994_Original-150x150.jpg 150w, https:\/\/www.bhakademiker.org\/wp-content\/uploads\/2025\/10\/IMG_1994_Original-266x266.jpg 266w, https:\/\/www.bhakademiker.org\/wp-content\/uploads\/2025\/10\/IMG_1994_Original-70x70.jpg 70w, https:\/\/www.bhakademiker.org\/wp-content\/uploads\/2025\/10\/IMG_1994_Original-50x50.jpg 50w\" sizes=\"(max-width: 150px) 100vw, 150px\" \/><\/a>\n\t\t\t<\/dt><\/dl><dl class='gallery-item'>\n\t\t\t<dt class='gallery-icon portrait'>\n\t\t\t\t<a href='https:\/\/www.bhakademiker.org\/bs\/2025\/10\/21\/wirtschaftstreffen-in-graz-2025\/privredni-skup-2\/'><img loading=\"lazy\" decoding=\"async\" width=\"150\" height=\"150\" src=\"https:\/\/www.bhakademiker.org\/wp-content\/uploads\/2025\/10\/Privredni-skup-150x150.jpg\" class=\"attachment-thumbnail size-thumbnail\" alt=\"\" srcset=\"https:\/\/www.bhakademiker.org\/wp-content\/uploads\/2025\/10\/Privredni-skup-150x150.jpg 150w, https:\/\/www.bhakademiker.org\/wp-content\/uploads\/2025\/10\/Privredni-skup-266x266.jpg 266w, https:\/\/www.bhakademiker.org\/wp-content\/uploads\/2025\/10\/Privredni-skup-70x70.jpg 70w, https:\/\/www.bhakademiker.org\/wp-content\/uploads\/2025\/10\/Privredni-skup-50x50.jpg 50w\" sizes=\"(max-width: 150px) 100vw, 150px\" \/><\/a>\n\t\t\t<\/dt><\/dl><dl class='gallery-item'>\n\t\t\t<dt class='gallery-icon landscape'>\n\t\t\t\t<a href='https:\/\/www.bhakademiker.org\/bs\/2025\/10\/21\/wirtschaftstreffen-in-graz-2025\/whatsapp-bild-2025-10-19-um-15-37-32_84d0e0a2\/'><img loading=\"lazy\" decoding=\"async\" width=\"150\" height=\"150\" src=\"https:\/\/www.bhakademiker.org\/wp-content\/uploads\/2025\/10\/WhatsApp-Bild-2025-10-19-um-15.37.32_84d0e0a2-150x150.jpg\" class=\"attachment-thumbnail size-thumbnail\" alt=\"\" srcset=\"https:\/\/www.bhakademiker.org\/wp-content\/uploads\/2025\/10\/WhatsApp-Bild-2025-10-19-um-15.37.32_84d0e0a2-150x150.jpg 150w, https:\/\/www.bhakademiker.org\/wp-content\/uploads\/2025\/10\/WhatsApp-Bild-2025-10-19-um-15.37.32_84d0e0a2-266x266.jpg 266w, https:\/\/www.bhakademiker.org\/wp-content\/uploads\/2025\/10\/WhatsApp-Bild-2025-10-19-um-15.37.32_84d0e0a2-70x70.jpg 70w, https:\/\/www.bhakademiker.org\/wp-content\/uploads\/2025\/10\/WhatsApp-Bild-2025-10-19-um-15.37.32_84d0e0a2-50x50.jpg 50w\" sizes=\"(max-width: 150px) 100vw, 150px\" \/><\/a>\n\t\t\t<\/dt><\/dl><br style=\"clear: both\" \/><dl class='gallery-item'>\n\t\t\t<dt class='gallery-icon landscape'>\n\t\t\t\t<a href='https:\/\/www.bhakademiker.org\/bs\/2025\/10\/21\/wirtschaftstreffen-in-graz-2025\/whatsapp-image-2025-10-20-at-14-05-39-3\/'><img loading=\"lazy\" decoding=\"async\" width=\"150\" height=\"150\" src=\"https:\/\/www.bhakademiker.org\/wp-content\/uploads\/2025\/10\/WhatsApp-Image-2025-10-20-at-14.05.39-3-150x150.jpeg\" class=\"attachment-thumbnail size-thumbnail\" alt=\"\" srcset=\"https:\/\/www.bhakademiker.org\/wp-content\/uploads\/2025\/10\/WhatsApp-Image-2025-10-20-at-14.05.39-3-150x150.jpeg 150w, https:\/\/www.bhakademiker.org\/wp-content\/uploads\/2025\/10\/WhatsApp-Image-2025-10-20-at-14.05.39-3-266x266.jpeg 266w, https:\/\/www.bhakademiker.org\/wp-content\/uploads\/2025\/10\/WhatsApp-Image-2025-10-20-at-14.05.39-3-70x70.jpeg 70w, https:\/\/www.bhakademiker.org\/wp-content\/uploads\/2025\/10\/WhatsApp-Image-2025-10-20-at-14.05.39-3-50x50.jpeg 50w\" sizes=\"(max-width: 150px) 100vw, 150px\" \/><\/a>\n\t\t\t<\/dt><\/dl>\n\t\t\t<br style='clear: both' \/>\n\t\t<\/div>\n\n<p>&nbsp;<\/p>","protected":false},"excerpt":{"rendered":"<p>Wirtschaftstreffen\/Privredni skup &#8211; Graz 2025<\/p>","protected":false},"author":1,"featured_media":3998,"comment_status":"closed","ping_status":"closed","sticky":false,"template":"","format":"standard","meta":{"footnotes":""},"categories":[69],"tags":[],"class_list":["post-3997","post","type-post","status-publish","format-standard","has-post-thumbnail","hentry","category-wirtschaft"],"yoast_head":"<!-- This site is optimized with the Yoast SEO plugin v20.3 - https:\/\/yoast.com\/wordpress\/plugins\/seo\/ -->\n<title>Gesellschaft Bosnischer Akademiker - Gesellschaft Bosnischer Akademiker<\/title>\n<meta name=\"description\" content=\"Wirtschaftstreffen\/Privredni skup - Graz 2025\" \/>\n<meta name=\"robots\" content=\"index, follow, max-snippet:-1, max-image-preview:large, max-video-preview:-1\" \/>\n<link rel=\"canonical\" href=\"https:\/\/www.bhakademiker.org\/bs\/2025\/10\/21\/wirtschaftstreffen-in-graz-2025\/\" \/>\n<meta property=\"og:locale\" content=\"bs_BA\" \/>\n<meta property=\"og:type\" content=\"article\" \/>\n<meta property=\"og:title\" content=\"Wirtschaftstreffen\/Privredni skup - Graz 2025\" \/>\n<meta property=\"og:description\" content=\"Wirtschaftstreffen\/Privredni skup - Graz 2025\" \/>\n<meta property=\"og:url\" content=\"https:\/\/www.bhakademiker.org\/bs\/2025\/10\/21\/wirtschaftstreffen-in-graz-2025\/\" \/>\n<meta property=\"og:site_name\" content=\"Gesellschaft Bosnischer Akademiker\" \/>\n<meta property=\"article:published_time\" content=\"2025-10-21T09:05:36+00:00\" \/>\n<meta property=\"article:modified_time\" content=\"2025-10-21T09:44:12+00:00\" \/>\n<meta property=\"og:image\" content=\"https:\/\/www.bhakademiker.org\/wp-content\/uploads\/2025\/10\/3.jpeg\" \/>\n\t<meta property=\"og:image:width\" content=\"1600\" \/>\n\t<meta property=\"og:image:height\" content=\"1069\" \/>\n\t<meta property=\"og:image:type\" content=\"image\/jpeg\" \/>\n<meta name=\"author\" content=\"BanKulin\" \/>\n<meta name=\"twitter:card\" content=\"summary_large_image\" \/>\n<meta name=\"twitter:title\" content=\"Wirtschaftstreffen\/Privredni skup - Graz 2025\" \/>\n<meta name=\"twitter:image\" content=\"https:\/\/www.bhakademiker.org\/wp-content\/uploads\/2025\/10\/3.jpeg\" \/>\n<meta name=\"twitter:label1\" content=\"Written by\" \/>\n\t<meta name=\"twitter:data1\" content=\"BanKulin\" \/>\n\t<meta name=\"twitter:label2\" content=\"Est. reading time\" \/>\n\t<meta name=\"twitter:data2\" content=\"2 minute\" \/>\n<script type=\"application\/ld+json\" class=\"yoast-schema-graph\">{\"@context\":\"https:\/\/schema.org\",\"@graph\":[{\"@type\":\"Article\",\"@id\":\"https:\/\/www.bhakademiker.org\/2025\/10\/21\/wirtschaftstreffen-in-graz-2025\/#article\",\"isPartOf\":{\"@id\":\"https:\/\/www.bhakademiker.org\/2025\/10\/21\/wirtschaftstreffen-in-graz-2025\/\"},\"author\":{\"name\":\"BanKulin\",\"@id\":\"https:\/\/www.bhakademiker.org\/bs\/#\/schema\/person\/eb2bb45ccd10b1a8756ef049efa44da5\"},\"headline\":\"Wirtschaftstreffen in Graz 2025\",\"datePublished\":\"2025-10-21T09:05:36+00:00\",\"dateModified\":\"2025-10-21T09:44:12+00:00\",\"mainEntityOfPage\":{\"@id\":\"https:\/\/www.bhakademiker.org\/2025\/10\/21\/wirtschaftstreffen-in-graz-2025\/\"},\"wordCount\":431,\"publisher\":{\"@id\":\"https:\/\/www.bhakademiker.org\/bs\/#organization\"},\"articleSection\":[\"Wirtschaft\"],\"inLanguage\":\"bs-BA\"},{\"@type\":\"WebPage\",\"@id\":\"https:\/\/www.bhakademiker.org\/2025\/10\/21\/wirtschaftstreffen-in-graz-2025\/\",\"url\":\"https:\/\/www.bhakademiker.org\/2025\/10\/21\/wirtschaftstreffen-in-graz-2025\/\",\"name\":\"Gesellschaft Bosnischer Akademiker - Gesellschaft Bosnischer Akademiker\",\"isPartOf\":{\"@id\":\"https:\/\/www.bhakademiker.org\/bs\/#website\"},\"datePublished\":\"2025-10-21T09:05:36+00:00\",\"dateModified\":\"2025-10-21T09:44:12+00:00\",\"description\":\"Wirtschaftstreffen\/Privredni skup - Graz 2025\",\"breadcrumb\":{\"@id\":\"https:\/\/www.bhakademiker.org\/2025\/10\/21\/wirtschaftstreffen-in-graz-2025\/#breadcrumb\"},\"inLanguage\":\"bs-BA\",\"potentialAction\":[{\"@type\":\"ReadAction\",\"target\":[\"https:\/\/www.bhakademiker.org\/2025\/10\/21\/wirtschaftstreffen-in-graz-2025\/\"]}]},{\"@type\":\"BreadcrumbList\",\"@id\":\"https:\/\/www.bhakademiker.org\/2025\/10\/21\/wirtschaftstreffen-in-graz-2025\/#breadcrumb\",\"itemListElement\":[{\"@type\":\"ListItem\",\"position\":1,\"name\":\"Home\",\"item\":\"https:\/\/www.bhakademiker.org\/\"},{\"@type\":\"ListItem\",\"position\":2,\"name\":\"Wirtschaftstreffen in Graz 2025\"}]},{\"@type\":\"WebSite\",\"@id\":\"https:\/\/www.bhakademiker.org\/bs\/#website\",\"url\":\"https:\/\/www.bhakademiker.org\/bs\/\",\"name\":\"Gesellschaft Bosnischer Akademiker\",\"description\":\"\",\"publisher\":{\"@id\":\"https:\/\/www.bhakademiker.org\/bs\/#organization\"},\"potentialAction\":[{\"@type\":\"SearchAction\",\"target\":{\"@type\":\"EntryPoint\",\"urlTemplate\":\"https:\/\/www.bhakademiker.org\/bs\/?s={search_term_string}\"},\"query-input\":\"required name=search_term_string\"}],\"inLanguage\":\"bs-BA\"},{\"@type\":\"Organization\",\"@id\":\"https:\/\/www.bhakademiker.org\/bs\/#organization\",\"name\":\"Gesellschaft Bosnischer Akademiker in \u00d6sterreich\",\"url\":\"https:\/\/www.bhakademiker.org\/bs\/\",\"logo\":{\"@type\":\"ImageObject\",\"inLanguage\":\"bs-BA\",\"@id\":\"https:\/\/www.bhakademiker.org\/bs\/#\/schema\/logo\/image\/\",\"url\":\"https:\/\/www.bhakademiker.org\/wp-content\/uploads\/2022\/01\/featured-GBAA.png\",\"contentUrl\":\"https:\/\/www.bhakademiker.org\/wp-content\/uploads\/2022\/01\/featured-GBAA.png\",\"width\":1200,\"height\":630,\"caption\":\"Gesellschaft Bosnischer Akademiker in \u00d6sterreich\"},\"image\":{\"@id\":\"https:\/\/www.bhakademiker.org\/bs\/#\/schema\/logo\/image\/\"}},{\"@type\":\"Person\",\"@id\":\"https:\/\/www.bhakademiker.org\/bs\/#\/schema\/person\/eb2bb45ccd10b1a8756ef049efa44da5\",\"name\":\"BanKulin\",\"image\":{\"@type\":\"ImageObject\",\"inLanguage\":\"bs-BA\",\"@id\":\"https:\/\/www.bhakademiker.org\/bs\/#\/schema\/person\/image\/\",\"url\":\"https:\/\/secure.gravatar.com\/avatar\/c6d58ce317ac29451bb963305865585b0ee61581cac268f7b497945aea17e32c?s=96&d=mm&r=g\",\"contentUrl\":\"https:\/\/secure.gravatar.com\/avatar\/c6d58ce317ac29451bb963305865585b0ee61581cac268f7b497945aea17e32c?s=96&d=mm&r=g\",\"caption\":\"BanKulin\"},\"sameAs\":[\"https:\/\/www.bhakademiker.org\"],\"url\":\"https:\/\/www.bhakademiker.org\/bs\/author\/bankulin\/\"}]}<\/script>\n<!-- \/ Yoast SEO plugin. -->","yoast_head_json":{"title":"Gesellschaft Bosnischer Akademiker - Gesellschaft Bosnischer Akademiker","description":"Wirtschaftstreffen\/Privredni skup - Graz 2025","robots":{"index":"index","follow":"follow","max-snippet":"max-snippet:-1","max-image-preview":"max-image-preview:large","max-video-preview":"max-video-preview:-1"},"canonical":"https:\/\/www.bhakademiker.org\/bs\/2025\/10\/21\/wirtschaftstreffen-in-graz-2025\/","og_locale":"bs_BA","og_type":"article","og_title":"Wirtschaftstreffen\/Privredni skup - Graz 2025","og_description":"Wirtschaftstreffen\/Privredni skup - Graz 2025","og_url":"https:\/\/www.bhakademiker.org\/bs\/2025\/10\/21\/wirtschaftstreffen-in-graz-2025\/","og_site_name":"Gesellschaft Bosnischer Akademiker","article_published_time":"2025-10-21T09:05:36+00:00","article_modified_time":"2025-10-21T09:44:12+00:00","og_image":[{"width":1600,"height":1069,"url":"https:\/\/www.bhakademiker.org\/wp-content\/uploads\/2025\/10\/3.jpeg","type":"image\/jpeg"}],"author":"BanKulin","twitter_card":"summary_large_image","twitter_title":"Wirtschaftstreffen\/Privredni skup - Graz 2025","twitter_image":"https:\/\/www.bhakademiker.org\/wp-content\/uploads\/2025\/10\/3.jpeg","twitter_misc":{"Written by":"BanKulin","Est. reading time":"2 minute"},"schema":{"@context":"https:\/\/schema.org","@graph":[{"@type":"Article","@id":"https:\/\/www.bhakademiker.org\/2025\/10\/21\/wirtschaftstreffen-in-graz-2025\/#article","isPartOf":{"@id":"https:\/\/www.bhakademiker.org\/2025\/10\/21\/wirtschaftstreffen-in-graz-2025\/"},"author":{"name":"BanKulin","@id":"https:\/\/www.bhakademiker.org\/bs\/#\/schema\/person\/eb2bb45ccd10b1a8756ef049efa44da5"},"headline":"Wirtschaftstreffen in Graz 2025","datePublished":"2025-10-21T09:05:36+00:00","dateModified":"2025-10-21T09:44:12+00:00","mainEntityOfPage":{"@id":"https:\/\/www.bhakademiker.org\/2025\/10\/21\/wirtschaftstreffen-in-graz-2025\/"},"wordCount":431,"publisher":{"@id":"https:\/\/www.bhakademiker.org\/bs\/#organization"},"articleSection":["Wirtschaft"],"inLanguage":"bs-BA"},{"@type":"WebPage","@id":"https:\/\/www.bhakademiker.org\/2025\/10\/21\/wirtschaftstreffen-in-graz-2025\/","url":"https:\/\/www.bhakademiker.org\/2025\/10\/21\/wirtschaftstreffen-in-graz-2025\/","name":"Gesellschaft Bosnischer Akademiker - Gesellschaft Bosnischer Akademiker","isPartOf":{"@id":"https:\/\/www.bhakademiker.org\/bs\/#website"},"datePublished":"2025-10-21T09:05:36+00:00","dateModified":"2025-10-21T09:44:12+00:00","description":"Wirtschaftstreffen\/Privredni skup - Graz 2025","breadcrumb":{"@id":"https:\/\/www.bhakademiker.org\/2025\/10\/21\/wirtschaftstreffen-in-graz-2025\/#breadcrumb"},"inLanguage":"bs-BA","potentialAction":[{"@type":"ReadAction","target":["https:\/\/www.bhakademiker.org\/2025\/10\/21\/wirtschaftstreffen-in-graz-2025\/"]}]},{"@type":"BreadcrumbList","@id":"https:\/\/www.bhakademiker.org\/2025\/10\/21\/wirtschaftstreffen-in-graz-2025\/#breadcrumb","itemListElement":[{"@type":"ListItem","position":1,"name":"Home","item":"https:\/\/www.bhakademiker.org\/"},{"@type":"ListItem","position":2,"name":"Wirtschaftstreffen in Graz 2025"}]},{"@type":"WebSite","@id":"https:\/\/www.bhakademiker.org\/bs\/#website","url":"https:\/\/www.bhakademiker.org\/bs\/","name":"Gesellschaft Bosnischer Akademiker","description":"","publisher":{"@id":"https:\/\/www.bhakademiker.org\/bs\/#organization"},"potentialAction":[{"@type":"SearchAction","target":{"@type":"EntryPoint","urlTemplate":"https:\/\/www.bhakademiker.org\/bs\/?s={search_term_string}"},"query-input":"required name=search_term_string"}],"inLanguage":"bs-BA"},{"@type":"Organization","@id":"https:\/\/www.bhakademiker.org\/bs\/#organization","name":"Gesellschaft Bosnischer Akademiker in \u00d6sterreich","url":"https:\/\/www.bhakademiker.org\/bs\/","logo":{"@type":"ImageObject","inLanguage":"bs-BA","@id":"https:\/\/www.bhakademiker.org\/bs\/#\/schema\/logo\/image\/","url":"https:\/\/www.bhakademiker.org\/wp-content\/uploads\/2022\/01\/featured-GBAA.png","contentUrl":"https:\/\/www.bhakademiker.org\/wp-content\/uploads\/2022\/01\/featured-GBAA.png","width":1200,"height":630,"caption":"Gesellschaft Bosnischer Akademiker in \u00d6sterreich"},"image":{"@id":"https:\/\/www.bhakademiker.org\/bs\/#\/schema\/logo\/image\/"}},{"@type":"Person","@id":"https:\/\/www.bhakademiker.org\/bs\/#\/schema\/person\/eb2bb45ccd10b1a8756ef049efa44da5","name":"BanKulin","image":{"@type":"ImageObject","inLanguage":"bs-BA","@id":"https:\/\/www.bhakademiker.org\/bs\/#\/schema\/person\/image\/","url":"https:\/\/secure.gravatar.com\/avatar\/c6d58ce317ac29451bb963305865585b0ee61581cac268f7b497945aea17e32c?s=96&d=mm&r=g","contentUrl":"https:\/\/secure.gravatar.com\/avatar\/c6d58ce317ac29451bb963305865585b0ee61581cac268f7b497945aea17e32c?s=96&d=mm&r=g","caption":"BanKulin"},"sameAs":["https:\/\/www.bhakademiker.org"],"url":"https:\/\/www.bhakademiker.org\/bs\/author\/bankulin\/"}]}},"_links":{"self":[{"href":"https:\/\/www.bhakademiker.org\/bs\/wp-json\/wp\/v2\/posts\/3997","targetHints":{"allow":["GET"]}}],"collection":[{"href":"https:\/\/www.bhakademiker.org\/bs\/wp-json\/wp\/v2\/posts"}],"about":[{"href":"https:\/\/www.bhakademiker.org\/bs\/wp-json\/wp\/v2\/types\/post"}],"author":[{"embeddable":true,"href":"https:\/\/www.bhakademiker.org\/bs\/wp-json\/wp\/v2\/users\/1"}],"replies":[{"embeddable":true,"href":"https:\/\/www.bhakademiker.org\/bs\/wp-json\/wp\/v2\/comments?post=3997"}],"version-history":[{"count":3,"href":"https:\/\/www.bhakademiker.org\/bs\/wp-json\/wp\/v2\/posts\/3997\/revisions"}],"predecessor-version":[{"id":4026,"href":"https:\/\/www.bhakademiker.org\/bs\/wp-json\/wp\/v2\/posts\/3997\/revisions\/4026"}],"wp:featuredmedia":[{"embeddable":true,"href":"https:\/\/www.bhakademiker.org\/bs\/wp-json\/wp\/v2\/media\/3998"}],"wp:attachment":[{"href":"https:\/\/www.bhakademiker.org\/bs\/wp-json\/wp\/v2\/media?parent=3997"}],"wp:term":[{"taxonomy":"category","embeddable":true,"href":"https:\/\/www.bhakademiker.org\/bs\/wp-json\/wp\/v2\/categories?post=3997"},{"taxonomy":"post_tag","embeddable":true,"href":"https:\/\/www.bhakademiker.org\/bs\/wp-json\/wp\/v2\/tags?post=3997"}],"curies":[{"name":"wp","href":"https:\/\/api.w.org\/{rel}","templated":true}]}}