{"id":2145,"date":"2022-03-06T19:52:14","date_gmt":"2022-03-06T18:52:14","guid":{"rendered":"https:\/\/www.bhakademiker.org\/?p=2145"},"modified":"2022-03-07T16:45:24","modified_gmt":"2022-03-07T15:45:24","slug":"memorandum-badeu","status":"publish","type":"post","link":"https:\/\/www.bhakademiker.org\/de\/2022\/03\/06\/memorandum-badeu\/","title":{"rendered":"Memorandum BADEU"},"content":{"rendered":"<p><a href=\"https:\/\/www.bhakademiker.org\/wp-content\/uploads\/2022\/03\/220306_BADEU_MoU_final_potpisan.pdf\">BADEU_ Memorandum<\/a><\/p>\n<p><strong>Memorandum <\/strong><\/p>\n<p><strong>Bosanskih akademskih zajednica u zemljama Evrope<\/strong> <strong>o osnivanju zajedni\u010dke asocijacije <\/strong><\/p>\n<p><strong>Bosansko Akademsko Dru\u0161tvo u Evropi \u2013 BADEU<\/strong><\/p>\n<p>&nbsp;<\/p>\n<p>Dana 4. Marta 2022., u Ljubljani, na zajedni\u010dkom sastanku\u00a0 predstavnika bosanskih akademskih dru\u0161tava:<\/p>\n<p>Bosansko Akademsko Dru\u0161tvo u Austriji (nadalje BADA)<\/p>\n<p>Bosansko Akademsko Dru\u0161tvo u Sloveniji (nadalje BADS)<\/p>\n<p>Bosansko Akademsko Dru\u0161tvo u Nizozemskoj \u2013 NAUK (nadalje BADNL)<\/p>\n<p>Bosansko Akademsko Dru\u0161tvo u Njema\u010dkoj (nadalje BADD) *<\/p>\n<p>je odlu\u010deno:<\/p>\n<p>&#8211; da se navedena dru\u0161tva udru\u017ee u zajedni\u010dku asocijaciju BADEU- Bosansko Akademsko Dru\u0161tvo Evrope;<\/p>\n<p>&#8211; da zajedni\u010dkim snagama i kapacitetima promovi\u0161u i doprinesu \u00a0statusu bosanske \u00a0kulture, umjetnosti, nauke, \u00a0privrede i drugih dru\u0161tvenih djelatnosti;<\/p>\n<p>&#8211; da \u010dlanstvo u BADEU mo\u017ee biti i individualno iz dr\u017eava u kojima BAD jo\u0161 nije osnovan;<\/p>\n<p>&#8211; da rade na o\u010duvanju i ja\u010danju bosanskog identiteta u Evropi.<\/p>\n<p>Nastojanja i dogovore potvrdjujemo ovim memorandumom.<\/p>\n<p>Potpisnici su saglasni da saradnja na kulturnom, umjetni\u010dkom, nau\u010dnom, privrednom i dru\u0161tvenom planu Bosanki i Bosanaca u Evropi treba da se ostvari kroz:<\/p>\n<ul>\n<li>Zajedni\u010dke projekte koji imaju za cilj o\u010duvanje i afirmaciju \u00a0bosanskog identiteta u Evropi;<\/li>\n<li>Rad i podr\u0161ku ka \u00a0priznanju BOSANSKE nacionalne manjine u evropskim zemljama u kojima postoji osnova za to;<\/li>\n<li>Zajedni\u010dke kulturne, umjetni\u010dke, tradicionalne, nau\u010dne i druge manifestacije,\u00a0 te javne dogadjaje od va\u017enosti za Bosanke i Bosance u Evropi i svijetu;<\/li>\n<li>Druge forme nau\u010dne, privredne i poslovne \u00a0saradnje, uklju\u010duju\u0107i i zajedni\u010dko investiranje u BiH;<\/li>\n<li>Po\u0161tivanje Akademskog Kodeksa pona\u0161anja BADEU koji \u0107e nastati u narednim mjesecima<\/li>\n<\/ul>\n<p>Autorizovani predstavnici gore navedenih \u00a0bosanskih akademskih dru\u0161tava saglasni su da atmosfera saradnje i razvoja\u00a0 navedeni\u00a0 u ovom dokumentu, treba da formiranjem BADEU donese boljitak bosanskoj zajednici u Evropi i da se pozitivno odra\u017eavaju i na BiH.<\/p>\n<p>Ovaj zajedni\u010dki Memorandum \u0107e biti osnova\u00a0 suradnje i pro\u0161irenja BADEU .\u00a0 Svaka\u00a0 bosanska akademska udruga \u00a0u Evropi\u00a0 \u0107e svojim prihvatanjem\u00a0 i supotpisivanjem\u00a0 ovog Memoranduma \u00a0imati prava i obaveze kao i sve\u00a0 ostale \u010dlanice, potpisnice.<\/p>\n<p>Ovaj Memorandum je baza za izradu <strong>Statuta<\/strong> BADEU i ostalih dokumenata potrebnih za registraciju i funkcionisanje asocijacije.<\/p>\n<p>Sjedi\u0161te BADEU je u Be\u010du, Austrija.<\/p>\n<p>Ljubljana, 04.mart, 2022. godine<\/p>\n","protected":false},"excerpt":{"rendered":"<p>BADEU_ Memorandum Memorandum Bosanskih akademskih zajednica u zemljama Evrope o osnivanju zajedni\u010dke asocijacije Bosansko Akademsko Dru\u0161tvo u Evropi \u2013 BADEU &nbsp; Dana 4. Marta 2022., u Ljubljani, na zajedni\u010dkom sastanku\u00a0 predstavnika bosanskih akademskih dru\u0161tava: Bosansko Akademsko Dru\u0161tvo u Austriji (nadalje BADA) Bosansko Akademsko Dru\u0161tvo u Sloveniji (nadalje BADS) Bosansko Akademsko Dru\u0161tvo u Nizozemskoj \u2013 NAUK (nadalje BADNL) Bosansko Akademsko Dru\u0161tvo u Njema\u010dkoj (nadalje BADD) * je odlu\u010deno: &#8211; da se navedena dru\u0161tva udru\u017ee u zajedni\u010dku asocijaciju BADEU- Bosansko Akademsko Dru\u0161tvo Evrope; &#8211; da zajedni\u010dkim snagama i kapacitetima promovi\u0161u i doprinesu \u00a0statusu bosanske \u00a0kulture, umjetnosti, nauke, \u00a0privrede i drugih dru\u0161tvenih djelatnosti;&#8230;<\/p>\n","protected":false},"author":1,"featured_media":2147,"comment_status":"open","ping_status":"open","sticky":false,"template":"","format":"standard","meta":{"footnotes":""},"categories":[72],"tags":[],"class_list":["post-2145","post","type-post","status-publish","format-standard","has-post-thumbnail","hentry","category-bada"],"yoast_head":"<!-- This site is optimized with the Yoast SEO plugin v20.3 - https:\/\/yoast.com\/wordpress\/plugins\/seo\/ -->\n<title>Memorandum BADEU - Gesellschaft Bosnischer Akademiker<\/title>\n<meta name=\"robots\" content=\"index, follow, max-snippet:-1, max-image-preview:large, max-video-preview:-1\" \/>\n<link rel=\"canonical\" href=\"https:\/\/www.bhakademiker.org\/de\/2022\/03\/06\/memorandum-badeu\/\" \/>\n<meta property=\"og:locale\" content=\"de_DE\" \/>\n<meta property=\"og:type\" content=\"article\" \/>\n<meta property=\"og:title\" content=\"Memorandum BADEU - Gesellschaft Bosnischer Akademiker\" \/>\n<meta property=\"og:description\" content=\"BADEU_ Memorandum Memorandum Bosanskih akademskih zajednica u zemljama Evrope o osnivanju zajedni\u010dke asocijacije Bosansko Akademsko Dru\u0161tvo u Evropi \u2013 BADEU &nbsp; Dana 4. Marta 2022., u Ljubljani, na zajedni\u010dkom sastanku\u00a0 predstavnika bosanskih akademskih dru\u0161tava: Bosansko Akademsko Dru\u0161tvo u Austriji (nadalje BADA) Bosansko Akademsko Dru\u0161tvo u Sloveniji (nadalje BADS) Bosansko Akademsko Dru\u0161tvo u Nizozemskoj \u2013 NAUK (nadalje BADNL) Bosansko Akademsko Dru\u0161tvo u Njema\u010dkoj (nadalje BADD) * je odlu\u010deno: &#8211; da se navedena dru\u0161tva udru\u017ee u zajedni\u010dku asocijaciju BADEU- Bosansko Akademsko Dru\u0161tvo Evrope; &#8211; da zajedni\u010dkim snagama i kapacitetima promovi\u0161u i doprinesu \u00a0statusu bosanske \u00a0kulture, umjetnosti, nauke, \u00a0privrede i drugih dru\u0161tvenih djelatnosti;...\" \/>\n<meta property=\"og:url\" content=\"https:\/\/www.bhakademiker.org\/de\/2022\/03\/06\/memorandum-badeu\/\" \/>\n<meta property=\"og:site_name\" content=\"Gesellschaft Bosnischer Akademiker\" \/>\n<meta property=\"article:published_time\" content=\"2022-03-06T18:52:14+00:00\" \/>\n<meta property=\"article:modified_time\" content=\"2022-03-07T15:45:24+00:00\" \/>\n<meta property=\"og:image\" content=\"https:\/\/www.bhakademiker.org\/wp-content\/uploads\/2022\/03\/front-page-scaled.jpg\" \/>\n\t<meta property=\"og:image:width\" content=\"1781\" \/>\n\t<meta property=\"og:image:height\" content=\"2560\" \/>\n\t<meta property=\"og:image:type\" content=\"image\/jpeg\" \/>\n<meta name=\"author\" content=\"BanKulin\" \/>\n<meta name=\"twitter:card\" content=\"summary_large_image\" \/>\n<meta name=\"twitter:label1\" content=\"Verfasst von\" \/>\n\t<meta name=\"twitter:data1\" content=\"BanKulin\" \/>\n\t<meta name=\"twitter:label2\" content=\"Gesch\u00e4tzte Lesezeit\" \/>\n\t<meta name=\"twitter:data2\" content=\"2\u00a0Minuten\" \/>\n<script type=\"application\/ld+json\" class=\"yoast-schema-graph\">{\"@context\":\"https:\/\/schema.org\",\"@graph\":[{\"@type\":\"Article\",\"@id\":\"https:\/\/www.bhakademiker.org\/2022\/03\/06\/memorandum-badeu\/#article\",\"isPartOf\":{\"@id\":\"https:\/\/www.bhakademiker.org\/2022\/03\/06\/memorandum-badeu\/\"},\"author\":{\"name\":\"BanKulin\",\"@id\":\"https:\/\/www.bhakademiker.org\/bs\/#\/schema\/person\/eb2bb45ccd10b1a8756ef049efa44da5\"},\"headline\":\"Memorandum BADEU\",\"datePublished\":\"2022-03-06T18:52:14+00:00\",\"dateModified\":\"2022-03-07T15:45:24+00:00\",\"mainEntityOfPage\":{\"@id\":\"https:\/\/www.bhakademiker.org\/2022\/03\/06\/memorandum-badeu\/\"},\"wordCount\":367,\"commentCount\":0,\"publisher\":{\"@id\":\"https:\/\/www.bhakademiker.org\/bs\/#organization\"},\"articleSection\":[\"BADA\"],\"inLanguage\":\"de\",\"potentialAction\":[{\"@type\":\"CommentAction\",\"name\":\"Comment\",\"target\":[\"https:\/\/www.bhakademiker.org\/2022\/03\/06\/memorandum-badeu\/#respond\"]}]},{\"@type\":\"WebPage\",\"@id\":\"https:\/\/www.bhakademiker.org\/2022\/03\/06\/memorandum-badeu\/\",\"url\":\"https:\/\/www.bhakademiker.org\/2022\/03\/06\/memorandum-badeu\/\",\"name\":\"Memorandum BADEU - Gesellschaft Bosnischer Akademiker\",\"isPartOf\":{\"@id\":\"https:\/\/www.bhakademiker.org\/bs\/#website\"},\"datePublished\":\"2022-03-06T18:52:14+00:00\",\"dateModified\":\"2022-03-07T15:45:24+00:00\",\"breadcrumb\":{\"@id\":\"https:\/\/www.bhakademiker.org\/2022\/03\/06\/memorandum-badeu\/#breadcrumb\"},\"inLanguage\":\"de\",\"potentialAction\":[{\"@type\":\"ReadAction\",\"target\":[\"https:\/\/www.bhakademiker.org\/2022\/03\/06\/memorandum-badeu\/\"]}]},{\"@type\":\"BreadcrumbList\",\"@id\":\"https:\/\/www.bhakademiker.org\/2022\/03\/06\/memorandum-badeu\/#breadcrumb\",\"itemListElement\":[{\"@type\":\"ListItem\",\"position\":1,\"name\":\"Home\",\"item\":\"https:\/\/www.bhakademiker.org\/\"},{\"@type\":\"ListItem\",\"position\":2,\"name\":\"Memorandum BADEU\"}]},{\"@type\":\"WebSite\",\"@id\":\"https:\/\/www.bhakademiker.org\/bs\/#website\",\"url\":\"https:\/\/www.bhakademiker.org\/bs\/\",\"name\":\"Gesellschaft Bosnischer Akademiker\",\"description\":\"\",\"publisher\":{\"@id\":\"https:\/\/www.bhakademiker.org\/bs\/#organization\"},\"potentialAction\":[{\"@type\":\"SearchAction\",\"target\":{\"@type\":\"EntryPoint\",\"urlTemplate\":\"https:\/\/www.bhakademiker.org\/bs\/?s={search_term_string}\"},\"query-input\":\"required name=search_term_string\"}],\"inLanguage\":\"de\"},{\"@type\":\"Organization\",\"@id\":\"https:\/\/www.bhakademiker.org\/bs\/#organization\",\"name\":\"Gesellschaft Bosnischer Akademiker in \u00d6sterreich\",\"url\":\"https:\/\/www.bhakademiker.org\/bs\/\",\"logo\":{\"@type\":\"ImageObject\",\"inLanguage\":\"de\",\"@id\":\"https:\/\/www.bhakademiker.org\/bs\/#\/schema\/logo\/image\/\",\"url\":\"https:\/\/www.bhakademiker.org\/wp-content\/uploads\/2022\/01\/featured-GBAA.png\",\"contentUrl\":\"https:\/\/www.bhakademiker.org\/wp-content\/uploads\/2022\/01\/featured-GBAA.png\",\"width\":1200,\"height\":630,\"caption\":\"Gesellschaft Bosnischer Akademiker in \u00d6sterreich\"},\"image\":{\"@id\":\"https:\/\/www.bhakademiker.org\/bs\/#\/schema\/logo\/image\/\"}},{\"@type\":\"Person\",\"@id\":\"https:\/\/www.bhakademiker.org\/bs\/#\/schema\/person\/eb2bb45ccd10b1a8756ef049efa44da5\",\"name\":\"BanKulin\",\"image\":{\"@type\":\"ImageObject\",\"inLanguage\":\"de\",\"@id\":\"https:\/\/www.bhakademiker.org\/bs\/#\/schema\/person\/image\/\",\"url\":\"https:\/\/secure.gravatar.com\/avatar\/c6d58ce317ac29451bb963305865585b0ee61581cac268f7b497945aea17e32c?s=96&d=mm&r=g\",\"contentUrl\":\"https:\/\/secure.gravatar.com\/avatar\/c6d58ce317ac29451bb963305865585b0ee61581cac268f7b497945aea17e32c?s=96&d=mm&r=g\",\"caption\":\"BanKulin\"},\"sameAs\":[\"https:\/\/www.bhakademiker.org\"],\"url\":\"https:\/\/www.bhakademiker.org\/de\/author\/bankulin\/\"}]}<\/script>\n<!-- \/ Yoast SEO plugin. -->","yoast_head_json":{"title":"Memorandum BADEU - Gesellschaft Bosnischer Akademiker","robots":{"index":"index","follow":"follow","max-snippet":"max-snippet:-1","max-image-preview":"max-image-preview:large","max-video-preview":"max-video-preview:-1"},"canonical":"https:\/\/www.bhakademiker.org\/de\/2022\/03\/06\/memorandum-badeu\/","og_locale":"de_DE","og_type":"article","og_title":"Memorandum BADEU - Gesellschaft Bosnischer Akademiker","og_description":"BADEU_ Memorandum Memorandum Bosanskih akademskih zajednica u zemljama Evrope o osnivanju zajedni\u010dke asocijacije Bosansko Akademsko Dru\u0161tvo u Evropi \u2013 BADEU &nbsp; Dana 4. Marta 2022., u Ljubljani, na zajedni\u010dkom sastanku\u00a0 predstavnika bosanskih akademskih dru\u0161tava: Bosansko Akademsko Dru\u0161tvo u Austriji (nadalje BADA) Bosansko Akademsko Dru\u0161tvo u Sloveniji (nadalje BADS) Bosansko Akademsko Dru\u0161tvo u Nizozemskoj \u2013 NAUK (nadalje BADNL) Bosansko Akademsko Dru\u0161tvo u Njema\u010dkoj (nadalje BADD) * je odlu\u010deno: &#8211; da se navedena dru\u0161tva udru\u017ee u zajedni\u010dku asocijaciju BADEU- Bosansko Akademsko Dru\u0161tvo Evrope; &#8211; da zajedni\u010dkim snagama i kapacitetima promovi\u0161u i doprinesu \u00a0statusu bosanske \u00a0kulture, umjetnosti, nauke, \u00a0privrede i drugih dru\u0161tvenih djelatnosti;...","og_url":"https:\/\/www.bhakademiker.org\/de\/2022\/03\/06\/memorandum-badeu\/","og_site_name":"Gesellschaft Bosnischer Akademiker","article_published_time":"2022-03-06T18:52:14+00:00","article_modified_time":"2022-03-07T15:45:24+00:00","og_image":[{"width":1781,"height":2560,"url":"https:\/\/www.bhakademiker.org\/wp-content\/uploads\/2022\/03\/front-page-scaled.jpg","type":"image\/jpeg"}],"author":"BanKulin","twitter_card":"summary_large_image","twitter_misc":{"Verfasst von":"BanKulin","Gesch\u00e4tzte Lesezeit":"2\u00a0Minuten"},"schema":{"@context":"https:\/\/schema.org","@graph":[{"@type":"Article","@id":"https:\/\/www.bhakademiker.org\/2022\/03\/06\/memorandum-badeu\/#article","isPartOf":{"@id":"https:\/\/www.bhakademiker.org\/2022\/03\/06\/memorandum-badeu\/"},"author":{"name":"BanKulin","@id":"https:\/\/www.bhakademiker.org\/bs\/#\/schema\/person\/eb2bb45ccd10b1a8756ef049efa44da5"},"headline":"Memorandum BADEU","datePublished":"2022-03-06T18:52:14+00:00","dateModified":"2022-03-07T15:45:24+00:00","mainEntityOfPage":{"@id":"https:\/\/www.bhakademiker.org\/2022\/03\/06\/memorandum-badeu\/"},"wordCount":367,"commentCount":0,"publisher":{"@id":"https:\/\/www.bhakademiker.org\/bs\/#organization"},"articleSection":["BADA"],"inLanguage":"de","potentialAction":[{"@type":"CommentAction","name":"Comment","target":["https:\/\/www.bhakademiker.org\/2022\/03\/06\/memorandum-badeu\/#respond"]}]},{"@type":"WebPage","@id":"https:\/\/www.bhakademiker.org\/2022\/03\/06\/memorandum-badeu\/","url":"https:\/\/www.bhakademiker.org\/2022\/03\/06\/memorandum-badeu\/","name":"Memorandum BADEU - Gesellschaft Bosnischer Akademiker","isPartOf":{"@id":"https:\/\/www.bhakademiker.org\/bs\/#website"},"datePublished":"2022-03-06T18:52:14+00:00","dateModified":"2022-03-07T15:45:24+00:00","breadcrumb":{"@id":"https:\/\/www.bhakademiker.org\/2022\/03\/06\/memorandum-badeu\/#breadcrumb"},"inLanguage":"de","potentialAction":[{"@type":"ReadAction","target":["https:\/\/www.bhakademiker.org\/2022\/03\/06\/memorandum-badeu\/"]}]},{"@type":"BreadcrumbList","@id":"https:\/\/www.bhakademiker.org\/2022\/03\/06\/memorandum-badeu\/#breadcrumb","itemListElement":[{"@type":"ListItem","position":1,"name":"Home","item":"https:\/\/www.bhakademiker.org\/"},{"@type":"ListItem","position":2,"name":"Memorandum BADEU"}]},{"@type":"WebSite","@id":"https:\/\/www.bhakademiker.org\/bs\/#website","url":"https:\/\/www.bhakademiker.org\/bs\/","name":"Gesellschaft Bosnischer Akademiker","description":"","publisher":{"@id":"https:\/\/www.bhakademiker.org\/bs\/#organization"},"potentialAction":[{"@type":"SearchAction","target":{"@type":"EntryPoint","urlTemplate":"https:\/\/www.bhakademiker.org\/bs\/?s={search_term_string}"},"query-input":"required name=search_term_string"}],"inLanguage":"de"},{"@type":"Organization","@id":"https:\/\/www.bhakademiker.org\/bs\/#organization","name":"Gesellschaft Bosnischer Akademiker in \u00d6sterreich","url":"https:\/\/www.bhakademiker.org\/bs\/","logo":{"@type":"ImageObject","inLanguage":"de","@id":"https:\/\/www.bhakademiker.org\/bs\/#\/schema\/logo\/image\/","url":"https:\/\/www.bhakademiker.org\/wp-content\/uploads\/2022\/01\/featured-GBAA.png","contentUrl":"https:\/\/www.bhakademiker.org\/wp-content\/uploads\/2022\/01\/featured-GBAA.png","width":1200,"height":630,"caption":"Gesellschaft Bosnischer Akademiker in \u00d6sterreich"},"image":{"@id":"https:\/\/www.bhakademiker.org\/bs\/#\/schema\/logo\/image\/"}},{"@type":"Person","@id":"https:\/\/www.bhakademiker.org\/bs\/#\/schema\/person\/eb2bb45ccd10b1a8756ef049efa44da5","name":"BanKulin","image":{"@type":"ImageObject","inLanguage":"de","@id":"https:\/\/www.bhakademiker.org\/bs\/#\/schema\/person\/image\/","url":"https:\/\/secure.gravatar.com\/avatar\/c6d58ce317ac29451bb963305865585b0ee61581cac268f7b497945aea17e32c?s=96&d=mm&r=g","contentUrl":"https:\/\/secure.gravatar.com\/avatar\/c6d58ce317ac29451bb963305865585b0ee61581cac268f7b497945aea17e32c?s=96&d=mm&r=g","caption":"BanKulin"},"sameAs":["https:\/\/www.bhakademiker.org"],"url":"https:\/\/www.bhakademiker.org\/de\/author\/bankulin\/"}]}},"_links":{"self":[{"href":"https:\/\/www.bhakademiker.org\/de\/wp-json\/wp\/v2\/posts\/2145","targetHints":{"allow":["GET"]}}],"collection":[{"href":"https:\/\/www.bhakademiker.org\/de\/wp-json\/wp\/v2\/posts"}],"about":[{"href":"https:\/\/www.bhakademiker.org\/de\/wp-json\/wp\/v2\/types\/post"}],"author":[{"embeddable":true,"href":"https:\/\/www.bhakademiker.org\/de\/wp-json\/wp\/v2\/users\/1"}],"replies":[{"embeddable":true,"href":"https:\/\/www.bhakademiker.org\/de\/wp-json\/wp\/v2\/comments?post=2145"}],"version-history":[{"count":5,"href":"https:\/\/www.bhakademiker.org\/de\/wp-json\/wp\/v2\/posts\/2145\/revisions"}],"predecessor-version":[{"id":2152,"href":"https:\/\/www.bhakademiker.org\/de\/wp-json\/wp\/v2\/posts\/2145\/revisions\/2152"}],"wp:featuredmedia":[{"embeddable":true,"href":"https:\/\/www.bhakademiker.org\/de\/wp-json\/wp\/v2\/media\/2147"}],"wp:attachment":[{"href":"https:\/\/www.bhakademiker.org\/de\/wp-json\/wp\/v2\/media?parent=2145"}],"wp:term":[{"taxonomy":"category","embeddable":true,"href":"https:\/\/www.bhakademiker.org\/de\/wp-json\/wp\/v2\/categories?post=2145"},{"taxonomy":"post_tag","embeddable":true,"href":"https:\/\/www.bhakademiker.org\/de\/wp-json\/wp\/v2\/tags?post=2145"}],"curies":[{"name":"wp","href":"https:\/\/api.w.org\/{rel}","templated":true}]}}