{"id":2159,"date":"2022-03-29T18:36:52","date_gmt":"2022-03-29T16:36:52","guid":{"rendered":"https:\/\/www.bhakademiker.org\/?p=2159"},"modified":"2022-04-06T00:25:06","modified_gmt":"2022-04-05T22:25:06","slug":"tag-der-unternehmerinnen","status":"publish","type":"post","link":"https:\/\/www.bhakademiker.org\/de\/2022\/03\/29\/tag-der-unternehmerinnen\/","title":{"rendered":"Tag der UnternehmerInnen mit Ursprung aus Bosnien und Herzegowina 2022"},"content":{"rendered":"<p>Am Samstag, dem 26. M\u00e4rz hat im Hotel NH Donau City der <strong>Tag der UnternehmerInnen mit Ursprung aus Bosnien und Herzegowina 2022<\/strong> stattgefunden. Die Moderation an diesem Nachmittag hat Frau Berina Por\u010da geleitet, Magistra internationaler Beziehungen und Europastudien.<\/p>\n<p>Dem Treffen haben zahlreiche namhafte UnternehmerInnen und ManagerInnen beigewohnt, zu Beginn der Veranstaltung haben einige dieser ihre Firmen vorgestellt. Das Ziel dieses gemeinsamen Tages der UnternehmerInnen ist es eine Plattform zu kreieren, die es den TeilnehmerInnen erm\u00f6glichen sollte sich untereinander zu vernetzen, um auf diese Weise die wirtschaftliche Entwicklung hierzulande, aber auch in Bosnien und Herzegowina voranzubringen.<\/p>\n<p>Liste der RednerInnen:<\/p>\n<p>&nbsp;<\/p>\n<ul>\n<li><strong>Sira<\/strong><strong>dj Duhan<\/strong>: Obmann der Gesellschaft bosnischer AkademikerInnen in \u00d6sterreich, <em>Vernetzung, der in der Diaspora lebenden Menschen aus Bosnien und Herzegowina \u2013 Hebel zur Entwicklung der Gemeinschaft hierzulande, aber auch in der Heimat<\/em><\/li>\n<li><strong>Denis <\/strong><strong>\u010cavki\u0107<\/strong>: Gesch\u00e4ftsf\u00fchrer der Kombiflex GmbH, <em>Duale Ausbildung und das \u00dcbertragen von Know How aus \u00d6sterreich nach Bosnien und Herzegowina<\/em><\/li>\n<li><strong>Saldin Herac<\/strong>: Gesch\u00e4ftsf\u00fchrer Progresys M&amp;E GmbH, <em>Ausbildung als Schl\u00fcssel der wirtschaftlichen Entwicklungen<\/em><\/li>\n<li><strong>Svetlana Marjanovi<\/strong><strong>\u0107-Mili\u010di\u0107<\/strong>: Gesch\u00e4ftsf\u00fchrerin Ferronor GmbH, <em>Zusammenarbeit bei Projekten mit PartnerInnen aus Bosnien und Herzegowina<\/em><\/li>\n<li><strong>Davul Ljuhar:<\/strong> Gesch\u00e4ftsf\u00fchrer Braincon GmbH &amp; Co KG, <em>Wissenschaftlicher Kreis der Gesellschaft bosnischer AkademikerInnen in \u00d6sterreich \u2013 Unterst\u00fctzung der wirtschaftlichen Entwicklung<\/em><\/li>\n<li><strong>Sini<\/strong><strong>\u0161a Vidovi\u0107:<\/strong> Gesch\u00e4ftsf\u00fchrer Forafilm Film Production, <em>Bedeutung und Entwicklung des Videomarketings in der \u00f6sterreichischen Wirtschaft<\/em><\/li>\n<li><strong>Emina Eppensteiner<\/strong>, 5 Million Friends of Bosnia and Herzegovina (5MFBH)<\/li>\n<li><strong>Edvin <\/strong><strong>Dervi\u0161evi\u0107<\/strong>: Obmann der Gesellschaft bosnischer AkademikerInnen in Slowenien<\/li>\n<\/ul>\n<p><em>\u00a0<\/em><\/p>\n<p>Um dem Anspruch des gegenseitigen Kennenlernens gerecht zu werden, haben sich die TeilnehmerInnen im Anschluss an die Reden und Vorstellungen zum gemeinsamen Austausch zu bestimmten Themen in Gruppen zusammengefunden. Die gesammelten Ergebnisse dieses Arbeitsteils sind danach im Plenum vorgestellt worden<\/p>\n<p>&nbsp;<\/p>\n<p><strong>Siradj Duhan<\/strong>, der Obmann der Gesellschaft bosnischer AkademikerInnen in \u00d6sterreich, hat zu Beginn der Veranstaltung die Arbeit der Gesellschaft pr\u00e4sentiert und dabei einen kurzen \u00dcberblick \u00fcber die Entwicklung des Vereins von seiner Gr\u00fcndung bis heute gegeben. Neben Reminiszenzen an historische Entwicklungen, wie beispielsweise die schriftliche \u00dcbereinkunft f\u00fcr wirtschaftliche Zusammenarbeit zwischen Dubrovnik und Bosnien aus dem Jahre 1189, sind auch einige Leuchtturmprojekte der Gesellschaft vorgestellt worden, unter anderem das erst k\u00fcrzlich von den Obleuten der Gesellschaften bosnischer AkademikerInnen der Staaten Slowenien, Deutschland, den Niederlanden und \u00d6sterreich unterzeichnetem Memorandum zur Gr\u00fcndung einer europaweiten Gesellschaft.<\/p>\n<p>&nbsp;<\/p>\n<p><strong>Denis <\/strong><strong>\u010cavki\u0107,<\/strong> Gesch\u00e4ftsf\u00fchrer der Kombiflex GmbH, Mitinitiator der Veranstaltung und Mitglied der Gesellschaft, hat in kurzen Worten die Entwicklung seines Unternehmens, welches er mit seinem Bruder Fadil \u010cavki\u0107 aufgebaut hat, skizziert und \u00fcber seine langj\u00e4hrigen Erfahrungen im Bereich internationaler Zusammenarbeit berichtet. Sehr interessant war seine Konzeptvorstellung zur Implementierung einer dualen Berufsausbildung in Bosnien und Herzegowina, wie sie in \u00d6sterreich bereits allt\u00e4glich ist. Anschlie\u00dfend an dieses Thema hat <strong>Saldin Herac,<\/strong> Gesch\u00e4ftsf\u00fchrer der Firma Progresys M&amp;E GmbH mit Sitz in Wels (O\u00d6), sein Unternehmen und dessen Produkte pr\u00e4sentiert. Auch er hat auf die Wichtigkeit und Dringlichkeit der Fachkr\u00e4fteausbilung verwiesen und Modelle aus seiner Arbeit beschrieben, die gerade im Bereich des Transfers von Know-How als Vorzeigebeispiel dienen k\u00f6nnen.<\/p>\n<p>&nbsp;<\/p>\n<p><strong>Svetlana Marjanovi\u0107-Mili\u010di\u0107,<\/strong> Eigent\u00fcmerin der Firma Ferronor GmbH hat betont, dass \u201ewir gerade durch Wirtschaftstreffen wie das heutige einen gro\u00dfen Beitrag zum Kennenlernen und dem Austausch von Angeboten verschiedenster Unternehmen im Sinne eines Ausbaus von Netzwerken untereinander leisten. Unsere erfolgreichsten Unternehmen k\u00f6nnen die bosnische Wirtschaft unterst\u00fctzen und als Bindeglied zwischen der Warennachfrage in \u00d6sterreich und dem m\u00f6glichen Angebot in Bosnien und Herzegowina dienen. Wir als UnternehmerInnen k\u00f6nnen diese Bem\u00fchungen kanalisieren und gezielt lenken.\u201c<\/p>\n<p>&nbsp;<\/p>\n<p>Wie die Entwicklung einer Idee zur finalen Ausarbeitung eines Produktes aussehen kann, hat<strong> Davul Ljuhar<\/strong>, Inhaber der Firma Braincon GmbH &amp; Co KG und bosnisch-herzegowinischer Honorarkonsul f\u00fcr Wien und Nieder\u00f6sterreich, erl\u00e4utert. Wie man dann so ein Produkt mit unterschiedlichen kreativen Visualisierungstechniken bewerben und vermarkten kann, hat Herr <strong>Sini<\/strong><strong>\u0161a Vidovi\u0107,<\/strong> Eigent\u00fcmer der Filmproduktionsfirma Forafilm, mit Filmbeispielen und Videoausschnitten aus Werbeproduktionen \u00e4u\u00dferst imposant dargestellt.<\/p>\n<p>&nbsp;<\/p>\n<p>Wir haben die M\u00f6glichkeit bekommen Einblicke in den langj\u00e4hrigen Erfahrungsschatz von <strong>Univ. Prof. Dr. Edvin <\/strong><strong>Dervi\u0161evi\u0107<\/strong>, Obmann der Gesellschaft der bosnischer AkademikerInnen in Slowenien, zu werfen, der uns auch wertvolle Ratschl\u00e4ge bez\u00fcglich m\u00f6glicher zuk\u00fcnftiger Zusammenarbeit mit auf den Weg gegeben hat.<\/p>\n<p>&nbsp;<\/p>\n<p>Den Abschluss der Einzelreden hat <strong>Emina Eppensteiner<\/strong> gemacht, die uns die Arbeit und Wirkbereiche der NGO <em>5 Million Friends of Bosnia and Herzegovina<\/em> in \u00d6sterreich, aber auch anderen europ\u00e4ischen L\u00e4ndern, vorgestellt hat.<\/p>\n<p>&nbsp;<\/p>\n<p>Die Gesellschaft bosnischer AkademikerInnen m\u00f6chte anmerken, dass dieser Tag der Wirtschaftenden in \u00d6sterreich nur der Anfang einer intensiven Zusammenarbeit mit UnternehmerInnen darstellen soll, welche in n\u00e4chster Zukunft fortgesetzt wird. Mit der bereits in Planung befindlichen paneurop\u00e4ischen Gesellschaft wollen wir die M\u00f6glichkeit eines Austauschs von UnternehmerInnen in ganz Europa realisieren.<\/p>\n<p>Dem Treffen hat auch der Repr\u00e4sentant der bosnisch-herzegowinischen Botschaft, <strong>Vladimir <\/strong><strong>Glamo\u010dlija<\/strong>, beigewohnt.<\/p>\n<p>&nbsp;<\/p>\n<p>Den gr\u00f6\u00dften Erfolg dieses Treffens bildet die Einigung \u00fcber eine zuk\u00fcnftige Zusammenarbeit zweier Firmen, die durch ihre Eigent\u00fcmer mit vertreten waren.<\/p>\n<p>&nbsp;<\/p>\n<p><strong>Organisation:<\/strong><\/p>\n<p>Siradj Duhan, Selmir Mujagi\u0107, Berina Por\u010da, Denis \u010cavki\u0107, Mirzet \u010cavki\u0107, Aila \u010cavki\u0107, Anes Deni\u0107, D\u017eenan Hati\u0107, Jasmin Me\u0161anovi\u0107, Re\u0161id D\u017eevdetbegovi\u0107, Armin \u0160estan<\/p>\n<p><strong>Video und Fotografie:<\/strong><\/p>\n<p>Edis Duhan, Emina Muminovi\u0107<\/p>\n<div id=\"attachment_2162\" style=\"width: 1610px\" class=\"wp-caption aligncenter\"><a href=\"https:\/\/www.bhakademiker.org\/wp-content\/uploads\/2022\/03\/Dan-privrednika-porijeklom-iz-BiH-2022.jpg\"><img fetchpriority=\"high\" decoding=\"async\" aria-describedby=\"caption-attachment-2162\" class=\"wp-image-2162 size-full\" src=\"https:\/\/www.bhakademiker.org\/wp-content\/uploads\/2022\/03\/Dan-privrednika-porijeklom-iz-BiH-2022.jpg\" alt=\"Dan privrednika porijeklom iz BiH 2022\" width=\"1600\" height=\"900\" srcset=\"https:\/\/www.bhakademiker.org\/wp-content\/uploads\/2022\/03\/Dan-privrednika-porijeklom-iz-BiH-2022.jpg 1600w, https:\/\/www.bhakademiker.org\/wp-content\/uploads\/2022\/03\/Dan-privrednika-porijeklom-iz-BiH-2022-300x169.jpg 300w, https:\/\/www.bhakademiker.org\/wp-content\/uploads\/2022\/03\/Dan-privrednika-porijeklom-iz-BiH-2022-1024x576.jpg 1024w, https:\/\/www.bhakademiker.org\/wp-content\/uploads\/2022\/03\/Dan-privrednika-porijeklom-iz-BiH-2022-768x432.jpg 768w, https:\/\/www.bhakademiker.org\/wp-content\/uploads\/2022\/03\/Dan-privrednika-porijeklom-iz-BiH-2022-1536x864.jpg 1536w, https:\/\/www.bhakademiker.org\/wp-content\/uploads\/2022\/03\/Dan-privrednika-porijeklom-iz-BiH-2022-18x10.jpg 18w, https:\/\/www.bhakademiker.org\/wp-content\/uploads\/2022\/03\/Dan-privrednika-porijeklom-iz-BiH-2022-847x477.jpg 847w\" sizes=\"(max-width: 1600px) 100vw, 1600px\" \/><\/a><p id=\"caption-attachment-2162\" class=\"wp-caption-text\"><center><strong>Tag der UnternehmerInnen mit Ursprung aus Bosnien und Herzegowina 2022<\/strong><\/center><\/p><\/div>\n<div id=\"attachment_2175\" style=\"width: 1354px\" class=\"wp-caption aligncenter\"><a href=\"https:\/\/www.bhakademiker.org\/wp-content\/uploads\/2022\/03\/Siradj-duhan.jpg\"><img decoding=\"async\" aria-describedby=\"caption-attachment-2175\" class=\"wp-image-2175 size-full\" title=\"Siradj Duhan\" src=\"https:\/\/www.bhakademiker.org\/wp-content\/uploads\/2022\/03\/Siradj-duhan.jpg\" alt=\"Siradj duhan\" width=\"1344\" height=\"898\" srcset=\"https:\/\/www.bhakademiker.org\/wp-content\/uploads\/2022\/03\/Siradj-duhan.jpg 1344w, https:\/\/www.bhakademiker.org\/wp-content\/uploads\/2022\/03\/Siradj-duhan-300x200.jpg 300w, https:\/\/www.bhakademiker.org\/wp-content\/uploads\/2022\/03\/Siradj-duhan-1024x684.jpg 1024w, https:\/\/www.bhakademiker.org\/wp-content\/uploads\/2022\/03\/Siradj-duhan-768x513.jpg 768w, https:\/\/www.bhakademiker.org\/wp-content\/uploads\/2022\/03\/Siradj-duhan-18x12.jpg 18w, https:\/\/www.bhakademiker.org\/wp-content\/uploads\/2022\/03\/Siradj-duhan-263x177.jpg 263w, https:\/\/www.bhakademiker.org\/wp-content\/uploads\/2022\/03\/Siradj-duhan-500x335.jpg 500w, https:\/\/www.bhakademiker.org\/wp-content\/uploads\/2022\/03\/Siradj-duhan-150x100.jpg 150w\" sizes=\"(max-width: 1344px) 100vw, 1344px\" \/><\/a><p id=\"caption-attachment-2175\" class=\"wp-caption-text\"><center><strong> Siradj Duhan<\/strong><\/center><\/p><\/div>\n<div id=\"attachment_2164\" style=\"width: 1415px\" class=\"wp-caption aligncenter\"><a href=\"https:\/\/www.bhakademiker.org\/wp-content\/uploads\/2022\/03\/Denis-Cavkic.jpg\"><img decoding=\"async\" aria-describedby=\"caption-attachment-2164\" class=\"wp-image-2164 size-full\" src=\"https:\/\/www.bhakademiker.org\/wp-content\/uploads\/2022\/03\/Denis-Cavkic.jpg\" alt=\"Denis Cavkic\" width=\"1405\" height=\"939\" srcset=\"https:\/\/www.bhakademiker.org\/wp-content\/uploads\/2022\/03\/Denis-Cavkic.jpg 1405w, https:\/\/www.bhakademiker.org\/wp-content\/uploads\/2022\/03\/Denis-Cavkic-300x200.jpg 300w, https:\/\/www.bhakademiker.org\/wp-content\/uploads\/2022\/03\/Denis-Cavkic-1024x684.jpg 1024w, https:\/\/www.bhakademiker.org\/wp-content\/uploads\/2022\/03\/Denis-Cavkic-768x513.jpg 768w, https:\/\/www.bhakademiker.org\/wp-content\/uploads\/2022\/03\/Denis-Cavkic-18x12.jpg 18w, https:\/\/www.bhakademiker.org\/wp-content\/uploads\/2022\/03\/Denis-Cavkic-263x177.jpg 263w, https:\/\/www.bhakademiker.org\/wp-content\/uploads\/2022\/03\/Denis-Cavkic-500x335.jpg 500w, https:\/\/www.bhakademiker.org\/wp-content\/uploads\/2022\/03\/Denis-Cavkic-150x100.jpg 150w\" sizes=\"(max-width: 1405px) 100vw, 1405px\" \/><\/a><p id=\"caption-attachment-2164\" class=\"wp-caption-text\"><center><strong>Denis \u010cavki\u0107<\/strong><\/center><\/p><\/div>\n<div id=\"attachment_2173\" style=\"width: 1429px\" class=\"wp-caption aligncenter\"><a href=\"https:\/\/www.bhakademiker.org\/wp-content\/uploads\/2022\/03\/Saldin-Herac.jpg\"><img loading=\"lazy\" decoding=\"async\" aria-describedby=\"caption-attachment-2173\" class=\"wp-image-2173 size-full\" src=\"https:\/\/www.bhakademiker.org\/wp-content\/uploads\/2022\/03\/Saldin-Herac.jpg\" alt=\"Saldin Herac\" width=\"1419\" height=\"947\" srcset=\"https:\/\/www.bhakademiker.org\/wp-content\/uploads\/2022\/03\/Saldin-Herac.jpg 1419w, https:\/\/www.bhakademiker.org\/wp-content\/uploads\/2022\/03\/Saldin-Herac-300x200.jpg 300w, https:\/\/www.bhakademiker.org\/wp-content\/uploads\/2022\/03\/Saldin-Herac-1024x683.jpg 1024w, https:\/\/www.bhakademiker.org\/wp-content\/uploads\/2022\/03\/Saldin-Herac-768x513.jpg 768w, https:\/\/www.bhakademiker.org\/wp-content\/uploads\/2022\/03\/Saldin-Herac-18x12.jpg 18w, https:\/\/www.bhakademiker.org\/wp-content\/uploads\/2022\/03\/Saldin-Herac-263x177.jpg 263w, https:\/\/www.bhakademiker.org\/wp-content\/uploads\/2022\/03\/Saldin-Herac-500x335.jpg 500w, https:\/\/www.bhakademiker.org\/wp-content\/uploads\/2022\/03\/Saldin-Herac-150x100.jpg 150w\" sizes=\"(max-width: 1419px) 100vw, 1419px\" \/><\/a><p id=\"caption-attachment-2173\" class=\"wp-caption-text\"><center><strong>Saldin Herac<\/strong><\/center><\/p><\/div>\n<div id=\"attachment_2163\" style=\"width: 1389px\" class=\"wp-caption aligncenter\"><a href=\"https:\/\/www.bhakademiker.org\/wp-content\/uploads\/2022\/03\/Davul-Ljuhar.jpg\"><img loading=\"lazy\" decoding=\"async\" aria-describedby=\"caption-attachment-2163\" class=\"wp-image-2163 size-full\" src=\"https:\/\/www.bhakademiker.org\/wp-content\/uploads\/2022\/03\/Davul-Ljuhar.jpg\" alt=\"Davul Ljuhar\" width=\"1379\" height=\"920\" srcset=\"https:\/\/www.bhakademiker.org\/wp-content\/uploads\/2022\/03\/Davul-Ljuhar.jpg 1379w, https:\/\/www.bhakademiker.org\/wp-content\/uploads\/2022\/03\/Davul-Ljuhar-300x200.jpg 300w, https:\/\/www.bhakademiker.org\/wp-content\/uploads\/2022\/03\/Davul-Ljuhar-1024x683.jpg 1024w, https:\/\/www.bhakademiker.org\/wp-content\/uploads\/2022\/03\/Davul-Ljuhar-768x512.jpg 768w, https:\/\/www.bhakademiker.org\/wp-content\/uploads\/2022\/03\/Davul-Ljuhar-18x12.jpg 18w, https:\/\/www.bhakademiker.org\/wp-content\/uploads\/2022\/03\/Davul-Ljuhar-500x335.jpg 500w, https:\/\/www.bhakademiker.org\/wp-content\/uploads\/2022\/03\/Davul-Ljuhar-150x100.jpg 150w\" sizes=\"(max-width: 1379px) 100vw, 1379px\" \/><\/a><p id=\"caption-attachment-2163\" class=\"wp-caption-text\"><center><strong>Davul Ljuhar<\/strong><\/center><\/p><\/div>\n<div id=\"attachment_2174\" style=\"width: 1389px\" class=\"wp-caption aligncenter\"><a href=\"https:\/\/www.bhakademiker.org\/wp-content\/uploads\/2022\/03\/Sinisa-Vidovic.jpg\"><img loading=\"lazy\" decoding=\"async\" aria-describedby=\"caption-attachment-2174\" class=\"wp-image-2174 size-full\" src=\"https:\/\/www.bhakademiker.org\/wp-content\/uploads\/2022\/03\/Sinisa-Vidovic.jpg\" alt=\"Sinisa Vidovic\" width=\"1379\" height=\"920\" srcset=\"https:\/\/www.bhakademiker.org\/wp-content\/uploads\/2022\/03\/Sinisa-Vidovic.jpg 1379w, https:\/\/www.bhakademiker.org\/wp-content\/uploads\/2022\/03\/Sinisa-Vidovic-300x200.jpg 300w, https:\/\/www.bhakademiker.org\/wp-content\/uploads\/2022\/03\/Sinisa-Vidovic-1024x683.jpg 1024w, https:\/\/www.bhakademiker.org\/wp-content\/uploads\/2022\/03\/Sinisa-Vidovic-768x512.jpg 768w, https:\/\/www.bhakademiker.org\/wp-content\/uploads\/2022\/03\/Sinisa-Vidovic-18x12.jpg 18w, https:\/\/www.bhakademiker.org\/wp-content\/uploads\/2022\/03\/Sinisa-Vidovic-500x335.jpg 500w, https:\/\/www.bhakademiker.org\/wp-content\/uploads\/2022\/03\/Sinisa-Vidovic-150x100.jpg 150w\" sizes=\"(max-width: 1379px) 100vw, 1379px\" \/><\/a><p id=\"caption-attachment-2174\" class=\"wp-caption-text\"><center><strong>Sini\u0161a Vidovi\u0107<\/strong><\/center><\/p><\/div>\n<div id=\"attachment_2165\" style=\"width: 1389px\" class=\"wp-caption aligncenter\"><a href=\"https:\/\/www.bhakademiker.org\/wp-content\/uploads\/2022\/03\/Edvin-Dervisevic.jpg\"><img loading=\"lazy\" decoding=\"async\" aria-describedby=\"caption-attachment-2165\" class=\"wp-image-2165 size-full\" src=\"https:\/\/www.bhakademiker.org\/wp-content\/uploads\/2022\/03\/Edvin-Dervisevic.jpg\" alt=\"Edvin Dervisevic\" width=\"1379\" height=\"920\" srcset=\"https:\/\/www.bhakademiker.org\/wp-content\/uploads\/2022\/03\/Edvin-Dervisevic.jpg 1379w, https:\/\/www.bhakademiker.org\/wp-content\/uploads\/2022\/03\/Edvin-Dervisevic-300x200.jpg 300w, https:\/\/www.bhakademiker.org\/wp-content\/uploads\/2022\/03\/Edvin-Dervisevic-1024x683.jpg 1024w, https:\/\/www.bhakademiker.org\/wp-content\/uploads\/2022\/03\/Edvin-Dervisevic-768x512.jpg 768w, https:\/\/www.bhakademiker.org\/wp-content\/uploads\/2022\/03\/Edvin-Dervisevic-18x12.jpg 18w, https:\/\/www.bhakademiker.org\/wp-content\/uploads\/2022\/03\/Edvin-Dervisevic-500x335.jpg 500w, https:\/\/www.bhakademiker.org\/wp-content\/uploads\/2022\/03\/Edvin-Dervisevic-150x100.jpg 150w\" sizes=\"(max-width: 1379px) 100vw, 1379px\" \/><\/a><p id=\"caption-attachment-2165\" class=\"wp-caption-text\"><center><strong>Edvin Dervi\u0161evi\u0107<\/strong><\/center><\/p><\/div>\n<div id=\"attachment_2176\" style=\"width: 1389px\" class=\"wp-caption aligncenter\"><a href=\"https:\/\/www.bhakademiker.org\/wp-content\/uploads\/2022\/03\/Svetlana-Marjanovic-Milicic.jpg\"><img loading=\"lazy\" decoding=\"async\" aria-describedby=\"caption-attachment-2176\" class=\"wp-image-2176 size-full\" src=\"https:\/\/www.bhakademiker.org\/wp-content\/uploads\/2022\/03\/Svetlana-Marjanovic-Milicic.jpg\" alt=\"Svetlana Marjanovic-Milicic\" width=\"1379\" height=\"920\" srcset=\"https:\/\/www.bhakademiker.org\/wp-content\/uploads\/2022\/03\/Svetlana-Marjanovic-Milicic.jpg 1379w, https:\/\/www.bhakademiker.org\/wp-content\/uploads\/2022\/03\/Svetlana-Marjanovic-Milicic-300x200.jpg 300w, https:\/\/www.bhakademiker.org\/wp-content\/uploads\/2022\/03\/Svetlana-Marjanovic-Milicic-1024x683.jpg 1024w, https:\/\/www.bhakademiker.org\/wp-content\/uploads\/2022\/03\/Svetlana-Marjanovic-Milicic-768x512.jpg 768w, https:\/\/www.bhakademiker.org\/wp-content\/uploads\/2022\/03\/Svetlana-Marjanovic-Milicic-18x12.jpg 18w, https:\/\/www.bhakademiker.org\/wp-content\/uploads\/2022\/03\/Svetlana-Marjanovic-Milicic-500x335.jpg 500w, https:\/\/www.bhakademiker.org\/wp-content\/uploads\/2022\/03\/Svetlana-Marjanovic-Milicic-150x100.jpg 150w\" sizes=\"(max-width: 1379px) 100vw, 1379px\" \/><\/a><p id=\"caption-attachment-2176\" class=\"wp-caption-text\"><center><strong>Svetlana Marjanovi\u0107-Mili\u010di\u0107<\/strong><\/center><\/p><\/div>\n<div id=\"attachment_2166\" style=\"width: 1389px\" class=\"wp-caption aligncenter\"><a href=\"https:\/\/www.bhakademiker.org\/wp-content\/uploads\/2022\/03\/Emina-Eppensteiner.jpg\"><img loading=\"lazy\" decoding=\"async\" aria-describedby=\"caption-attachment-2166\" class=\"wp-image-2166 size-full\" src=\"https:\/\/www.bhakademiker.org\/wp-content\/uploads\/2022\/03\/Emina-Eppensteiner.jpg\" alt=\"Emina Eppensteiner\" width=\"1379\" height=\"920\" srcset=\"https:\/\/www.bhakademiker.org\/wp-content\/uploads\/2022\/03\/Emina-Eppensteiner.jpg 1379w, https:\/\/www.bhakademiker.org\/wp-content\/uploads\/2022\/03\/Emina-Eppensteiner-300x200.jpg 300w, https:\/\/www.bhakademiker.org\/wp-content\/uploads\/2022\/03\/Emina-Eppensteiner-1024x683.jpg 1024w, https:\/\/www.bhakademiker.org\/wp-content\/uploads\/2022\/03\/Emina-Eppensteiner-768x512.jpg 768w, https:\/\/www.bhakademiker.org\/wp-content\/uploads\/2022\/03\/Emina-Eppensteiner-18x12.jpg 18w, https:\/\/www.bhakademiker.org\/wp-content\/uploads\/2022\/03\/Emina-Eppensteiner-500x335.jpg 500w, https:\/\/www.bhakademiker.org\/wp-content\/uploads\/2022\/03\/Emina-Eppensteiner-150x100.jpg 150w\" sizes=\"(max-width: 1379px) 100vw, 1379px\" \/><\/a><p id=\"caption-attachment-2166\" class=\"wp-caption-text\"><center><strong>Emina Eppensteiner<\/strong><\/center><\/p><\/div>\n<p><a href=\"https:\/\/www.bhakademiker.org\/wp-content\/uploads\/2022\/03\/Radna-grupa-privredni-skup45.jpg\"><img loading=\"lazy\" decoding=\"async\" class=\"alignleft size-full wp-image-2172\" src=\"https:\/\/www.bhakademiker.org\/wp-content\/uploads\/2022\/03\/Radna-grupa-privredni-skup45.jpg\" alt=\"Radna grupa privredni skup45\" width=\"1379\" height=\"920\" srcset=\"https:\/\/www.bhakademiker.org\/wp-content\/uploads\/2022\/03\/Radna-grupa-privredni-skup45.jpg 1379w, https:\/\/www.bhakademiker.org\/wp-content\/uploads\/2022\/03\/Radna-grupa-privredni-skup45-300x200.jpg 300w, https:\/\/www.bhakademiker.org\/wp-content\/uploads\/2022\/03\/Radna-grupa-privredni-skup45-1024x683.jpg 1024w, https:\/\/www.bhakademiker.org\/wp-content\/uploads\/2022\/03\/Radna-grupa-privredni-skup45-768x512.jpg 768w, https:\/\/www.bhakademiker.org\/wp-content\/uploads\/2022\/03\/Radna-grupa-privredni-skup45-18x12.jpg 18w, https:\/\/www.bhakademiker.org\/wp-content\/uploads\/2022\/03\/Radna-grupa-privredni-skup45-500x335.jpg 500w, https:\/\/www.bhakademiker.org\/wp-content\/uploads\/2022\/03\/Radna-grupa-privredni-skup45-150x100.jpg 150w\" sizes=\"(max-width: 1379px) 100vw, 1379px\" \/><\/a><a href=\"https:\/\/www.bhakademiker.org\/wp-content\/uploads\/2022\/03\/Radna-grupa-privredni-skup4.jpg\"><img loading=\"lazy\" decoding=\"async\" class=\"alignleft size-full wp-image-2171\" src=\"https:\/\/www.bhakademiker.org\/wp-content\/uploads\/2022\/03\/Radna-grupa-privredni-skup4.jpg\" alt=\"Radna grupa privredni skup4\" width=\"1379\" height=\"920\" srcset=\"https:\/\/www.bhakademiker.org\/wp-content\/uploads\/2022\/03\/Radna-grupa-privredni-skup4.jpg 1379w, https:\/\/www.bhakademiker.org\/wp-content\/uploads\/2022\/03\/Radna-grupa-privredni-skup4-300x200.jpg 300w, https:\/\/www.bhakademiker.org\/wp-content\/uploads\/2022\/03\/Radna-grupa-privredni-skup4-1024x683.jpg 1024w, https:\/\/www.bhakademiker.org\/wp-content\/uploads\/2022\/03\/Radna-grupa-privredni-skup4-768x512.jpg 768w, https:\/\/www.bhakademiker.org\/wp-content\/uploads\/2022\/03\/Radna-grupa-privredni-skup4-18x12.jpg 18w, https:\/\/www.bhakademiker.org\/wp-content\/uploads\/2022\/03\/Radna-grupa-privredni-skup4-500x335.jpg 500w, https:\/\/www.bhakademiker.org\/wp-content\/uploads\/2022\/03\/Radna-grupa-privredni-skup4-150x100.jpg 150w\" sizes=\"(max-width: 1379px) 100vw, 1379px\" \/><\/a><a href=\"https:\/\/www.bhakademiker.org\/wp-content\/uploads\/2022\/03\/Radna-grupa-privredni-skup3.jpg\"><img loading=\"lazy\" decoding=\"async\" class=\"alignleft size-full wp-image-2170\" src=\"https:\/\/www.bhakademiker.org\/wp-content\/uploads\/2022\/03\/Radna-grupa-privredni-skup3.jpg\" alt=\"Radna grupa privredni skup3\" width=\"1379\" height=\"920\" srcset=\"https:\/\/www.bhakademiker.org\/wp-content\/uploads\/2022\/03\/Radna-grupa-privredni-skup3.jpg 1379w, https:\/\/www.bhakademiker.org\/wp-content\/uploads\/2022\/03\/Radna-grupa-privredni-skup3-300x200.jpg 300w, https:\/\/www.bhakademiker.org\/wp-content\/uploads\/2022\/03\/Radna-grupa-privredni-skup3-1024x683.jpg 1024w, https:\/\/www.bhakademiker.org\/wp-content\/uploads\/2022\/03\/Radna-grupa-privredni-skup3-768x512.jpg 768w, https:\/\/www.bhakademiker.org\/wp-content\/uploads\/2022\/03\/Radna-grupa-privredni-skup3-18x12.jpg 18w, https:\/\/www.bhakademiker.org\/wp-content\/uploads\/2022\/03\/Radna-grupa-privredni-skup3-500x335.jpg 500w, https:\/\/www.bhakademiker.org\/wp-content\/uploads\/2022\/03\/Radna-grupa-privredni-skup3-150x100.jpg 150w\" sizes=\"(max-width: 1379px) 100vw, 1379px\" \/><\/a><a href=\"https:\/\/www.bhakademiker.org\/wp-content\/uploads\/2022\/03\/Radna-grupa-privredni-skup2.jpg\"><img loading=\"lazy\" decoding=\"async\" class=\"alignleft size-full wp-image-2169\" src=\"https:\/\/www.bhakademiker.org\/wp-content\/uploads\/2022\/03\/Radna-grupa-privredni-skup2.jpg\" alt=\"Radna grupa privredni skup2\" width=\"1379\" height=\"920\" srcset=\"https:\/\/www.bhakademiker.org\/wp-content\/uploads\/2022\/03\/Radna-grupa-privredni-skup2.jpg 1379w, https:\/\/www.bhakademiker.org\/wp-content\/uploads\/2022\/03\/Radna-grupa-privredni-skup2-300x200.jpg 300w, https:\/\/www.bhakademiker.org\/wp-content\/uploads\/2022\/03\/Radna-grupa-privredni-skup2-1024x683.jpg 1024w, https:\/\/www.bhakademiker.org\/wp-content\/uploads\/2022\/03\/Radna-grupa-privredni-skup2-768x512.jpg 768w, https:\/\/www.bhakademiker.org\/wp-content\/uploads\/2022\/03\/Radna-grupa-privredni-skup2-18x12.jpg 18w, https:\/\/www.bhakademiker.org\/wp-content\/uploads\/2022\/03\/Radna-grupa-privredni-skup2-500x335.jpg 500w, https:\/\/www.bhakademiker.org\/wp-content\/uploads\/2022\/03\/Radna-grupa-privredni-skup2-150x100.jpg 150w\" sizes=\"(max-width: 1379px) 100vw, 1379px\" \/><\/a><a href=\"https:\/\/www.bhakademiker.org\/wp-content\/uploads\/2022\/03\/Radna-grupa-privredni-skup.jpg\"><img loading=\"lazy\" decoding=\"async\" class=\"alignleft size-full wp-image-2168\" src=\"https:\/\/www.bhakademiker.org\/wp-content\/uploads\/2022\/03\/Radna-grupa-privredni-skup.jpg\" alt=\"Radna grupa privredni skup\" width=\"1379\" height=\"920\" srcset=\"https:\/\/www.bhakademiker.org\/wp-content\/uploads\/2022\/03\/Radna-grupa-privredni-skup.jpg 1379w, https:\/\/www.bhakademiker.org\/wp-content\/uploads\/2022\/03\/Radna-grupa-privredni-skup-300x200.jpg 300w, https:\/\/www.bhakademiker.org\/wp-content\/uploads\/2022\/03\/Radna-grupa-privredni-skup-1024x683.jpg 1024w, https:\/\/www.bhakademiker.org\/wp-content\/uploads\/2022\/03\/Radna-grupa-privredni-skup-768x512.jpg 768w, https:\/\/www.bhakademiker.org\/wp-content\/uploads\/2022\/03\/Radna-grupa-privredni-skup-18x12.jpg 18w, https:\/\/www.bhakademiker.org\/wp-content\/uploads\/2022\/03\/Radna-grupa-privredni-skup-500x335.jpg 500w, https:\/\/www.bhakademiker.org\/wp-content\/uploads\/2022\/03\/Radna-grupa-privredni-skup-150x100.jpg 150w\" sizes=\"(max-width: 1379px) 100vw, 1379px\" \/><\/a><a href=\"https:\/\/www.bhakademiker.org\/wp-content\/uploads\/2022\/03\/Privredni-skup.jpg\"><img loading=\"lazy\" decoding=\"async\" class=\"alignleft size-full wp-image-2167\" src=\"https:\/\/www.bhakademiker.org\/wp-content\/uploads\/2022\/03\/Privredni-skup.jpg\" alt=\"Privredni skup\" width=\"1024\" height=\"768\" srcset=\"https:\/\/www.bhakademiker.org\/wp-content\/uploads\/2022\/03\/Privredni-skup.jpg 1024w, https:\/\/www.bhakademiker.org\/wp-content\/uploads\/2022\/03\/Privredni-skup-300x225.jpg 300w, https:\/\/www.bhakademiker.org\/wp-content\/uploads\/2022\/03\/Privredni-skup-768x576.jpg 768w, https:\/\/www.bhakademiker.org\/wp-content\/uploads\/2022\/03\/Privredni-skup-16x12.jpg 16w\" sizes=\"(max-width: 1024px) 100vw, 1024px\" \/><\/a><a href=\"https:\/\/www.bhakademiker.org\/wp-content\/uploads\/2022\/03\/Berina-Porca-i-Jasmin-Mesanovic.jpg\"><img loading=\"lazy\" decoding=\"async\" class=\"alignleft size-full wp-image-2161\" src=\"https:\/\/www.bhakademiker.org\/wp-content\/uploads\/2022\/03\/Berina-Porca-i-Jasmin-Mesanovic.jpg\" alt=\"Berina Porca i Jasmin Mesanovic\" width=\"1379\" height=\"921\" srcset=\"https:\/\/www.bhakademiker.org\/wp-content\/uploads\/2022\/03\/Berina-Porca-i-Jasmin-Mesanovic.jpg 1379w, https:\/\/www.bhakademiker.org\/wp-content\/uploads\/2022\/03\/Berina-Porca-i-Jasmin-Mesanovic-300x200.jpg 300w, https:\/\/www.bhakademiker.org\/wp-content\/uploads\/2022\/03\/Berina-Porca-i-Jasmin-Mesanovic-1024x684.jpg 1024w, https:\/\/www.bhakademiker.org\/wp-content\/uploads\/2022\/03\/Berina-Porca-i-Jasmin-Mesanovic-768x513.jpg 768w, https:\/\/www.bhakademiker.org\/wp-content\/uploads\/2022\/03\/Berina-Porca-i-Jasmin-Mesanovic-18x12.jpg 18w, https:\/\/www.bhakademiker.org\/wp-content\/uploads\/2022\/03\/Berina-Porca-i-Jasmin-Mesanovic-263x177.jpg 263w, https:\/\/www.bhakademiker.org\/wp-content\/uploads\/2022\/03\/Berina-Porca-i-Jasmin-Mesanovic-500x335.jpg 500w, https:\/\/www.bhakademiker.org\/wp-content\/uploads\/2022\/03\/Berina-Porca-i-Jasmin-Mesanovic-150x100.jpg 150w\" sizes=\"(max-width: 1379px) 100vw, 1379px\" \/><\/a><\/p>\n","protected":false},"excerpt":{"rendered":"<p>Am Samstag, dem 26. M\u00e4rz hat im Hotel NH Donau City der Tag der UnternehmerInnen mit Ursprung aus Bosnien und Herzegowina 2022 stattgefunden. Die Moderation an diesem Nachmittag hat Frau Berina Por\u010da geleitet, Magistra internationaler Beziehungen und Europastudien. Dem Treffen haben zahlreiche namhafte UnternehmerInnen und ManagerInnen beigewohnt, zu Beginn der Veranstaltung haben einige dieser ihre Firmen vorgestellt. Das Ziel dieses gemeinsamen Tages der UnternehmerInnen ist es eine Plattform zu kreieren, die es den TeilnehmerInnen erm\u00f6glichen sollte sich untereinander zu vernetzen, um auf diese Weise die wirtschaftliche Entwicklung hierzulande, aber auch in Bosnien und Herzegowina voranzubringen. Liste der RednerInnen: &nbsp; Siradj&#8230;<\/p>\n","protected":false},"author":1,"featured_media":2160,"comment_status":"closed","ping_status":"closed","sticky":false,"template":"","format":"standard","meta":{"footnotes":""},"categories":[72,69],"tags":[],"class_list":["post-2159","post","type-post","status-publish","format-standard","has-post-thumbnail","hentry","category-bada","category-wirtschaft"],"yoast_head":"<!-- This site is optimized with the Yoast SEO plugin v20.3 - https:\/\/yoast.com\/wordpress\/plugins\/seo\/ -->\n<title>Tag der UnternehmerInnen mit Ursprung aus Bosnien und Herzegowina 2022<\/title>\n<meta name=\"description\" content=\"Am Samstag, dem 26. M\u00e4rz hat im Hotel NH Donau City der Tag der UnternehmerInnen mit Ursprung aus Bosnien und Herzegowina 2022 stattgefunden.\" \/>\n<meta name=\"robots\" content=\"index, follow, max-snippet:-1, max-image-preview:large, max-video-preview:-1\" \/>\n<link rel=\"canonical\" href=\"https:\/\/www.bhakademiker.org\/de\/2022\/03\/29\/tag-der-unternehmerinnen\/\" \/>\n<meta property=\"og:locale\" content=\"de_DE\" \/>\n<meta property=\"og:type\" content=\"article\" \/>\n<meta property=\"og:title\" content=\"Tag der UnternehmerInnen mit Ursprung aus Bosnien und Herzegowina 2022\" \/>\n<meta property=\"og:description\" content=\"Am Samstag, dem 26. M\u00e4rz hat im Hotel NH Donau City der Tag der UnternehmerInnen mit Ursprung aus Bosnien und Herzegowina 2022 stattgefunden.\" \/>\n<meta property=\"og:url\" content=\"https:\/\/www.bhakademiker.org\/de\/2022\/03\/29\/tag-der-unternehmerinnen\/\" \/>\n<meta property=\"og:site_name\" content=\"Gesellschaft Bosnischer Akademiker\" \/>\n<meta property=\"article:published_time\" content=\"2022-03-29T16:36:52+00:00\" \/>\n<meta property=\"article:modified_time\" content=\"2022-04-05T22:25:06+00:00\" \/>\n<meta property=\"og:image\" content=\"https:\/\/www.bhakademiker.org\/wp-content\/uploads\/2022\/03\/zajednicka-privredni-skup.jpg\" \/>\n\t<meta property=\"og:image:width\" content=\"1511\" \/>\n\t<meta property=\"og:image:height\" content=\"1009\" \/>\n\t<meta property=\"og:image:type\" content=\"image\/jpeg\" \/>\n<meta name=\"author\" content=\"BanKulin\" \/>\n<meta name=\"twitter:card\" content=\"summary_large_image\" \/>\n<meta name=\"twitter:label1\" content=\"Verfasst von\" \/>\n\t<meta name=\"twitter:data1\" content=\"BanKulin\" \/>\n\t<meta name=\"twitter:label2\" content=\"Gesch\u00e4tzte Lesezeit\" \/>\n\t<meta name=\"twitter:data2\" content=\"7\u00a0Minuten\" \/>\n<script type=\"application\/ld+json\" class=\"yoast-schema-graph\">{\"@context\":\"https:\/\/schema.org\",\"@graph\":[{\"@type\":\"Article\",\"@id\":\"https:\/\/www.bhakademiker.org\/2022\/03\/29\/tag-der-unternehmerinnen\/#article\",\"isPartOf\":{\"@id\":\"https:\/\/www.bhakademiker.org\/2022\/03\/29\/tag-der-unternehmerinnen\/\"},\"author\":{\"name\":\"BanKulin\",\"@id\":\"https:\/\/www.bhakademiker.org\/bs\/#\/schema\/person\/eb2bb45ccd10b1a8756ef049efa44da5\"},\"headline\":\"Tag der UnternehmerInnen mit Ursprung aus Bosnien und Herzegowina 2022\",\"datePublished\":\"2022-03-29T16:36:52+00:00\",\"dateModified\":\"2022-04-05T22:25:06+00:00\",\"mainEntityOfPage\":{\"@id\":\"https:\/\/www.bhakademiker.org\/2022\/03\/29\/tag-der-unternehmerinnen\/\"},\"wordCount\":978,\"publisher\":{\"@id\":\"https:\/\/www.bhakademiker.org\/bs\/#organization\"},\"articleSection\":[\"BADA\",\"Wirtschaft\"],\"inLanguage\":\"de\"},{\"@type\":\"WebPage\",\"@id\":\"https:\/\/www.bhakademiker.org\/2022\/03\/29\/tag-der-unternehmerinnen\/\",\"url\":\"https:\/\/www.bhakademiker.org\/2022\/03\/29\/tag-der-unternehmerinnen\/\",\"name\":\"Tag der UnternehmerInnen mit Ursprung aus Bosnien und Herzegowina 2022\",\"isPartOf\":{\"@id\":\"https:\/\/www.bhakademiker.org\/bs\/#website\"},\"datePublished\":\"2022-03-29T16:36:52+00:00\",\"dateModified\":\"2022-04-05T22:25:06+00:00\",\"description\":\"Am Samstag, dem 26. M\u00e4rz hat im Hotel NH Donau City der Tag der UnternehmerInnen mit Ursprung aus Bosnien und Herzegowina 2022 stattgefunden.\",\"breadcrumb\":{\"@id\":\"https:\/\/www.bhakademiker.org\/2022\/03\/29\/tag-der-unternehmerinnen\/#breadcrumb\"},\"inLanguage\":\"de\",\"potentialAction\":[{\"@type\":\"ReadAction\",\"target\":[\"https:\/\/www.bhakademiker.org\/2022\/03\/29\/tag-der-unternehmerinnen\/\"]}]},{\"@type\":\"BreadcrumbList\",\"@id\":\"https:\/\/www.bhakademiker.org\/2022\/03\/29\/tag-der-unternehmerinnen\/#breadcrumb\",\"itemListElement\":[{\"@type\":\"ListItem\",\"position\":1,\"name\":\"Home\",\"item\":\"https:\/\/www.bhakademiker.org\/\"},{\"@type\":\"ListItem\",\"position\":2,\"name\":\"Tag der UnternehmerInnen mit Ursprung aus Bosnien und Herzegowina 2022\"}]},{\"@type\":\"WebSite\",\"@id\":\"https:\/\/www.bhakademiker.org\/bs\/#website\",\"url\":\"https:\/\/www.bhakademiker.org\/bs\/\",\"name\":\"Gesellschaft Bosnischer Akademiker\",\"description\":\"\",\"publisher\":{\"@id\":\"https:\/\/www.bhakademiker.org\/bs\/#organization\"},\"potentialAction\":[{\"@type\":\"SearchAction\",\"target\":{\"@type\":\"EntryPoint\",\"urlTemplate\":\"https:\/\/www.bhakademiker.org\/bs\/?s={search_term_string}\"},\"query-input\":\"required name=search_term_string\"}],\"inLanguage\":\"de\"},{\"@type\":\"Organization\",\"@id\":\"https:\/\/www.bhakademiker.org\/bs\/#organization\",\"name\":\"Gesellschaft Bosnischer Akademiker in \u00d6sterreich\",\"url\":\"https:\/\/www.bhakademiker.org\/bs\/\",\"logo\":{\"@type\":\"ImageObject\",\"inLanguage\":\"de\",\"@id\":\"https:\/\/www.bhakademiker.org\/bs\/#\/schema\/logo\/image\/\",\"url\":\"https:\/\/www.bhakademiker.org\/wp-content\/uploads\/2022\/01\/featured-GBAA.png\",\"contentUrl\":\"https:\/\/www.bhakademiker.org\/wp-content\/uploads\/2022\/01\/featured-GBAA.png\",\"width\":1200,\"height\":630,\"caption\":\"Gesellschaft Bosnischer Akademiker in \u00d6sterreich\"},\"image\":{\"@id\":\"https:\/\/www.bhakademiker.org\/bs\/#\/schema\/logo\/image\/\"}},{\"@type\":\"Person\",\"@id\":\"https:\/\/www.bhakademiker.org\/bs\/#\/schema\/person\/eb2bb45ccd10b1a8756ef049efa44da5\",\"name\":\"BanKulin\",\"image\":{\"@type\":\"ImageObject\",\"inLanguage\":\"de\",\"@id\":\"https:\/\/www.bhakademiker.org\/bs\/#\/schema\/person\/image\/\",\"url\":\"https:\/\/secure.gravatar.com\/avatar\/c6d58ce317ac29451bb963305865585b0ee61581cac268f7b497945aea17e32c?s=96&d=mm&r=g\",\"contentUrl\":\"https:\/\/secure.gravatar.com\/avatar\/c6d58ce317ac29451bb963305865585b0ee61581cac268f7b497945aea17e32c?s=96&d=mm&r=g\",\"caption\":\"BanKulin\"},\"sameAs\":[\"https:\/\/www.bhakademiker.org\"],\"url\":\"https:\/\/www.bhakademiker.org\/de\/author\/bankulin\/\"}]}<\/script>\n<!-- \/ Yoast SEO plugin. -->","yoast_head_json":{"title":"Tag der UnternehmerInnen mit Ursprung aus Bosnien und Herzegowina 2022","description":"Am Samstag, dem 26. M\u00e4rz hat im Hotel NH Donau City der Tag der UnternehmerInnen mit Ursprung aus Bosnien und Herzegowina 2022 stattgefunden.","robots":{"index":"index","follow":"follow","max-snippet":"max-snippet:-1","max-image-preview":"max-image-preview:large","max-video-preview":"max-video-preview:-1"},"canonical":"https:\/\/www.bhakademiker.org\/de\/2022\/03\/29\/tag-der-unternehmerinnen\/","og_locale":"de_DE","og_type":"article","og_title":"Tag der UnternehmerInnen mit Ursprung aus Bosnien und Herzegowina 2022","og_description":"Am Samstag, dem 26. M\u00e4rz hat im Hotel NH Donau City der Tag der UnternehmerInnen mit Ursprung aus Bosnien und Herzegowina 2022 stattgefunden.","og_url":"https:\/\/www.bhakademiker.org\/de\/2022\/03\/29\/tag-der-unternehmerinnen\/","og_site_name":"Gesellschaft Bosnischer Akademiker","article_published_time":"2022-03-29T16:36:52+00:00","article_modified_time":"2022-04-05T22:25:06+00:00","og_image":[{"width":1511,"height":1009,"url":"https:\/\/www.bhakademiker.org\/wp-content\/uploads\/2022\/03\/zajednicka-privredni-skup.jpg","type":"image\/jpeg"}],"author":"BanKulin","twitter_card":"summary_large_image","twitter_misc":{"Verfasst von":"BanKulin","Gesch\u00e4tzte Lesezeit":"7\u00a0Minuten"},"schema":{"@context":"https:\/\/schema.org","@graph":[{"@type":"Article","@id":"https:\/\/www.bhakademiker.org\/2022\/03\/29\/tag-der-unternehmerinnen\/#article","isPartOf":{"@id":"https:\/\/www.bhakademiker.org\/2022\/03\/29\/tag-der-unternehmerinnen\/"},"author":{"name":"BanKulin","@id":"https:\/\/www.bhakademiker.org\/bs\/#\/schema\/person\/eb2bb45ccd10b1a8756ef049efa44da5"},"headline":"Tag der UnternehmerInnen mit Ursprung aus Bosnien und Herzegowina 2022","datePublished":"2022-03-29T16:36:52+00:00","dateModified":"2022-04-05T22:25:06+00:00","mainEntityOfPage":{"@id":"https:\/\/www.bhakademiker.org\/2022\/03\/29\/tag-der-unternehmerinnen\/"},"wordCount":978,"publisher":{"@id":"https:\/\/www.bhakademiker.org\/bs\/#organization"},"articleSection":["BADA","Wirtschaft"],"inLanguage":"de"},{"@type":"WebPage","@id":"https:\/\/www.bhakademiker.org\/2022\/03\/29\/tag-der-unternehmerinnen\/","url":"https:\/\/www.bhakademiker.org\/2022\/03\/29\/tag-der-unternehmerinnen\/","name":"Tag der UnternehmerInnen mit Ursprung aus Bosnien und Herzegowina 2022","isPartOf":{"@id":"https:\/\/www.bhakademiker.org\/bs\/#website"},"datePublished":"2022-03-29T16:36:52+00:00","dateModified":"2022-04-05T22:25:06+00:00","description":"Am Samstag, dem 26. M\u00e4rz hat im Hotel NH Donau City der Tag der UnternehmerInnen mit Ursprung aus Bosnien und Herzegowina 2022 stattgefunden.","breadcrumb":{"@id":"https:\/\/www.bhakademiker.org\/2022\/03\/29\/tag-der-unternehmerinnen\/#breadcrumb"},"inLanguage":"de","potentialAction":[{"@type":"ReadAction","target":["https:\/\/www.bhakademiker.org\/2022\/03\/29\/tag-der-unternehmerinnen\/"]}]},{"@type":"BreadcrumbList","@id":"https:\/\/www.bhakademiker.org\/2022\/03\/29\/tag-der-unternehmerinnen\/#breadcrumb","itemListElement":[{"@type":"ListItem","position":1,"name":"Home","item":"https:\/\/www.bhakademiker.org\/"},{"@type":"ListItem","position":2,"name":"Tag der UnternehmerInnen mit Ursprung aus Bosnien und Herzegowina 2022"}]},{"@type":"WebSite","@id":"https:\/\/www.bhakademiker.org\/bs\/#website","url":"https:\/\/www.bhakademiker.org\/bs\/","name":"Gesellschaft Bosnischer Akademiker","description":"","publisher":{"@id":"https:\/\/www.bhakademiker.org\/bs\/#organization"},"potentialAction":[{"@type":"SearchAction","target":{"@type":"EntryPoint","urlTemplate":"https:\/\/www.bhakademiker.org\/bs\/?s={search_term_string}"},"query-input":"required name=search_term_string"}],"inLanguage":"de"},{"@type":"Organization","@id":"https:\/\/www.bhakademiker.org\/bs\/#organization","name":"Gesellschaft Bosnischer Akademiker in \u00d6sterreich","url":"https:\/\/www.bhakademiker.org\/bs\/","logo":{"@type":"ImageObject","inLanguage":"de","@id":"https:\/\/www.bhakademiker.org\/bs\/#\/schema\/logo\/image\/","url":"https:\/\/www.bhakademiker.org\/wp-content\/uploads\/2022\/01\/featured-GBAA.png","contentUrl":"https:\/\/www.bhakademiker.org\/wp-content\/uploads\/2022\/01\/featured-GBAA.png","width":1200,"height":630,"caption":"Gesellschaft Bosnischer Akademiker in \u00d6sterreich"},"image":{"@id":"https:\/\/www.bhakademiker.org\/bs\/#\/schema\/logo\/image\/"}},{"@type":"Person","@id":"https:\/\/www.bhakademiker.org\/bs\/#\/schema\/person\/eb2bb45ccd10b1a8756ef049efa44da5","name":"BanKulin","image":{"@type":"ImageObject","inLanguage":"de","@id":"https:\/\/www.bhakademiker.org\/bs\/#\/schema\/person\/image\/","url":"https:\/\/secure.gravatar.com\/avatar\/c6d58ce317ac29451bb963305865585b0ee61581cac268f7b497945aea17e32c?s=96&d=mm&r=g","contentUrl":"https:\/\/secure.gravatar.com\/avatar\/c6d58ce317ac29451bb963305865585b0ee61581cac268f7b497945aea17e32c?s=96&d=mm&r=g","caption":"BanKulin"},"sameAs":["https:\/\/www.bhakademiker.org"],"url":"https:\/\/www.bhakademiker.org\/de\/author\/bankulin\/"}]}},"_links":{"self":[{"href":"https:\/\/www.bhakademiker.org\/de\/wp-json\/wp\/v2\/posts\/2159","targetHints":{"allow":["GET"]}}],"collection":[{"href":"https:\/\/www.bhakademiker.org\/de\/wp-json\/wp\/v2\/posts"}],"about":[{"href":"https:\/\/www.bhakademiker.org\/de\/wp-json\/wp\/v2\/types\/post"}],"author":[{"embeddable":true,"href":"https:\/\/www.bhakademiker.org\/de\/wp-json\/wp\/v2\/users\/1"}],"replies":[{"embeddable":true,"href":"https:\/\/www.bhakademiker.org\/de\/wp-json\/wp\/v2\/comments?post=2159"}],"version-history":[{"count":10,"href":"https:\/\/www.bhakademiker.org\/de\/wp-json\/wp\/v2\/posts\/2159\/revisions"}],"predecessor-version":[{"id":2198,"href":"https:\/\/www.bhakademiker.org\/de\/wp-json\/wp\/v2\/posts\/2159\/revisions\/2198"}],"wp:featuredmedia":[{"embeddable":true,"href":"https:\/\/www.bhakademiker.org\/de\/wp-json\/wp\/v2\/media\/2160"}],"wp:attachment":[{"href":"https:\/\/www.bhakademiker.org\/de\/wp-json\/wp\/v2\/media?parent=2159"}],"wp:term":[{"taxonomy":"category","embeddable":true,"href":"https:\/\/www.bhakademiker.org\/de\/wp-json\/wp\/v2\/categories?post=2159"},{"taxonomy":"post_tag","embeddable":true,"href":"https:\/\/www.bhakademiker.org\/de\/wp-json\/wp\/v2\/tags?post=2159"}],"curies":[{"name":"wp","href":"https:\/\/api.w.org\/{rel}","templated":true}]}}