{"id":2206,"date":"2022-04-24T10:35:33","date_gmt":"2022-04-24T08:35:33","guid":{"rendered":"https:\/\/www.bhakademiker.org\/?p=2206"},"modified":"2022-04-24T10:36:01","modified_gmt":"2022-04-24T08:36:01","slug":"vecer-sa-bosanskim-umjetnicama-ein-abend-mit-bosnischen-kuenstlerinnen","status":"publish","type":"post","link":"https:\/\/www.bhakademiker.org\/de\/2022\/04\/24\/vecer-sa-bosanskim-umjetnicama-ein-abend-mit-bosnischen-kuenstlerinnen\/","title":{"rendered":"Ve\u010der sa bosanskim umjetnicama \/ Ein Abend mit bosnischen K\u00fcnstlerInnen"},"content":{"rendered":"<p><strong>Die Welt in uns \u2013 ein Abend mit bosnischen K\u00fcnstlerInnen<\/strong><\/p>\n<p><strong>Termin: 23.05.2022<\/strong><\/p>\n<p>Von Sevdah \u00fcber Romantik, Jazz, Tango bis zum Pop: 6 K\u00fcnstlerinnen bosnischer Herkunft: Natasa Mirkovi\u0107 (Gesang) im Duo mi Pippo Corvino (Gitarre), Edina Sadikovi\u0107 (Fl\u00f6te), Lejla Fitozovi\u0107 (Klavier), Belma Tuzovi\u0107 (Gitarre), Ana Pokrkli\u0107 (Fl\u00f6te), Tina Kordi\u0107 (Klavier) spielen ein ganz besonderes Konzert und lassen uns in ihre Welt eintauchen. Die Wege der K\u00fcnstlerinnen kreuzten sich teilweise schon im Musikgymnasium in Sarajevo und weiter an der Universit\u00e4t f\u00fcr Musik und darstellende Kunst in Wien und Graz, sowie durch zahlreiche Konzerte in \u00d6sterreich, Ex-Yu, Europa, China und USA. Trotz verschiedener k\u00fcnstlerischen Wege, blieben sie in Kontakt, traten sowohl solo als auch in Duos und Trios auf, wodurch eine enge k\u00fcnstlerische Verbundenheit entstand.<\/p>\n<p><strong>Natasa Mirkovi\u0107<\/strong>: Aus der \u00f6sterreichischen Musikszene kaum noch wegzudenken. Ihre vielf\u00e4ltigen Projekte entf\u00fchren sie in die unterschiedlichsten Musikgefilde von Klassik, Rock, Pop, Jazz bis hin zur Volksmusik. Seit 2018 tritt sie mit dem Gitarristen <strong>Pippo Corvino<\/strong> oft im Duo auf. Mit poetischen Musikarrangements interpretieren sie traditionelle Lieder aus Bosnien und Herzegowina.<\/p>\n<p><strong>Lejla Fitozovi\u0107 <\/strong>ist eine klassisch ausgebildete Pianistin und Klavierp\u00e4dagogin. Sie trat mehrmals als Solistin der Sarajevo-Philharmoniker auf, spielte Solo- und Kammermusikkonzerte in \u00d6sterreich, Deutschland und ehemaligen Jugoslawien. Sie ist Mitglied des Robert Stolz Orchesters und spielte im \u201eDuo fortis\u201c viele Konzerte in \u00d6sterreich mit der Fl\u00f6tistin Edina Sadikovic.<\/p>\n<p><strong>Edina Sadikovi\u0107 <\/strong>ist eine klassisch ausgebildete Fl\u00f6tistin, unterrichtet und konzertiert in ex-Yu, Graz, \u00d6sterreich und Europa. Ihr Schwerpunkt liegt bei Klassik, Sevdah und Tango.<\/p>\n<p><strong>Tina Kordi\u0107<\/strong> ist eine klassisch ausgebildete Pianistin und Klavierp\u00e4dagogin. Ihr Repertoire umfasst Werke von Barock bis zur zeitgen\u00f6ssischen Musik. Sie trat als Solistin der Sarajevo-Philharmoniker auf, spielte Solokonzerte in \u00d6sterreich, Deutschland, China, Frankreich und ehemaligen Jugoslawien.<\/p>\n<p><strong>Belma Tuzovi\u0107 <\/strong>ist eine klassisch ausgebildete Gitarristin<strong>, Ana Pokrkli\u0107 <\/strong>eine klassisch ausgebildete Fl\u00f6tistin. Seit 2000 treten beide K\u00fcnstlerinnen als \u201eDUO WE\u201c international auf und spielen bei den Projekten \u201eSarajevo \u2013 Treffpunkt der Kulturen\u201c und \u201eMusik spricht\u201c eine aktive Rolle.<\/p>\n<p><strong>Termin: \u00a0\u00a0\u00a0\u00a0\u00a0\u00a0\u00a0\u00a0\u00a0\u00a0\u00a0\u00a0\u00a0\u00a0\u00a0\u00a0\u00a0\u00a0\u00a0\u00a0\u00a0\u00a0\u00a0\u00a0\u00a0\u00a0\u00a0\u00a0 23.05.2022<\/strong><\/p>\n<p>Beginn: \u00a0\u00a0\u00a0\u00a0\u00a0\u00a0\u00a0\u00a0\u00a0\u00a0\u00a0\u00a0\u00a0\u00a0 \u00a0\u00a0\u00a0\u00a0\u00a0\u00a0\u00a0\u00a0\u00a0\u00a0\u00a0\u00a0\u00a0\u00a0 19:30 Uhr<\/p>\n<p>Preise:\u00a0 \u00a0\u00a0\u00a0\u00a0\u00a0\u00a0\u00a0\u00a0\u00a0\u00a0\u00a0\u00a0\u00a0\u00a0 \u00a0\u00a0\u00a0\u00a0\u00a0\u00a0\u00a0\u00a0\u00a0\u00a0\u00a0\u00a0\u00a0\u00a0 Euro 20,-<\/p>\n<p>Kartenvorverkauf: \u00a0\u00a0\u00a0\u00a0\u00a0\u00a0\u00a0\u00a0\u00a0 1040 Wien, Argentinierstra\u00dfe 37<br \/>\nvon Montag bis Samstag von 13.00 bis 18.00 Uhr<br \/>\nKarten Hotline: 01\/501 65\/13306, <a href=\"http:\/\/www.akzent.at\">www.akzent.at<\/a><\/p>\n","protected":false},"excerpt":{"rendered":"<p>Die Welt in uns \u2013 ein Abend mit bosnischen K\u00fcnstlerInnen Termin: 23.05.2022 Von Sevdah \u00fcber Romantik, Jazz, Tango bis zum Pop: 6 K\u00fcnstlerinnen bosnischer Herkunft: Natasa Mirkovi\u0107 (Gesang) im Duo mi Pippo Corvino (Gitarre), Edina Sadikovi\u0107 (Fl\u00f6te), Lejla Fitozovi\u0107 (Klavier), Belma Tuzovi\u0107 (Gitarre), Ana Pokrkli\u0107 (Fl\u00f6te), Tina Kordi\u0107 (Klavier) spielen ein ganz besonderes Konzert und lassen uns in ihre Welt eintauchen. Die Wege der K\u00fcnstlerinnen kreuzten sich teilweise schon im Musikgymnasium in Sarajevo und weiter an der Universit\u00e4t f\u00fcr Musik und darstellende Kunst in Wien und Graz, sowie durch zahlreiche Konzerte in \u00d6sterreich, Ex-Yu, Europa, China und USA. Trotz verschiedener&#8230;<\/p>\n","protected":false},"author":1,"featured_media":2207,"comment_status":"open","ping_status":"open","sticky":false,"template":"","format":"standard","meta":{"footnotes":""},"categories":[70],"tags":[],"class_list":["post-2206","post","type-post","status-publish","format-standard","has-post-thumbnail","hentry","category-bwk"],"yoast_head":"<!-- This site is optimized with the Yoast SEO plugin v20.3 - https:\/\/yoast.com\/wordpress\/plugins\/seo\/ -->\n<title>Ve\u010der sa bosanskim umjetnicama \/ Ein Abend mit bosnischen K\u00fcnstlerInnen - Gesellschaft Bosnischer Akademiker<\/title>\n<meta name=\"robots\" content=\"index, follow, max-snippet:-1, max-image-preview:large, max-video-preview:-1\" \/>\n<link rel=\"canonical\" href=\"https:\/\/www.bhakademiker.org\/de\/2022\/04\/24\/vecer-sa-bosanskim-umjetnicama-ein-abend-mit-bosnischen-kuenstlerinnen\/\" \/>\n<meta property=\"og:locale\" content=\"de_DE\" \/>\n<meta property=\"og:type\" content=\"article\" \/>\n<meta property=\"og:title\" content=\"Ve\u010der sa bosanskim umjetnicama \/ Ein Abend mit bosnischen K\u00fcnstlerInnen - Gesellschaft Bosnischer Akademiker\" \/>\n<meta property=\"og:description\" content=\"Die Welt in uns \u2013 ein Abend mit bosnischen K\u00fcnstlerInnen Termin: 23.05.2022 Von Sevdah \u00fcber Romantik, Jazz, Tango bis zum Pop: 6 K\u00fcnstlerinnen bosnischer Herkunft: Natasa Mirkovi\u0107 (Gesang) im Duo mi Pippo Corvino (Gitarre), Edina Sadikovi\u0107 (Fl\u00f6te), Lejla Fitozovi\u0107 (Klavier), Belma Tuzovi\u0107 (Gitarre), Ana Pokrkli\u0107 (Fl\u00f6te), Tina Kordi\u0107 (Klavier) spielen ein ganz besonderes Konzert und lassen uns in ihre Welt eintauchen. Die Wege der K\u00fcnstlerinnen kreuzten sich teilweise schon im Musikgymnasium in Sarajevo und weiter an der Universit\u00e4t f\u00fcr Musik und darstellende Kunst in Wien und Graz, sowie durch zahlreiche Konzerte in \u00d6sterreich, Ex-Yu, Europa, China und USA. Trotz verschiedener...\" \/>\n<meta property=\"og:url\" content=\"https:\/\/www.bhakademiker.org\/de\/2022\/04\/24\/vecer-sa-bosanskim-umjetnicama-ein-abend-mit-bosnischen-kuenstlerinnen\/\" \/>\n<meta property=\"og:site_name\" content=\"Gesellschaft Bosnischer Akademiker\" \/>\n<meta property=\"article:published_time\" content=\"2022-04-24T08:35:33+00:00\" \/>\n<meta property=\"article:modified_time\" content=\"2022-04-24T08:36:01+00:00\" \/>\n<meta property=\"og:image\" content=\"https:\/\/www.bhakademiker.org\/wp-content\/uploads\/2022\/04\/Die-Welt-in-uns_Plakat.jpg\" \/>\n\t<meta property=\"og:image:width\" content=\"1131\" \/>\n\t<meta property=\"og:image:height\" content=\"1600\" \/>\n\t<meta property=\"og:image:type\" content=\"image\/jpeg\" \/>\n<meta name=\"author\" content=\"BanKulin\" \/>\n<meta name=\"twitter:card\" content=\"summary_large_image\" \/>\n<meta name=\"twitter:label1\" content=\"Verfasst von\" \/>\n\t<meta name=\"twitter:data1\" content=\"BanKulin\" \/>\n\t<meta name=\"twitter:label2\" content=\"Gesch\u00e4tzte Lesezeit\" \/>\n\t<meta name=\"twitter:data2\" content=\"2\u00a0Minuten\" \/>\n<script type=\"application\/ld+json\" class=\"yoast-schema-graph\">{\"@context\":\"https:\/\/schema.org\",\"@graph\":[{\"@type\":\"Article\",\"@id\":\"https:\/\/www.bhakademiker.org\/2022\/04\/24\/vecer-sa-bosanskim-umjetnicama-ein-abend-mit-bosnischen-kuenstlerinnen\/#article\",\"isPartOf\":{\"@id\":\"https:\/\/www.bhakademiker.org\/2022\/04\/24\/vecer-sa-bosanskim-umjetnicama-ein-abend-mit-bosnischen-kuenstlerinnen\/\"},\"author\":{\"name\":\"BanKulin\",\"@id\":\"https:\/\/www.bhakademiker.org\/bs\/#\/schema\/person\/eb2bb45ccd10b1a8756ef049efa44da5\"},\"headline\":\"Ve\u010der sa bosanskim umjetnicama \/ Ein Abend mit bosnischen K\u00fcnstlerInnen\",\"datePublished\":\"2022-04-24T08:35:33+00:00\",\"dateModified\":\"2022-04-24T08:36:01+00:00\",\"mainEntityOfPage\":{\"@id\":\"https:\/\/www.bhakademiker.org\/2022\/04\/24\/vecer-sa-bosanskim-umjetnicama-ein-abend-mit-bosnischen-kuenstlerinnen\/\"},\"wordCount\":365,\"commentCount\":0,\"publisher\":{\"@id\":\"https:\/\/www.bhakademiker.org\/bs\/#organization\"},\"articleSection\":[\"BWK\"],\"inLanguage\":\"de\",\"potentialAction\":[{\"@type\":\"CommentAction\",\"name\":\"Comment\",\"target\":[\"https:\/\/www.bhakademiker.org\/2022\/04\/24\/vecer-sa-bosanskim-umjetnicama-ein-abend-mit-bosnischen-kuenstlerinnen\/#respond\"]}]},{\"@type\":\"WebPage\",\"@id\":\"https:\/\/www.bhakademiker.org\/2022\/04\/24\/vecer-sa-bosanskim-umjetnicama-ein-abend-mit-bosnischen-kuenstlerinnen\/\",\"url\":\"https:\/\/www.bhakademiker.org\/2022\/04\/24\/vecer-sa-bosanskim-umjetnicama-ein-abend-mit-bosnischen-kuenstlerinnen\/\",\"name\":\"Ve\u010der sa bosanskim umjetnicama \/ Ein Abend mit bosnischen K\u00fcnstlerInnen - Gesellschaft Bosnischer Akademiker\",\"isPartOf\":{\"@id\":\"https:\/\/www.bhakademiker.org\/bs\/#website\"},\"datePublished\":\"2022-04-24T08:35:33+00:00\",\"dateModified\":\"2022-04-24T08:36:01+00:00\",\"breadcrumb\":{\"@id\":\"https:\/\/www.bhakademiker.org\/2022\/04\/24\/vecer-sa-bosanskim-umjetnicama-ein-abend-mit-bosnischen-kuenstlerinnen\/#breadcrumb\"},\"inLanguage\":\"de\",\"potentialAction\":[{\"@type\":\"ReadAction\",\"target\":[\"https:\/\/www.bhakademiker.org\/2022\/04\/24\/vecer-sa-bosanskim-umjetnicama-ein-abend-mit-bosnischen-kuenstlerinnen\/\"]}]},{\"@type\":\"BreadcrumbList\",\"@id\":\"https:\/\/www.bhakademiker.org\/2022\/04\/24\/vecer-sa-bosanskim-umjetnicama-ein-abend-mit-bosnischen-kuenstlerinnen\/#breadcrumb\",\"itemListElement\":[{\"@type\":\"ListItem\",\"position\":1,\"name\":\"Home\",\"item\":\"https:\/\/www.bhakademiker.org\/\"},{\"@type\":\"ListItem\",\"position\":2,\"name\":\"Ve\u010der sa bosanskim umjetnicama \/ Ein Abend mit bosnischen K\u00fcnstlerInnen\"}]},{\"@type\":\"WebSite\",\"@id\":\"https:\/\/www.bhakademiker.org\/bs\/#website\",\"url\":\"https:\/\/www.bhakademiker.org\/bs\/\",\"name\":\"Gesellschaft Bosnischer Akademiker\",\"description\":\"\",\"publisher\":{\"@id\":\"https:\/\/www.bhakademiker.org\/bs\/#organization\"},\"potentialAction\":[{\"@type\":\"SearchAction\",\"target\":{\"@type\":\"EntryPoint\",\"urlTemplate\":\"https:\/\/www.bhakademiker.org\/bs\/?s={search_term_string}\"},\"query-input\":\"required name=search_term_string\"}],\"inLanguage\":\"de\"},{\"@type\":\"Organization\",\"@id\":\"https:\/\/www.bhakademiker.org\/bs\/#organization\",\"name\":\"Gesellschaft Bosnischer Akademiker in \u00d6sterreich\",\"url\":\"https:\/\/www.bhakademiker.org\/bs\/\",\"logo\":{\"@type\":\"ImageObject\",\"inLanguage\":\"de\",\"@id\":\"https:\/\/www.bhakademiker.org\/bs\/#\/schema\/logo\/image\/\",\"url\":\"https:\/\/www.bhakademiker.org\/wp-content\/uploads\/2022\/01\/featured-GBAA.png\",\"contentUrl\":\"https:\/\/www.bhakademiker.org\/wp-content\/uploads\/2022\/01\/featured-GBAA.png\",\"width\":1200,\"height\":630,\"caption\":\"Gesellschaft Bosnischer Akademiker in \u00d6sterreich\"},\"image\":{\"@id\":\"https:\/\/www.bhakademiker.org\/bs\/#\/schema\/logo\/image\/\"}},{\"@type\":\"Person\",\"@id\":\"https:\/\/www.bhakademiker.org\/bs\/#\/schema\/person\/eb2bb45ccd10b1a8756ef049efa44da5\",\"name\":\"BanKulin\",\"image\":{\"@type\":\"ImageObject\",\"inLanguage\":\"de\",\"@id\":\"https:\/\/www.bhakademiker.org\/bs\/#\/schema\/person\/image\/\",\"url\":\"https:\/\/secure.gravatar.com\/avatar\/c6d58ce317ac29451bb963305865585b0ee61581cac268f7b497945aea17e32c?s=96&d=mm&r=g\",\"contentUrl\":\"https:\/\/secure.gravatar.com\/avatar\/c6d58ce317ac29451bb963305865585b0ee61581cac268f7b497945aea17e32c?s=96&d=mm&r=g\",\"caption\":\"BanKulin\"},\"sameAs\":[\"https:\/\/www.bhakademiker.org\"],\"url\":\"https:\/\/www.bhakademiker.org\/de\/author\/bankulin\/\"}]}<\/script>\n<!-- \/ Yoast SEO plugin. -->","yoast_head_json":{"title":"Ve\u010der sa bosanskim umjetnicama \/ Ein Abend mit bosnischen K\u00fcnstlerInnen - Gesellschaft Bosnischer Akademiker","robots":{"index":"index","follow":"follow","max-snippet":"max-snippet:-1","max-image-preview":"max-image-preview:large","max-video-preview":"max-video-preview:-1"},"canonical":"https:\/\/www.bhakademiker.org\/de\/2022\/04\/24\/vecer-sa-bosanskim-umjetnicama-ein-abend-mit-bosnischen-kuenstlerinnen\/","og_locale":"de_DE","og_type":"article","og_title":"Ve\u010der sa bosanskim umjetnicama \/ Ein Abend mit bosnischen K\u00fcnstlerInnen - Gesellschaft Bosnischer Akademiker","og_description":"Die Welt in uns \u2013 ein Abend mit bosnischen K\u00fcnstlerInnen Termin: 23.05.2022 Von Sevdah \u00fcber Romantik, Jazz, Tango bis zum Pop: 6 K\u00fcnstlerinnen bosnischer Herkunft: Natasa Mirkovi\u0107 (Gesang) im Duo mi Pippo Corvino (Gitarre), Edina Sadikovi\u0107 (Fl\u00f6te), Lejla Fitozovi\u0107 (Klavier), Belma Tuzovi\u0107 (Gitarre), Ana Pokrkli\u0107 (Fl\u00f6te), Tina Kordi\u0107 (Klavier) spielen ein ganz besonderes Konzert und lassen uns in ihre Welt eintauchen. Die Wege der K\u00fcnstlerinnen kreuzten sich teilweise schon im Musikgymnasium in Sarajevo und weiter an der Universit\u00e4t f\u00fcr Musik und darstellende Kunst in Wien und Graz, sowie durch zahlreiche Konzerte in \u00d6sterreich, Ex-Yu, Europa, China und USA. Trotz verschiedener...","og_url":"https:\/\/www.bhakademiker.org\/de\/2022\/04\/24\/vecer-sa-bosanskim-umjetnicama-ein-abend-mit-bosnischen-kuenstlerinnen\/","og_site_name":"Gesellschaft Bosnischer Akademiker","article_published_time":"2022-04-24T08:35:33+00:00","article_modified_time":"2022-04-24T08:36:01+00:00","og_image":[{"width":1131,"height":1600,"url":"https:\/\/www.bhakademiker.org\/wp-content\/uploads\/2022\/04\/Die-Welt-in-uns_Plakat.jpg","type":"image\/jpeg"}],"author":"BanKulin","twitter_card":"summary_large_image","twitter_misc":{"Verfasst von":"BanKulin","Gesch\u00e4tzte Lesezeit":"2\u00a0Minuten"},"schema":{"@context":"https:\/\/schema.org","@graph":[{"@type":"Article","@id":"https:\/\/www.bhakademiker.org\/2022\/04\/24\/vecer-sa-bosanskim-umjetnicama-ein-abend-mit-bosnischen-kuenstlerinnen\/#article","isPartOf":{"@id":"https:\/\/www.bhakademiker.org\/2022\/04\/24\/vecer-sa-bosanskim-umjetnicama-ein-abend-mit-bosnischen-kuenstlerinnen\/"},"author":{"name":"BanKulin","@id":"https:\/\/www.bhakademiker.org\/bs\/#\/schema\/person\/eb2bb45ccd10b1a8756ef049efa44da5"},"headline":"Ve\u010der sa bosanskim umjetnicama \/ Ein Abend mit bosnischen K\u00fcnstlerInnen","datePublished":"2022-04-24T08:35:33+00:00","dateModified":"2022-04-24T08:36:01+00:00","mainEntityOfPage":{"@id":"https:\/\/www.bhakademiker.org\/2022\/04\/24\/vecer-sa-bosanskim-umjetnicama-ein-abend-mit-bosnischen-kuenstlerinnen\/"},"wordCount":365,"commentCount":0,"publisher":{"@id":"https:\/\/www.bhakademiker.org\/bs\/#organization"},"articleSection":["BWK"],"inLanguage":"de","potentialAction":[{"@type":"CommentAction","name":"Comment","target":["https:\/\/www.bhakademiker.org\/2022\/04\/24\/vecer-sa-bosanskim-umjetnicama-ein-abend-mit-bosnischen-kuenstlerinnen\/#respond"]}]},{"@type":"WebPage","@id":"https:\/\/www.bhakademiker.org\/2022\/04\/24\/vecer-sa-bosanskim-umjetnicama-ein-abend-mit-bosnischen-kuenstlerinnen\/","url":"https:\/\/www.bhakademiker.org\/2022\/04\/24\/vecer-sa-bosanskim-umjetnicama-ein-abend-mit-bosnischen-kuenstlerinnen\/","name":"Ve\u010der sa bosanskim umjetnicama \/ Ein Abend mit bosnischen K\u00fcnstlerInnen - Gesellschaft Bosnischer Akademiker","isPartOf":{"@id":"https:\/\/www.bhakademiker.org\/bs\/#website"},"datePublished":"2022-04-24T08:35:33+00:00","dateModified":"2022-04-24T08:36:01+00:00","breadcrumb":{"@id":"https:\/\/www.bhakademiker.org\/2022\/04\/24\/vecer-sa-bosanskim-umjetnicama-ein-abend-mit-bosnischen-kuenstlerinnen\/#breadcrumb"},"inLanguage":"de","potentialAction":[{"@type":"ReadAction","target":["https:\/\/www.bhakademiker.org\/2022\/04\/24\/vecer-sa-bosanskim-umjetnicama-ein-abend-mit-bosnischen-kuenstlerinnen\/"]}]},{"@type":"BreadcrumbList","@id":"https:\/\/www.bhakademiker.org\/2022\/04\/24\/vecer-sa-bosanskim-umjetnicama-ein-abend-mit-bosnischen-kuenstlerinnen\/#breadcrumb","itemListElement":[{"@type":"ListItem","position":1,"name":"Home","item":"https:\/\/www.bhakademiker.org\/"},{"@type":"ListItem","position":2,"name":"Ve\u010der sa bosanskim umjetnicama \/ Ein Abend mit bosnischen K\u00fcnstlerInnen"}]},{"@type":"WebSite","@id":"https:\/\/www.bhakademiker.org\/bs\/#website","url":"https:\/\/www.bhakademiker.org\/bs\/","name":"Gesellschaft Bosnischer Akademiker","description":"","publisher":{"@id":"https:\/\/www.bhakademiker.org\/bs\/#organization"},"potentialAction":[{"@type":"SearchAction","target":{"@type":"EntryPoint","urlTemplate":"https:\/\/www.bhakademiker.org\/bs\/?s={search_term_string}"},"query-input":"required name=search_term_string"}],"inLanguage":"de"},{"@type":"Organization","@id":"https:\/\/www.bhakademiker.org\/bs\/#organization","name":"Gesellschaft Bosnischer Akademiker in \u00d6sterreich","url":"https:\/\/www.bhakademiker.org\/bs\/","logo":{"@type":"ImageObject","inLanguage":"de","@id":"https:\/\/www.bhakademiker.org\/bs\/#\/schema\/logo\/image\/","url":"https:\/\/www.bhakademiker.org\/wp-content\/uploads\/2022\/01\/featured-GBAA.png","contentUrl":"https:\/\/www.bhakademiker.org\/wp-content\/uploads\/2022\/01\/featured-GBAA.png","width":1200,"height":630,"caption":"Gesellschaft Bosnischer Akademiker in \u00d6sterreich"},"image":{"@id":"https:\/\/www.bhakademiker.org\/bs\/#\/schema\/logo\/image\/"}},{"@type":"Person","@id":"https:\/\/www.bhakademiker.org\/bs\/#\/schema\/person\/eb2bb45ccd10b1a8756ef049efa44da5","name":"BanKulin","image":{"@type":"ImageObject","inLanguage":"de","@id":"https:\/\/www.bhakademiker.org\/bs\/#\/schema\/person\/image\/","url":"https:\/\/secure.gravatar.com\/avatar\/c6d58ce317ac29451bb963305865585b0ee61581cac268f7b497945aea17e32c?s=96&d=mm&r=g","contentUrl":"https:\/\/secure.gravatar.com\/avatar\/c6d58ce317ac29451bb963305865585b0ee61581cac268f7b497945aea17e32c?s=96&d=mm&r=g","caption":"BanKulin"},"sameAs":["https:\/\/www.bhakademiker.org"],"url":"https:\/\/www.bhakademiker.org\/de\/author\/bankulin\/"}]}},"_links":{"self":[{"href":"https:\/\/www.bhakademiker.org\/de\/wp-json\/wp\/v2\/posts\/2206","targetHints":{"allow":["GET"]}}],"collection":[{"href":"https:\/\/www.bhakademiker.org\/de\/wp-json\/wp\/v2\/posts"}],"about":[{"href":"https:\/\/www.bhakademiker.org\/de\/wp-json\/wp\/v2\/types\/post"}],"author":[{"embeddable":true,"href":"https:\/\/www.bhakademiker.org\/de\/wp-json\/wp\/v2\/users\/1"}],"replies":[{"embeddable":true,"href":"https:\/\/www.bhakademiker.org\/de\/wp-json\/wp\/v2\/comments?post=2206"}],"version-history":[{"count":2,"href":"https:\/\/www.bhakademiker.org\/de\/wp-json\/wp\/v2\/posts\/2206\/revisions"}],"predecessor-version":[{"id":2209,"href":"https:\/\/www.bhakademiker.org\/de\/wp-json\/wp\/v2\/posts\/2206\/revisions\/2209"}],"wp:featuredmedia":[{"embeddable":true,"href":"https:\/\/www.bhakademiker.org\/de\/wp-json\/wp\/v2\/media\/2207"}],"wp:attachment":[{"href":"https:\/\/www.bhakademiker.org\/de\/wp-json\/wp\/v2\/media?parent=2206"}],"wp:term":[{"taxonomy":"category","embeddable":true,"href":"https:\/\/www.bhakademiker.org\/de\/wp-json\/wp\/v2\/categories?post=2206"},{"taxonomy":"post_tag","embeddable":true,"href":"https:\/\/www.bhakademiker.org\/de\/wp-json\/wp\/v2\/tags?post=2206"}],"curies":[{"name":"wp","href":"https:\/\/api.w.org\/{rel}","templated":true}]}}