{"id":2780,"date":"2023-07-02T12:09:52","date_gmt":"2023-07-02T10:09:52","guid":{"rendered":"https:\/\/www.bhakademiker.org\/?p=2780"},"modified":"2025-10-16T12:15:36","modified_gmt":"2025-10-16T10:15:36","slug":"oesterreichisches-unterstuetzungskomitee","status":"publish","type":"post","link":"https:\/\/www.bhakademiker.org\/de\/2023\/07\/02\/oesterreichisches-unterstuetzungskomitee\/","title":{"rendered":"Das \u00f6sterreichische Unterst\u00fctzungskomitee"},"content":{"rendered":"<h1 style=\"text-align: center;\"><strong>Das \u00f6sterreichische Unterst\u00fctzungskomitee<\/strong><\/h1>\n<hr \/>\n<p>In den letzten Jahren haben sich namhafte \u00d6sterreicher:innen sowie Organisationen als Unterst\u00fctzer:innen der Bestrebungen der <em>Gesellschaft bosnischer Akademiker in \u00d6sterreich<\/em> um eine Anerkennung der bosnischen Volksgruppe angeschlossen. Dieses Komitee w\u00e4chst laufend und besteht derzeit aus:<\/p>\n<ol>\n<li><strong>Erhard Busek<\/strong> (verst.13.03.2022) \u2013 Initiator des Unterst\u00fctzungskomitees<\/li>\n<li>Oberst i.R. <strong>Wolfgang Wildberger<\/strong><\/li>\n<li>Prof. Dr. <strong>Wolfgang Petritsch<\/strong><\/li>\n<li>Dr. <strong>Helmut Brandst\u00e4tter<\/strong>, Mitglied des EU-Parlaments<\/li>\n<li>Dr. <strong>Heinz Fischer<\/strong>,\u00a0ehem. Bundespr\u00e4sident<\/li>\n<li>Dipl.Ing.<strong> Olga Voglauer<\/strong>, Abg.z.NR, Volksgruppensprecherin (Gr\u00fcne)<\/li>\n<li>Prof. Dr. <strong>Wolfgang Benedek<\/strong><\/li>\n<li>Prof. Dr. <strong>Josef Marko<\/strong><\/li>\n<li>Prof. Dr. <strong>Heinrich Neisser <\/strong>(verst. 22. August 2025)<\/li>\n<li>Dr. <strong>Irmgard Griss<\/strong>, ehem. Pr\u00e4sidentin des Obersten Gerichtshofes<\/li>\n<li>Dr. <strong>Hannes Swoboda, <\/strong>ehem. Mitglied des EU-Parlaments<\/li>\n<li>Dr. <strong>Franz Fischler<\/strong>, ehem. Bundesminister und EU-Kommissar<\/li>\n<li>Prof. Dr. <strong>Manfred Nowak<\/strong>, Generalsekret\u00e4r des European Intern-University Centers of Human Rights<\/li>\n<li>Mag. <strong>Lukas Mandl<\/strong>, Mitglied des EU-Parlaments<\/li>\n<li>Dr. <strong>Harald Troch<\/strong>, ehem. Abg.z.NR und ehem. Volksgruppensprecher (SP\u00d6)<\/li>\n<li>\u00d6sterreichisches Schwarzes Kreuz &#8211; Steiermark<\/li>\n<li>\u00d6sterreichisches Schwarzes Kreuz &#8211; Burgenland<\/li>\n<li>\u00d6sterreichisch-Bosnisch und Herzegowinische Gesellschaft (\u00d6BHG)<\/li>\n<li>Dachverband f\u00fcr serbische Vereine in Wien<\/li>\n<li>Kroatisches Zentrum Wien<\/li>\n<\/ol>\n<p><strong>\u00a0<\/strong><\/p>\n<p>Wien, Feb. 2022.<\/p>\n","protected":false},"excerpt":{"rendered":"<p>Unterst\u00fctzer:innen der Bestrebungen f\u00fcr die Anerkennung der bosnischen Volksgruppe<\/p>\n","protected":false},"author":1,"featured_media":2786,"comment_status":"open","ping_status":"open","sticky":false,"template":"","format":"standard","meta":{"footnotes":""},"categories":[71],"tags":[],"class_list":["post-2780","post","type-post","status-publish","format-standard","has-post-thumbnail","hentry","category-bosnier-in-oesterreich"],"yoast_head":"<!-- This site is optimized with the Yoast SEO plugin v20.3 - https:\/\/yoast.com\/wordpress\/plugins\/seo\/ -->\n<title>Das \u00f6sterreichische Unterst\u00fctzungskomitee - Gesellschaft Bosnischer Akademiker<\/title>\n<meta name=\"description\" content=\"Unterst\u00fctzer:innen der Bestrebungen f\u00fcr die Anerkennung der bosnischen Volksgruppe\" \/>\n<meta name=\"robots\" content=\"index, follow, max-snippet:-1, max-image-preview:large, max-video-preview:-1\" \/>\n<link rel=\"canonical\" href=\"https:\/\/www.bhakademiker.org\/de\/2023\/07\/02\/oesterreichisches-unterstuetzungskomitee\/\" \/>\n<meta property=\"og:locale\" content=\"de_DE\" \/>\n<meta property=\"og:type\" content=\"article\" \/>\n<meta property=\"og:title\" content=\"Das \u00f6sterreichische Unterst\u00fctzungskomitee\" \/>\n<meta property=\"og:description\" content=\"Unterst\u00fctzer:innen der Bestrebungen f\u00fcr die Anerkennung der bosnischen Volksgruppe\" \/>\n<meta property=\"og:url\" content=\"https:\/\/www.bhakademiker.org\/de\/2023\/07\/02\/oesterreichisches-unterstuetzungskomitee\/\" \/>\n<meta property=\"og:site_name\" content=\"Gesellschaft Bosnischer Akademiker\" \/>\n<meta property=\"article:published_time\" content=\"2023-07-02T10:09:52+00:00\" \/>\n<meta property=\"article:modified_time\" content=\"2025-10-16T10:15:36+00:00\" \/>\n<meta property=\"og:image\" content=\"https:\/\/www.bhakademiker.org\/wp-content\/uploads\/2023\/07\/Screenshot-2023-07-02-121128-1.png\" \/>\n\t<meta property=\"og:image:width\" content=\"1101\" \/>\n\t<meta property=\"og:image:height\" content=\"787\" \/>\n\t<meta property=\"og:image:type\" content=\"image\/png\" \/>\n<meta name=\"author\" content=\"BanKulin\" \/>\n<meta name=\"twitter:card\" content=\"summary_large_image\" \/>\n<meta name=\"twitter:title\" content=\"Das \u00f6sterreichische Unterst\u00fctzungskomitee\" \/>\n<meta name=\"twitter:description\" content=\"Unterst\u00fctzer:innen der Bestrebungen f\u00fcr die Anerkennung der bosnischen Volksgruppe\" \/>\n<meta name=\"twitter:image\" content=\"https:\/\/www.bhakademiker.org\/wp-content\/uploads\/2023\/07\/Screenshot-2023-07-02-121128-1.png\" \/>\n<meta name=\"twitter:label1\" content=\"Verfasst von\" \/>\n\t<meta name=\"twitter:data1\" content=\"BanKulin\" \/>\n\t<meta name=\"twitter:label2\" content=\"Gesch\u00e4tzte Lesezeit\" \/>\n\t<meta name=\"twitter:data2\" content=\"1\u00a0Minute\" \/>\n<script type=\"application\/ld+json\" class=\"yoast-schema-graph\">{\"@context\":\"https:\/\/schema.org\",\"@graph\":[{\"@type\":\"Article\",\"@id\":\"https:\/\/www.bhakademiker.org\/2023\/07\/02\/oesterreichisches-unterstuetzungskomitee\/#article\",\"isPartOf\":{\"@id\":\"https:\/\/www.bhakademiker.org\/2023\/07\/02\/oesterreichisches-unterstuetzungskomitee\/\"},\"author\":{\"name\":\"BanKulin\",\"@id\":\"https:\/\/www.bhakademiker.org\/bs\/#\/schema\/person\/eb2bb45ccd10b1a8756ef049efa44da5\"},\"headline\":\"Das \u00f6sterreichische Unterst\u00fctzungskomitee\",\"datePublished\":\"2023-07-02T10:09:52+00:00\",\"dateModified\":\"2025-10-16T10:15:36+00:00\",\"mainEntityOfPage\":{\"@id\":\"https:\/\/www.bhakademiker.org\/2023\/07\/02\/oesterreichisches-unterstuetzungskomitee\/\"},\"wordCount\":180,\"commentCount\":0,\"publisher\":{\"@id\":\"https:\/\/www.bhakademiker.org\/bs\/#organization\"},\"articleSection\":[\"Bosnier in \u00d6sterreich\"],\"inLanguage\":\"de\",\"potentialAction\":[{\"@type\":\"CommentAction\",\"name\":\"Comment\",\"target\":[\"https:\/\/www.bhakademiker.org\/2023\/07\/02\/oesterreichisches-unterstuetzungskomitee\/#respond\"]}]},{\"@type\":\"WebPage\",\"@id\":\"https:\/\/www.bhakademiker.org\/2023\/07\/02\/oesterreichisches-unterstuetzungskomitee\/\",\"url\":\"https:\/\/www.bhakademiker.org\/2023\/07\/02\/oesterreichisches-unterstuetzungskomitee\/\",\"name\":\"Das \u00f6sterreichische Unterst\u00fctzungskomitee - Gesellschaft Bosnischer Akademiker\",\"isPartOf\":{\"@id\":\"https:\/\/www.bhakademiker.org\/bs\/#website\"},\"datePublished\":\"2023-07-02T10:09:52+00:00\",\"dateModified\":\"2025-10-16T10:15:36+00:00\",\"description\":\"Unterst\u00fctzer:innen der Bestrebungen f\u00fcr die Anerkennung der bosnischen Volksgruppe\",\"breadcrumb\":{\"@id\":\"https:\/\/www.bhakademiker.org\/2023\/07\/02\/oesterreichisches-unterstuetzungskomitee\/#breadcrumb\"},\"inLanguage\":\"de\",\"potentialAction\":[{\"@type\":\"ReadAction\",\"target\":[\"https:\/\/www.bhakademiker.org\/2023\/07\/02\/oesterreichisches-unterstuetzungskomitee\/\"]}]},{\"@type\":\"BreadcrumbList\",\"@id\":\"https:\/\/www.bhakademiker.org\/2023\/07\/02\/oesterreichisches-unterstuetzungskomitee\/#breadcrumb\",\"itemListElement\":[{\"@type\":\"ListItem\",\"position\":1,\"name\":\"Home\",\"item\":\"https:\/\/www.bhakademiker.org\/\"},{\"@type\":\"ListItem\",\"position\":2,\"name\":\"Das \u00f6sterreichische Unterst\u00fctzungskomitee\"}]},{\"@type\":\"WebSite\",\"@id\":\"https:\/\/www.bhakademiker.org\/bs\/#website\",\"url\":\"https:\/\/www.bhakademiker.org\/bs\/\",\"name\":\"Gesellschaft Bosnischer Akademiker\",\"description\":\"\",\"publisher\":{\"@id\":\"https:\/\/www.bhakademiker.org\/bs\/#organization\"},\"potentialAction\":[{\"@type\":\"SearchAction\",\"target\":{\"@type\":\"EntryPoint\",\"urlTemplate\":\"https:\/\/www.bhakademiker.org\/bs\/?s={search_term_string}\"},\"query-input\":\"required name=search_term_string\"}],\"inLanguage\":\"de\"},{\"@type\":\"Organization\",\"@id\":\"https:\/\/www.bhakademiker.org\/bs\/#organization\",\"name\":\"Gesellschaft Bosnischer Akademiker in \u00d6sterreich\",\"url\":\"https:\/\/www.bhakademiker.org\/bs\/\",\"logo\":{\"@type\":\"ImageObject\",\"inLanguage\":\"de\",\"@id\":\"https:\/\/www.bhakademiker.org\/bs\/#\/schema\/logo\/image\/\",\"url\":\"https:\/\/www.bhakademiker.org\/wp-content\/uploads\/2022\/01\/featured-GBAA.png\",\"contentUrl\":\"https:\/\/www.bhakademiker.org\/wp-content\/uploads\/2022\/01\/featured-GBAA.png\",\"width\":1200,\"height\":630,\"caption\":\"Gesellschaft Bosnischer Akademiker in \u00d6sterreich\"},\"image\":{\"@id\":\"https:\/\/www.bhakademiker.org\/bs\/#\/schema\/logo\/image\/\"}},{\"@type\":\"Person\",\"@id\":\"https:\/\/www.bhakademiker.org\/bs\/#\/schema\/person\/eb2bb45ccd10b1a8756ef049efa44da5\",\"name\":\"BanKulin\",\"image\":{\"@type\":\"ImageObject\",\"inLanguage\":\"de\",\"@id\":\"https:\/\/www.bhakademiker.org\/bs\/#\/schema\/person\/image\/\",\"url\":\"https:\/\/secure.gravatar.com\/avatar\/c6d58ce317ac29451bb963305865585b0ee61581cac268f7b497945aea17e32c?s=96&d=mm&r=g\",\"contentUrl\":\"https:\/\/secure.gravatar.com\/avatar\/c6d58ce317ac29451bb963305865585b0ee61581cac268f7b497945aea17e32c?s=96&d=mm&r=g\",\"caption\":\"BanKulin\"},\"sameAs\":[\"https:\/\/www.bhakademiker.org\"],\"url\":\"https:\/\/www.bhakademiker.org\/de\/author\/bankulin\/\"}]}<\/script>\n<!-- \/ Yoast SEO plugin. -->","yoast_head_json":{"title":"Das \u00f6sterreichische Unterst\u00fctzungskomitee - Gesellschaft Bosnischer Akademiker","description":"Unterst\u00fctzer:innen der Bestrebungen f\u00fcr die Anerkennung der bosnischen Volksgruppe","robots":{"index":"index","follow":"follow","max-snippet":"max-snippet:-1","max-image-preview":"max-image-preview:large","max-video-preview":"max-video-preview:-1"},"canonical":"https:\/\/www.bhakademiker.org\/de\/2023\/07\/02\/oesterreichisches-unterstuetzungskomitee\/","og_locale":"de_DE","og_type":"article","og_title":"Das \u00f6sterreichische Unterst\u00fctzungskomitee","og_description":"Unterst\u00fctzer:innen der Bestrebungen f\u00fcr die Anerkennung der bosnischen Volksgruppe","og_url":"https:\/\/www.bhakademiker.org\/de\/2023\/07\/02\/oesterreichisches-unterstuetzungskomitee\/","og_site_name":"Gesellschaft Bosnischer Akademiker","article_published_time":"2023-07-02T10:09:52+00:00","article_modified_time":"2025-10-16T10:15:36+00:00","og_image":[{"width":1101,"height":787,"url":"https:\/\/www.bhakademiker.org\/wp-content\/uploads\/2023\/07\/Screenshot-2023-07-02-121128-1.png","type":"image\/png"}],"author":"BanKulin","twitter_card":"summary_large_image","twitter_title":"Das \u00f6sterreichische Unterst\u00fctzungskomitee","twitter_description":"Unterst\u00fctzer:innen der Bestrebungen f\u00fcr die Anerkennung der bosnischen Volksgruppe","twitter_image":"https:\/\/www.bhakademiker.org\/wp-content\/uploads\/2023\/07\/Screenshot-2023-07-02-121128-1.png","twitter_misc":{"Verfasst von":"BanKulin","Gesch\u00e4tzte Lesezeit":"1\u00a0Minute"},"schema":{"@context":"https:\/\/schema.org","@graph":[{"@type":"Article","@id":"https:\/\/www.bhakademiker.org\/2023\/07\/02\/oesterreichisches-unterstuetzungskomitee\/#article","isPartOf":{"@id":"https:\/\/www.bhakademiker.org\/2023\/07\/02\/oesterreichisches-unterstuetzungskomitee\/"},"author":{"name":"BanKulin","@id":"https:\/\/www.bhakademiker.org\/bs\/#\/schema\/person\/eb2bb45ccd10b1a8756ef049efa44da5"},"headline":"Das \u00f6sterreichische Unterst\u00fctzungskomitee","datePublished":"2023-07-02T10:09:52+00:00","dateModified":"2025-10-16T10:15:36+00:00","mainEntityOfPage":{"@id":"https:\/\/www.bhakademiker.org\/2023\/07\/02\/oesterreichisches-unterstuetzungskomitee\/"},"wordCount":180,"commentCount":0,"publisher":{"@id":"https:\/\/www.bhakademiker.org\/bs\/#organization"},"articleSection":["Bosnier in \u00d6sterreich"],"inLanguage":"de","potentialAction":[{"@type":"CommentAction","name":"Comment","target":["https:\/\/www.bhakademiker.org\/2023\/07\/02\/oesterreichisches-unterstuetzungskomitee\/#respond"]}]},{"@type":"WebPage","@id":"https:\/\/www.bhakademiker.org\/2023\/07\/02\/oesterreichisches-unterstuetzungskomitee\/","url":"https:\/\/www.bhakademiker.org\/2023\/07\/02\/oesterreichisches-unterstuetzungskomitee\/","name":"Das \u00f6sterreichische Unterst\u00fctzungskomitee - Gesellschaft Bosnischer Akademiker","isPartOf":{"@id":"https:\/\/www.bhakademiker.org\/bs\/#website"},"datePublished":"2023-07-02T10:09:52+00:00","dateModified":"2025-10-16T10:15:36+00:00","description":"Unterst\u00fctzer:innen der Bestrebungen f\u00fcr die Anerkennung der bosnischen Volksgruppe","breadcrumb":{"@id":"https:\/\/www.bhakademiker.org\/2023\/07\/02\/oesterreichisches-unterstuetzungskomitee\/#breadcrumb"},"inLanguage":"de","potentialAction":[{"@type":"ReadAction","target":["https:\/\/www.bhakademiker.org\/2023\/07\/02\/oesterreichisches-unterstuetzungskomitee\/"]}]},{"@type":"BreadcrumbList","@id":"https:\/\/www.bhakademiker.org\/2023\/07\/02\/oesterreichisches-unterstuetzungskomitee\/#breadcrumb","itemListElement":[{"@type":"ListItem","position":1,"name":"Home","item":"https:\/\/www.bhakademiker.org\/"},{"@type":"ListItem","position":2,"name":"Das \u00f6sterreichische Unterst\u00fctzungskomitee"}]},{"@type":"WebSite","@id":"https:\/\/www.bhakademiker.org\/bs\/#website","url":"https:\/\/www.bhakademiker.org\/bs\/","name":"Gesellschaft Bosnischer Akademiker","description":"","publisher":{"@id":"https:\/\/www.bhakademiker.org\/bs\/#organization"},"potentialAction":[{"@type":"SearchAction","target":{"@type":"EntryPoint","urlTemplate":"https:\/\/www.bhakademiker.org\/bs\/?s={search_term_string}"},"query-input":"required name=search_term_string"}],"inLanguage":"de"},{"@type":"Organization","@id":"https:\/\/www.bhakademiker.org\/bs\/#organization","name":"Gesellschaft Bosnischer Akademiker in \u00d6sterreich","url":"https:\/\/www.bhakademiker.org\/bs\/","logo":{"@type":"ImageObject","inLanguage":"de","@id":"https:\/\/www.bhakademiker.org\/bs\/#\/schema\/logo\/image\/","url":"https:\/\/www.bhakademiker.org\/wp-content\/uploads\/2022\/01\/featured-GBAA.png","contentUrl":"https:\/\/www.bhakademiker.org\/wp-content\/uploads\/2022\/01\/featured-GBAA.png","width":1200,"height":630,"caption":"Gesellschaft Bosnischer Akademiker in \u00d6sterreich"},"image":{"@id":"https:\/\/www.bhakademiker.org\/bs\/#\/schema\/logo\/image\/"}},{"@type":"Person","@id":"https:\/\/www.bhakademiker.org\/bs\/#\/schema\/person\/eb2bb45ccd10b1a8756ef049efa44da5","name":"BanKulin","image":{"@type":"ImageObject","inLanguage":"de","@id":"https:\/\/www.bhakademiker.org\/bs\/#\/schema\/person\/image\/","url":"https:\/\/secure.gravatar.com\/avatar\/c6d58ce317ac29451bb963305865585b0ee61581cac268f7b497945aea17e32c?s=96&d=mm&r=g","contentUrl":"https:\/\/secure.gravatar.com\/avatar\/c6d58ce317ac29451bb963305865585b0ee61581cac268f7b497945aea17e32c?s=96&d=mm&r=g","caption":"BanKulin"},"sameAs":["https:\/\/www.bhakademiker.org"],"url":"https:\/\/www.bhakademiker.org\/de\/author\/bankulin\/"}]}},"_links":{"self":[{"href":"https:\/\/www.bhakademiker.org\/de\/wp-json\/wp\/v2\/posts\/2780","targetHints":{"allow":["GET"]}}],"collection":[{"href":"https:\/\/www.bhakademiker.org\/de\/wp-json\/wp\/v2\/posts"}],"about":[{"href":"https:\/\/www.bhakademiker.org\/de\/wp-json\/wp\/v2\/types\/post"}],"author":[{"embeddable":true,"href":"https:\/\/www.bhakademiker.org\/de\/wp-json\/wp\/v2\/users\/1"}],"replies":[{"embeddable":true,"href":"https:\/\/www.bhakademiker.org\/de\/wp-json\/wp\/v2\/comments?post=2780"}],"version-history":[{"count":10,"href":"https:\/\/www.bhakademiker.org\/de\/wp-json\/wp\/v2\/posts\/2780\/revisions"}],"predecessor-version":[{"id":3995,"href":"https:\/\/www.bhakademiker.org\/de\/wp-json\/wp\/v2\/posts\/2780\/revisions\/3995"}],"wp:featuredmedia":[{"embeddable":true,"href":"https:\/\/www.bhakademiker.org\/de\/wp-json\/wp\/v2\/media\/2786"}],"wp:attachment":[{"href":"https:\/\/www.bhakademiker.org\/de\/wp-json\/wp\/v2\/media?parent=2780"}],"wp:term":[{"taxonomy":"category","embeddable":true,"href":"https:\/\/www.bhakademiker.org\/de\/wp-json\/wp\/v2\/categories?post=2780"},{"taxonomy":"post_tag","embeddable":true,"href":"https:\/\/www.bhakademiker.org\/de\/wp-json\/wp\/v2\/tags?post=2780"}],"curies":[{"name":"wp","href":"https:\/\/api.w.org\/{rel}","templated":true}]}}