{"id":3088,"date":"2024-03-10T16:25:53","date_gmt":"2024-03-10T15:25:53","guid":{"rendered":"https:\/\/www.bhakademiker.org\/?p=3088"},"modified":"2024-09-22T11:05:49","modified_gmt":"2024-09-22T09:05:49","slug":"tag-der-unternehmerinnen-mit-ursprung-aus-bosnien-und-herzegowina-2024","status":"publish","type":"post","link":"https:\/\/www.bhakademiker.org\/de\/2024\/03\/10\/tag-der-unternehmerinnen-mit-ursprung-aus-bosnien-und-herzegowina-2024\/","title":{"rendered":"Tag der Unternehmer:innen mit Ursprung aus Bosnien und Herzegowina 2024"},"content":{"rendered":"<p>Anl\u00e4sslich des 835. Jahrestages des ersten Handelsvertrags zwischen dem mittelalterlichen Bosnien und Dubrovnik (Povelja des Ban Kulin) veranstaltet die Gesellschaft Bosnischer Akademiker in \u00d6sterreich (BADA) dieses Jahr ein Treffen mit dem Titel<strong> \u201eTag der Unternehmer:innen mit Ursprung aus Bosnien und Herzegowina\u201c<\/strong><strong>.<\/strong><\/p>\n<hr \/>\n<h4 style=\"text-align: center;\"><em>S A V E\u00a0\u00a0 T H E\u00a0\u00a0 D A T E<\/em><\/h4>\n<hr \/>\n<p>Das Treffen findet am Samstag, <strong>12. Oktober 2024 in Graz statt.<\/strong><\/p>\n<p><img fetchpriority=\"high\" decoding=\"async\" class=\"alignnone wp-image-3464\" src=\"https:\/\/www.bhakademiker.org\/wp-content\/uploads\/2024\/03\/Screenshot-2024-09-22-105749-300x213.jpg\" alt=\"\" width=\"616\" height=\"437\" srcset=\"https:\/\/www.bhakademiker.org\/wp-content\/uploads\/2024\/03\/Screenshot-2024-09-22-105749-300x213.jpg 300w, https:\/\/www.bhakademiker.org\/wp-content\/uploads\/2024\/03\/Screenshot-2024-09-22-105749-768x545.jpg 768w, https:\/\/www.bhakademiker.org\/wp-content\/uploads\/2024\/03\/Screenshot-2024-09-22-105749-18x12.jpg 18w, https:\/\/www.bhakademiker.org\/wp-content\/uploads\/2024\/03\/Screenshot-2024-09-22-105749.jpg 967w\" sizes=\"(max-width: 616px) 100vw, 616px\" \/><\/p>\n<p>Referenten aus den Bereichen Wirtschaft, Wissenschaft und Bildung der bosnisch-herzegowinischen Diaspora in \u00d6sterreich werden einige positive Beispiele ihrer Arbeit und Zusammenarbeit bei Wirtschaftsprojekten in Bosnien und Herzegowina sowie Pl\u00e4ne zur weiteren Unterst\u00fctzung der wirtschaftlichen Entwicklung vorstellen. Der \u201eTag der Unternehmer:innen 2024\u201c wird sich auf die Vernetzung von Unternehmer:innen aus Bosnien und Herzegowina sowie auf verschiedene Herausforderungen und M\u00f6glichkeiten f\u00fcr die St\u00e4rkung von Unternehmer:innen in der EU und in Bosnien und Herzegowina konzentrieren.<\/p>\n<p><span style=\"color: #3366ff;\">Unter den G\u00e4sten werden Vertreter des Verbands Graduierter Studierenden und ihrer Professoren der Fakult\u00e4t f\u00fcr Maschinenbau in Banja Luka und ihres Rates f\u00fcr internationale Zusammenarbeit sowie Mitglieder der Vereinigung aus der gesamten EU, die einen Sitz in Europa und Bosnien und Herzegowina haben oder Eigent\u00fcmer produzierender Unternehmen sind.<\/span><\/p>\n<p>Die angenehme Atmosph\u00e4re des Treffens wird durch den Auftritt unserer K\u00fcnstler in Graz abgerundet.<\/p>\n<p>Aus diesem Anlass laden wir alle Unternehmer und Manager aus Graz, \u00d6sterreich und EU-L\u00e4ndern ein, sich anzumelden und an diesem Treffen teilzunehmen. \u00dcber die Einzelheiten dieses Treffens werden Sie rechtzeitig informiert.<\/p>\n<p>Bewerbungen per E-Mail an: <a href=\"mailto:wirtschaft@bhakademiker.org\"><em>wirtschaft@bhakademiker.org<\/em><\/a><\/p>\n<p>Organisationsteam: Denis \u010cavki\u0107 mit dem BADA-Team aus Graz<\/p>\n<hr \/>\n<h6><em>Die Gesellschaft Bosnsicher Akademiker in \u00d6sterreich (BADA) wurde 1994 akademischen B\u00fcrgern urspr\u00fcnglich aus Bosnien und Herzegowina gegr\u00fcndet. Im Jahr 2019 erhielt BADA einen Sonderbeobachterstatus im UN-Wirtschafts- und Sozialrat (ECOSOC). <\/em><em>Weitere Informationen zur Bosnischen Akademischen Gesellschaft auf der <a href=\"https:\/\/www.bhakademiker.org\/de\/\">Website<\/a> und der <a href=\"https:\/\/www.facebook.com\/BosnischeAkademiker\/\">Facebook-Seite<\/a>.<\/em><\/h6>\n<p>&nbsp;<\/p>\n","protected":false},"excerpt":{"rendered":"<p>Anl\u00e4sslich des 835. Jahrestages des ersten Handelsvertrags zwischen dem mittelalterlichen Bosnien und Dubrovnik (Povelja des Ban Kulin) veranstaltet die Gesellschaft Bosnischer Akademiker in \u00d6sterreich (BADA) dieses Jahr ein Treffen mit dem Titel \u201eTag der Unternehmer:innen mit Ursprung aus Bosnien und Herzegowina\u201c. S A V E\u00a0\u00a0 T H E\u00a0\u00a0 D A T E Das Treffen findet am Samstag, 12. Oktober 2024 in Graz statt. Referenten aus den Bereichen Wirtschaft, Wissenschaft und Bildung der bosnisch-herzegowinischen Diaspora in \u00d6sterreich werden einige positive Beispiele ihrer Arbeit und Zusammenarbeit bei Wirtschaftsprojekten in Bosnien und Herzegowina sowie Pl\u00e4ne zur weiteren Unterst\u00fctzung der wirtschaftlichen Entwicklung vorstellen. Der&#8230;<\/p>\n","protected":false},"author":1,"featured_media":3466,"comment_status":"closed","ping_status":"closed","sticky":false,"template":"","format":"standard","meta":{"footnotes":""},"categories":[69],"tags":[],"class_list":["post-3088","post","type-post","status-publish","format-standard","has-post-thumbnail","hentry","category-wirtschaft"],"yoast_head":"<!-- This site is optimized with the Yoast SEO plugin v20.3 - https:\/\/yoast.com\/wordpress\/plugins\/seo\/ -->\n<title>Tag der Unternehmer:innen mit Ursprung aus Bosnien und Herzegowina 2024<\/title>\n<meta name=\"description\" content=\"Am Samstag, dem 26. M\u00e4rz hat im Hotel NH Donau City der Tag der UnternehmerInnen mit Ursprung aus Bosnien und Herzegowina 2022 stattgefunden.\" \/>\n<meta name=\"robots\" content=\"index, follow, max-snippet:-1, max-image-preview:large, max-video-preview:-1\" \/>\n<link rel=\"canonical\" href=\"https:\/\/www.bhakademiker.org\/de\/2024\/03\/10\/tag-der-unternehmerinnen-mit-ursprung-aus-bosnien-und-herzegowina-2024\/\" \/>\n<meta property=\"og:locale\" content=\"de_DE\" \/>\n<meta property=\"og:type\" content=\"article\" \/>\n<meta property=\"og:title\" content=\"Tag der Unternehmer:innen mit Ursprung aus Bosnien und Herzegowina 2024\" \/>\n<meta property=\"og:description\" content=\"Am Samstag, dem 26. M\u00e4rz hat im Hotel NH Donau City der Tag der UnternehmerInnen mit Ursprung aus Bosnien und Herzegowina 2022 stattgefunden.\" \/>\n<meta property=\"og:url\" content=\"https:\/\/www.bhakademiker.org\/de\/2024\/03\/10\/tag-der-unternehmerinnen-mit-ursprung-aus-bosnien-und-herzegowina-2024\/\" \/>\n<meta property=\"og:site_name\" content=\"Gesellschaft Bosnischer Akademiker\" \/>\n<meta property=\"article:published_time\" content=\"2024-03-10T15:25:53+00:00\" \/>\n<meta property=\"article:modified_time\" content=\"2024-09-22T09:05:49+00:00\" \/>\n<meta property=\"og:image\" content=\"https:\/\/www.bhakademiker.org\/wp-content\/uploads\/2024\/03\/BADA-2023-original.jpg\" \/>\n\t<meta property=\"og:image:width\" content=\"942\" \/>\n\t<meta property=\"og:image:height\" content=\"664\" \/>\n\t<meta property=\"og:image:type\" content=\"image\/jpeg\" \/>\n<meta name=\"author\" content=\"BanKulin\" \/>\n<meta name=\"twitter:card\" content=\"summary_large_image\" \/>\n<meta name=\"twitter:title\" content=\"Tag der Unternehmer:innen mit Ursprung aus Bosnien und Herzegowina 2024\" \/>\n<meta name=\"twitter:image\" content=\"https:\/\/www.bhakademiker.org\/wp-content\/uploads\/2024\/03\/BADA-2023-original.jpg\" \/>\n<meta name=\"twitter:label1\" content=\"Verfasst von\" \/>\n\t<meta name=\"twitter:data1\" content=\"BanKulin\" \/>\n\t<meta name=\"twitter:label2\" content=\"Gesch\u00e4tzte Lesezeit\" \/>\n\t<meta name=\"twitter:data2\" content=\"2\u00a0Minuten\" \/>\n<script type=\"application\/ld+json\" class=\"yoast-schema-graph\">{\"@context\":\"https:\/\/schema.org\",\"@graph\":[{\"@type\":\"Article\",\"@id\":\"https:\/\/www.bhakademiker.org\/2024\/03\/10\/tag-der-unternehmerinnen-mit-ursprung-aus-bosnien-und-herzegowina-2024\/#article\",\"isPartOf\":{\"@id\":\"https:\/\/www.bhakademiker.org\/2024\/03\/10\/tag-der-unternehmerinnen-mit-ursprung-aus-bosnien-und-herzegowina-2024\/\"},\"author\":{\"name\":\"BanKulin\",\"@id\":\"https:\/\/www.bhakademiker.org\/bs\/#\/schema\/person\/eb2bb45ccd10b1a8756ef049efa44da5\"},\"headline\":\"Tag der Unternehmer:innen mit Ursprung aus Bosnien und Herzegowina 2024\",\"datePublished\":\"2024-03-10T15:25:53+00:00\",\"dateModified\":\"2024-09-22T09:05:49+00:00\",\"mainEntityOfPage\":{\"@id\":\"https:\/\/www.bhakademiker.org\/2024\/03\/10\/tag-der-unternehmerinnen-mit-ursprung-aus-bosnien-und-herzegowina-2024\/\"},\"wordCount\":310,\"publisher\":{\"@id\":\"https:\/\/www.bhakademiker.org\/bs\/#organization\"},\"articleSection\":[\"Wirtschaft\"],\"inLanguage\":\"de\"},{\"@type\":\"WebPage\",\"@id\":\"https:\/\/www.bhakademiker.org\/2024\/03\/10\/tag-der-unternehmerinnen-mit-ursprung-aus-bosnien-und-herzegowina-2024\/\",\"url\":\"https:\/\/www.bhakademiker.org\/2024\/03\/10\/tag-der-unternehmerinnen-mit-ursprung-aus-bosnien-und-herzegowina-2024\/\",\"name\":\"Tag der Unternehmer:innen mit Ursprung aus Bosnien und Herzegowina 2024\",\"isPartOf\":{\"@id\":\"https:\/\/www.bhakademiker.org\/bs\/#website\"},\"datePublished\":\"2024-03-10T15:25:53+00:00\",\"dateModified\":\"2024-09-22T09:05:49+00:00\",\"description\":\"Am Samstag, dem 26. M\u00e4rz hat im Hotel NH Donau City der Tag der UnternehmerInnen mit Ursprung aus Bosnien und Herzegowina 2022 stattgefunden.\",\"breadcrumb\":{\"@id\":\"https:\/\/www.bhakademiker.org\/2024\/03\/10\/tag-der-unternehmerinnen-mit-ursprung-aus-bosnien-und-herzegowina-2024\/#breadcrumb\"},\"inLanguage\":\"de\",\"potentialAction\":[{\"@type\":\"ReadAction\",\"target\":[\"https:\/\/www.bhakademiker.org\/2024\/03\/10\/tag-der-unternehmerinnen-mit-ursprung-aus-bosnien-und-herzegowina-2024\/\"]}]},{\"@type\":\"BreadcrumbList\",\"@id\":\"https:\/\/www.bhakademiker.org\/2024\/03\/10\/tag-der-unternehmerinnen-mit-ursprung-aus-bosnien-und-herzegowina-2024\/#breadcrumb\",\"itemListElement\":[{\"@type\":\"ListItem\",\"position\":1,\"name\":\"Home\",\"item\":\"https:\/\/www.bhakademiker.org\/\"},{\"@type\":\"ListItem\",\"position\":2,\"name\":\"Tag der Unternehmer:innen mit Ursprung aus Bosnien und Herzegowina 2024\"}]},{\"@type\":\"WebSite\",\"@id\":\"https:\/\/www.bhakademiker.org\/bs\/#website\",\"url\":\"https:\/\/www.bhakademiker.org\/bs\/\",\"name\":\"Gesellschaft Bosnischer Akademiker\",\"description\":\"\",\"publisher\":{\"@id\":\"https:\/\/www.bhakademiker.org\/bs\/#organization\"},\"potentialAction\":[{\"@type\":\"SearchAction\",\"target\":{\"@type\":\"EntryPoint\",\"urlTemplate\":\"https:\/\/www.bhakademiker.org\/bs\/?s={search_term_string}\"},\"query-input\":\"required name=search_term_string\"}],\"inLanguage\":\"de\"},{\"@type\":\"Organization\",\"@id\":\"https:\/\/www.bhakademiker.org\/bs\/#organization\",\"name\":\"Gesellschaft Bosnischer Akademiker in \u00d6sterreich\",\"url\":\"https:\/\/www.bhakademiker.org\/bs\/\",\"logo\":{\"@type\":\"ImageObject\",\"inLanguage\":\"de\",\"@id\":\"https:\/\/www.bhakademiker.org\/bs\/#\/schema\/logo\/image\/\",\"url\":\"https:\/\/www.bhakademiker.org\/wp-content\/uploads\/2022\/01\/featured-GBAA.png\",\"contentUrl\":\"https:\/\/www.bhakademiker.org\/wp-content\/uploads\/2022\/01\/featured-GBAA.png\",\"width\":1200,\"height\":630,\"caption\":\"Gesellschaft Bosnischer Akademiker in \u00d6sterreich\"},\"image\":{\"@id\":\"https:\/\/www.bhakademiker.org\/bs\/#\/schema\/logo\/image\/\"}},{\"@type\":\"Person\",\"@id\":\"https:\/\/www.bhakademiker.org\/bs\/#\/schema\/person\/eb2bb45ccd10b1a8756ef049efa44da5\",\"name\":\"BanKulin\",\"image\":{\"@type\":\"ImageObject\",\"inLanguage\":\"de\",\"@id\":\"https:\/\/www.bhakademiker.org\/bs\/#\/schema\/person\/image\/\",\"url\":\"https:\/\/secure.gravatar.com\/avatar\/c6d58ce317ac29451bb963305865585b0ee61581cac268f7b497945aea17e32c?s=96&d=mm&r=g\",\"contentUrl\":\"https:\/\/secure.gravatar.com\/avatar\/c6d58ce317ac29451bb963305865585b0ee61581cac268f7b497945aea17e32c?s=96&d=mm&r=g\",\"caption\":\"BanKulin\"},\"sameAs\":[\"https:\/\/www.bhakademiker.org\"],\"url\":\"https:\/\/www.bhakademiker.org\/de\/author\/bankulin\/\"}]}<\/script>\n<!-- \/ Yoast SEO plugin. -->","yoast_head_json":{"title":"Tag der Unternehmer:innen mit Ursprung aus Bosnien und Herzegowina 2024","description":"Am Samstag, dem 26. M\u00e4rz hat im Hotel NH Donau City der Tag der UnternehmerInnen mit Ursprung aus Bosnien und Herzegowina 2022 stattgefunden.","robots":{"index":"index","follow":"follow","max-snippet":"max-snippet:-1","max-image-preview":"max-image-preview:large","max-video-preview":"max-video-preview:-1"},"canonical":"https:\/\/www.bhakademiker.org\/de\/2024\/03\/10\/tag-der-unternehmerinnen-mit-ursprung-aus-bosnien-und-herzegowina-2024\/","og_locale":"de_DE","og_type":"article","og_title":"Tag der Unternehmer:innen mit Ursprung aus Bosnien und Herzegowina 2024","og_description":"Am Samstag, dem 26. M\u00e4rz hat im Hotel NH Donau City der Tag der UnternehmerInnen mit Ursprung aus Bosnien und Herzegowina 2022 stattgefunden.","og_url":"https:\/\/www.bhakademiker.org\/de\/2024\/03\/10\/tag-der-unternehmerinnen-mit-ursprung-aus-bosnien-und-herzegowina-2024\/","og_site_name":"Gesellschaft Bosnischer Akademiker","article_published_time":"2024-03-10T15:25:53+00:00","article_modified_time":"2024-09-22T09:05:49+00:00","og_image":[{"width":942,"height":664,"url":"https:\/\/www.bhakademiker.org\/wp-content\/uploads\/2024\/03\/BADA-2023-original.jpg","type":"image\/jpeg"}],"author":"BanKulin","twitter_card":"summary_large_image","twitter_title":"Tag der Unternehmer:innen mit Ursprung aus Bosnien und Herzegowina 2024","twitter_image":"https:\/\/www.bhakademiker.org\/wp-content\/uploads\/2024\/03\/BADA-2023-original.jpg","twitter_misc":{"Verfasst von":"BanKulin","Gesch\u00e4tzte Lesezeit":"2\u00a0Minuten"},"schema":{"@context":"https:\/\/schema.org","@graph":[{"@type":"Article","@id":"https:\/\/www.bhakademiker.org\/2024\/03\/10\/tag-der-unternehmerinnen-mit-ursprung-aus-bosnien-und-herzegowina-2024\/#article","isPartOf":{"@id":"https:\/\/www.bhakademiker.org\/2024\/03\/10\/tag-der-unternehmerinnen-mit-ursprung-aus-bosnien-und-herzegowina-2024\/"},"author":{"name":"BanKulin","@id":"https:\/\/www.bhakademiker.org\/bs\/#\/schema\/person\/eb2bb45ccd10b1a8756ef049efa44da5"},"headline":"Tag der Unternehmer:innen mit Ursprung aus Bosnien und Herzegowina 2024","datePublished":"2024-03-10T15:25:53+00:00","dateModified":"2024-09-22T09:05:49+00:00","mainEntityOfPage":{"@id":"https:\/\/www.bhakademiker.org\/2024\/03\/10\/tag-der-unternehmerinnen-mit-ursprung-aus-bosnien-und-herzegowina-2024\/"},"wordCount":310,"publisher":{"@id":"https:\/\/www.bhakademiker.org\/bs\/#organization"},"articleSection":["Wirtschaft"],"inLanguage":"de"},{"@type":"WebPage","@id":"https:\/\/www.bhakademiker.org\/2024\/03\/10\/tag-der-unternehmerinnen-mit-ursprung-aus-bosnien-und-herzegowina-2024\/","url":"https:\/\/www.bhakademiker.org\/2024\/03\/10\/tag-der-unternehmerinnen-mit-ursprung-aus-bosnien-und-herzegowina-2024\/","name":"Tag der Unternehmer:innen mit Ursprung aus Bosnien und Herzegowina 2024","isPartOf":{"@id":"https:\/\/www.bhakademiker.org\/bs\/#website"},"datePublished":"2024-03-10T15:25:53+00:00","dateModified":"2024-09-22T09:05:49+00:00","description":"Am Samstag, dem 26. M\u00e4rz hat im Hotel NH Donau City der Tag der UnternehmerInnen mit Ursprung aus Bosnien und Herzegowina 2022 stattgefunden.","breadcrumb":{"@id":"https:\/\/www.bhakademiker.org\/2024\/03\/10\/tag-der-unternehmerinnen-mit-ursprung-aus-bosnien-und-herzegowina-2024\/#breadcrumb"},"inLanguage":"de","potentialAction":[{"@type":"ReadAction","target":["https:\/\/www.bhakademiker.org\/2024\/03\/10\/tag-der-unternehmerinnen-mit-ursprung-aus-bosnien-und-herzegowina-2024\/"]}]},{"@type":"BreadcrumbList","@id":"https:\/\/www.bhakademiker.org\/2024\/03\/10\/tag-der-unternehmerinnen-mit-ursprung-aus-bosnien-und-herzegowina-2024\/#breadcrumb","itemListElement":[{"@type":"ListItem","position":1,"name":"Home","item":"https:\/\/www.bhakademiker.org\/"},{"@type":"ListItem","position":2,"name":"Tag der Unternehmer:innen mit Ursprung aus Bosnien und Herzegowina 2024"}]},{"@type":"WebSite","@id":"https:\/\/www.bhakademiker.org\/bs\/#website","url":"https:\/\/www.bhakademiker.org\/bs\/","name":"Gesellschaft Bosnischer Akademiker","description":"","publisher":{"@id":"https:\/\/www.bhakademiker.org\/bs\/#organization"},"potentialAction":[{"@type":"SearchAction","target":{"@type":"EntryPoint","urlTemplate":"https:\/\/www.bhakademiker.org\/bs\/?s={search_term_string}"},"query-input":"required name=search_term_string"}],"inLanguage":"de"},{"@type":"Organization","@id":"https:\/\/www.bhakademiker.org\/bs\/#organization","name":"Gesellschaft Bosnischer Akademiker in \u00d6sterreich","url":"https:\/\/www.bhakademiker.org\/bs\/","logo":{"@type":"ImageObject","inLanguage":"de","@id":"https:\/\/www.bhakademiker.org\/bs\/#\/schema\/logo\/image\/","url":"https:\/\/www.bhakademiker.org\/wp-content\/uploads\/2022\/01\/featured-GBAA.png","contentUrl":"https:\/\/www.bhakademiker.org\/wp-content\/uploads\/2022\/01\/featured-GBAA.png","width":1200,"height":630,"caption":"Gesellschaft Bosnischer Akademiker in \u00d6sterreich"},"image":{"@id":"https:\/\/www.bhakademiker.org\/bs\/#\/schema\/logo\/image\/"}},{"@type":"Person","@id":"https:\/\/www.bhakademiker.org\/bs\/#\/schema\/person\/eb2bb45ccd10b1a8756ef049efa44da5","name":"BanKulin","image":{"@type":"ImageObject","inLanguage":"de","@id":"https:\/\/www.bhakademiker.org\/bs\/#\/schema\/person\/image\/","url":"https:\/\/secure.gravatar.com\/avatar\/c6d58ce317ac29451bb963305865585b0ee61581cac268f7b497945aea17e32c?s=96&d=mm&r=g","contentUrl":"https:\/\/secure.gravatar.com\/avatar\/c6d58ce317ac29451bb963305865585b0ee61581cac268f7b497945aea17e32c?s=96&d=mm&r=g","caption":"BanKulin"},"sameAs":["https:\/\/www.bhakademiker.org"],"url":"https:\/\/www.bhakademiker.org\/de\/author\/bankulin\/"}]}},"_links":{"self":[{"href":"https:\/\/www.bhakademiker.org\/de\/wp-json\/wp\/v2\/posts\/3088","targetHints":{"allow":["GET"]}}],"collection":[{"href":"https:\/\/www.bhakademiker.org\/de\/wp-json\/wp\/v2\/posts"}],"about":[{"href":"https:\/\/www.bhakademiker.org\/de\/wp-json\/wp\/v2\/types\/post"}],"author":[{"embeddable":true,"href":"https:\/\/www.bhakademiker.org\/de\/wp-json\/wp\/v2\/users\/1"}],"replies":[{"embeddable":true,"href":"https:\/\/www.bhakademiker.org\/de\/wp-json\/wp\/v2\/comments?post=3088"}],"version-history":[{"count":5,"href":"https:\/\/www.bhakademiker.org\/de\/wp-json\/wp\/v2\/posts\/3088\/revisions"}],"predecessor-version":[{"id":3467,"href":"https:\/\/www.bhakademiker.org\/de\/wp-json\/wp\/v2\/posts\/3088\/revisions\/3467"}],"wp:featuredmedia":[{"embeddable":true,"href":"https:\/\/www.bhakademiker.org\/de\/wp-json\/wp\/v2\/media\/3466"}],"wp:attachment":[{"href":"https:\/\/www.bhakademiker.org\/de\/wp-json\/wp\/v2\/media?parent=3088"}],"wp:term":[{"taxonomy":"category","embeddable":true,"href":"https:\/\/www.bhakademiker.org\/de\/wp-json\/wp\/v2\/categories?post=3088"},{"taxonomy":"post_tag","embeddable":true,"href":"https:\/\/www.bhakademiker.org\/de\/wp-json\/wp\/v2\/tags?post=3088"}],"curies":[{"name":"wp","href":"https:\/\/api.w.org\/{rel}","templated":true}]}}