{"id":3190,"date":"2024-04-21T23:11:49","date_gmt":"2024-04-21T21:11:49","guid":{"rendered":"https:\/\/www.bhakademiker.org\/?p=3190"},"modified":"2024-04-23T09:54:43","modified_gmt":"2024-04-23T07:54:43","slug":"zusammenfassung-des-besuchs-am-soldatenfriedhof-amras","status":"publish","type":"post","link":"https:\/\/www.bhakademiker.org\/de\/2024\/04\/21\/zusammenfassung-des-besuchs-am-soldatenfriedhof-amras\/","title":{"rendered":"Amras 2024"},"content":{"rendered":"<h2><strong>Amras 2024<\/strong><\/h2>\n<p>Am 20. April fand der erste Besuch des Soldatenfriedhof Amras statt. Diese Veranstaltung ist eine Fortf\u00fchrung der Gedenkkultur, die die Gesellschaft Bosnischer Akademiker in \u00d6sterreich und EU pflegt.<\/p>\n<p>An den Feierlichkeiten nahmen teil:<\/p>\n<p><u>Aus \u00f6sterreichischen Vertretern:<\/u><\/p>\n<p>Franz Fischler, fr\u00fcherer EU-Kommissar<\/p>\n<p>Hermann Hotter, Pr\u00e4sident des Schwarzen Kreuzes f\u00fcr Tirol<\/p>\n<p><u>Aus Wien:<\/u><\/p>\n<p>Siradj Duhan, Pr\u00e4sident der BADEU<\/p>\n<p>Davul Ljuhar, Ehrenkonsul von Bosnien und Herzegowina in \u00d6sterreich<\/p>\n<p>Alen Suljagi\u0107, Vizepr\u00e4sident der BADA<\/p>\n<p><u>Aus Innsbruck:<\/u><\/p>\n<p>Mato Dominkovi\u0107, Nedeljko Vu\u010dkovi\u0107, Mitglieder des BADA und BADEU<\/p>\n<p>&nbsp;<\/p>\n<p>Die Anwesenheit des Pr\u00e4sidenten der Gesellschaft Bosnischer Akademiker in Deutschland, Azim \u010cau\u0161evi\u0107, mit seiner Frau hat uns sehr erfreut.<\/p>\n<p>Den musikalischen Rahmen bildete Dominika Hu\u010dka, Mitglied der Tiroler Philharmonie, mit der Fl\u00f6te und dem St\u00fcck von W.A. Mozart Violinkonzert G-Dur 2. Satz.<\/p>\n<p>Im Rahmen dieser Information \u00fcbermitteln wir die Reden des Pr\u00e4sidenten des BADA\/BADEU und des Pr\u00e4sidenten des \u00d6sterreichisch-Bosnisch-Herzegowinischen Vereins in \u00d6sterreich, die vom Ehrenkonsul Davul Ljuhar verlesen wurden.<\/p>\n<p>Die \u00f6sterreichische Delegation hat sich \u00fcber diese Initiative sehr gefreut. Der ehemalige EU-Kommissar Dr. Fischler, der auch Mitglied des Komitees zur Unterst\u00fctzung der Entwicklung der bosnischen nationalen Minderheit in \u00d6sterreich ist, wird weiterhin unsere Projekte unterst\u00fctzen, die darauf abzielen, gute zwischenmenschliche Beziehungen zu f\u00f6rdern.<\/p>\n<p>Es wurde betont, dass die bosnische nationale Minderheit in \u00d6sterreich den begonnenen Prozess der F\u00f6rderung guter Nachbarschaftsbeziehungen mit allen Nationen in Europa fortsetzen wird.<\/p>\n<p>Es wurde vereinbart, dass das n\u00e4chste Treffen am dritten Samstag im April 2025 stattfinden wird.<\/p>\n<p><em>Gemeinsam gehen wir weiter<\/em><\/p>\n<p><em>Team BADA\/BADEU<\/em><\/p>\n\n\t\t<style type=\"text\/css\">\n\t\t\t#gallery-1 {\n\t\t\t\tmargin: auto;\n\t\t\t}\n\t\t\t#gallery-1 .gallery-item {\n\t\t\t\tfloat: left;\n\t\t\t\tmargin-top: 10px;\n\t\t\t\ttext-align: center;\n\t\t\t\twidth: 50%;\n\t\t\t}\n\t\t\t#gallery-1 img {\n\t\t\t\tborder: 2px solid #cfcfcf;\n\t\t\t}\n\t\t\t#gallery-1 .gallery-caption {\n\t\t\t\tmargin-left: 0;\n\t\t\t}\n\t\t\t\/* see gallery_shortcode() in wp-includes\/media.php *\/\n\t\t<\/style>\n\t\t<div id='gallery-1' class='gallery galleryid-3190 gallery-columns-2 gallery-size-large'><dl class='gallery-item'>\n\t\t\t<dt class='gallery-icon landscape'>\n\t\t\t\t<a href='https:\/\/www.bhakademiker.org\/de\/2024\/04\/21\/zusammenfassung-des-besuchs-am-soldatenfriedhof-amras\/01-2\/'><img fetchpriority=\"high\" decoding=\"async\" width=\"770\" height=\"433\" src=\"https:\/\/www.bhakademiker.org\/wp-content\/uploads\/2024\/04\/01-1024x576.jpg\" class=\"attachment-large size-large\" alt=\"\" srcset=\"https:\/\/www.bhakademiker.org\/wp-content\/uploads\/2024\/04\/01-1024x576.jpg 1024w, https:\/\/www.bhakademiker.org\/wp-content\/uploads\/2024\/04\/01-300x169.jpg 300w, https:\/\/www.bhakademiker.org\/wp-content\/uploads\/2024\/04\/01-768x432.jpg 768w, https:\/\/www.bhakademiker.org\/wp-content\/uploads\/2024\/04\/01-1536x864.jpg 1536w, https:\/\/www.bhakademiker.org\/wp-content\/uploads\/2024\/04\/01-2048x1152.jpg 2048w, https:\/\/www.bhakademiker.org\/wp-content\/uploads\/2024\/04\/01-18x10.jpg 18w, https:\/\/www.bhakademiker.org\/wp-content\/uploads\/2024\/04\/01-847x477.jpg 847w\" sizes=\"(max-width: 770px) 100vw, 770px\" \/><\/a>\n\t\t\t<\/dt><\/dl><dl class='gallery-item'>\n\t\t\t<dt class='gallery-icon landscape'>\n\t\t\t\t<a href='https:\/\/www.bhakademiker.org\/de\/2024\/04\/21\/zusammenfassung-des-besuchs-am-soldatenfriedhof-amras\/foto-20-04-24-11-23-26\/'><img decoding=\"async\" width=\"770\" height=\"578\" src=\"https:\/\/www.bhakademiker.org\/wp-content\/uploads\/2024\/04\/Foto-20.04.24-11-23-26-1024x768.jpg\" class=\"attachment-large size-large\" alt=\"\" srcset=\"https:\/\/www.bhakademiker.org\/wp-content\/uploads\/2024\/04\/Foto-20.04.24-11-23-26-1024x768.jpg 1024w, https:\/\/www.bhakademiker.org\/wp-content\/uploads\/2024\/04\/Foto-20.04.24-11-23-26-300x225.jpg 300w, https:\/\/www.bhakademiker.org\/wp-content\/uploads\/2024\/04\/Foto-20.04.24-11-23-26-768x576.jpg 768w, https:\/\/www.bhakademiker.org\/wp-content\/uploads\/2024\/04\/Foto-20.04.24-11-23-26-1536x1152.jpg 1536w, https:\/\/www.bhakademiker.org\/wp-content\/uploads\/2024\/04\/Foto-20.04.24-11-23-26-2048x1536.jpg 2048w, https:\/\/www.bhakademiker.org\/wp-content\/uploads\/2024\/04\/Foto-20.04.24-11-23-26-16x12.jpg 16w\" sizes=\"(max-width: 770px) 100vw, 770px\" \/><\/a>\n\t\t\t<\/dt><\/dl><br style=\"clear: both\" \/><dl class='gallery-item'>\n\t\t\t<dt class='gallery-icon landscape'>\n\t\t\t\t<a href='https:\/\/www.bhakademiker.org\/de\/2024\/04\/21\/zusammenfassung-des-besuchs-am-soldatenfriedhof-amras\/attachment\/0001\/'><img decoding=\"async\" width=\"770\" height=\"568\" src=\"https:\/\/www.bhakademiker.org\/wp-content\/uploads\/2024\/04\/0001-1024x755.jpg\" class=\"attachment-large size-large\" alt=\"\" srcset=\"https:\/\/www.bhakademiker.org\/wp-content\/uploads\/2024\/04\/0001-1024x755.jpg 1024w, https:\/\/www.bhakademiker.org\/wp-content\/uploads\/2024\/04\/0001-300x221.jpg 300w, https:\/\/www.bhakademiker.org\/wp-content\/uploads\/2024\/04\/0001-768x566.jpg 768w, https:\/\/www.bhakademiker.org\/wp-content\/uploads\/2024\/04\/0001-1536x1133.jpg 1536w, https:\/\/www.bhakademiker.org\/wp-content\/uploads\/2024\/04\/0001-16x12.jpg 16w, https:\/\/www.bhakademiker.org\/wp-content\/uploads\/2024\/04\/0001.jpg 1942w\" sizes=\"(max-width: 770px) 100vw, 770px\" \/><\/a>\n\t\t\t<\/dt><\/dl><dl class='gallery-item'>\n\t\t\t<dt class='gallery-icon landscape'>\n\t\t\t\t<a href='https:\/\/www.bhakademiker.org\/de\/2024\/04\/21\/zusammenfassung-des-besuchs-am-soldatenfriedhof-amras\/001-3\/'><img loading=\"lazy\" decoding=\"async\" width=\"770\" height=\"578\" src=\"https:\/\/www.bhakademiker.org\/wp-content\/uploads\/2024\/04\/001-3-1024x768.jpg\" class=\"attachment-large size-large\" alt=\"\" srcset=\"https:\/\/www.bhakademiker.org\/wp-content\/uploads\/2024\/04\/001-3-1024x768.jpg 1024w, https:\/\/www.bhakademiker.org\/wp-content\/uploads\/2024\/04\/001-3-300x225.jpg 300w, https:\/\/www.bhakademiker.org\/wp-content\/uploads\/2024\/04\/001-3-768x576.jpg 768w, https:\/\/www.bhakademiker.org\/wp-content\/uploads\/2024\/04\/001-3-1536x1152.jpg 1536w, https:\/\/www.bhakademiker.org\/wp-content\/uploads\/2024\/04\/001-3-16x12.jpg 16w, https:\/\/www.bhakademiker.org\/wp-content\/uploads\/2024\/04\/001-3.jpg 2016w\" sizes=\"(max-width: 770px) 100vw, 770px\" \/><\/a>\n\t\t\t<\/dt><\/dl><br style=\"clear: both\" \/>\n\t\t<\/div>\n\n<p><em><strong><span style=\"color: #333399;\">Hinweis:<\/span> Untenstehend folgen die Reden vom Pr\u00e4sident der \u00d6sterreichisch \u2013 Bosnisch &amp; <\/strong><strong>Herzegowinische Gesellschaft, Oberst i.R. Wolfgang F.J. Wildberger MSD &amp; Pr\u00e4sident der Gesellschaft Bosnischer Akademiker in \u00d6sterreich, Siradj Duhan.<\/strong><\/em><\/p>\n<hr \/>\n<h3><strong>Rede vom Pr\u00e4sident der \u00d6sterreichisch \u2013 Bosnisch &amp; <\/strong><strong>Herzegowinische Gesellschaft, Oberst i.R. Wolfgang F.J. Wildberger MSD<\/strong><\/h3>\n<p><strong>Gru\u00dfbotschaft zum Gedenken beim Bosniaken-Friedhof Amras am 20.April 2024<\/strong><\/p>\n<p>Als Pr\u00e4sident der \u00d6sterreichisch-Bosnisch&amp;Herzegowinischen Gesellschaft kann ich die Initiative zum Gedenken beim Bosniaken-Teils des gro\u00dfen Soldatenfriedhofs in Innsbruck\/Amras nur zutiefst begr\u00fc\u00dfen. Ich bedaure sehr, nicht selber teilnehmen zu k\u00f6nnen, da ich durch eine fr\u00fcher get\u00e4tigte Zusage zu einer anderen Veranstaltung gebunden bin.<\/p>\n<p>Die Bosniakenregimenter \u2013 hier sei darauf verwiesen, dass fr\u00fcher alle Einwohner von Bosnien und der Herzegowina als \u201eBosniaken\u201c bezeichnet wurden \u2013 z\u00e4hlten im Ersten Weltkrieg zu den tapfersten der Alten Armee. Sie erwiesen dadurch wohl auch ihre Dankbarkeit f\u00fcr die Aufbauarbeit der \u00f6sterreichisch-ungarischen Monarchie in den 35 Jahren zuvor. Hier m\u00f6chte ich das bosnisch-herzegowinische Infanterieregiment Nr.2 aus dem Erg\u00e4nzungsbezirk Banja Luka besonders erw\u00e4hnen, welches zum meistausgezeichneten Regiment der gesamten k.u.k. Armee wurde. Mit Hauptmann Gojkomir Glogovac hatte es auch einen Maria-Theresien-Ritter in seinen Reihen, der noch dazu selber aus Bosnien stammte.<\/p>\n<p>Es ist daher nur allzu berechtigt, dass die an den Folgen von Verwundung oder Krankheit in Innsbruck verstorbenen Soldaten aus Bosnien-Herzegowina an einem so w\u00fcrdigen Platz in Amras ihre letzte Ruhe gefunden haben.<\/p>\n<p>Der f\u00fcr die Betreuung des Friedhofs zust\u00e4ndigen Landesstelle des \u00d6sterreichischen Schwarzen Kreuzes geb\u00fchrt hier gro\u00dfer Dank. Aber ebenso bedanke ich mich namens der \u00d6sterreichisch-Bosnisch&amp;Herzegowinischen Gesellschaft bei den Initiatoren und Koordinatoren der Gesellschaft bosnischer Akademiker in \u00d6sterreich und der EU f\u00fcr diese beispielhafte Aktion!<\/p>\n<p><strong>F\u00fcr die \u00d6BHG\u00a0\u00a0 <\/strong><\/p>\n<p><strong>Wolfgang F.J. Wildberger, Pr\u00e4sident<\/strong><\/p>\n<hr \/>\n<h3>Rede vom Pr\u00e4sident der Gesellschaft Bosnischer Akademiker in \u00d6sterreich und EU, Siradj Duhan<\/h3>\n<p>Meine verehrten Damen und Herren,<\/p>\n<p>Der Soldatenfriedhof Amras in Innsbruck ist nicht nur ein Ort des Gedenkens f\u00fcr diejenigen, die hier ruhen, sondern auch ein Symbol der Verbundenheit zwischen den Nationen. Heute m\u00f6chten wir, die Volksgruppe \u00f6sterreichischer BosnierInnen, uns an unsere tapferen Vorfahren, die im Ersten Weltkrieg ihr Leben f\u00fcr die gemeinsame Heimat lie\u00dfen, erinnern.<\/p>\n<p>Der Erste Weltkrieg war eine Zeit der unermesslichen Opfer und des unaussprechlichen Leids. M\u00e4nner aus der ganzen Welt wurden in diesen Konflikt gezogen, um f\u00fcr ihre L\u00e4nder und ihre \u00dcberzeugungen zu k\u00e4mpfen. Unter ihnen waren auch viele tapfere Soldaten aus Bosnien und Herzegowina.<\/p>\n<p>Es geht aber nicht darum die Heldentaten hervorzuheben, sondern uns zu erinnern, dass auch Vergeben ein Teil des Lebens ist, was uns erm\u00f6glicht die Zukunft zu gestalten.<\/p>\n<p>Die Zukunft wird uns dann ein besseres und verst\u00e4ndnisvolles Miteinander erm\u00f6glichen, wenn wir die Geschichte kennen und daraus die richtige Lehre ziehen.<\/p>\n<p>Da es unterschiedliche Wahrheiten gibt, je nach dem auf welcher Seite des Flusses man sich befindet, ist es unsere Aufgabe, den gemeinsamen Nenner der Geschichte zu finden mit dem alle gut leben k\u00f6nnen.<\/p>\n<p>Vor allem ist es wichtig, einen Weg zu finden damit keine kriegerischen Auseinandersetzungen entstehen k\u00f6nnen.<\/p>\n<p>Wenn die hitzige Debatte \u00fcber dem zerschlagenen Fenster entsteht; wenn der erste Gedanke dar\u00fcber ist, einen Gegenschlag zu organisieren, um die Fenster des Nachbarn zu zerschlagen, entsteht eine Spirale, die nach unten zieht. Wenn aber die Frage gestellt wird, warum der Nachbar das gemacht hat, bzw. wie das Fenster repariert werden kann, ist es schon ein besserer Weg.<\/p>\n<p>Der beste Weg w\u00e4re aber die Nachbarschaftsbeziehungen so zu pflegen, dass es gar nicht dazu kommt, ein zerschlagenes Fenster zu erleben.<\/p>\n<p>Daher sind wir heute da, um uns auf diesem Ort zu besinnen und gemeinsam die Zukunft zu gestalten.<\/p>\n<p>M\u00f6ge die anerkannte bosnische Volksgruppe in \u00d6sterreich einen Beitrag dazu leisten.<\/p>\n<p><strong>Siradj Duhan,<\/strong><\/p>\n<p><strong>Pr\u00e4sident der Gesellschaft Bosnischer Akademiker in \u00d6sterreich und EU <\/strong><\/p>\n","protected":false},"excerpt":{"rendered":"<p>Gedenken an die gefallenen bosnisch-herzegowinischen Soldaten des Ersten Weltkriegs<\/p>\n","protected":false},"author":1,"featured_media":3207,"comment_status":"open","ping_status":"open","sticky":false,"template":"","format":"standard","meta":{"footnotes":""},"categories":[75],"tags":[],"class_list":["post-3190","post","type-post","status-publish","format-standard","has-post-thumbnail","hentry","category-amras"],"yoast_head":"<!-- This site is optimized with the Yoast SEO plugin v20.3 - https:\/\/yoast.com\/wordpress\/plugins\/seo\/ -->\n<title>Amras 2024 - Gesellschaft Bosnischer Akademiker<\/title>\n<meta name=\"description\" content=\"Gedenken an die gefallenen bosnisch-herzegowinischen Soldaten des Ersten Weltkriegs\" \/>\n<meta name=\"robots\" content=\"index, follow, max-snippet:-1, max-image-preview:large, max-video-preview:-1\" \/>\n<link rel=\"canonical\" href=\"https:\/\/www.bhakademiker.org\/de\/2024\/04\/21\/zusammenfassung-des-besuchs-am-soldatenfriedhof-amras\/\" \/>\n<meta property=\"og:locale\" content=\"de_DE\" \/>\n<meta property=\"og:type\" content=\"article\" \/>\n<meta property=\"og:title\" content=\"Posjeta vojnom groblju Amras | Besuch Soldatenfriedhof Amras (Innsbruck)\" \/>\n<meta property=\"og:description\" content=\"Gedenken an die gefallenen bosnisch-herzegowinischen Soldaten des Ersten Weltkriegs\" \/>\n<meta property=\"og:url\" content=\"https:\/\/www.bhakademiker.org\/de\/2024\/04\/21\/zusammenfassung-des-besuchs-am-soldatenfriedhof-amras\/\" \/>\n<meta property=\"og:site_name\" content=\"Gesellschaft Bosnischer Akademiker\" \/>\n<meta property=\"article:published_time\" content=\"2024-04-21T21:11:49+00:00\" \/>\n<meta property=\"article:modified_time\" content=\"2024-04-23T07:54:43+00:00\" \/>\n<meta property=\"og:image\" content=\"https:\/\/www.bhakademiker.org\/wp-content\/uploads\/2024\/04\/001.jpg\" \/>\n\t<meta property=\"og:image:width\" content=\"1600\" \/>\n\t<meta property=\"og:image:height\" content=\"1200\" \/>\n\t<meta property=\"og:image:type\" content=\"image\/jpeg\" \/>\n<meta name=\"author\" content=\"BanKulin\" \/>\n<meta name=\"twitter:card\" content=\"summary_large_image\" \/>\n<meta name=\"twitter:title\" content=\"Posjeta vojnom groblju Amras | Besuch Soldatenfriedhof Amras (Innsbruck)\" \/>\n<meta name=\"twitter:image\" content=\"https:\/\/www.bhakademiker.org\/wp-content\/uploads\/2024\/04\/001.jpg\" \/>\n<meta name=\"twitter:label1\" content=\"Verfasst von\" \/>\n\t<meta name=\"twitter:data1\" content=\"BanKulin\" \/>\n\t<meta name=\"twitter:label2\" content=\"Gesch\u00e4tzte Lesezeit\" \/>\n\t<meta name=\"twitter:data2\" content=\"4\u00a0Minuten\" \/>\n<script type=\"application\/ld+json\" class=\"yoast-schema-graph\">{\"@context\":\"https:\/\/schema.org\",\"@graph\":[{\"@type\":\"Article\",\"@id\":\"https:\/\/www.bhakademiker.org\/2024\/04\/21\/zusammenfassung-des-besuchs-am-soldatenfriedhof-amras\/#article\",\"isPartOf\":{\"@id\":\"https:\/\/www.bhakademiker.org\/2024\/04\/21\/zusammenfassung-des-besuchs-am-soldatenfriedhof-amras\/\"},\"author\":{\"name\":\"BanKulin\",\"@id\":\"https:\/\/www.bhakademiker.org\/bs\/#\/schema\/person\/eb2bb45ccd10b1a8756ef049efa44da5\"},\"headline\":\"Amras 2024\",\"datePublished\":\"2024-04-21T21:11:49+00:00\",\"dateModified\":\"2024-04-23T07:54:43+00:00\",\"mainEntityOfPage\":{\"@id\":\"https:\/\/www.bhakademiker.org\/2024\/04\/21\/zusammenfassung-des-besuchs-am-soldatenfriedhof-amras\/\"},\"wordCount\":911,\"commentCount\":0,\"publisher\":{\"@id\":\"https:\/\/www.bhakademiker.org\/bs\/#organization\"},\"articleSection\":[\"Amras\"],\"inLanguage\":\"de\",\"potentialAction\":[{\"@type\":\"CommentAction\",\"name\":\"Comment\",\"target\":[\"https:\/\/www.bhakademiker.org\/2024\/04\/21\/zusammenfassung-des-besuchs-am-soldatenfriedhof-amras\/#respond\"]}]},{\"@type\":\"WebPage\",\"@id\":\"https:\/\/www.bhakademiker.org\/2024\/04\/21\/zusammenfassung-des-besuchs-am-soldatenfriedhof-amras\/\",\"url\":\"https:\/\/www.bhakademiker.org\/2024\/04\/21\/zusammenfassung-des-besuchs-am-soldatenfriedhof-amras\/\",\"name\":\"Amras 2024 - Gesellschaft Bosnischer Akademiker\",\"isPartOf\":{\"@id\":\"https:\/\/www.bhakademiker.org\/bs\/#website\"},\"datePublished\":\"2024-04-21T21:11:49+00:00\",\"dateModified\":\"2024-04-23T07:54:43+00:00\",\"description\":\"Gedenken an die gefallenen bosnisch-herzegowinischen Soldaten des Ersten Weltkriegs\",\"breadcrumb\":{\"@id\":\"https:\/\/www.bhakademiker.org\/2024\/04\/21\/zusammenfassung-des-besuchs-am-soldatenfriedhof-amras\/#breadcrumb\"},\"inLanguage\":\"de\",\"potentialAction\":[{\"@type\":\"ReadAction\",\"target\":[\"https:\/\/www.bhakademiker.org\/2024\/04\/21\/zusammenfassung-des-besuchs-am-soldatenfriedhof-amras\/\"]}]},{\"@type\":\"BreadcrumbList\",\"@id\":\"https:\/\/www.bhakademiker.org\/2024\/04\/21\/zusammenfassung-des-besuchs-am-soldatenfriedhof-amras\/#breadcrumb\",\"itemListElement\":[{\"@type\":\"ListItem\",\"position\":1,\"name\":\"Home\",\"item\":\"https:\/\/www.bhakademiker.org\/\"},{\"@type\":\"ListItem\",\"position\":2,\"name\":\"Amras 2024\"}]},{\"@type\":\"WebSite\",\"@id\":\"https:\/\/www.bhakademiker.org\/bs\/#website\",\"url\":\"https:\/\/www.bhakademiker.org\/bs\/\",\"name\":\"Gesellschaft Bosnischer Akademiker\",\"description\":\"\",\"publisher\":{\"@id\":\"https:\/\/www.bhakademiker.org\/bs\/#organization\"},\"potentialAction\":[{\"@type\":\"SearchAction\",\"target\":{\"@type\":\"EntryPoint\",\"urlTemplate\":\"https:\/\/www.bhakademiker.org\/bs\/?s={search_term_string}\"},\"query-input\":\"required name=search_term_string\"}],\"inLanguage\":\"de\"},{\"@type\":\"Organization\",\"@id\":\"https:\/\/www.bhakademiker.org\/bs\/#organization\",\"name\":\"Gesellschaft Bosnischer Akademiker in \u00d6sterreich\",\"url\":\"https:\/\/www.bhakademiker.org\/bs\/\",\"logo\":{\"@type\":\"ImageObject\",\"inLanguage\":\"de\",\"@id\":\"https:\/\/www.bhakademiker.org\/bs\/#\/schema\/logo\/image\/\",\"url\":\"https:\/\/www.bhakademiker.org\/wp-content\/uploads\/2022\/01\/featured-GBAA.png\",\"contentUrl\":\"https:\/\/www.bhakademiker.org\/wp-content\/uploads\/2022\/01\/featured-GBAA.png\",\"width\":1200,\"height\":630,\"caption\":\"Gesellschaft Bosnischer Akademiker in \u00d6sterreich\"},\"image\":{\"@id\":\"https:\/\/www.bhakademiker.org\/bs\/#\/schema\/logo\/image\/\"}},{\"@type\":\"Person\",\"@id\":\"https:\/\/www.bhakademiker.org\/bs\/#\/schema\/person\/eb2bb45ccd10b1a8756ef049efa44da5\",\"name\":\"BanKulin\",\"image\":{\"@type\":\"ImageObject\",\"inLanguage\":\"de\",\"@id\":\"https:\/\/www.bhakademiker.org\/bs\/#\/schema\/person\/image\/\",\"url\":\"https:\/\/secure.gravatar.com\/avatar\/c6d58ce317ac29451bb963305865585b0ee61581cac268f7b497945aea17e32c?s=96&d=mm&r=g\",\"contentUrl\":\"https:\/\/secure.gravatar.com\/avatar\/c6d58ce317ac29451bb963305865585b0ee61581cac268f7b497945aea17e32c?s=96&d=mm&r=g\",\"caption\":\"BanKulin\"},\"sameAs\":[\"https:\/\/www.bhakademiker.org\"],\"url\":\"https:\/\/www.bhakademiker.org\/de\/author\/bankulin\/\"}]}<\/script>\n<!-- \/ Yoast SEO plugin. -->","yoast_head_json":{"title":"Amras 2024 - Gesellschaft Bosnischer Akademiker","description":"Gedenken an die gefallenen bosnisch-herzegowinischen Soldaten des Ersten Weltkriegs","robots":{"index":"index","follow":"follow","max-snippet":"max-snippet:-1","max-image-preview":"max-image-preview:large","max-video-preview":"max-video-preview:-1"},"canonical":"https:\/\/www.bhakademiker.org\/de\/2024\/04\/21\/zusammenfassung-des-besuchs-am-soldatenfriedhof-amras\/","og_locale":"de_DE","og_type":"article","og_title":"Posjeta vojnom groblju Amras | Besuch Soldatenfriedhof Amras (Innsbruck)","og_description":"Gedenken an die gefallenen bosnisch-herzegowinischen Soldaten des Ersten Weltkriegs","og_url":"https:\/\/www.bhakademiker.org\/de\/2024\/04\/21\/zusammenfassung-des-besuchs-am-soldatenfriedhof-amras\/","og_site_name":"Gesellschaft Bosnischer Akademiker","article_published_time":"2024-04-21T21:11:49+00:00","article_modified_time":"2024-04-23T07:54:43+00:00","og_image":[{"width":1600,"height":1200,"url":"https:\/\/www.bhakademiker.org\/wp-content\/uploads\/2024\/04\/001.jpg","type":"image\/jpeg"}],"author":"BanKulin","twitter_card":"summary_large_image","twitter_title":"Posjeta vojnom groblju Amras | Besuch Soldatenfriedhof Amras (Innsbruck)","twitter_image":"https:\/\/www.bhakademiker.org\/wp-content\/uploads\/2024\/04\/001.jpg","twitter_misc":{"Verfasst von":"BanKulin","Gesch\u00e4tzte Lesezeit":"4\u00a0Minuten"},"schema":{"@context":"https:\/\/schema.org","@graph":[{"@type":"Article","@id":"https:\/\/www.bhakademiker.org\/2024\/04\/21\/zusammenfassung-des-besuchs-am-soldatenfriedhof-amras\/#article","isPartOf":{"@id":"https:\/\/www.bhakademiker.org\/2024\/04\/21\/zusammenfassung-des-besuchs-am-soldatenfriedhof-amras\/"},"author":{"name":"BanKulin","@id":"https:\/\/www.bhakademiker.org\/bs\/#\/schema\/person\/eb2bb45ccd10b1a8756ef049efa44da5"},"headline":"Amras 2024","datePublished":"2024-04-21T21:11:49+00:00","dateModified":"2024-04-23T07:54:43+00:00","mainEntityOfPage":{"@id":"https:\/\/www.bhakademiker.org\/2024\/04\/21\/zusammenfassung-des-besuchs-am-soldatenfriedhof-amras\/"},"wordCount":911,"commentCount":0,"publisher":{"@id":"https:\/\/www.bhakademiker.org\/bs\/#organization"},"articleSection":["Amras"],"inLanguage":"de","potentialAction":[{"@type":"CommentAction","name":"Comment","target":["https:\/\/www.bhakademiker.org\/2024\/04\/21\/zusammenfassung-des-besuchs-am-soldatenfriedhof-amras\/#respond"]}]},{"@type":"WebPage","@id":"https:\/\/www.bhakademiker.org\/2024\/04\/21\/zusammenfassung-des-besuchs-am-soldatenfriedhof-amras\/","url":"https:\/\/www.bhakademiker.org\/2024\/04\/21\/zusammenfassung-des-besuchs-am-soldatenfriedhof-amras\/","name":"Amras 2024 - Gesellschaft Bosnischer Akademiker","isPartOf":{"@id":"https:\/\/www.bhakademiker.org\/bs\/#website"},"datePublished":"2024-04-21T21:11:49+00:00","dateModified":"2024-04-23T07:54:43+00:00","description":"Gedenken an die gefallenen bosnisch-herzegowinischen Soldaten des Ersten Weltkriegs","breadcrumb":{"@id":"https:\/\/www.bhakademiker.org\/2024\/04\/21\/zusammenfassung-des-besuchs-am-soldatenfriedhof-amras\/#breadcrumb"},"inLanguage":"de","potentialAction":[{"@type":"ReadAction","target":["https:\/\/www.bhakademiker.org\/2024\/04\/21\/zusammenfassung-des-besuchs-am-soldatenfriedhof-amras\/"]}]},{"@type":"BreadcrumbList","@id":"https:\/\/www.bhakademiker.org\/2024\/04\/21\/zusammenfassung-des-besuchs-am-soldatenfriedhof-amras\/#breadcrumb","itemListElement":[{"@type":"ListItem","position":1,"name":"Home","item":"https:\/\/www.bhakademiker.org\/"},{"@type":"ListItem","position":2,"name":"Amras 2024"}]},{"@type":"WebSite","@id":"https:\/\/www.bhakademiker.org\/bs\/#website","url":"https:\/\/www.bhakademiker.org\/bs\/","name":"Gesellschaft Bosnischer Akademiker","description":"","publisher":{"@id":"https:\/\/www.bhakademiker.org\/bs\/#organization"},"potentialAction":[{"@type":"SearchAction","target":{"@type":"EntryPoint","urlTemplate":"https:\/\/www.bhakademiker.org\/bs\/?s={search_term_string}"},"query-input":"required name=search_term_string"}],"inLanguage":"de"},{"@type":"Organization","@id":"https:\/\/www.bhakademiker.org\/bs\/#organization","name":"Gesellschaft Bosnischer Akademiker in \u00d6sterreich","url":"https:\/\/www.bhakademiker.org\/bs\/","logo":{"@type":"ImageObject","inLanguage":"de","@id":"https:\/\/www.bhakademiker.org\/bs\/#\/schema\/logo\/image\/","url":"https:\/\/www.bhakademiker.org\/wp-content\/uploads\/2022\/01\/featured-GBAA.png","contentUrl":"https:\/\/www.bhakademiker.org\/wp-content\/uploads\/2022\/01\/featured-GBAA.png","width":1200,"height":630,"caption":"Gesellschaft Bosnischer Akademiker in \u00d6sterreich"},"image":{"@id":"https:\/\/www.bhakademiker.org\/bs\/#\/schema\/logo\/image\/"}},{"@type":"Person","@id":"https:\/\/www.bhakademiker.org\/bs\/#\/schema\/person\/eb2bb45ccd10b1a8756ef049efa44da5","name":"BanKulin","image":{"@type":"ImageObject","inLanguage":"de","@id":"https:\/\/www.bhakademiker.org\/bs\/#\/schema\/person\/image\/","url":"https:\/\/secure.gravatar.com\/avatar\/c6d58ce317ac29451bb963305865585b0ee61581cac268f7b497945aea17e32c?s=96&d=mm&r=g","contentUrl":"https:\/\/secure.gravatar.com\/avatar\/c6d58ce317ac29451bb963305865585b0ee61581cac268f7b497945aea17e32c?s=96&d=mm&r=g","caption":"BanKulin"},"sameAs":["https:\/\/www.bhakademiker.org"],"url":"https:\/\/www.bhakademiker.org\/de\/author\/bankulin\/"}]}},"_links":{"self":[{"href":"https:\/\/www.bhakademiker.org\/de\/wp-json\/wp\/v2\/posts\/3190","targetHints":{"allow":["GET"]}}],"collection":[{"href":"https:\/\/www.bhakademiker.org\/de\/wp-json\/wp\/v2\/posts"}],"about":[{"href":"https:\/\/www.bhakademiker.org\/de\/wp-json\/wp\/v2\/types\/post"}],"author":[{"embeddable":true,"href":"https:\/\/www.bhakademiker.org\/de\/wp-json\/wp\/v2\/users\/1"}],"replies":[{"embeddable":true,"href":"https:\/\/www.bhakademiker.org\/de\/wp-json\/wp\/v2\/comments?post=3190"}],"version-history":[{"count":9,"href":"https:\/\/www.bhakademiker.org\/de\/wp-json\/wp\/v2\/posts\/3190\/revisions"}],"predecessor-version":[{"id":3209,"href":"https:\/\/www.bhakademiker.org\/de\/wp-json\/wp\/v2\/posts\/3190\/revisions\/3209"}],"wp:featuredmedia":[{"embeddable":true,"href":"https:\/\/www.bhakademiker.org\/de\/wp-json\/wp\/v2\/media\/3207"}],"wp:attachment":[{"href":"https:\/\/www.bhakademiker.org\/de\/wp-json\/wp\/v2\/media?parent=3190"}],"wp:term":[{"taxonomy":"category","embeddable":true,"href":"https:\/\/www.bhakademiker.org\/de\/wp-json\/wp\/v2\/categories?post=3190"},{"taxonomy":"post_tag","embeddable":true,"href":"https:\/\/www.bhakademiker.org\/de\/wp-json\/wp\/v2\/tags?post=3190"}],"curies":[{"name":"wp","href":"https:\/\/api.w.org\/{rel}","templated":true}]}}