{"id":3283,"date":"2024-05-16T11:36:47","date_gmt":"2024-05-16T09:36:47","guid":{"rendered":"https:\/\/www.bhakademiker.org\/?p=3283"},"modified":"2024-05-16T13:30:10","modified_gmt":"2024-05-16T11:30:10","slug":"un-internationale-konferenz","status":"publish","type":"post","link":"https:\/\/www.bhakademiker.org\/de\/2024\/05\/16\/un-internationale-konferenz\/","title":{"rendered":"UN Internationale Konferenz"},"content":{"rendered":"<h2>UN Internationale Konferenz 13.05.-17.05.2024<\/h2>\n<p>Die Gesellschaft Bosnischer Akademiker in \u00d6sterreich (GBAA) nimmt dieses Jahr an der internationalen UN-Konferenz \/13. \u2013 17. Mai 2024) teil.<\/p>\n<p><a href=\"https:\/\/www.unodc.org\/unodc\/en\/commissions\/CCPCJ\/session\/33_Session_2024\/33ccpcj-main.html\">https:\/\/www.unodc.org\/unodc\/en\/commissions\/CCPCJ\/session\/33_Session_2024\/33ccpcj-main.html<\/a><\/p>\n<p><span class=\"jCAhz ChMk0b\"><span class=\"ryNqvb\">Der Pr\u00e4sident der BADA, Siradj Duhan, reichte eine schriftliche Stellungnahme zu Punkt 8 der Konferenz ein.<\/span><\/span> <span class=\"jCAhz ChMk0b\"><span class=\"ryNqvb\">Die Erkl\u00e4rung ist unten als PDF verlinkt:<\/span><\/span><\/p>\n<p><a href=\"https:\/\/www.bhakademiker.org\/wp-content\/uploads\/2024\/05\/240505_Statement-to-Item-8-Gesellschaft-Bosnischer-Akademiker-in-Osterreich.pdf\">Statement des Pr\u00e4sidenten von GBAA, Siradj Duhan (PDF-Format)<\/a><\/p>\n<div class=\"QcsUad BDJ8fb BLojaf sMVRZe hCXDsb wneUed\">\n<div class=\"usGWQd\">\n<div class=\"KkbLmb\">\n<div class=\"lRu31\" dir=\"ltr\"><span class=\"HwtZe\" lang=\"de\"><span class=\"jCAhz ChMk0b\"><span class=\"ryNqvb\">W\u00e4hrend der Konferenz fanden erg\u00e4nzende Gespr\u00e4che mit zwei Gremien statt:<\/span><\/span><\/span><\/div>\n<\/div>\n<\/div>\n<\/div>\n<p><em>\u201eNGO COMITTEE ON PEACE \u2013 Vienna\u201d &amp; \u201cTHE Alliance OF NGOs ON CRIME PREVENTION\u201d.<\/em><\/p>\n<div class=\"lRu31\" dir=\"ltr\"><span class=\"HwtZe\" lang=\"de\"><span class=\"jCAhz ChMk0b\"><span class=\"ryNqvb\">Diese Aussch\u00fcsse innerhalb der UN setzen sich aus Organisationen zusammen, die innerhalb der UN einen Sonderstatus haben und die Zusammenarbeit mit Organisationen auf der ganzen Welt anbieten.<\/span><\/span> <\/span><\/div>\n<div class=\"lRu31\" dir=\"ltr\">\n<p><span class=\"HwtZe\" lang=\"de\"><span class=\"jCAhz ChMk0b\"><span class=\"ryNqvb\">Nach einer kurzen Pr\u00e4sentation der Ziele der GBAA-Arbeit begr\u00fc\u00dfte und unterst\u00fctzte der Vorsitzende des \u201eThe Alliance\u201c-Komitees, Ian Tennant, unsere Initiative, der Allianz beizutreten.<\/span><\/span><\/span><\/p>\n<p><a href=\"https:\/\/www.bhakademiker.org\/wp-content\/uploads\/2024\/05\/Srijeda.jpg\"><img fetchpriority=\"high\" decoding=\"async\" class=\"wp-image-3297 aligncenter\" src=\"https:\/\/www.bhakademiker.org\/wp-content\/uploads\/2024\/05\/Srijeda.jpg\" alt=\"\" width=\"732\" height=\"907\" srcset=\"https:\/\/www.bhakademiker.org\/wp-content\/uploads\/2024\/05\/Srijeda.jpg 1441w, https:\/\/www.bhakademiker.org\/wp-content\/uploads\/2024\/05\/Srijeda-242x300.jpg 242w, https:\/\/www.bhakademiker.org\/wp-content\/uploads\/2024\/05\/Srijeda-827x1024.jpg 827w, https:\/\/www.bhakademiker.org\/wp-content\/uploads\/2024\/05\/Srijeda-768x951.jpg 768w, https:\/\/www.bhakademiker.org\/wp-content\/uploads\/2024\/05\/Srijeda-1240x1536.jpg 1240w, https:\/\/www.bhakademiker.org\/wp-content\/uploads\/2024\/05\/Srijeda-10x12.jpg 10w\" sizes=\"(max-width: 732px) 100vw, 732px\" \/><\/a><\/p>\n<div class=\"OvtS8d\"><\/div>\n<div id=\"ow1425\"><\/div>\n<\/div>\n<div class=\"UdTY9 BwTYAc WdefRb\" aria-hidden=\"true\" data-location=\"2\"><\/div>\n","protected":false},"excerpt":{"rendered":"<p>13.05.-17.05.2024<\/p>\n","protected":false},"author":1,"featured_media":3299,"comment_status":"open","ping_status":"open","sticky":false,"template":"","format":"standard","meta":{"footnotes":""},"categories":[72],"tags":[],"class_list":["post-3283","post","type-post","status-publish","format-standard","has-post-thumbnail","hentry","category-bada"],"yoast_head":"<!-- This site is optimized with the Yoast SEO plugin v20.3 - https:\/\/yoast.com\/wordpress\/plugins\/seo\/ -->\n<title>UN Internationale Konferenz - Gesellschaft Bosnischer Akademiker<\/title>\n<meta name=\"description\" content=\"13.05.-17.05.2024\" \/>\n<meta name=\"robots\" content=\"index, follow, max-snippet:-1, max-image-preview:large, max-video-preview:-1\" \/>\n<link rel=\"canonical\" href=\"https:\/\/www.bhakademiker.org\/de\/2024\/05\/16\/un-internationale-konferenz\/\" \/>\n<meta property=\"og:locale\" content=\"de_DE\" \/>\n<meta property=\"og:type\" content=\"article\" \/>\n<meta property=\"og:title\" content=\"UN Internationale Konferenz | Me\u0111unarodna konferencija\" \/>\n<meta property=\"og:description\" content=\"13.05.-17.05.2024\" \/>\n<meta property=\"og:url\" content=\"https:\/\/www.bhakademiker.org\/de\/2024\/05\/16\/un-internationale-konferenz\/\" \/>\n<meta property=\"og:site_name\" content=\"Gesellschaft Bosnischer Akademiker\" \/>\n<meta property=\"article:published_time\" content=\"2024-05-16T09:36:47+00:00\" \/>\n<meta property=\"article:modified_time\" content=\"2024-05-16T11:30:10+00:00\" \/>\n<meta property=\"og:image\" content=\"https:\/\/www.bhakademiker.org\/wp-content\/uploads\/2024\/05\/fb7d5d12-ac3b-43f6-962b-798121f09a45.jpg\" \/>\n\t<meta property=\"og:image:width\" content=\"1600\" \/>\n\t<meta property=\"og:image:height\" content=\"988\" \/>\n\t<meta property=\"og:image:type\" content=\"image\/jpeg\" \/>\n<meta name=\"author\" content=\"BanKulin\" \/>\n<meta name=\"twitter:card\" content=\"summary_large_image\" \/>\n<meta name=\"twitter:title\" content=\"UN Internationale Konferenz | Me\u0111unarodna konferencija\" \/>\n<meta name=\"twitter:description\" content=\"13.05.-17.05.2024\" \/>\n<meta name=\"twitter:image\" content=\"https:\/\/www.bhakademiker.org\/wp-content\/uploads\/2024\/05\/fb7d5d12-ac3b-43f6-962b-798121f09a45.jpg\" \/>\n<meta name=\"twitter:label1\" content=\"Verfasst von\" \/>\n\t<meta name=\"twitter:data1\" content=\"BanKulin\" \/>\n\t<meta name=\"twitter:label2\" content=\"Gesch\u00e4tzte Lesezeit\" \/>\n\t<meta name=\"twitter:data2\" content=\"1\u00a0Minute\" \/>\n<script type=\"application\/ld+json\" class=\"yoast-schema-graph\">{\"@context\":\"https:\/\/schema.org\",\"@graph\":[{\"@type\":\"Article\",\"@id\":\"https:\/\/www.bhakademiker.org\/2024\/05\/16\/un-internationale-konferenz\/#article\",\"isPartOf\":{\"@id\":\"https:\/\/www.bhakademiker.org\/2024\/05\/16\/un-internationale-konferenz\/\"},\"author\":{\"name\":\"BanKulin\",\"@id\":\"https:\/\/www.bhakademiker.org\/bs\/#\/schema\/person\/eb2bb45ccd10b1a8756ef049efa44da5\"},\"headline\":\"UN Internationale Konferenz\",\"datePublished\":\"2024-05-16T09:36:47+00:00\",\"dateModified\":\"2024-05-16T11:30:10+00:00\",\"mainEntityOfPage\":{\"@id\":\"https:\/\/www.bhakademiker.org\/2024\/05\/16\/un-internationale-konferenz\/\"},\"wordCount\":149,\"commentCount\":0,\"publisher\":{\"@id\":\"https:\/\/www.bhakademiker.org\/bs\/#organization\"},\"articleSection\":[\"BADA\"],\"inLanguage\":\"de\",\"potentialAction\":[{\"@type\":\"CommentAction\",\"name\":\"Comment\",\"target\":[\"https:\/\/www.bhakademiker.org\/2024\/05\/16\/un-internationale-konferenz\/#respond\"]}]},{\"@type\":\"WebPage\",\"@id\":\"https:\/\/www.bhakademiker.org\/2024\/05\/16\/un-internationale-konferenz\/\",\"url\":\"https:\/\/www.bhakademiker.org\/2024\/05\/16\/un-internationale-konferenz\/\",\"name\":\"UN Internationale Konferenz - Gesellschaft Bosnischer Akademiker\",\"isPartOf\":{\"@id\":\"https:\/\/www.bhakademiker.org\/bs\/#website\"},\"datePublished\":\"2024-05-16T09:36:47+00:00\",\"dateModified\":\"2024-05-16T11:30:10+00:00\",\"description\":\"13.05.-17.05.2024\",\"breadcrumb\":{\"@id\":\"https:\/\/www.bhakademiker.org\/2024\/05\/16\/un-internationale-konferenz\/#breadcrumb\"},\"inLanguage\":\"de\",\"potentialAction\":[{\"@type\":\"ReadAction\",\"target\":[\"https:\/\/www.bhakademiker.org\/2024\/05\/16\/un-internationale-konferenz\/\"]}]},{\"@type\":\"BreadcrumbList\",\"@id\":\"https:\/\/www.bhakademiker.org\/2024\/05\/16\/un-internationale-konferenz\/#breadcrumb\",\"itemListElement\":[{\"@type\":\"ListItem\",\"position\":1,\"name\":\"Home\",\"item\":\"https:\/\/www.bhakademiker.org\/\"},{\"@type\":\"ListItem\",\"position\":2,\"name\":\"UN Internationale Konferenz\"}]},{\"@type\":\"WebSite\",\"@id\":\"https:\/\/www.bhakademiker.org\/bs\/#website\",\"url\":\"https:\/\/www.bhakademiker.org\/bs\/\",\"name\":\"Gesellschaft Bosnischer Akademiker\",\"description\":\"\",\"publisher\":{\"@id\":\"https:\/\/www.bhakademiker.org\/bs\/#organization\"},\"potentialAction\":[{\"@type\":\"SearchAction\",\"target\":{\"@type\":\"EntryPoint\",\"urlTemplate\":\"https:\/\/www.bhakademiker.org\/bs\/?s={search_term_string}\"},\"query-input\":\"required name=search_term_string\"}],\"inLanguage\":\"de\"},{\"@type\":\"Organization\",\"@id\":\"https:\/\/www.bhakademiker.org\/bs\/#organization\",\"name\":\"Gesellschaft Bosnischer Akademiker in \u00d6sterreich\",\"url\":\"https:\/\/www.bhakademiker.org\/bs\/\",\"logo\":{\"@type\":\"ImageObject\",\"inLanguage\":\"de\",\"@id\":\"https:\/\/www.bhakademiker.org\/bs\/#\/schema\/logo\/image\/\",\"url\":\"https:\/\/www.bhakademiker.org\/wp-content\/uploads\/2022\/01\/featured-GBAA.png\",\"contentUrl\":\"https:\/\/www.bhakademiker.org\/wp-content\/uploads\/2022\/01\/featured-GBAA.png\",\"width\":1200,\"height\":630,\"caption\":\"Gesellschaft Bosnischer Akademiker in \u00d6sterreich\"},\"image\":{\"@id\":\"https:\/\/www.bhakademiker.org\/bs\/#\/schema\/logo\/image\/\"}},{\"@type\":\"Person\",\"@id\":\"https:\/\/www.bhakademiker.org\/bs\/#\/schema\/person\/eb2bb45ccd10b1a8756ef049efa44da5\",\"name\":\"BanKulin\",\"image\":{\"@type\":\"ImageObject\",\"inLanguage\":\"de\",\"@id\":\"https:\/\/www.bhakademiker.org\/bs\/#\/schema\/person\/image\/\",\"url\":\"https:\/\/secure.gravatar.com\/avatar\/c6d58ce317ac29451bb963305865585b0ee61581cac268f7b497945aea17e32c?s=96&d=mm&r=g\",\"contentUrl\":\"https:\/\/secure.gravatar.com\/avatar\/c6d58ce317ac29451bb963305865585b0ee61581cac268f7b497945aea17e32c?s=96&d=mm&r=g\",\"caption\":\"BanKulin\"},\"sameAs\":[\"https:\/\/www.bhakademiker.org\"],\"url\":\"https:\/\/www.bhakademiker.org\/de\/author\/bankulin\/\"}]}<\/script>\n<!-- \/ Yoast SEO plugin. -->","yoast_head_json":{"title":"UN Internationale Konferenz - Gesellschaft Bosnischer Akademiker","description":"13.05.-17.05.2024","robots":{"index":"index","follow":"follow","max-snippet":"max-snippet:-1","max-image-preview":"max-image-preview:large","max-video-preview":"max-video-preview:-1"},"canonical":"https:\/\/www.bhakademiker.org\/de\/2024\/05\/16\/un-internationale-konferenz\/","og_locale":"de_DE","og_type":"article","og_title":"UN Internationale Konferenz | Me\u0111unarodna konferencija","og_description":"13.05.-17.05.2024","og_url":"https:\/\/www.bhakademiker.org\/de\/2024\/05\/16\/un-internationale-konferenz\/","og_site_name":"Gesellschaft Bosnischer Akademiker","article_published_time":"2024-05-16T09:36:47+00:00","article_modified_time":"2024-05-16T11:30:10+00:00","og_image":[{"width":1600,"height":988,"url":"https:\/\/www.bhakademiker.org\/wp-content\/uploads\/2024\/05\/fb7d5d12-ac3b-43f6-962b-798121f09a45.jpg","type":"image\/jpeg"}],"author":"BanKulin","twitter_card":"summary_large_image","twitter_title":"UN Internationale Konferenz | Me\u0111unarodna konferencija","twitter_description":"13.05.-17.05.2024","twitter_image":"https:\/\/www.bhakademiker.org\/wp-content\/uploads\/2024\/05\/fb7d5d12-ac3b-43f6-962b-798121f09a45.jpg","twitter_misc":{"Verfasst von":"BanKulin","Gesch\u00e4tzte Lesezeit":"1\u00a0Minute"},"schema":{"@context":"https:\/\/schema.org","@graph":[{"@type":"Article","@id":"https:\/\/www.bhakademiker.org\/2024\/05\/16\/un-internationale-konferenz\/#article","isPartOf":{"@id":"https:\/\/www.bhakademiker.org\/2024\/05\/16\/un-internationale-konferenz\/"},"author":{"name":"BanKulin","@id":"https:\/\/www.bhakademiker.org\/bs\/#\/schema\/person\/eb2bb45ccd10b1a8756ef049efa44da5"},"headline":"UN Internationale Konferenz","datePublished":"2024-05-16T09:36:47+00:00","dateModified":"2024-05-16T11:30:10+00:00","mainEntityOfPage":{"@id":"https:\/\/www.bhakademiker.org\/2024\/05\/16\/un-internationale-konferenz\/"},"wordCount":149,"commentCount":0,"publisher":{"@id":"https:\/\/www.bhakademiker.org\/bs\/#organization"},"articleSection":["BADA"],"inLanguage":"de","potentialAction":[{"@type":"CommentAction","name":"Comment","target":["https:\/\/www.bhakademiker.org\/2024\/05\/16\/un-internationale-konferenz\/#respond"]}]},{"@type":"WebPage","@id":"https:\/\/www.bhakademiker.org\/2024\/05\/16\/un-internationale-konferenz\/","url":"https:\/\/www.bhakademiker.org\/2024\/05\/16\/un-internationale-konferenz\/","name":"UN Internationale Konferenz - Gesellschaft Bosnischer Akademiker","isPartOf":{"@id":"https:\/\/www.bhakademiker.org\/bs\/#website"},"datePublished":"2024-05-16T09:36:47+00:00","dateModified":"2024-05-16T11:30:10+00:00","description":"13.05.-17.05.2024","breadcrumb":{"@id":"https:\/\/www.bhakademiker.org\/2024\/05\/16\/un-internationale-konferenz\/#breadcrumb"},"inLanguage":"de","potentialAction":[{"@type":"ReadAction","target":["https:\/\/www.bhakademiker.org\/2024\/05\/16\/un-internationale-konferenz\/"]}]},{"@type":"BreadcrumbList","@id":"https:\/\/www.bhakademiker.org\/2024\/05\/16\/un-internationale-konferenz\/#breadcrumb","itemListElement":[{"@type":"ListItem","position":1,"name":"Home","item":"https:\/\/www.bhakademiker.org\/"},{"@type":"ListItem","position":2,"name":"UN Internationale Konferenz"}]},{"@type":"WebSite","@id":"https:\/\/www.bhakademiker.org\/bs\/#website","url":"https:\/\/www.bhakademiker.org\/bs\/","name":"Gesellschaft Bosnischer Akademiker","description":"","publisher":{"@id":"https:\/\/www.bhakademiker.org\/bs\/#organization"},"potentialAction":[{"@type":"SearchAction","target":{"@type":"EntryPoint","urlTemplate":"https:\/\/www.bhakademiker.org\/bs\/?s={search_term_string}"},"query-input":"required name=search_term_string"}],"inLanguage":"de"},{"@type":"Organization","@id":"https:\/\/www.bhakademiker.org\/bs\/#organization","name":"Gesellschaft Bosnischer Akademiker in \u00d6sterreich","url":"https:\/\/www.bhakademiker.org\/bs\/","logo":{"@type":"ImageObject","inLanguage":"de","@id":"https:\/\/www.bhakademiker.org\/bs\/#\/schema\/logo\/image\/","url":"https:\/\/www.bhakademiker.org\/wp-content\/uploads\/2022\/01\/featured-GBAA.png","contentUrl":"https:\/\/www.bhakademiker.org\/wp-content\/uploads\/2022\/01\/featured-GBAA.png","width":1200,"height":630,"caption":"Gesellschaft Bosnischer Akademiker in \u00d6sterreich"},"image":{"@id":"https:\/\/www.bhakademiker.org\/bs\/#\/schema\/logo\/image\/"}},{"@type":"Person","@id":"https:\/\/www.bhakademiker.org\/bs\/#\/schema\/person\/eb2bb45ccd10b1a8756ef049efa44da5","name":"BanKulin","image":{"@type":"ImageObject","inLanguage":"de","@id":"https:\/\/www.bhakademiker.org\/bs\/#\/schema\/person\/image\/","url":"https:\/\/secure.gravatar.com\/avatar\/c6d58ce317ac29451bb963305865585b0ee61581cac268f7b497945aea17e32c?s=96&d=mm&r=g","contentUrl":"https:\/\/secure.gravatar.com\/avatar\/c6d58ce317ac29451bb963305865585b0ee61581cac268f7b497945aea17e32c?s=96&d=mm&r=g","caption":"BanKulin"},"sameAs":["https:\/\/www.bhakademiker.org"],"url":"https:\/\/www.bhakademiker.org\/de\/author\/bankulin\/"}]}},"_links":{"self":[{"href":"https:\/\/www.bhakademiker.org\/de\/wp-json\/wp\/v2\/posts\/3283","targetHints":{"allow":["GET"]}}],"collection":[{"href":"https:\/\/www.bhakademiker.org\/de\/wp-json\/wp\/v2\/posts"}],"about":[{"href":"https:\/\/www.bhakademiker.org\/de\/wp-json\/wp\/v2\/types\/post"}],"author":[{"embeddable":true,"href":"https:\/\/www.bhakademiker.org\/de\/wp-json\/wp\/v2\/users\/1"}],"replies":[{"embeddable":true,"href":"https:\/\/www.bhakademiker.org\/de\/wp-json\/wp\/v2\/comments?post=3283"}],"version-history":[{"count":5,"href":"https:\/\/www.bhakademiker.org\/de\/wp-json\/wp\/v2\/posts\/3283\/revisions"}],"predecessor-version":[{"id":3300,"href":"https:\/\/www.bhakademiker.org\/de\/wp-json\/wp\/v2\/posts\/3283\/revisions\/3300"}],"wp:featuredmedia":[{"embeddable":true,"href":"https:\/\/www.bhakademiker.org\/de\/wp-json\/wp\/v2\/media\/3299"}],"wp:attachment":[{"href":"https:\/\/www.bhakademiker.org\/de\/wp-json\/wp\/v2\/media?parent=3283"}],"wp:term":[{"taxonomy":"category","embeddable":true,"href":"https:\/\/www.bhakademiker.org\/de\/wp-json\/wp\/v2\/categories?post=3283"},{"taxonomy":"post_tag","embeddable":true,"href":"https:\/\/www.bhakademiker.org\/de\/wp-json\/wp\/v2\/tags?post=3283"}],"curies":[{"name":"wp","href":"https:\/\/api.w.org\/{rel}","templated":true}]}}