{"id":3313,"date":"2024-05-21T09:15:53","date_gmt":"2024-05-21T07:15:53","guid":{"rendered":"https:\/\/www.bhakademiker.org\/?p=3313"},"modified":"2024-05-21T11:04:40","modified_gmt":"2024-05-21T09:04:40","slug":"kooperation-mit-dem-verband-der-fakultaet-fuer-maschinenbau-aus-banja-luka","status":"publish","type":"post","link":"https:\/\/www.bhakademiker.org\/de\/2024\/05\/21\/kooperation-mit-dem-verband-der-fakultaet-fuer-maschinenbau-aus-banja-luka\/","title":{"rendered":"Kooperation mit dem Verband der Fakult\u00e4t f\u00fcr Maschinenbau aus Banja Luka"},"content":{"rendered":"<h1>Kooperation zwischen dem Verband der Fakult\u00e4t f\u00fcr Maschinenbau aus Banja Luka und der Gesellschaft Bosnischer Akademiker in \u00d6sterreich<\/h1>\n<p>Am Freitag, den 17. Mai, veranstaltete die National- und Universit\u00e4tsbibliothek in Banja Luka ab 18 Uhr eine B\u00fcchervorstellung des Universit\u00e4tsprofessors Momir \u0106eli\u0107 aus Banja Luka. Diese Veranstaltung wurde vom Verband der Doktoranden und ihrer Professoren der Fakult\u00e4t f\u00fcr Maschinenbau in Banja Luka organisiert. An der Promotion und dem Treffen nahmen Mitglieder des Vereins aus Kopenhagen, Wien, Linz, Zagreb, Kragujevac und zahlreichen St\u00e4dten in ganz Bosnien und Herzegowina teil. Mehrere Mitglieder des Vereins aus Banja Luka sind auch Mitglieder der Gesellschaft Bosnischer Akademiker in \u00d6sterreich und der EU, was eine Gelegenheit bot, die Arbeit beider Organisationen besser kennenzulernen.<\/p>\n<p>Die Veranstaltung wurde offiziell vom Pr\u00e4sidenten des Vereins, Professor Drago Talijan aus Banja Luka, er\u00f6ffnet, w\u00e4hrend die Buchpr\u00e4sentation vom Dichter und Schriftsteller Radomir Joki\u0107 aus Tesli\u0107 moderiert wurde.<\/p>\n<p>Fachb\u00fccher auf dem Gebiet der Mathematik wurden von D\u017eenana Ga\u010do und Fadil Islamovi\u0107, Professoren der Technischen Fakult\u00e4t in Biha\u0107, vorgestellt. Professor \u0106eli\u0107s autobiografisches Buch \u201eWenn du niemanden mehr zu fragen hast\u201c wurde von Goran Boji\u0107 aus Prijedor, Rifat Halilovi\u0107 aus Te\u0161nj und Moderator Radomir Joki\u0107 beworben. Dank der Aktivit\u00e4ten der Vereinsmitglieder aus Banja Luka sind die B\u00fccher von Professor \u0106eli\u0107 nun in den Bibliotheken von St\u00e4dten in ganz Bosnien und Herzegowina verf\u00fcgbar, darunter Bugojno, Prijedor, Kozarska Dubica, Te\u0161anj, Prnjavor, Doboj, Tuzla, Gradi\u0161ka, Jajce, Kne\u017eevo, Tesli\u0107, Kotor Varo\u0161 und Fakult\u00e4tsbibliotheken in Biha\u0107, Zenica, Sarajevo und Tuzla.<\/p>\n<p>Siradj Duhan, Pr\u00e4sident der Gesellschaft Bosnischer Akademiker in \u00d6sterreich und der EU, lud nach einer kurzen Pr\u00e4sentation der Arbeit von BADEU Gesch\u00e4ftsleute der Vereinigung ein, am Treffen der Gesch\u00e4ftsleute aus Bosnien und Herzegowina teilzunehmen, das am 12. Oktober 2024 in Graz stattfinden wird. 2024 in Graz, organisiert von der Gesellschaft Bosnischer Akademiker in \u00d6sterreich. Er w\u00fcnschte dem bereits pensionierten Professor \u0106eli\u0107 ein langes Leben und noch mehr solcher Treffen.<\/p>\n<p>Auch Nata\u0161a Stevi\u0107 aus Kragujevac, Ned\u017eib Mahmutovi\u0107 aus Linz und Professor \u0160efik Muhi\u0107 aus Kopenhagen sprachen bei dem Treffen und best\u00e4tigten die Bedeutung solcher Treffen der akademischen Gemeinschaft. In Banja Luka herrschte W\u00fcrde und die Bereitschaft, sich f\u00fcr Entwicklung und das Gemeinwohl einzusetzen.<\/p>\n\n\t\t<style type=\"text\/css\">\n\t\t\t#gallery-1 {\n\t\t\t\tmargin: auto;\n\t\t\t}\n\t\t\t#gallery-1 .gallery-item {\n\t\t\t\tfloat: left;\n\t\t\t\tmargin-top: 10px;\n\t\t\t\ttext-align: center;\n\t\t\t\twidth: 33%;\n\t\t\t}\n\t\t\t#gallery-1 img {\n\t\t\t\tborder: 2px solid #cfcfcf;\n\t\t\t}\n\t\t\t#gallery-1 .gallery-caption {\n\t\t\t\tmargin-left: 0;\n\t\t\t}\n\t\t\t\/* see gallery_shortcode() in wp-includes\/media.php *\/\n\t\t<\/style>\n\t\t<div id='gallery-1' class='gallery galleryid-3313 gallery-columns-3 gallery-size-medium'><dl class='gallery-item'>\n\t\t\t<dt class='gallery-icon landscape'>\n\t\t\t\t<a href='https:\/\/www.bhakademiker.org\/de\/2024\/05\/21\/kooperation-mit-dem-verband-der-fakultaet-fuer-maschinenbau-aus-banja-luka\/promotori\/'><img fetchpriority=\"high\" decoding=\"async\" width=\"300\" height=\"168\" src=\"https:\/\/www.bhakademiker.org\/wp-content\/uploads\/2024\/05\/promotori-300x168.jpg\" class=\"attachment-medium size-medium\" alt=\"\" srcset=\"https:\/\/www.bhakademiker.org\/wp-content\/uploads\/2024\/05\/promotori-300x168.jpg 300w, https:\/\/www.bhakademiker.org\/wp-content\/uploads\/2024\/05\/promotori-1024x575.jpg 1024w, https:\/\/www.bhakademiker.org\/wp-content\/uploads\/2024\/05\/promotori-768x431.jpg 768w, https:\/\/www.bhakademiker.org\/wp-content\/uploads\/2024\/05\/promotori-1536x862.jpg 1536w, https:\/\/www.bhakademiker.org\/wp-content\/uploads\/2024\/05\/promotori-18x10.jpg 18w, https:\/\/www.bhakademiker.org\/wp-content\/uploads\/2024\/05\/promotori-847x477.jpg 847w, https:\/\/www.bhakademiker.org\/wp-content\/uploads\/2024\/05\/promotori.jpg 1600w\" sizes=\"(max-width: 300px) 100vw, 300px\" \/><\/a>\n\t\t\t<\/dt><\/dl><dl class='gallery-item'>\n\t\t\t<dt class='gallery-icon landscape'>\n\t\t\t\t<a href='https:\/\/www.bhakademiker.org\/de\/2024\/05\/21\/kooperation-mit-dem-verband-der-fakultaet-fuer-maschinenbau-aus-banja-luka\/profesor\/'><img decoding=\"async\" width=\"300\" height=\"201\" src=\"https:\/\/www.bhakademiker.org\/wp-content\/uploads\/2024\/05\/profesor-300x201.jpg\" class=\"attachment-medium size-medium\" alt=\"\" srcset=\"https:\/\/www.bhakademiker.org\/wp-content\/uploads\/2024\/05\/profesor-300x201.jpg 300w, https:\/\/www.bhakademiker.org\/wp-content\/uploads\/2024\/05\/profesor-18x12.jpg 18w, https:\/\/www.bhakademiker.org\/wp-content\/uploads\/2024\/05\/profesor-263x177.jpg 263w, https:\/\/www.bhakademiker.org\/wp-content\/uploads\/2024\/05\/profesor-500x335.jpg 500w, https:\/\/www.bhakademiker.org\/wp-content\/uploads\/2024\/05\/profesor-555x373.jpg 555w, https:\/\/www.bhakademiker.org\/wp-content\/uploads\/2024\/05\/profesor-150x100.jpg 150w, https:\/\/www.bhakademiker.org\/wp-content\/uploads\/2024\/05\/profesor.jpg 558w\" sizes=\"(max-width: 300px) 100vw, 300px\" \/><\/a>\n\t\t\t<\/dt><\/dl><dl class='gallery-item'>\n\t\t\t<dt class='gallery-icon landscape'>\n\t\t\t\t<a href='https:\/\/www.bhakademiker.org\/de\/2024\/05\/21\/kooperation-mit-dem-verband-der-fakultaet-fuer-maschinenbau-aus-banja-luka\/grupna-desno\/'><img decoding=\"async\" width=\"300\" height=\"169\" src=\"https:\/\/www.bhakademiker.org\/wp-content\/uploads\/2024\/05\/grupna-desno-300x169.jpg\" class=\"attachment-medium size-medium\" alt=\"\" srcset=\"https:\/\/www.bhakademiker.org\/wp-content\/uploads\/2024\/05\/grupna-desno-300x169.jpg 300w, https:\/\/www.bhakademiker.org\/wp-content\/uploads\/2024\/05\/grupna-desno-1024x578.jpg 1024w, https:\/\/www.bhakademiker.org\/wp-content\/uploads\/2024\/05\/grupna-desno-768x433.jpg 768w, https:\/\/www.bhakademiker.org\/wp-content\/uploads\/2024\/05\/grupna-desno-1536x867.jpg 1536w, https:\/\/www.bhakademiker.org\/wp-content\/uploads\/2024\/05\/grupna-desno-18x10.jpg 18w, https:\/\/www.bhakademiker.org\/wp-content\/uploads\/2024\/05\/grupna-desno-847x477.jpg 847w, https:\/\/www.bhakademiker.org\/wp-content\/uploads\/2024\/05\/grupna-desno.jpg 1600w\" sizes=\"(max-width: 300px) 100vw, 300px\" \/><\/a>\n\t\t\t<\/dt><\/dl><br style=\"clear: both\" \/><dl class='gallery-item'>\n\t\t\t<dt class='gallery-icon landscape'>\n\t\t\t\t<a href='https:\/\/www.bhakademiker.org\/de\/2024\/05\/21\/kooperation-mit-dem-verband-der-fakultaet-fuer-maschinenbau-aus-banja-luka\/grupna-slika-stojeci\/'><img loading=\"lazy\" decoding=\"async\" width=\"300\" height=\"169\" src=\"https:\/\/www.bhakademiker.org\/wp-content\/uploads\/2024\/05\/grupna-slika-stojeci-300x169.jpg\" class=\"attachment-medium size-medium\" alt=\"\" srcset=\"https:\/\/www.bhakademiker.org\/wp-content\/uploads\/2024\/05\/grupna-slika-stojeci-300x169.jpg 300w, https:\/\/www.bhakademiker.org\/wp-content\/uploads\/2024\/05\/grupna-slika-stojeci-1024x578.jpg 1024w, https:\/\/www.bhakademiker.org\/wp-content\/uploads\/2024\/05\/grupna-slika-stojeci-768x434.jpg 768w, https:\/\/www.bhakademiker.org\/wp-content\/uploads\/2024\/05\/grupna-slika-stojeci-1536x867.jpg 1536w, https:\/\/www.bhakademiker.org\/wp-content\/uploads\/2024\/05\/grupna-slika-stojeci-18x10.jpg 18w, https:\/\/www.bhakademiker.org\/wp-content\/uploads\/2024\/05\/grupna-slika-stojeci-847x477.jpg 847w, https:\/\/www.bhakademiker.org\/wp-content\/uploads\/2024\/05\/grupna-slika-stojeci.jpg 1596w\" sizes=\"(max-width: 300px) 100vw, 300px\" \/><\/a>\n\t\t\t<\/dt><\/dl><dl class='gallery-item'>\n\t\t\t<dt class='gallery-icon landscape'>\n\t\t\t\t<a href='https:\/\/www.bhakademiker.org\/de\/2024\/05\/21\/kooperation-mit-dem-verband-der-fakultaet-fuer-maschinenbau-aus-banja-luka\/bada-2\/'><img loading=\"lazy\" decoding=\"async\" width=\"300\" height=\"170\" src=\"https:\/\/www.bhakademiker.org\/wp-content\/uploads\/2024\/05\/bada-300x170.jpg\" class=\"attachment-medium size-medium\" alt=\"\" srcset=\"https:\/\/www.bhakademiker.org\/wp-content\/uploads\/2024\/05\/bada-300x170.jpg 300w, https:\/\/www.bhakademiker.org\/wp-content\/uploads\/2024\/05\/bada-1024x579.jpg 1024w, https:\/\/www.bhakademiker.org\/wp-content\/uploads\/2024\/05\/bada-768x434.jpg 768w, https:\/\/www.bhakademiker.org\/wp-content\/uploads\/2024\/05\/bada-18x10.jpg 18w, https:\/\/www.bhakademiker.org\/wp-content\/uploads\/2024\/05\/bada-847x477.jpg 847w, https:\/\/www.bhakademiker.org\/wp-content\/uploads\/2024\/05\/bada.jpg 1486w\" sizes=\"(max-width: 300px) 100vw, 300px\" \/><\/a>\n\t\t\t<\/dt><\/dl>\n\t\t\t<br style='clear: both' \/>\n\t\t<\/div>\n\n","protected":false},"excerpt":{"rendered":"<p>17.05.2024 | Banja Luka<\/p>\n","protected":false},"author":1,"featured_media":3314,"comment_status":"open","ping_status":"open","sticky":false,"template":"","format":"standard","meta":{"footnotes":""},"categories":[72],"tags":[],"class_list":["post-3313","post","type-post","status-publish","format-standard","has-post-thumbnail","hentry","category-bada"],"yoast_head":"<!-- This site is optimized with the Yoast SEO plugin v20.3 - https:\/\/yoast.com\/wordpress\/plugins\/seo\/ -->\n<title>Kooperation mit dem Verband der Fakult\u00e4t f\u00fcr Maschinenbau aus Banja Luka - Gesellschaft Bosnischer Akademiker<\/title>\n<meta name=\"description\" content=\"17.05.2024 | Banja Luka\" \/>\n<meta name=\"robots\" content=\"index, follow, max-snippet:-1, max-image-preview:large, max-video-preview:-1\" \/>\n<link rel=\"canonical\" href=\"https:\/\/www.bhakademiker.org\/de\/2024\/05\/21\/kooperation-mit-dem-verband-der-fakultaet-fuer-maschinenbau-aus-banja-luka\/\" \/>\n<meta property=\"og:locale\" content=\"de_DE\" \/>\n<meta property=\"og:type\" content=\"article\" \/>\n<meta property=\"og:title\" content=\"Kooperation zwischen Verband der Fakult\u00e4t f\u00fcr Maschinenbau aus Banja Luka &amp; GBAA\" \/>\n<meta property=\"og:description\" content=\"17.05.2024 | Banja Luka\" \/>\n<meta property=\"og:url\" content=\"https:\/\/www.bhakademiker.org\/de\/2024\/05\/21\/kooperation-mit-dem-verband-der-fakultaet-fuer-maschinenbau-aus-banja-luka\/\" \/>\n<meta property=\"og:site_name\" content=\"Gesellschaft Bosnischer Akademiker\" \/>\n<meta property=\"article:published_time\" content=\"2024-05-21T07:15:53+00:00\" \/>\n<meta property=\"article:modified_time\" content=\"2024-05-21T09:04:40+00:00\" \/>\n<meta property=\"og:image\" content=\"https:\/\/www.bhakademiker.org\/wp-content\/uploads\/2024\/05\/Screenshot-2024-05-21-090726.png\" \/>\n\t<meta property=\"og:image:width\" content=\"1055\" \/>\n\t<meta property=\"og:image:height\" content=\"720\" \/>\n\t<meta property=\"og:image:type\" content=\"image\/png\" \/>\n<meta name=\"author\" content=\"BanKulin\" \/>\n<meta name=\"twitter:card\" content=\"summary_large_image\" \/>\n<meta name=\"twitter:title\" content=\"Kooperation zwischen Verband der Fakult\u00e4t f\u00fcr Maschinenbau aus Banja Luka &amp; GBAA\" \/>\n<meta name=\"twitter:description\" content=\"17.05.2024 | Banja Luka\" \/>\n<meta name=\"twitter:image\" content=\"https:\/\/www.bhakademiker.org\/wp-content\/uploads\/2024\/05\/Screenshot-2024-05-21-090726.png\" \/>\n<meta name=\"twitter:label1\" content=\"Verfasst von\" \/>\n\t<meta name=\"twitter:data1\" content=\"BanKulin\" \/>\n\t<meta name=\"twitter:label2\" content=\"Gesch\u00e4tzte Lesezeit\" \/>\n\t<meta name=\"twitter:data2\" content=\"2\u00a0Minuten\" \/>\n<script type=\"application\/ld+json\" class=\"yoast-schema-graph\">{\"@context\":\"https:\/\/schema.org\",\"@graph\":[{\"@type\":\"Article\",\"@id\":\"https:\/\/www.bhakademiker.org\/2024\/05\/21\/kooperation-mit-dem-verband-der-fakultaet-fuer-maschinenbau-aus-banja-luka\/#article\",\"isPartOf\":{\"@id\":\"https:\/\/www.bhakademiker.org\/2024\/05\/21\/kooperation-mit-dem-verband-der-fakultaet-fuer-maschinenbau-aus-banja-luka\/\"},\"author\":{\"name\":\"BanKulin\",\"@id\":\"https:\/\/www.bhakademiker.org\/bs\/#\/schema\/person\/eb2bb45ccd10b1a8756ef049efa44da5\"},\"headline\":\"Kooperation mit dem Verband der Fakult\u00e4t f\u00fcr Maschinenbau aus Banja Luka\",\"datePublished\":\"2024-05-21T07:15:53+00:00\",\"dateModified\":\"2024-05-21T09:04:40+00:00\",\"mainEntityOfPage\":{\"@id\":\"https:\/\/www.bhakademiker.org\/2024\/05\/21\/kooperation-mit-dem-verband-der-fakultaet-fuer-maschinenbau-aus-banja-luka\/\"},\"wordCount\":398,\"commentCount\":0,\"publisher\":{\"@id\":\"https:\/\/www.bhakademiker.org\/bs\/#organization\"},\"articleSection\":[\"BADA\"],\"inLanguage\":\"de\",\"potentialAction\":[{\"@type\":\"CommentAction\",\"name\":\"Comment\",\"target\":[\"https:\/\/www.bhakademiker.org\/2024\/05\/21\/kooperation-mit-dem-verband-der-fakultaet-fuer-maschinenbau-aus-banja-luka\/#respond\"]}]},{\"@type\":\"WebPage\",\"@id\":\"https:\/\/www.bhakademiker.org\/2024\/05\/21\/kooperation-mit-dem-verband-der-fakultaet-fuer-maschinenbau-aus-banja-luka\/\",\"url\":\"https:\/\/www.bhakademiker.org\/2024\/05\/21\/kooperation-mit-dem-verband-der-fakultaet-fuer-maschinenbau-aus-banja-luka\/\",\"name\":\"Kooperation mit dem Verband der Fakult\u00e4t f\u00fcr Maschinenbau aus Banja Luka - Gesellschaft Bosnischer Akademiker\",\"isPartOf\":{\"@id\":\"https:\/\/www.bhakademiker.org\/bs\/#website\"},\"datePublished\":\"2024-05-21T07:15:53+00:00\",\"dateModified\":\"2024-05-21T09:04:40+00:00\",\"description\":\"17.05.2024 | Banja Luka\",\"breadcrumb\":{\"@id\":\"https:\/\/www.bhakademiker.org\/2024\/05\/21\/kooperation-mit-dem-verband-der-fakultaet-fuer-maschinenbau-aus-banja-luka\/#breadcrumb\"},\"inLanguage\":\"de\",\"potentialAction\":[{\"@type\":\"ReadAction\",\"target\":[\"https:\/\/www.bhakademiker.org\/2024\/05\/21\/kooperation-mit-dem-verband-der-fakultaet-fuer-maschinenbau-aus-banja-luka\/\"]}]},{\"@type\":\"BreadcrumbList\",\"@id\":\"https:\/\/www.bhakademiker.org\/2024\/05\/21\/kooperation-mit-dem-verband-der-fakultaet-fuer-maschinenbau-aus-banja-luka\/#breadcrumb\",\"itemListElement\":[{\"@type\":\"ListItem\",\"position\":1,\"name\":\"Home\",\"item\":\"https:\/\/www.bhakademiker.org\/\"},{\"@type\":\"ListItem\",\"position\":2,\"name\":\"Kooperation mit dem Verband der Fakult\u00e4t f\u00fcr Maschinenbau aus Banja Luka\"}]},{\"@type\":\"WebSite\",\"@id\":\"https:\/\/www.bhakademiker.org\/bs\/#website\",\"url\":\"https:\/\/www.bhakademiker.org\/bs\/\",\"name\":\"Gesellschaft Bosnischer Akademiker\",\"description\":\"\",\"publisher\":{\"@id\":\"https:\/\/www.bhakademiker.org\/bs\/#organization\"},\"potentialAction\":[{\"@type\":\"SearchAction\",\"target\":{\"@type\":\"EntryPoint\",\"urlTemplate\":\"https:\/\/www.bhakademiker.org\/bs\/?s={search_term_string}\"},\"query-input\":\"required name=search_term_string\"}],\"inLanguage\":\"de\"},{\"@type\":\"Organization\",\"@id\":\"https:\/\/www.bhakademiker.org\/bs\/#organization\",\"name\":\"Gesellschaft Bosnischer Akademiker in \u00d6sterreich\",\"url\":\"https:\/\/www.bhakademiker.org\/bs\/\",\"logo\":{\"@type\":\"ImageObject\",\"inLanguage\":\"de\",\"@id\":\"https:\/\/www.bhakademiker.org\/bs\/#\/schema\/logo\/image\/\",\"url\":\"https:\/\/www.bhakademiker.org\/wp-content\/uploads\/2022\/01\/featured-GBAA.png\",\"contentUrl\":\"https:\/\/www.bhakademiker.org\/wp-content\/uploads\/2022\/01\/featured-GBAA.png\",\"width\":1200,\"height\":630,\"caption\":\"Gesellschaft Bosnischer Akademiker in \u00d6sterreich\"},\"image\":{\"@id\":\"https:\/\/www.bhakademiker.org\/bs\/#\/schema\/logo\/image\/\"}},{\"@type\":\"Person\",\"@id\":\"https:\/\/www.bhakademiker.org\/bs\/#\/schema\/person\/eb2bb45ccd10b1a8756ef049efa44da5\",\"name\":\"BanKulin\",\"image\":{\"@type\":\"ImageObject\",\"inLanguage\":\"de\",\"@id\":\"https:\/\/www.bhakademiker.org\/bs\/#\/schema\/person\/image\/\",\"url\":\"https:\/\/secure.gravatar.com\/avatar\/c6d58ce317ac29451bb963305865585b0ee61581cac268f7b497945aea17e32c?s=96&d=mm&r=g\",\"contentUrl\":\"https:\/\/secure.gravatar.com\/avatar\/c6d58ce317ac29451bb963305865585b0ee61581cac268f7b497945aea17e32c?s=96&d=mm&r=g\",\"caption\":\"BanKulin\"},\"sameAs\":[\"https:\/\/www.bhakademiker.org\"],\"url\":\"https:\/\/www.bhakademiker.org\/de\/author\/bankulin\/\"}]}<\/script>\n<!-- \/ Yoast SEO plugin. -->","yoast_head_json":{"title":"Kooperation mit dem Verband der Fakult\u00e4t f\u00fcr Maschinenbau aus Banja Luka - Gesellschaft Bosnischer Akademiker","description":"17.05.2024 | Banja Luka","robots":{"index":"index","follow":"follow","max-snippet":"max-snippet:-1","max-image-preview":"max-image-preview:large","max-video-preview":"max-video-preview:-1"},"canonical":"https:\/\/www.bhakademiker.org\/de\/2024\/05\/21\/kooperation-mit-dem-verband-der-fakultaet-fuer-maschinenbau-aus-banja-luka\/","og_locale":"de_DE","og_type":"article","og_title":"Kooperation zwischen Verband der Fakult\u00e4t f\u00fcr Maschinenbau aus Banja Luka & GBAA","og_description":"17.05.2024 | Banja Luka","og_url":"https:\/\/www.bhakademiker.org\/de\/2024\/05\/21\/kooperation-mit-dem-verband-der-fakultaet-fuer-maschinenbau-aus-banja-luka\/","og_site_name":"Gesellschaft Bosnischer Akademiker","article_published_time":"2024-05-21T07:15:53+00:00","article_modified_time":"2024-05-21T09:04:40+00:00","og_image":[{"width":1055,"height":720,"url":"https:\/\/www.bhakademiker.org\/wp-content\/uploads\/2024\/05\/Screenshot-2024-05-21-090726.png","type":"image\/png"}],"author":"BanKulin","twitter_card":"summary_large_image","twitter_title":"Kooperation zwischen Verband der Fakult\u00e4t f\u00fcr Maschinenbau aus Banja Luka & GBAA","twitter_description":"17.05.2024 | Banja Luka","twitter_image":"https:\/\/www.bhakademiker.org\/wp-content\/uploads\/2024\/05\/Screenshot-2024-05-21-090726.png","twitter_misc":{"Verfasst von":"BanKulin","Gesch\u00e4tzte Lesezeit":"2\u00a0Minuten"},"schema":{"@context":"https:\/\/schema.org","@graph":[{"@type":"Article","@id":"https:\/\/www.bhakademiker.org\/2024\/05\/21\/kooperation-mit-dem-verband-der-fakultaet-fuer-maschinenbau-aus-banja-luka\/#article","isPartOf":{"@id":"https:\/\/www.bhakademiker.org\/2024\/05\/21\/kooperation-mit-dem-verband-der-fakultaet-fuer-maschinenbau-aus-banja-luka\/"},"author":{"name":"BanKulin","@id":"https:\/\/www.bhakademiker.org\/bs\/#\/schema\/person\/eb2bb45ccd10b1a8756ef049efa44da5"},"headline":"Kooperation mit dem Verband der Fakult\u00e4t f\u00fcr Maschinenbau aus Banja Luka","datePublished":"2024-05-21T07:15:53+00:00","dateModified":"2024-05-21T09:04:40+00:00","mainEntityOfPage":{"@id":"https:\/\/www.bhakademiker.org\/2024\/05\/21\/kooperation-mit-dem-verband-der-fakultaet-fuer-maschinenbau-aus-banja-luka\/"},"wordCount":398,"commentCount":0,"publisher":{"@id":"https:\/\/www.bhakademiker.org\/bs\/#organization"},"articleSection":["BADA"],"inLanguage":"de","potentialAction":[{"@type":"CommentAction","name":"Comment","target":["https:\/\/www.bhakademiker.org\/2024\/05\/21\/kooperation-mit-dem-verband-der-fakultaet-fuer-maschinenbau-aus-banja-luka\/#respond"]}]},{"@type":"WebPage","@id":"https:\/\/www.bhakademiker.org\/2024\/05\/21\/kooperation-mit-dem-verband-der-fakultaet-fuer-maschinenbau-aus-banja-luka\/","url":"https:\/\/www.bhakademiker.org\/2024\/05\/21\/kooperation-mit-dem-verband-der-fakultaet-fuer-maschinenbau-aus-banja-luka\/","name":"Kooperation mit dem Verband der Fakult\u00e4t f\u00fcr Maschinenbau aus Banja Luka - Gesellschaft Bosnischer Akademiker","isPartOf":{"@id":"https:\/\/www.bhakademiker.org\/bs\/#website"},"datePublished":"2024-05-21T07:15:53+00:00","dateModified":"2024-05-21T09:04:40+00:00","description":"17.05.2024 | Banja Luka","breadcrumb":{"@id":"https:\/\/www.bhakademiker.org\/2024\/05\/21\/kooperation-mit-dem-verband-der-fakultaet-fuer-maschinenbau-aus-banja-luka\/#breadcrumb"},"inLanguage":"de","potentialAction":[{"@type":"ReadAction","target":["https:\/\/www.bhakademiker.org\/2024\/05\/21\/kooperation-mit-dem-verband-der-fakultaet-fuer-maschinenbau-aus-banja-luka\/"]}]},{"@type":"BreadcrumbList","@id":"https:\/\/www.bhakademiker.org\/2024\/05\/21\/kooperation-mit-dem-verband-der-fakultaet-fuer-maschinenbau-aus-banja-luka\/#breadcrumb","itemListElement":[{"@type":"ListItem","position":1,"name":"Home","item":"https:\/\/www.bhakademiker.org\/"},{"@type":"ListItem","position":2,"name":"Kooperation mit dem Verband der Fakult\u00e4t f\u00fcr Maschinenbau aus Banja Luka"}]},{"@type":"WebSite","@id":"https:\/\/www.bhakademiker.org\/bs\/#website","url":"https:\/\/www.bhakademiker.org\/bs\/","name":"Gesellschaft Bosnischer Akademiker","description":"","publisher":{"@id":"https:\/\/www.bhakademiker.org\/bs\/#organization"},"potentialAction":[{"@type":"SearchAction","target":{"@type":"EntryPoint","urlTemplate":"https:\/\/www.bhakademiker.org\/bs\/?s={search_term_string}"},"query-input":"required name=search_term_string"}],"inLanguage":"de"},{"@type":"Organization","@id":"https:\/\/www.bhakademiker.org\/bs\/#organization","name":"Gesellschaft Bosnischer Akademiker in \u00d6sterreich","url":"https:\/\/www.bhakademiker.org\/bs\/","logo":{"@type":"ImageObject","inLanguage":"de","@id":"https:\/\/www.bhakademiker.org\/bs\/#\/schema\/logo\/image\/","url":"https:\/\/www.bhakademiker.org\/wp-content\/uploads\/2022\/01\/featured-GBAA.png","contentUrl":"https:\/\/www.bhakademiker.org\/wp-content\/uploads\/2022\/01\/featured-GBAA.png","width":1200,"height":630,"caption":"Gesellschaft Bosnischer Akademiker in \u00d6sterreich"},"image":{"@id":"https:\/\/www.bhakademiker.org\/bs\/#\/schema\/logo\/image\/"}},{"@type":"Person","@id":"https:\/\/www.bhakademiker.org\/bs\/#\/schema\/person\/eb2bb45ccd10b1a8756ef049efa44da5","name":"BanKulin","image":{"@type":"ImageObject","inLanguage":"de","@id":"https:\/\/www.bhakademiker.org\/bs\/#\/schema\/person\/image\/","url":"https:\/\/secure.gravatar.com\/avatar\/c6d58ce317ac29451bb963305865585b0ee61581cac268f7b497945aea17e32c?s=96&d=mm&r=g","contentUrl":"https:\/\/secure.gravatar.com\/avatar\/c6d58ce317ac29451bb963305865585b0ee61581cac268f7b497945aea17e32c?s=96&d=mm&r=g","caption":"BanKulin"},"sameAs":["https:\/\/www.bhakademiker.org"],"url":"https:\/\/www.bhakademiker.org\/de\/author\/bankulin\/"}]}},"_links":{"self":[{"href":"https:\/\/www.bhakademiker.org\/de\/wp-json\/wp\/v2\/posts\/3313","targetHints":{"allow":["GET"]}}],"collection":[{"href":"https:\/\/www.bhakademiker.org\/de\/wp-json\/wp\/v2\/posts"}],"about":[{"href":"https:\/\/www.bhakademiker.org\/de\/wp-json\/wp\/v2\/types\/post"}],"author":[{"embeddable":true,"href":"https:\/\/www.bhakademiker.org\/de\/wp-json\/wp\/v2\/users\/1"}],"replies":[{"embeddable":true,"href":"https:\/\/www.bhakademiker.org\/de\/wp-json\/wp\/v2\/comments?post=3313"}],"version-history":[{"count":2,"href":"https:\/\/www.bhakademiker.org\/de\/wp-json\/wp\/v2\/posts\/3313\/revisions"}],"predecessor-version":[{"id":3321,"href":"https:\/\/www.bhakademiker.org\/de\/wp-json\/wp\/v2\/posts\/3313\/revisions\/3321"}],"wp:featuredmedia":[{"embeddable":true,"href":"https:\/\/www.bhakademiker.org\/de\/wp-json\/wp\/v2\/media\/3314"}],"wp:attachment":[{"href":"https:\/\/www.bhakademiker.org\/de\/wp-json\/wp\/v2\/media?parent=3313"}],"wp:term":[{"taxonomy":"category","embeddable":true,"href":"https:\/\/www.bhakademiker.org\/de\/wp-json\/wp\/v2\/categories?post=3313"},{"taxonomy":"post_tag","embeddable":true,"href":"https:\/\/www.bhakademiker.org\/de\/wp-json\/wp\/v2\/tags?post=3313"}],"curies":[{"name":"wp","href":"https:\/\/api.w.org\/{rel}","templated":true}]}}