{"id":3345,"date":"2024-06-11T13:51:56","date_gmt":"2024-06-11T11:51:56","guid":{"rendered":"https:\/\/www.bhakademiker.org\/?p=3345"},"modified":"2024-06-11T16:49:08","modified_gmt":"2024-06-11T14:49:08","slug":"meletta-gedenkreise-vom-7-9-juni-2024","status":"publish","type":"post","link":"https:\/\/www.bhakademiker.org\/de\/2024\/06\/11\/meletta-gedenkreise-vom-7-9-juni-2024\/","title":{"rendered":"Meletta-Gedenkreise 2024"},"content":{"rendered":"<h1><strong>MELETTA 2024<\/strong><\/h1>\n<p><strong>Arbeit f\u00fcr den Frieden: Gedenkfeier auf Monte Meletta-Fior<\/strong><\/p>\n<p><strong>Monte Meletta-Fior, Italien<\/strong> &#8211; Am 8. Juni 2024 versammelten sich Vertreter aus Italien, Bosnien-Herzegowina und \u00d6sterreich, um den 108. Jahrestag der Schlacht von Monte Meletta-Fior zu begehen. Dieser historische Gedenktag erinnert an die tapferen Soldaten des bosnisch-herzegowinischen Regiments Nr. 2, die am 7. Juni 1916 w\u00e4hrend des Ersten Weltkriegs den Berg Monte Meletta-Fior in einem verlustreichen Sturmangriff eroberten.<\/p>\n<p><strong>Historischer Hintergrund<\/strong><\/p>\n<p>Die Schlacht von Monte Meletta-Fior war ein furchtbar opfervoller Erfolg f\u00fcr das bosnisch-herzegowinische Regiment Nr. 2, das in der k.u.k. Armee das meistausgezeichnete Regiment war. \u201eBosniaken\u201c, wie damals alle Bosnier bezeichnet wurden, bewiesen in dieser Schlacht eine bemerkenswerte Kameradschaft und blindes Vertrauen \u00fcber alle ethnischen und religi\u00f6sen Grenzen hinweg. 206 Angeh\u00f6rige des Regiments fanden bei diesem Angriff den Heldentod, w\u00e4hrend die Verluste auf der italienischen Seite, bestehend aus Alpini und sardischen Truppen, noch h\u00f6her waren.<\/p>\n<p><strong>Eine Lektion aus der Geschichte?<\/strong><\/p>\n<p>Leider hat die Menschheit aus dem Ersten Weltkrieg wenig gelernt, wie der darauffolgende Zweite Weltkrieg zeigte. Die blo\u00dfe Hoffnung, dass es keinen dritten Weltkrieg geben wird, ist nicht ausreichend. Es bedarf aktiver Arbeit und Engagements f\u00fcr den Frieden.<\/p>\n<p>Das Zweier-Bosniaken-Regiment aus dem Erg\u00e4nzungsbezirk Banja Luka, wozu damals ja auch Biha\u0107 und Casin geh\u00f6rten, bestand beispielsweise zu Kriegsbeginn 1914 aus fast 50 Prozent serbisch-orthodoxen, circa 35 Prozent muslimischen und etwa 15 Prozent kroatisch-katholischen Soldaten. Dazu kam ein geringer Anteil j\u00fcdischer und sonst gl\u00e4ubiger Soldaten. War das damals ein Thema oder gar ein Problem?<\/p>\n<p>Im Gegenteil: Allen war klar, dass nur gemeinsam miteinander die Aufgaben erf\u00fcllt werden k\u00f6nnen, nicht nebeneinander und schon gar nicht gegeneinander! Und genau das ist es, was wir alle hier aus unserer gemeinsamen Geschichte in unsere Gegenwart mitnehmen und f\u00fcr die Zukunft bewahren m\u00fcssen. Es gilt, sich \u00fcber den Gr\u00e4bern der Gefallenen die H\u00e4nde zu reichen und so den Frieden zu bewahren! Damals 1916 waren wir Feinde, heute sind wir gute Freunde.<\/p>\n<p><strong>Einzigartiges Friedensprojekt<\/strong><\/p>\n<p>Seit 1917 findet diese traditionelle Gedenkveranstaltung statt. Zun\u00e4chst in Graz abgehalten, wechselt der Ort der Feier seit 1996 zwischen Bosnien, Italien und \u00d6sterreich. Dabei wird nicht der Sieg gefeiert, sondern eine eindringliche Mahnung an Kriegstreiber gesandt, die selbst nie an der Front stehen. Diese Veranstaltung ist als Friedensprojekt einzigartig und verdient gr\u00f6\u00dfere Anerkennung. Das gemeinsame friedliche Feiern von Italienern, Bosniern und \u00d6sterreichern zeigt, dass auch andere Nationen Vorurteile \u00fcberwinden k\u00f6nnen.<\/p>\n<p><strong>Feierlichkeiten 2024<\/strong><\/p>\n<p>Die diesj\u00e4hrigen Feierlichkeiten wurden auf dem historischen Schlachtfeld abgehalten, wo die Schlacht am 7. Juni 1916 tobte. Vertreter aus Italien, Bosnien-Herzegowina und \u00d6sterreich nahmen an der Gedenkveranstaltung teil. Nach den offiziellen Feierlichkeiten organisierten die Bosnier eine \u201e\u0106evap\u010di\u0107i-Party\u201c, welche der gro\u00dfe Anklang bei den italienischen und \u00f6sterreichischen G\u00e4sten fand.<\/p>\n<p><strong>Ausblick auf 2025<\/strong><\/p>\n<p>Im kommenden Jahr wird die Gedenkfeier in Bosnien und Herzegowina stattfinden. Es bleibt zu hoffen, dass diese Veranstaltung weiterhin ein starkes Zeichen f\u00fcr den Frieden setzt und das Miteinander der Nationen f\u00f6rdert.<\/p>\n<p><iframe width=\"560\" height=\"315\" src=\"https:\/\/www.youtube.com\/embed\/r8iMKRq_h6c?si=h0NJxrpYNHZSRM_4\" title=\"YouTube video player\" frameborder=\"0\" allow=\"accelerometer; autoplay; clipboard-write; encrypted-media; gyroscope; picture-in-picture; web-share\" referrerpolicy=\"strict-origin-when-cross-origin\" allowfullscreen><\/iframe><\/p>\n<p style=\"text-align: center;\">\n<p>&nbsp;<\/p>\n\n\t\t<style type=\"text\/css\">\n\t\t\t#gallery-1 {\n\t\t\t\tmargin: auto;\n\t\t\t}\n\t\t\t#gallery-1 .gallery-item {\n\t\t\t\tfloat: left;\n\t\t\t\tmargin-top: 10px;\n\t\t\t\ttext-align: center;\n\t\t\t\twidth: 33%;\n\t\t\t}\n\t\t\t#gallery-1 img {\n\t\t\t\tborder: 2px solid #cfcfcf;\n\t\t\t}\n\t\t\t#gallery-1 .gallery-caption {\n\t\t\t\tmargin-left: 0;\n\t\t\t}\n\t\t\t\/* see gallery_shortcode() in wp-includes\/media.php *\/\n\t\t<\/style>\n\t\t<div id='gallery-1' class='gallery galleryid-3345 gallery-columns-3 gallery-size-medium'><dl class='gallery-item'>\n\t\t\t<dt class='gallery-icon landscape'>\n\t\t\t\t<a href='https:\/\/www.bhakademiker.org\/de\/2024\/06\/11\/meletta-gedenkreise-vom-7-9-juni-2024\/unnamed-7\/'><img fetchpriority=\"high\" decoding=\"async\" width=\"300\" height=\"225\" src=\"https:\/\/www.bhakademiker.org\/wp-content\/uploads\/2024\/06\/unnamed-7-300x225.jpg\" class=\"attachment-medium size-medium\" alt=\"\" srcset=\"https:\/\/www.bhakademiker.org\/wp-content\/uploads\/2024\/06\/unnamed-7-300x225.jpg 300w, https:\/\/www.bhakademiker.org\/wp-content\/uploads\/2024\/06\/unnamed-7-1024x768.jpg 1024w, https:\/\/www.bhakademiker.org\/wp-content\/uploads\/2024\/06\/unnamed-7-768x576.jpg 768w, https:\/\/www.bhakademiker.org\/wp-content\/uploads\/2024\/06\/unnamed-7-1536x1152.jpg 1536w, https:\/\/www.bhakademiker.org\/wp-content\/uploads\/2024\/06\/unnamed-7-16x12.jpg 16w, https:\/\/www.bhakademiker.org\/wp-content\/uploads\/2024\/06\/unnamed-7.jpg 1600w\" sizes=\"(max-width: 300px) 100vw, 300px\" \/><\/a>\n\t\t\t<\/dt><\/dl><dl class='gallery-item'>\n\t\t\t<dt class='gallery-icon landscape'>\n\t\t\t\t<a href='https:\/\/www.bhakademiker.org\/de\/2024\/06\/11\/meletta-gedenkreise-vom-7-9-juni-2024\/unnamed-6\/'><img decoding=\"async\" width=\"300\" height=\"225\" src=\"https:\/\/www.bhakademiker.org\/wp-content\/uploads\/2024\/06\/unnamed-6-300x225.jpg\" class=\"attachment-medium size-medium\" alt=\"\" srcset=\"https:\/\/www.bhakademiker.org\/wp-content\/uploads\/2024\/06\/unnamed-6-300x225.jpg 300w, https:\/\/www.bhakademiker.org\/wp-content\/uploads\/2024\/06\/unnamed-6-1024x768.jpg 1024w, https:\/\/www.bhakademiker.org\/wp-content\/uploads\/2024\/06\/unnamed-6-768x576.jpg 768w, https:\/\/www.bhakademiker.org\/wp-content\/uploads\/2024\/06\/unnamed-6-1536x1152.jpg 1536w, https:\/\/www.bhakademiker.org\/wp-content\/uploads\/2024\/06\/unnamed-6-16x12.jpg 16w, https:\/\/www.bhakademiker.org\/wp-content\/uploads\/2024\/06\/unnamed-6.jpg 1600w\" sizes=\"(max-width: 300px) 100vw, 300px\" \/><\/a>\n\t\t\t<\/dt><\/dl><dl class='gallery-item'>\n\t\t\t<dt class='gallery-icon landscape'>\n\t\t\t\t<a href='https:\/\/www.bhakademiker.org\/de\/2024\/06\/11\/meletta-gedenkreise-vom-7-9-juni-2024\/unnamed-5\/'><img decoding=\"async\" width=\"300\" height=\"225\" src=\"https:\/\/www.bhakademiker.org\/wp-content\/uploads\/2024\/06\/unnamed-5-300x225.jpg\" class=\"attachment-medium size-medium\" alt=\"\" srcset=\"https:\/\/www.bhakademiker.org\/wp-content\/uploads\/2024\/06\/unnamed-5-300x225.jpg 300w, https:\/\/www.bhakademiker.org\/wp-content\/uploads\/2024\/06\/unnamed-5-1024x768.jpg 1024w, https:\/\/www.bhakademiker.org\/wp-content\/uploads\/2024\/06\/unnamed-5-768x576.jpg 768w, https:\/\/www.bhakademiker.org\/wp-content\/uploads\/2024\/06\/unnamed-5-1536x1152.jpg 1536w, https:\/\/www.bhakademiker.org\/wp-content\/uploads\/2024\/06\/unnamed-5-16x12.jpg 16w, https:\/\/www.bhakademiker.org\/wp-content\/uploads\/2024\/06\/unnamed-5.jpg 1600w\" sizes=\"(max-width: 300px) 100vw, 300px\" \/><\/a>\n\t\t\t<\/dt><\/dl><br style=\"clear: both\" \/><dl class='gallery-item'>\n\t\t\t<dt class='gallery-icon landscape'>\n\t\t\t\t<a href='https:\/\/www.bhakademiker.org\/de\/2024\/06\/11\/meletta-gedenkreise-vom-7-9-juni-2024\/unnamed-4\/'><img loading=\"lazy\" decoding=\"async\" width=\"300\" height=\"225\" src=\"https:\/\/www.bhakademiker.org\/wp-content\/uploads\/2024\/06\/unnamed-4-300x225.jpg\" class=\"attachment-medium size-medium\" alt=\"\" srcset=\"https:\/\/www.bhakademiker.org\/wp-content\/uploads\/2024\/06\/unnamed-4-300x225.jpg 300w, https:\/\/www.bhakademiker.org\/wp-content\/uploads\/2024\/06\/unnamed-4-1024x768.jpg 1024w, https:\/\/www.bhakademiker.org\/wp-content\/uploads\/2024\/06\/unnamed-4-768x576.jpg 768w, https:\/\/www.bhakademiker.org\/wp-content\/uploads\/2024\/06\/unnamed-4-1536x1152.jpg 1536w, https:\/\/www.bhakademiker.org\/wp-content\/uploads\/2024\/06\/unnamed-4-16x12.jpg 16w, https:\/\/www.bhakademiker.org\/wp-content\/uploads\/2024\/06\/unnamed-4.jpg 1600w\" sizes=\"(max-width: 300px) 100vw, 300px\" \/><\/a>\n\t\t\t<\/dt><\/dl><dl class='gallery-item'>\n\t\t\t<dt class='gallery-icon landscape'>\n\t\t\t\t<a href='https:\/\/www.bhakademiker.org\/de\/2024\/06\/11\/meletta-gedenkreise-vom-7-9-juni-2024\/unnamed-3\/'><img loading=\"lazy\" decoding=\"async\" width=\"300\" height=\"225\" src=\"https:\/\/www.bhakademiker.org\/wp-content\/uploads\/2024\/06\/unnamed-3-300x225.jpg\" class=\"attachment-medium size-medium\" alt=\"\" srcset=\"https:\/\/www.bhakademiker.org\/wp-content\/uploads\/2024\/06\/unnamed-3-300x225.jpg 300w, https:\/\/www.bhakademiker.org\/wp-content\/uploads\/2024\/06\/unnamed-3-1024x768.jpg 1024w, https:\/\/www.bhakademiker.org\/wp-content\/uploads\/2024\/06\/unnamed-3-768x576.jpg 768w, https:\/\/www.bhakademiker.org\/wp-content\/uploads\/2024\/06\/unnamed-3-1536x1152.jpg 1536w, https:\/\/www.bhakademiker.org\/wp-content\/uploads\/2024\/06\/unnamed-3-16x12.jpg 16w, https:\/\/www.bhakademiker.org\/wp-content\/uploads\/2024\/06\/unnamed-3.jpg 1600w\" sizes=\"(max-width: 300px) 100vw, 300px\" \/><\/a>\n\t\t\t<\/dt><\/dl><dl class='gallery-item'>\n\t\t\t<dt class='gallery-icon landscape'>\n\t\t\t\t<a href='https:\/\/www.bhakademiker.org\/de\/2024\/06\/11\/meletta-gedenkreise-vom-7-9-juni-2024\/unnamed-2\/'><img loading=\"lazy\" decoding=\"async\" width=\"300\" height=\"225\" src=\"https:\/\/www.bhakademiker.org\/wp-content\/uploads\/2024\/06\/unnamed-2-300x225.jpg\" class=\"attachment-medium size-medium\" alt=\"\" srcset=\"https:\/\/www.bhakademiker.org\/wp-content\/uploads\/2024\/06\/unnamed-2-300x225.jpg 300w, https:\/\/www.bhakademiker.org\/wp-content\/uploads\/2024\/06\/unnamed-2-1024x768.jpg 1024w, https:\/\/www.bhakademiker.org\/wp-content\/uploads\/2024\/06\/unnamed-2-768x576.jpg 768w, https:\/\/www.bhakademiker.org\/wp-content\/uploads\/2024\/06\/unnamed-2-1536x1152.jpg 1536w, https:\/\/www.bhakademiker.org\/wp-content\/uploads\/2024\/06\/unnamed-2-16x12.jpg 16w, https:\/\/www.bhakademiker.org\/wp-content\/uploads\/2024\/06\/unnamed-2.jpg 1600w\" sizes=\"(max-width: 300px) 100vw, 300px\" \/><\/a>\n\t\t\t<\/dt><\/dl><br style=\"clear: both\" \/><dl class='gallery-item'>\n\t\t\t<dt class='gallery-icon landscape'>\n\t\t\t\t<a href='https:\/\/www.bhakademiker.org\/de\/2024\/06\/11\/meletta-gedenkreise-vom-7-9-juni-2024\/unnamed-1\/'><img loading=\"lazy\" decoding=\"async\" width=\"300\" height=\"225\" src=\"https:\/\/www.bhakademiker.org\/wp-content\/uploads\/2024\/06\/unnamed-1-300x225.jpg\" class=\"attachment-medium size-medium\" alt=\"\" srcset=\"https:\/\/www.bhakademiker.org\/wp-content\/uploads\/2024\/06\/unnamed-1-300x225.jpg 300w, https:\/\/www.bhakademiker.org\/wp-content\/uploads\/2024\/06\/unnamed-1-1024x768.jpg 1024w, https:\/\/www.bhakademiker.org\/wp-content\/uploads\/2024\/06\/unnamed-1-768x576.jpg 768w, https:\/\/www.bhakademiker.org\/wp-content\/uploads\/2024\/06\/unnamed-1-1536x1152.jpg 1536w, https:\/\/www.bhakademiker.org\/wp-content\/uploads\/2024\/06\/unnamed-1-16x12.jpg 16w, https:\/\/www.bhakademiker.org\/wp-content\/uploads\/2024\/06\/unnamed-1.jpg 1600w\" sizes=\"(max-width: 300px) 100vw, 300px\" \/><\/a>\n\t\t\t<\/dt><\/dl>\n\t\t\t<br style='clear: both' \/>\n\t\t<\/div>\n\n<p>&nbsp;<\/p>\n<p>&nbsp;<\/p>\n","protected":false},"excerpt":{"rendered":"<p>7.-9. Juni 2024<\/p>\n","protected":false},"author":1,"featured_media":3356,"comment_status":"open","ping_status":"open","sticky":false,"template":"","format":"standard","meta":{"footnotes":""},"categories":[48],"tags":[],"class_list":["post-3345","post","type-post","status-publish","format-standard","has-post-thumbnail","hentry","category-meletta"],"yoast_head":"<!-- This site is optimized with the Yoast SEO plugin v20.3 - https:\/\/yoast.com\/wordpress\/plugins\/seo\/ -->\n<title>Meletta-Gedenkreise 2024 - Gesellschaft Bosnischer Akademiker<\/title>\n<meta name=\"description\" content=\"7.-9. Juni 2024\" \/>\n<meta name=\"robots\" content=\"index, follow, max-snippet:-1, max-image-preview:large, max-video-preview:-1\" \/>\n<link rel=\"canonical\" href=\"https:\/\/www.bhakademiker.org\/de\/2024\/06\/11\/meletta-gedenkreise-vom-7-9-juni-2024\/\" \/>\n<meta property=\"og:locale\" content=\"de_DE\" \/>\n<meta property=\"og:type\" content=\"article\" \/>\n<meta property=\"og:title\" content=\"Gedenkfeier | Komemoracija: Monte Meletta-Fior\" \/>\n<meta property=\"og:description\" content=\"7.-9. Juni 2024\" \/>\n<meta property=\"og:url\" content=\"https:\/\/www.bhakademiker.org\/de\/2024\/06\/11\/meletta-gedenkreise-vom-7-9-juni-2024\/\" \/>\n<meta property=\"og:site_name\" content=\"Gesellschaft Bosnischer Akademiker\" \/>\n<meta property=\"article:published_time\" content=\"2024-06-11T11:51:56+00:00\" \/>\n<meta property=\"article:modified_time\" content=\"2024-06-11T14:49:08+00:00\" \/>\n<meta property=\"og:image\" content=\"https:\/\/www.bhakademiker.org\/wp-content\/uploads\/2024\/06\/unnamed-8.jpg\" \/>\n\t<meta property=\"og:image:width\" content=\"1600\" \/>\n\t<meta property=\"og:image:height\" content=\"1200\" \/>\n\t<meta property=\"og:image:type\" content=\"image\/jpeg\" \/>\n<meta name=\"author\" content=\"BanKulin\" \/>\n<meta name=\"twitter:card\" content=\"summary_large_image\" \/>\n<meta name=\"twitter:title\" content=\"Gedenkfeier | Komemoracija: Monte Meletta-Fior\" \/>\n<meta name=\"twitter:description\" content=\"7.-9. Juni 2024\" \/>\n<meta name=\"twitter:image\" content=\"https:\/\/www.bhakademiker.org\/wp-content\/uploads\/2024\/06\/unnamed-8.jpg\" \/>\n<meta name=\"twitter:label1\" content=\"Verfasst von\" \/>\n\t<meta name=\"twitter:data1\" content=\"BanKulin\" \/>\n\t<meta name=\"twitter:label2\" content=\"Gesch\u00e4tzte Lesezeit\" \/>\n\t<meta name=\"twitter:data2\" content=\"3\u00a0Minuten\" \/>\n<script type=\"application\/ld+json\" class=\"yoast-schema-graph\">{\"@context\":\"https:\/\/schema.org\",\"@graph\":[{\"@type\":\"Article\",\"@id\":\"https:\/\/www.bhakademiker.org\/2024\/06\/11\/meletta-gedenkreise-vom-7-9-juni-2024\/#article\",\"isPartOf\":{\"@id\":\"https:\/\/www.bhakademiker.org\/2024\/06\/11\/meletta-gedenkreise-vom-7-9-juni-2024\/\"},\"author\":{\"name\":\"BanKulin\",\"@id\":\"https:\/\/www.bhakademiker.org\/bs\/#\/schema\/person\/eb2bb45ccd10b1a8756ef049efa44da5\"},\"headline\":\"Meletta-Gedenkreise 2024\",\"datePublished\":\"2024-06-11T11:51:56+00:00\",\"dateModified\":\"2024-06-11T14:49:08+00:00\",\"mainEntityOfPage\":{\"@id\":\"https:\/\/www.bhakademiker.org\/2024\/06\/11\/meletta-gedenkreise-vom-7-9-juni-2024\/\"},\"wordCount\":490,\"commentCount\":0,\"publisher\":{\"@id\":\"https:\/\/www.bhakademiker.org\/bs\/#organization\"},\"articleSection\":[\"Meletta\"],\"inLanguage\":\"de\",\"potentialAction\":[{\"@type\":\"CommentAction\",\"name\":\"Comment\",\"target\":[\"https:\/\/www.bhakademiker.org\/2024\/06\/11\/meletta-gedenkreise-vom-7-9-juni-2024\/#respond\"]}]},{\"@type\":\"WebPage\",\"@id\":\"https:\/\/www.bhakademiker.org\/2024\/06\/11\/meletta-gedenkreise-vom-7-9-juni-2024\/\",\"url\":\"https:\/\/www.bhakademiker.org\/2024\/06\/11\/meletta-gedenkreise-vom-7-9-juni-2024\/\",\"name\":\"Meletta-Gedenkreise 2024 - Gesellschaft Bosnischer Akademiker\",\"isPartOf\":{\"@id\":\"https:\/\/www.bhakademiker.org\/bs\/#website\"},\"datePublished\":\"2024-06-11T11:51:56+00:00\",\"dateModified\":\"2024-06-11T14:49:08+00:00\",\"description\":\"7.-9. Juni 2024\",\"breadcrumb\":{\"@id\":\"https:\/\/www.bhakademiker.org\/2024\/06\/11\/meletta-gedenkreise-vom-7-9-juni-2024\/#breadcrumb\"},\"inLanguage\":\"de\",\"potentialAction\":[{\"@type\":\"ReadAction\",\"target\":[\"https:\/\/www.bhakademiker.org\/2024\/06\/11\/meletta-gedenkreise-vom-7-9-juni-2024\/\"]}]},{\"@type\":\"BreadcrumbList\",\"@id\":\"https:\/\/www.bhakademiker.org\/2024\/06\/11\/meletta-gedenkreise-vom-7-9-juni-2024\/#breadcrumb\",\"itemListElement\":[{\"@type\":\"ListItem\",\"position\":1,\"name\":\"Home\",\"item\":\"https:\/\/www.bhakademiker.org\/\"},{\"@type\":\"ListItem\",\"position\":2,\"name\":\"Meletta-Gedenkreise 2024\"}]},{\"@type\":\"WebSite\",\"@id\":\"https:\/\/www.bhakademiker.org\/bs\/#website\",\"url\":\"https:\/\/www.bhakademiker.org\/bs\/\",\"name\":\"Gesellschaft Bosnischer Akademiker\",\"description\":\"\",\"publisher\":{\"@id\":\"https:\/\/www.bhakademiker.org\/bs\/#organization\"},\"potentialAction\":[{\"@type\":\"SearchAction\",\"target\":{\"@type\":\"EntryPoint\",\"urlTemplate\":\"https:\/\/www.bhakademiker.org\/bs\/?s={search_term_string}\"},\"query-input\":\"required name=search_term_string\"}],\"inLanguage\":\"de\"},{\"@type\":\"Organization\",\"@id\":\"https:\/\/www.bhakademiker.org\/bs\/#organization\",\"name\":\"Gesellschaft Bosnischer Akademiker in \u00d6sterreich\",\"url\":\"https:\/\/www.bhakademiker.org\/bs\/\",\"logo\":{\"@type\":\"ImageObject\",\"inLanguage\":\"de\",\"@id\":\"https:\/\/www.bhakademiker.org\/bs\/#\/schema\/logo\/image\/\",\"url\":\"https:\/\/www.bhakademiker.org\/wp-content\/uploads\/2022\/01\/featured-GBAA.png\",\"contentUrl\":\"https:\/\/www.bhakademiker.org\/wp-content\/uploads\/2022\/01\/featured-GBAA.png\",\"width\":1200,\"height\":630,\"caption\":\"Gesellschaft Bosnischer Akademiker in \u00d6sterreich\"},\"image\":{\"@id\":\"https:\/\/www.bhakademiker.org\/bs\/#\/schema\/logo\/image\/\"}},{\"@type\":\"Person\",\"@id\":\"https:\/\/www.bhakademiker.org\/bs\/#\/schema\/person\/eb2bb45ccd10b1a8756ef049efa44da5\",\"name\":\"BanKulin\",\"image\":{\"@type\":\"ImageObject\",\"inLanguage\":\"de\",\"@id\":\"https:\/\/www.bhakademiker.org\/bs\/#\/schema\/person\/image\/\",\"url\":\"https:\/\/secure.gravatar.com\/avatar\/c6d58ce317ac29451bb963305865585b0ee61581cac268f7b497945aea17e32c?s=96&d=mm&r=g\",\"contentUrl\":\"https:\/\/secure.gravatar.com\/avatar\/c6d58ce317ac29451bb963305865585b0ee61581cac268f7b497945aea17e32c?s=96&d=mm&r=g\",\"caption\":\"BanKulin\"},\"sameAs\":[\"https:\/\/www.bhakademiker.org\"],\"url\":\"https:\/\/www.bhakademiker.org\/de\/author\/bankulin\/\"}]}<\/script>\n<!-- \/ Yoast SEO plugin. -->","yoast_head_json":{"title":"Meletta-Gedenkreise 2024 - Gesellschaft Bosnischer Akademiker","description":"7.-9. Juni 2024","robots":{"index":"index","follow":"follow","max-snippet":"max-snippet:-1","max-image-preview":"max-image-preview:large","max-video-preview":"max-video-preview:-1"},"canonical":"https:\/\/www.bhakademiker.org\/de\/2024\/06\/11\/meletta-gedenkreise-vom-7-9-juni-2024\/","og_locale":"de_DE","og_type":"article","og_title":"Gedenkfeier | Komemoracija: Monte Meletta-Fior","og_description":"7.-9. Juni 2024","og_url":"https:\/\/www.bhakademiker.org\/de\/2024\/06\/11\/meletta-gedenkreise-vom-7-9-juni-2024\/","og_site_name":"Gesellschaft Bosnischer Akademiker","article_published_time":"2024-06-11T11:51:56+00:00","article_modified_time":"2024-06-11T14:49:08+00:00","og_image":[{"width":1600,"height":1200,"url":"https:\/\/www.bhakademiker.org\/wp-content\/uploads\/2024\/06\/unnamed-8.jpg","type":"image\/jpeg"}],"author":"BanKulin","twitter_card":"summary_large_image","twitter_title":"Gedenkfeier | Komemoracija: Monte Meletta-Fior","twitter_description":"7.-9. Juni 2024","twitter_image":"https:\/\/www.bhakademiker.org\/wp-content\/uploads\/2024\/06\/unnamed-8.jpg","twitter_misc":{"Verfasst von":"BanKulin","Gesch\u00e4tzte Lesezeit":"3\u00a0Minuten"},"schema":{"@context":"https:\/\/schema.org","@graph":[{"@type":"Article","@id":"https:\/\/www.bhakademiker.org\/2024\/06\/11\/meletta-gedenkreise-vom-7-9-juni-2024\/#article","isPartOf":{"@id":"https:\/\/www.bhakademiker.org\/2024\/06\/11\/meletta-gedenkreise-vom-7-9-juni-2024\/"},"author":{"name":"BanKulin","@id":"https:\/\/www.bhakademiker.org\/bs\/#\/schema\/person\/eb2bb45ccd10b1a8756ef049efa44da5"},"headline":"Meletta-Gedenkreise 2024","datePublished":"2024-06-11T11:51:56+00:00","dateModified":"2024-06-11T14:49:08+00:00","mainEntityOfPage":{"@id":"https:\/\/www.bhakademiker.org\/2024\/06\/11\/meletta-gedenkreise-vom-7-9-juni-2024\/"},"wordCount":490,"commentCount":0,"publisher":{"@id":"https:\/\/www.bhakademiker.org\/bs\/#organization"},"articleSection":["Meletta"],"inLanguage":"de","potentialAction":[{"@type":"CommentAction","name":"Comment","target":["https:\/\/www.bhakademiker.org\/2024\/06\/11\/meletta-gedenkreise-vom-7-9-juni-2024\/#respond"]}]},{"@type":"WebPage","@id":"https:\/\/www.bhakademiker.org\/2024\/06\/11\/meletta-gedenkreise-vom-7-9-juni-2024\/","url":"https:\/\/www.bhakademiker.org\/2024\/06\/11\/meletta-gedenkreise-vom-7-9-juni-2024\/","name":"Meletta-Gedenkreise 2024 - Gesellschaft Bosnischer Akademiker","isPartOf":{"@id":"https:\/\/www.bhakademiker.org\/bs\/#website"},"datePublished":"2024-06-11T11:51:56+00:00","dateModified":"2024-06-11T14:49:08+00:00","description":"7.-9. Juni 2024","breadcrumb":{"@id":"https:\/\/www.bhakademiker.org\/2024\/06\/11\/meletta-gedenkreise-vom-7-9-juni-2024\/#breadcrumb"},"inLanguage":"de","potentialAction":[{"@type":"ReadAction","target":["https:\/\/www.bhakademiker.org\/2024\/06\/11\/meletta-gedenkreise-vom-7-9-juni-2024\/"]}]},{"@type":"BreadcrumbList","@id":"https:\/\/www.bhakademiker.org\/2024\/06\/11\/meletta-gedenkreise-vom-7-9-juni-2024\/#breadcrumb","itemListElement":[{"@type":"ListItem","position":1,"name":"Home","item":"https:\/\/www.bhakademiker.org\/"},{"@type":"ListItem","position":2,"name":"Meletta-Gedenkreise 2024"}]},{"@type":"WebSite","@id":"https:\/\/www.bhakademiker.org\/bs\/#website","url":"https:\/\/www.bhakademiker.org\/bs\/","name":"Gesellschaft Bosnischer Akademiker","description":"","publisher":{"@id":"https:\/\/www.bhakademiker.org\/bs\/#organization"},"potentialAction":[{"@type":"SearchAction","target":{"@type":"EntryPoint","urlTemplate":"https:\/\/www.bhakademiker.org\/bs\/?s={search_term_string}"},"query-input":"required name=search_term_string"}],"inLanguage":"de"},{"@type":"Organization","@id":"https:\/\/www.bhakademiker.org\/bs\/#organization","name":"Gesellschaft Bosnischer Akademiker in \u00d6sterreich","url":"https:\/\/www.bhakademiker.org\/bs\/","logo":{"@type":"ImageObject","inLanguage":"de","@id":"https:\/\/www.bhakademiker.org\/bs\/#\/schema\/logo\/image\/","url":"https:\/\/www.bhakademiker.org\/wp-content\/uploads\/2022\/01\/featured-GBAA.png","contentUrl":"https:\/\/www.bhakademiker.org\/wp-content\/uploads\/2022\/01\/featured-GBAA.png","width":1200,"height":630,"caption":"Gesellschaft Bosnischer Akademiker in \u00d6sterreich"},"image":{"@id":"https:\/\/www.bhakademiker.org\/bs\/#\/schema\/logo\/image\/"}},{"@type":"Person","@id":"https:\/\/www.bhakademiker.org\/bs\/#\/schema\/person\/eb2bb45ccd10b1a8756ef049efa44da5","name":"BanKulin","image":{"@type":"ImageObject","inLanguage":"de","@id":"https:\/\/www.bhakademiker.org\/bs\/#\/schema\/person\/image\/","url":"https:\/\/secure.gravatar.com\/avatar\/c6d58ce317ac29451bb963305865585b0ee61581cac268f7b497945aea17e32c?s=96&d=mm&r=g","contentUrl":"https:\/\/secure.gravatar.com\/avatar\/c6d58ce317ac29451bb963305865585b0ee61581cac268f7b497945aea17e32c?s=96&d=mm&r=g","caption":"BanKulin"},"sameAs":["https:\/\/www.bhakademiker.org"],"url":"https:\/\/www.bhakademiker.org\/de\/author\/bankulin\/"}]}},"_links":{"self":[{"href":"https:\/\/www.bhakademiker.org\/de\/wp-json\/wp\/v2\/posts\/3345","targetHints":{"allow":["GET"]}}],"collection":[{"href":"https:\/\/www.bhakademiker.org\/de\/wp-json\/wp\/v2\/posts"}],"about":[{"href":"https:\/\/www.bhakademiker.org\/de\/wp-json\/wp\/v2\/types\/post"}],"author":[{"embeddable":true,"href":"https:\/\/www.bhakademiker.org\/de\/wp-json\/wp\/v2\/users\/1"}],"replies":[{"embeddable":true,"href":"https:\/\/www.bhakademiker.org\/de\/wp-json\/wp\/v2\/comments?post=3345"}],"version-history":[{"count":6,"href":"https:\/\/www.bhakademiker.org\/de\/wp-json\/wp\/v2\/posts\/3345\/revisions"}],"predecessor-version":[{"id":3360,"href":"https:\/\/www.bhakademiker.org\/de\/wp-json\/wp\/v2\/posts\/3345\/revisions\/3360"}],"wp:featuredmedia":[{"embeddable":true,"href":"https:\/\/www.bhakademiker.org\/de\/wp-json\/wp\/v2\/media\/3356"}],"wp:attachment":[{"href":"https:\/\/www.bhakademiker.org\/de\/wp-json\/wp\/v2\/media?parent=3345"}],"wp:term":[{"taxonomy":"category","embeddable":true,"href":"https:\/\/www.bhakademiker.org\/de\/wp-json\/wp\/v2\/categories?post=3345"},{"taxonomy":"post_tag","embeddable":true,"href":"https:\/\/www.bhakademiker.org\/de\/wp-json\/wp\/v2\/tags?post=3345"}],"curies":[{"name":"wp","href":"https:\/\/api.w.org\/{rel}","templated":true}]}}