{"id":3373,"date":"2024-06-24T10:25:24","date_gmt":"2024-06-24T08:25:24","guid":{"rendered":"https:\/\/www.bhakademiker.org\/?p=3373"},"modified":"2024-06-24T10:31:25","modified_gmt":"2024-06-24T08:31:25","slug":"badeu-zusammenarbeit-mit-der-plattform-akademski-imenik","status":"publish","type":"post","link":"https:\/\/www.bhakademiker.org\/de\/2024\/06\/24\/badeu-zusammenarbeit-mit-der-plattform-akademski-imenik\/","title":{"rendered":"BADEU \u2013 Zusammenarbeit mit der Plattform \u201eAkademski Imenik\u201c"},"content":{"rendered":"<p>Die Gesellschaft Bosnischer Akademiker in der EU, zusammen mit ihren Mitgliedern in Slowenien, \u00d6sterreich, Deutschland, den Niederlanden und D\u00e4nemark, unterst\u00fctzt das Projekt \u201eBH Akademisches Verzeichnis \/ BH akademski imenik\u201c und l\u00e4dt alle Forscher ein, sich dieser Plattform anzuschlie\u00dfen.<\/p>\n<p>\u00dcber das akademische Verzeichnis k\u00f6nnen Sie Ihre Forschungen teilen, sich mit Kollegen vernetzen und neue Kooperationsm\u00f6glichkeiten entdecken. Ihre n\u00e4chste gro\u00dfe Idee k\u00f6nnte hier die n\u00f6tige Unterst\u00fctzung und Resonanz finden: \u00a0<a href=\"http:\/\/www.akademskiimenik.ba\" target=\"_new\" rel=\"noreferrer noopener\">www.akademskiimenik.ba<\/a>.<\/p>\n<p>\u201eBH Akademisches Verzeichnis \/ BH akademski imenik\u201c ist eine neue Plattform, die Forscher aller Bereiche aus Bosnien und Herzegowina sowie der Diaspora verbindet. Ziel ist es, den Austausch von Wissen und Ideen zu f\u00f6rdern und die Zusammenarbeit zwischen der akademischen Gemeinschaft, Industrieexperten und Studenten zu st\u00e4rken.<\/p>\n<p>Diese Initiative entstand durch die Zusammenarbeit der &#8220;Asocijacija za napredak nauke i tehnologije (ANNT) \/ Die Vereinigung zur F\u00f6rderung von Wissenschaft und Technologie&#8221; und Research UNfolded \u2013 RUNIT, mit technischer Unterst\u00fctzung des RUNIT-Teams und wertvollen Ratschl\u00e4gen der bosnisch-herzegowinischen American Academy of Arts and Sciences sowie der BH Futures Foundation. Das Projekt wird vom Ministerium f\u00fcr Wissenschaft, Hochschulbildung und Jugend von Kanton Sarajewo unterst\u00fctzt.<\/p>\n<p>\u201eBH Akademisches Verzeichnis \/ BH akademski imenik\u201c ist nicht nur eine Datenbank, sondern auch ein Werkzeug zur Vernetzung, Inspiration und Entwicklung neuer Projekte. Auf der Plattform k\u00f6nnen Sie die Arbeiten unserer Wissenschaftler verfolgen, potenzielle Forschungspartner finden und internationale Projekte initiieren. Jeder Forscher im Verzeichnis tr\u00e4gt zur Bereicherung unserer wissenschaftlichen Gemeinschaft bei und erm\u00f6glicht eine bessere Sichtbarkeit der bosnisch-herzegowinischen Wissenschaft auf der globalen B\u00fchne.<\/p>\n","protected":false},"excerpt":{"rendered":"<p>BH Akademisches Verzeichnis \/ BH akademski imenik<\/p>\n","protected":false},"author":1,"featured_media":3374,"comment_status":"open","ping_status":"open","sticky":false,"template":"","format":"standard","meta":{"footnotes":""},"categories":[74],"tags":[],"class_list":["post-3373","post","type-post","status-publish","format-standard","has-post-thumbnail","hentry","category-badeu"],"yoast_head":"<!-- This site is optimized with the Yoast SEO plugin v20.3 - https:\/\/yoast.com\/wordpress\/plugins\/seo\/ -->\n<title>BADEU \u2013 Zusammenarbeit mit der Plattform \u201eAkademski Imenik\u201c - Gesellschaft Bosnischer Akademiker<\/title>\n<meta name=\"description\" content=\"BH Akademisches Verzeichnis \/ BH akademski imenik\" \/>\n<meta name=\"robots\" content=\"index, follow, max-snippet:-1, max-image-preview:large, max-video-preview:-1\" \/>\n<link rel=\"canonical\" href=\"https:\/\/www.bhakademiker.org\/de\/2024\/06\/24\/badeu-zusammenarbeit-mit-der-plattform-akademski-imenik\/\" \/>\n<meta property=\"og:locale\" content=\"de_DE\" \/>\n<meta property=\"og:type\" content=\"article\" \/>\n<meta property=\"og:title\" content=\"BADEU \u2013 Saradnja \/ Zusammenarbeit \u201eAkademski Imenik\u201c\" \/>\n<meta property=\"og:description\" content=\"BH Akademisches Verzeichnis \/ BH akademski imenik\" \/>\n<meta property=\"og:url\" content=\"https:\/\/www.bhakademiker.org\/de\/2024\/06\/24\/badeu-zusammenarbeit-mit-der-plattform-akademski-imenik\/\" \/>\n<meta property=\"og:site_name\" content=\"Gesellschaft Bosnischer Akademiker\" \/>\n<meta property=\"article:published_time\" content=\"2024-06-24T08:25:24+00:00\" \/>\n<meta property=\"article:modified_time\" content=\"2024-06-24T08:31:25+00:00\" \/>\n<meta property=\"og:image\" content=\"https:\/\/www.bhakademiker.org\/wp-content\/uploads\/2024\/06\/Screenshot-2024-06-24-102435.png\" \/>\n\t<meta property=\"og:image:width\" content=\"1242\" \/>\n\t<meta property=\"og:image:height\" content=\"846\" \/>\n\t<meta property=\"og:image:type\" content=\"image\/png\" \/>\n<meta name=\"author\" content=\"BanKulin\" \/>\n<meta name=\"twitter:card\" content=\"summary_large_image\" \/>\n<meta name=\"twitter:title\" content=\"BADEU \u2013 Saradnja \/ Zusammenarbeit \u201eAkademski Imenik\u201c\" \/>\n<meta name=\"twitter:image\" content=\"https:\/\/www.bhakademiker.org\/wp-content\/uploads\/2024\/06\/Screenshot-2024-06-24-102435.png\" \/>\n<meta name=\"twitter:label1\" content=\"Verfasst von\" \/>\n\t<meta name=\"twitter:data1\" content=\"BanKulin\" \/>\n\t<meta name=\"twitter:label2\" content=\"Gesch\u00e4tzte Lesezeit\" \/>\n\t<meta name=\"twitter:data2\" content=\"2\u00a0Minuten\" \/>\n<script type=\"application\/ld+json\" class=\"yoast-schema-graph\">{\"@context\":\"https:\/\/schema.org\",\"@graph\":[{\"@type\":\"Article\",\"@id\":\"https:\/\/www.bhakademiker.org\/2024\/06\/24\/badeu-zusammenarbeit-mit-der-plattform-akademski-imenik\/#article\",\"isPartOf\":{\"@id\":\"https:\/\/www.bhakademiker.org\/2024\/06\/24\/badeu-zusammenarbeit-mit-der-plattform-akademski-imenik\/\"},\"author\":{\"name\":\"BanKulin\",\"@id\":\"https:\/\/www.bhakademiker.org\/bs\/#\/schema\/person\/eb2bb45ccd10b1a8756ef049efa44da5\"},\"headline\":\"BADEU \u2013 Zusammenarbeit mit der Plattform \u201eAkademski Imenik\u201c\",\"datePublished\":\"2024-06-24T08:25:24+00:00\",\"dateModified\":\"2024-06-24T08:31:25+00:00\",\"mainEntityOfPage\":{\"@id\":\"https:\/\/www.bhakademiker.org\/2024\/06\/24\/badeu-zusammenarbeit-mit-der-plattform-akademski-imenik\/\"},\"wordCount\":266,\"commentCount\":0,\"publisher\":{\"@id\":\"https:\/\/www.bhakademiker.org\/bs\/#organization\"},\"articleSection\":[\"BADEU\"],\"inLanguage\":\"de\",\"potentialAction\":[{\"@type\":\"CommentAction\",\"name\":\"Comment\",\"target\":[\"https:\/\/www.bhakademiker.org\/2024\/06\/24\/badeu-zusammenarbeit-mit-der-plattform-akademski-imenik\/#respond\"]}]},{\"@type\":\"WebPage\",\"@id\":\"https:\/\/www.bhakademiker.org\/2024\/06\/24\/badeu-zusammenarbeit-mit-der-plattform-akademski-imenik\/\",\"url\":\"https:\/\/www.bhakademiker.org\/2024\/06\/24\/badeu-zusammenarbeit-mit-der-plattform-akademski-imenik\/\",\"name\":\"BADEU \u2013 Zusammenarbeit mit der Plattform \u201eAkademski Imenik\u201c - Gesellschaft Bosnischer Akademiker\",\"isPartOf\":{\"@id\":\"https:\/\/www.bhakademiker.org\/bs\/#website\"},\"datePublished\":\"2024-06-24T08:25:24+00:00\",\"dateModified\":\"2024-06-24T08:31:25+00:00\",\"description\":\"BH Akademisches Verzeichnis \/ BH akademski imenik\",\"breadcrumb\":{\"@id\":\"https:\/\/www.bhakademiker.org\/2024\/06\/24\/badeu-zusammenarbeit-mit-der-plattform-akademski-imenik\/#breadcrumb\"},\"inLanguage\":\"de\",\"potentialAction\":[{\"@type\":\"ReadAction\",\"target\":[\"https:\/\/www.bhakademiker.org\/2024\/06\/24\/badeu-zusammenarbeit-mit-der-plattform-akademski-imenik\/\"]}]},{\"@type\":\"BreadcrumbList\",\"@id\":\"https:\/\/www.bhakademiker.org\/2024\/06\/24\/badeu-zusammenarbeit-mit-der-plattform-akademski-imenik\/#breadcrumb\",\"itemListElement\":[{\"@type\":\"ListItem\",\"position\":1,\"name\":\"Home\",\"item\":\"https:\/\/www.bhakademiker.org\/\"},{\"@type\":\"ListItem\",\"position\":2,\"name\":\"BADEU \u2013 Zusammenarbeit mit der Plattform \u201eAkademski Imenik\u201c\"}]},{\"@type\":\"WebSite\",\"@id\":\"https:\/\/www.bhakademiker.org\/bs\/#website\",\"url\":\"https:\/\/www.bhakademiker.org\/bs\/\",\"name\":\"Gesellschaft Bosnischer Akademiker\",\"description\":\"\",\"publisher\":{\"@id\":\"https:\/\/www.bhakademiker.org\/bs\/#organization\"},\"potentialAction\":[{\"@type\":\"SearchAction\",\"target\":{\"@type\":\"EntryPoint\",\"urlTemplate\":\"https:\/\/www.bhakademiker.org\/bs\/?s={search_term_string}\"},\"query-input\":\"required name=search_term_string\"}],\"inLanguage\":\"de\"},{\"@type\":\"Organization\",\"@id\":\"https:\/\/www.bhakademiker.org\/bs\/#organization\",\"name\":\"Gesellschaft Bosnischer Akademiker in \u00d6sterreich\",\"url\":\"https:\/\/www.bhakademiker.org\/bs\/\",\"logo\":{\"@type\":\"ImageObject\",\"inLanguage\":\"de\",\"@id\":\"https:\/\/www.bhakademiker.org\/bs\/#\/schema\/logo\/image\/\",\"url\":\"https:\/\/www.bhakademiker.org\/wp-content\/uploads\/2022\/01\/featured-GBAA.png\",\"contentUrl\":\"https:\/\/www.bhakademiker.org\/wp-content\/uploads\/2022\/01\/featured-GBAA.png\",\"width\":1200,\"height\":630,\"caption\":\"Gesellschaft Bosnischer Akademiker in \u00d6sterreich\"},\"image\":{\"@id\":\"https:\/\/www.bhakademiker.org\/bs\/#\/schema\/logo\/image\/\"}},{\"@type\":\"Person\",\"@id\":\"https:\/\/www.bhakademiker.org\/bs\/#\/schema\/person\/eb2bb45ccd10b1a8756ef049efa44da5\",\"name\":\"BanKulin\",\"image\":{\"@type\":\"ImageObject\",\"inLanguage\":\"de\",\"@id\":\"https:\/\/www.bhakademiker.org\/bs\/#\/schema\/person\/image\/\",\"url\":\"https:\/\/secure.gravatar.com\/avatar\/c6d58ce317ac29451bb963305865585b0ee61581cac268f7b497945aea17e32c?s=96&d=mm&r=g\",\"contentUrl\":\"https:\/\/secure.gravatar.com\/avatar\/c6d58ce317ac29451bb963305865585b0ee61581cac268f7b497945aea17e32c?s=96&d=mm&r=g\",\"caption\":\"BanKulin\"},\"sameAs\":[\"https:\/\/www.bhakademiker.org\"],\"url\":\"https:\/\/www.bhakademiker.org\/de\/author\/bankulin\/\"}]}<\/script>\n<!-- \/ Yoast SEO plugin. -->","yoast_head_json":{"title":"BADEU \u2013 Zusammenarbeit mit der Plattform \u201eAkademski Imenik\u201c - Gesellschaft Bosnischer Akademiker","description":"BH Akademisches Verzeichnis \/ BH akademski imenik","robots":{"index":"index","follow":"follow","max-snippet":"max-snippet:-1","max-image-preview":"max-image-preview:large","max-video-preview":"max-video-preview:-1"},"canonical":"https:\/\/www.bhakademiker.org\/de\/2024\/06\/24\/badeu-zusammenarbeit-mit-der-plattform-akademski-imenik\/","og_locale":"de_DE","og_type":"article","og_title":"BADEU \u2013 Saradnja \/ Zusammenarbeit \u201eAkademski Imenik\u201c","og_description":"BH Akademisches Verzeichnis \/ BH akademski imenik","og_url":"https:\/\/www.bhakademiker.org\/de\/2024\/06\/24\/badeu-zusammenarbeit-mit-der-plattform-akademski-imenik\/","og_site_name":"Gesellschaft Bosnischer Akademiker","article_published_time":"2024-06-24T08:25:24+00:00","article_modified_time":"2024-06-24T08:31:25+00:00","og_image":[{"width":1242,"height":846,"url":"https:\/\/www.bhakademiker.org\/wp-content\/uploads\/2024\/06\/Screenshot-2024-06-24-102435.png","type":"image\/png"}],"author":"BanKulin","twitter_card":"summary_large_image","twitter_title":"BADEU \u2013 Saradnja \/ Zusammenarbeit \u201eAkademski Imenik\u201c","twitter_image":"https:\/\/www.bhakademiker.org\/wp-content\/uploads\/2024\/06\/Screenshot-2024-06-24-102435.png","twitter_misc":{"Verfasst von":"BanKulin","Gesch\u00e4tzte Lesezeit":"2\u00a0Minuten"},"schema":{"@context":"https:\/\/schema.org","@graph":[{"@type":"Article","@id":"https:\/\/www.bhakademiker.org\/2024\/06\/24\/badeu-zusammenarbeit-mit-der-plattform-akademski-imenik\/#article","isPartOf":{"@id":"https:\/\/www.bhakademiker.org\/2024\/06\/24\/badeu-zusammenarbeit-mit-der-plattform-akademski-imenik\/"},"author":{"name":"BanKulin","@id":"https:\/\/www.bhakademiker.org\/bs\/#\/schema\/person\/eb2bb45ccd10b1a8756ef049efa44da5"},"headline":"BADEU \u2013 Zusammenarbeit mit der Plattform \u201eAkademski Imenik\u201c","datePublished":"2024-06-24T08:25:24+00:00","dateModified":"2024-06-24T08:31:25+00:00","mainEntityOfPage":{"@id":"https:\/\/www.bhakademiker.org\/2024\/06\/24\/badeu-zusammenarbeit-mit-der-plattform-akademski-imenik\/"},"wordCount":266,"commentCount":0,"publisher":{"@id":"https:\/\/www.bhakademiker.org\/bs\/#organization"},"articleSection":["BADEU"],"inLanguage":"de","potentialAction":[{"@type":"CommentAction","name":"Comment","target":["https:\/\/www.bhakademiker.org\/2024\/06\/24\/badeu-zusammenarbeit-mit-der-plattform-akademski-imenik\/#respond"]}]},{"@type":"WebPage","@id":"https:\/\/www.bhakademiker.org\/2024\/06\/24\/badeu-zusammenarbeit-mit-der-plattform-akademski-imenik\/","url":"https:\/\/www.bhakademiker.org\/2024\/06\/24\/badeu-zusammenarbeit-mit-der-plattform-akademski-imenik\/","name":"BADEU \u2013 Zusammenarbeit mit der Plattform \u201eAkademski Imenik\u201c - Gesellschaft Bosnischer Akademiker","isPartOf":{"@id":"https:\/\/www.bhakademiker.org\/bs\/#website"},"datePublished":"2024-06-24T08:25:24+00:00","dateModified":"2024-06-24T08:31:25+00:00","description":"BH Akademisches Verzeichnis \/ BH akademski imenik","breadcrumb":{"@id":"https:\/\/www.bhakademiker.org\/2024\/06\/24\/badeu-zusammenarbeit-mit-der-plattform-akademski-imenik\/#breadcrumb"},"inLanguage":"de","potentialAction":[{"@type":"ReadAction","target":["https:\/\/www.bhakademiker.org\/2024\/06\/24\/badeu-zusammenarbeit-mit-der-plattform-akademski-imenik\/"]}]},{"@type":"BreadcrumbList","@id":"https:\/\/www.bhakademiker.org\/2024\/06\/24\/badeu-zusammenarbeit-mit-der-plattform-akademski-imenik\/#breadcrumb","itemListElement":[{"@type":"ListItem","position":1,"name":"Home","item":"https:\/\/www.bhakademiker.org\/"},{"@type":"ListItem","position":2,"name":"BADEU \u2013 Zusammenarbeit mit der Plattform \u201eAkademski Imenik\u201c"}]},{"@type":"WebSite","@id":"https:\/\/www.bhakademiker.org\/bs\/#website","url":"https:\/\/www.bhakademiker.org\/bs\/","name":"Gesellschaft Bosnischer Akademiker","description":"","publisher":{"@id":"https:\/\/www.bhakademiker.org\/bs\/#organization"},"potentialAction":[{"@type":"SearchAction","target":{"@type":"EntryPoint","urlTemplate":"https:\/\/www.bhakademiker.org\/bs\/?s={search_term_string}"},"query-input":"required name=search_term_string"}],"inLanguage":"de"},{"@type":"Organization","@id":"https:\/\/www.bhakademiker.org\/bs\/#organization","name":"Gesellschaft Bosnischer Akademiker in \u00d6sterreich","url":"https:\/\/www.bhakademiker.org\/bs\/","logo":{"@type":"ImageObject","inLanguage":"de","@id":"https:\/\/www.bhakademiker.org\/bs\/#\/schema\/logo\/image\/","url":"https:\/\/www.bhakademiker.org\/wp-content\/uploads\/2022\/01\/featured-GBAA.png","contentUrl":"https:\/\/www.bhakademiker.org\/wp-content\/uploads\/2022\/01\/featured-GBAA.png","width":1200,"height":630,"caption":"Gesellschaft Bosnischer Akademiker in \u00d6sterreich"},"image":{"@id":"https:\/\/www.bhakademiker.org\/bs\/#\/schema\/logo\/image\/"}},{"@type":"Person","@id":"https:\/\/www.bhakademiker.org\/bs\/#\/schema\/person\/eb2bb45ccd10b1a8756ef049efa44da5","name":"BanKulin","image":{"@type":"ImageObject","inLanguage":"de","@id":"https:\/\/www.bhakademiker.org\/bs\/#\/schema\/person\/image\/","url":"https:\/\/secure.gravatar.com\/avatar\/c6d58ce317ac29451bb963305865585b0ee61581cac268f7b497945aea17e32c?s=96&d=mm&r=g","contentUrl":"https:\/\/secure.gravatar.com\/avatar\/c6d58ce317ac29451bb963305865585b0ee61581cac268f7b497945aea17e32c?s=96&d=mm&r=g","caption":"BanKulin"},"sameAs":["https:\/\/www.bhakademiker.org"],"url":"https:\/\/www.bhakademiker.org\/de\/author\/bankulin\/"}]}},"_links":{"self":[{"href":"https:\/\/www.bhakademiker.org\/de\/wp-json\/wp\/v2\/posts\/3373","targetHints":{"allow":["GET"]}}],"collection":[{"href":"https:\/\/www.bhakademiker.org\/de\/wp-json\/wp\/v2\/posts"}],"about":[{"href":"https:\/\/www.bhakademiker.org\/de\/wp-json\/wp\/v2\/types\/post"}],"author":[{"embeddable":true,"href":"https:\/\/www.bhakademiker.org\/de\/wp-json\/wp\/v2\/users\/1"}],"replies":[{"embeddable":true,"href":"https:\/\/www.bhakademiker.org\/de\/wp-json\/wp\/v2\/comments?post=3373"}],"version-history":[{"count":2,"href":"https:\/\/www.bhakademiker.org\/de\/wp-json\/wp\/v2\/posts\/3373\/revisions"}],"predecessor-version":[{"id":3376,"href":"https:\/\/www.bhakademiker.org\/de\/wp-json\/wp\/v2\/posts\/3373\/revisions\/3376"}],"wp:featuredmedia":[{"embeddable":true,"href":"https:\/\/www.bhakademiker.org\/de\/wp-json\/wp\/v2\/media\/3374"}],"wp:attachment":[{"href":"https:\/\/www.bhakademiker.org\/de\/wp-json\/wp\/v2\/media?parent=3373"}],"wp:term":[{"taxonomy":"category","embeddable":true,"href":"https:\/\/www.bhakademiker.org\/de\/wp-json\/wp\/v2\/categories?post=3373"},{"taxonomy":"post_tag","embeddable":true,"href":"https:\/\/www.bhakademiker.org\/de\/wp-json\/wp\/v2\/tags?post=3373"}],"curies":[{"name":"wp","href":"https:\/\/api.w.org\/{rel}","templated":true}]}}