{"id":3389,"date":"2024-06-24T15:00:25","date_gmt":"2024-06-24T13:00:25","guid":{"rendered":"https:\/\/www.bhakademiker.org\/?p=3389"},"modified":"2024-06-25T10:20:26","modified_gmt":"2024-06-25T08:20:26","slug":"tag-der-volksgruppe-oesterreichische-bosnierinnen","status":"publish","type":"post","link":"https:\/\/www.bhakademiker.org\/de\/2024\/06\/24\/tag-der-volksgruppe-oesterreichische-bosnierinnen\/","title":{"rendered":"Tag der Volksgruppe \u00d6sterreichische BOSNIER:INNEN"},"content":{"rendered":"<p><em>St.Georgen-Linz, 23. juni 2024<\/em><\/p>\n<p>Am 23. Juni 2024 wurde der Tag der Volksgruppe \u00d6sterreichische BOSNIER:INNEN gefeiert. Die Veranstaltung fand im \u201eHaus der Erinnerung\u201c in St. Georgen bei Linz statt.<\/p>\n<p>Der Tag der Volksgruppe \u00d6sterreichische BOSNIER:INNEN wurde von 11 Vereinen aus \u00d6sterreich begangen, die die Gr\u00fcndung des <strong><a href=\"https:\/\/www.bhakademiker.org\/bs\/2023\/06\/26\/podiumsdiskussion_minderheiten\/\">\u201eRates der \u00f6sterreichischen Bosnier\u201c<\/a><\/strong> unterzeichnet haben. Bosnierinnen und Bosnier aus Wien, Linz, Innsbruck, Enns und anderen Orten kamen zusammen, um dieses Ereignis gemeinsam zu feiern.<\/p>\n<p>Neben \u00f6sterreichischen Politikern aus Ober\u00f6sterreich, darunter Anton Froschauer, Dagmar Engl, Erich Wahl, Andreas Derntl und Michaela Traxler, schickten auch der Ehrenkonsul von Bosnien und Herzegowina f\u00fcr Ober\u00f6sterreich, Josef Weidenholzer, sowie der fr\u00fchere Hohe Vertreter f\u00fcr Bosnien und Herzegowina, Wolfgang Petritsch, eine <strong><a href=\"https:\/\/www.bhakademiker.org\/2024\/06\/24\/statement-dr-wolfgang-petritsch-zu-tag-der-volksgruppe-oesterreichische-bosnierinnen-vom-23-juni-2024\/\">Video-Gru\u00dfbotschaft<\/a>.<\/strong><\/p>\n<p>W\u00e4hrend der Veranstaltung betonten Siradj Duhan, Anis Bajrektarevi\u0107 und Nedeljko Vu\u010dkovi\u0107 die Notwendigkeit solcher Zusammenk\u00fcnfte, die sich positiv auf die Weiterentwicklung der bosnischen Gemeinschaft in \u00d6sterreich auswirken.<\/p>\n<p>Im kulturellen Teil des Programms trat Mirza Alijagi\u0107 (Mirzino jato) mit mehreren neuen Musikprojekten auf, und mit dem Lied \u201eApsolutno tvoj\u201c brachte er auch die \u00e4lteren Anwesenden, die sich an diesen Hit aus fr\u00fcheren Tagen erinnern, auf die Beine. Suad Haznadarevi\u0107 stellte kurz sein Buch &#8220;Od Batona do Kulina&#8221; vor.<\/p>\n<p>Die Folkloregruppen \u201eD\u017eemal Bijedi\u0107\u201c aus Enns und \u201eBehar\u201c aus Wien brachten die n\u00f6tige Freude mit, die erforderlich ist, um verschiedene Kulturwege zu akzeptieren und die bosnische Identit\u00e4t in der EU zu bewahren.<\/p>\n<p>W\u00e4hrend der Veranstaltung zeigten die Bosnier den Gastgebern auch die Kultur der Erinnerung. Die Austro-Bosnier \u00fcberreichten Frau Elisabeth Dedl eine Dankesurkunde f\u00fcr ihr selbstloses Engagement und ihre Unterst\u00fctzung der Bosnierinnen und Bosnier in \u00d6sterreich. Aziz Omersofti\u0107 \u00fcberreichte zus\u00e4tzlich eine bosnische Pflaume, einen Baum, der Frau Elisabeth dauerhaft an uns erinnern wird.<\/p>\n<p>Das Programm wurde mit einem bosnischen Grillfest und geselligem Beisammensein abgerundet.<\/p>\n<p>Gemeinsam gehen wir weiter.<\/p>\n<p>Rat der \u00f6sterreichischen Bosnier<\/p>\n\n\t\t<style type=\"text\/css\">\n\t\t\t#gallery-1 {\n\t\t\t\tmargin: auto;\n\t\t\t}\n\t\t\t#gallery-1 .gallery-item {\n\t\t\t\tfloat: left;\n\t\t\t\tmargin-top: 10px;\n\t\t\t\ttext-align: center;\n\t\t\t\twidth: 33%;\n\t\t\t}\n\t\t\t#gallery-1 img {\n\t\t\t\tborder: 2px solid #cfcfcf;\n\t\t\t}\n\t\t\t#gallery-1 .gallery-caption {\n\t\t\t\tmargin-left: 0;\n\t\t\t}\n\t\t\t\/* see gallery_shortcode() in wp-includes\/media.php *\/\n\t\t<\/style>\n\t\t<div id='gallery-1' class='gallery galleryid-3389 gallery-columns-3 gallery-size-medium'><dl class='gallery-item'>\n\t\t\t<dt class='gallery-icon landscape'>\n\t\t\t\t<a href='https:\/\/www.bhakademiker.org\/de\/2024\/06\/24\/tag-der-volksgruppe-oesterreichische-bosnierinnen\/behar-bus1\/'><img fetchpriority=\"high\" decoding=\"async\" width=\"300\" height=\"225\" src=\"https:\/\/www.bhakademiker.org\/wp-content\/uploads\/2024\/06\/Behar-Bus1-300x225.jpg\" class=\"attachment-medium size-medium\" alt=\"\" srcset=\"https:\/\/www.bhakademiker.org\/wp-content\/uploads\/2024\/06\/Behar-Bus1-300x225.jpg 300w, https:\/\/www.bhakademiker.org\/wp-content\/uploads\/2024\/06\/Behar-Bus1-1024x768.jpg 1024w, https:\/\/www.bhakademiker.org\/wp-content\/uploads\/2024\/06\/Behar-Bus1-768x576.jpg 768w, https:\/\/www.bhakademiker.org\/wp-content\/uploads\/2024\/06\/Behar-Bus1-1536x1152.jpg 1536w, https:\/\/www.bhakademiker.org\/wp-content\/uploads\/2024\/06\/Behar-Bus1-16x12.jpg 16w, https:\/\/www.bhakademiker.org\/wp-content\/uploads\/2024\/06\/Behar-Bus1.jpg 2048w\" sizes=\"(max-width: 300px) 100vw, 300px\" \/><\/a>\n\t\t\t<\/dt><\/dl><dl class='gallery-item'>\n\t\t\t<dt class='gallery-icon landscape'>\n\t\t\t\t<a href='https:\/\/www.bhakademiker.org\/de\/2024\/06\/24\/tag-der-volksgruppe-oesterreichische-bosnierinnen\/grupna-slika-sa-lokalnim-politicarima\/'><img decoding=\"async\" width=\"300\" height=\"123\" src=\"https:\/\/www.bhakademiker.org\/wp-content\/uploads\/2024\/06\/Grupna-slika-sa-lokalnim-politicarima-300x123.jpg\" class=\"attachment-medium size-medium\" alt=\"\" srcset=\"https:\/\/www.bhakademiker.org\/wp-content\/uploads\/2024\/06\/Grupna-slika-sa-lokalnim-politicarima-300x123.jpg 300w, https:\/\/www.bhakademiker.org\/wp-content\/uploads\/2024\/06\/Grupna-slika-sa-lokalnim-politicarima-1024x421.jpg 1024w, https:\/\/www.bhakademiker.org\/wp-content\/uploads\/2024\/06\/Grupna-slika-sa-lokalnim-politicarima-768x315.jpg 768w, https:\/\/www.bhakademiker.org\/wp-content\/uploads\/2024\/06\/Grupna-slika-sa-lokalnim-politicarima-1536x631.jpg 1536w, https:\/\/www.bhakademiker.org\/wp-content\/uploads\/2024\/06\/Grupna-slika-sa-lokalnim-politicarima-18x7.jpg 18w, https:\/\/www.bhakademiker.org\/wp-content\/uploads\/2024\/06\/Grupna-slika-sa-lokalnim-politicarima.jpg 2048w\" sizes=\"(max-width: 300px) 100vw, 300px\" \/><\/a>\n\t\t\t<\/dt><\/dl><dl class='gallery-item'>\n\t\t\t<dt class='gallery-icon landscape'>\n\t\t\t\t<a href='https:\/\/www.bhakademiker.org\/de\/2024\/06\/24\/tag-der-volksgruppe-oesterreichische-bosnierinnen\/pocetak\/'><img decoding=\"async\" width=\"300\" height=\"200\" src=\"https:\/\/www.bhakademiker.org\/wp-content\/uploads\/2024\/06\/Pocetak-300x200.jpg\" class=\"attachment-medium size-medium\" alt=\"\" srcset=\"https:\/\/www.bhakademiker.org\/wp-content\/uploads\/2024\/06\/Pocetak-300x200.jpg 300w, https:\/\/www.bhakademiker.org\/wp-content\/uploads\/2024\/06\/Pocetak-1024x681.jpg 1024w, https:\/\/www.bhakademiker.org\/wp-content\/uploads\/2024\/06\/Pocetak-768x511.jpg 768w, https:\/\/www.bhakademiker.org\/wp-content\/uploads\/2024\/06\/Pocetak-1536x1021.jpg 1536w, https:\/\/www.bhakademiker.org\/wp-content\/uploads\/2024\/06\/Pocetak-18x12.jpg 18w, https:\/\/www.bhakademiker.org\/wp-content\/uploads\/2024\/06\/Pocetak-500x335.jpg 500w, https:\/\/www.bhakademiker.org\/wp-content\/uploads\/2024\/06\/Pocetak-150x100.jpg 150w, https:\/\/www.bhakademiker.org\/wp-content\/uploads\/2024\/06\/Pocetak.jpg 1600w\" sizes=\"(max-width: 300px) 100vw, 300px\" \/><\/a>\n\t\t\t<\/dt><\/dl><br style=\"clear: both\" \/><dl class='gallery-item'>\n\t\t\t<dt class='gallery-icon portrait'>\n\t\t\t\t<a href='https:\/\/www.bhakademiker.org\/de\/2024\/06\/24\/tag-der-volksgruppe-oesterreichische-bosnierinnen\/nedeljko-vuckovic\/'><img loading=\"lazy\" decoding=\"async\" width=\"213\" height=\"300\" src=\"https:\/\/www.bhakademiker.org\/wp-content\/uploads\/2024\/06\/Nedeljko-Vuckovic-213x300.jpg\" class=\"attachment-medium size-medium\" alt=\"\" srcset=\"https:\/\/www.bhakademiker.org\/wp-content\/uploads\/2024\/06\/Nedeljko-Vuckovic-213x300.jpg 213w, https:\/\/www.bhakademiker.org\/wp-content\/uploads\/2024\/06\/Nedeljko-Vuckovic-728x1024.jpg 728w, https:\/\/www.bhakademiker.org\/wp-content\/uploads\/2024\/06\/Nedeljko-Vuckovic-768x1081.jpg 768w, https:\/\/www.bhakademiker.org\/wp-content\/uploads\/2024\/06\/Nedeljko-Vuckovic-1092x1536.jpg 1092w, https:\/\/www.bhakademiker.org\/wp-content\/uploads\/2024\/06\/Nedeljko-Vuckovic-1456x2048.jpg 1456w, https:\/\/www.bhakademiker.org\/wp-content\/uploads\/2024\/06\/Nedeljko-Vuckovic-9x12.jpg 9w, https:\/\/www.bhakademiker.org\/wp-content\/uploads\/2024\/06\/Nedeljko-Vuckovic.jpg 1688w\" sizes=\"(max-width: 213px) 100vw, 213px\" \/><\/a>\n\t\t\t<\/dt><\/dl><dl class='gallery-item'>\n\t\t\t<dt class='gallery-icon landscape'>\n\t\t\t\t<a href='https:\/\/www.bhakademiker.org\/de\/2024\/06\/24\/tag-der-volksgruppe-oesterreichische-bosnierinnen\/p1111019\/'><img loading=\"lazy\" decoding=\"async\" width=\"300\" height=\"169\" src=\"https:\/\/www.bhakademiker.org\/wp-content\/uploads\/2024\/06\/P1111019-300x169.jpg\" class=\"attachment-medium size-medium\" alt=\"\" srcset=\"https:\/\/www.bhakademiker.org\/wp-content\/uploads\/2024\/06\/P1111019-300x169.jpg 300w, https:\/\/www.bhakademiker.org\/wp-content\/uploads\/2024\/06\/P1111019-1024x577.jpg 1024w, https:\/\/www.bhakademiker.org\/wp-content\/uploads\/2024\/06\/P1111019-768x433.jpg 768w, https:\/\/www.bhakademiker.org\/wp-content\/uploads\/2024\/06\/P1111019-1536x865.jpg 1536w, https:\/\/www.bhakademiker.org\/wp-content\/uploads\/2024\/06\/P1111019-2048x1154.jpg 2048w, https:\/\/www.bhakademiker.org\/wp-content\/uploads\/2024\/06\/P1111019-18x10.jpg 18w, https:\/\/www.bhakademiker.org\/wp-content\/uploads\/2024\/06\/P1111019-847x477.jpg 847w\" sizes=\"(max-width: 300px) 100vw, 300px\" \/><\/a>\n\t\t\t<\/dt><\/dl><dl class='gallery-item'>\n\t\t\t<dt class='gallery-icon landscape'>\n\t\t\t\t<a href='https:\/\/www.bhakademiker.org\/de\/2024\/06\/24\/tag-der-volksgruppe-oesterreichische-bosnierinnen\/p1111045\/'><img loading=\"lazy\" decoding=\"async\" width=\"300\" height=\"169\" src=\"https:\/\/www.bhakademiker.org\/wp-content\/uploads\/2024\/06\/P1111045-300x169.jpg\" class=\"attachment-medium size-medium\" alt=\"\" srcset=\"https:\/\/www.bhakademiker.org\/wp-content\/uploads\/2024\/06\/P1111045-300x169.jpg 300w, https:\/\/www.bhakademiker.org\/wp-content\/uploads\/2024\/06\/P1111045-1024x577.jpg 1024w, https:\/\/www.bhakademiker.org\/wp-content\/uploads\/2024\/06\/P1111045-768x433.jpg 768w, https:\/\/www.bhakademiker.org\/wp-content\/uploads\/2024\/06\/P1111045-1536x865.jpg 1536w, https:\/\/www.bhakademiker.org\/wp-content\/uploads\/2024\/06\/P1111045-2048x1154.jpg 2048w, https:\/\/www.bhakademiker.org\/wp-content\/uploads\/2024\/06\/P1111045-18x10.jpg 18w, https:\/\/www.bhakademiker.org\/wp-content\/uploads\/2024\/06\/P1111045-847x477.jpg 847w\" sizes=\"(max-width: 300px) 100vw, 300px\" \/><\/a>\n\t\t\t<\/dt><\/dl><br style=\"clear: both\" \/><dl class='gallery-item'>\n\t\t\t<dt class='gallery-icon landscape'>\n\t\t\t\t<a href='https:\/\/www.bhakademiker.org\/de\/2024\/06\/24\/tag-der-volksgruppe-oesterreichische-bosnierinnen\/folklor-behar\/'><img loading=\"lazy\" decoding=\"async\" width=\"300\" height=\"169\" src=\"https:\/\/www.bhakademiker.org\/wp-content\/uploads\/2024\/06\/folklor-BEHAR-300x169.jpg\" class=\"attachment-medium size-medium\" alt=\"\" srcset=\"https:\/\/www.bhakademiker.org\/wp-content\/uploads\/2024\/06\/folklor-BEHAR-300x169.jpg 300w, https:\/\/www.bhakademiker.org\/wp-content\/uploads\/2024\/06\/folklor-BEHAR-1024x576.jpg 1024w, https:\/\/www.bhakademiker.org\/wp-content\/uploads\/2024\/06\/folklor-BEHAR-768x432.jpg 768w, https:\/\/www.bhakademiker.org\/wp-content\/uploads\/2024\/06\/folklor-BEHAR-1536x864.jpg 1536w, https:\/\/www.bhakademiker.org\/wp-content\/uploads\/2024\/06\/folklor-BEHAR-18x10.jpg 18w, https:\/\/www.bhakademiker.org\/wp-content\/uploads\/2024\/06\/folklor-BEHAR-847x477.jpg 847w, https:\/\/www.bhakademiker.org\/wp-content\/uploads\/2024\/06\/folklor-BEHAR.jpg 2048w\" sizes=\"(max-width: 300px) 100vw, 300px\" \/><\/a>\n\t\t\t<\/dt><\/dl><dl class='gallery-item'>\n\t\t\t<dt class='gallery-icon landscape'>\n\t\t\t\t<a href='https:\/\/www.bhakademiker.org\/de\/2024\/06\/24\/tag-der-volksgruppe-oesterreichische-bosnierinnen\/publika\/'><img loading=\"lazy\" decoding=\"async\" width=\"300\" height=\"169\" src=\"https:\/\/www.bhakademiker.org\/wp-content\/uploads\/2024\/06\/Publika-300x169.jpg\" class=\"attachment-medium size-medium\" alt=\"\" srcset=\"https:\/\/www.bhakademiker.org\/wp-content\/uploads\/2024\/06\/Publika-300x169.jpg 300w, https:\/\/www.bhakademiker.org\/wp-content\/uploads\/2024\/06\/Publika-1024x576.jpg 1024w, https:\/\/www.bhakademiker.org\/wp-content\/uploads\/2024\/06\/Publika-768x432.jpg 768w, https:\/\/www.bhakademiker.org\/wp-content\/uploads\/2024\/06\/Publika-1536x864.jpg 1536w, https:\/\/www.bhakademiker.org\/wp-content\/uploads\/2024\/06\/Publika-18x10.jpg 18w, https:\/\/www.bhakademiker.org\/wp-content\/uploads\/2024\/06\/Publika-847x477.jpg 847w, https:\/\/www.bhakademiker.org\/wp-content\/uploads\/2024\/06\/Publika.jpg 2048w\" sizes=\"(max-width: 300px) 100vw, 300px\" \/><\/a>\n\t\t\t<\/dt><\/dl><dl class='gallery-item'>\n\t\t\t<dt class='gallery-icon landscape'>\n\t\t\t\t<a href='https:\/\/www.bhakademiker.org\/de\/2024\/06\/24\/tag-der-volksgruppe-oesterreichische-bosnierinnen\/folklor-behar-2\/'><img loading=\"lazy\" decoding=\"async\" width=\"300\" height=\"225\" src=\"https:\/\/www.bhakademiker.org\/wp-content\/uploads\/2024\/06\/folklor-BEHAR-2-300x225.jpg\" class=\"attachment-medium size-medium\" alt=\"\" srcset=\"https:\/\/www.bhakademiker.org\/wp-content\/uploads\/2024\/06\/folklor-BEHAR-2-300x225.jpg 300w, https:\/\/www.bhakademiker.org\/wp-content\/uploads\/2024\/06\/folklor-BEHAR-2-1024x768.jpg 1024w, https:\/\/www.bhakademiker.org\/wp-content\/uploads\/2024\/06\/folklor-BEHAR-2-768x576.jpg 768w, https:\/\/www.bhakademiker.org\/wp-content\/uploads\/2024\/06\/folklor-BEHAR-2-1536x1152.jpg 1536w, https:\/\/www.bhakademiker.org\/wp-content\/uploads\/2024\/06\/folklor-BEHAR-2-16x12.jpg 16w, https:\/\/www.bhakademiker.org\/wp-content\/uploads\/2024\/06\/folklor-BEHAR-2.jpg 2048w\" sizes=\"(max-width: 300px) 100vw, 300px\" \/><\/a>\n\t\t\t<\/dt><\/dl><br style=\"clear: both\" \/><dl class='gallery-item'>\n\t\t\t<dt class='gallery-icon landscape'>\n\t\t\t\t<a href='https:\/\/www.bhakademiker.org\/de\/2024\/06\/24\/tag-der-volksgruppe-oesterreichische-bosnierinnen\/behar-mauthausen\/'><img loading=\"lazy\" decoding=\"async\" width=\"300\" height=\"225\" src=\"https:\/\/www.bhakademiker.org\/wp-content\/uploads\/2024\/06\/Behar-MAuthausen-300x225.jpg\" class=\"attachment-medium size-medium\" alt=\"\" srcset=\"https:\/\/www.bhakademiker.org\/wp-content\/uploads\/2024\/06\/Behar-MAuthausen-300x225.jpg 300w, https:\/\/www.bhakademiker.org\/wp-content\/uploads\/2024\/06\/Behar-MAuthausen-1024x768.jpg 1024w, https:\/\/www.bhakademiker.org\/wp-content\/uploads\/2024\/06\/Behar-MAuthausen-768x576.jpg 768w, https:\/\/www.bhakademiker.org\/wp-content\/uploads\/2024\/06\/Behar-MAuthausen-1536x1152.jpg 1536w, https:\/\/www.bhakademiker.org\/wp-content\/uploads\/2024\/06\/Behar-MAuthausen-16x12.jpg 16w, https:\/\/www.bhakademiker.org\/wp-content\/uploads\/2024\/06\/Behar-MAuthausen.jpg 2048w\" sizes=\"(max-width: 300px) 100vw, 300px\" \/><\/a>\n\t\t\t<\/dt><\/dl>\n\t\t\t<br style='clear: both' \/>\n\t\t<\/div>\n\n","protected":false},"excerpt":{"rendered":"<p>Jahrestag der Volksgruppe \u00d6sterreichische BOSNIER:INNEN | Godi\u0161njica BOSANSKE nacionalne manjine u Austriji<\/p>\n","protected":false},"author":1,"featured_media":3403,"comment_status":"open","ping_status":"open","sticky":false,"template":"","format":"standard","meta":{"footnotes":""},"categories":[72],"tags":[],"class_list":["post-3389","post","type-post","status-publish","format-standard","has-post-thumbnail","hentry","category-bada"],"yoast_head":"<!-- This site is optimized with the Yoast SEO plugin v20.3 - https:\/\/yoast.com\/wordpress\/plugins\/seo\/ -->\n<title>Tag der Volksgruppe \u00d6sterreichische BOSNIER:INNEN - Gesellschaft Bosnischer Akademiker<\/title>\n<meta name=\"description\" content=\"Jahrestag der Volksgruppe \u00d6sterreichische BOSNIER:INNEN | Godi\u0161njica BOSANSKE nacionalne manjine u Austriji\" \/>\n<meta name=\"robots\" content=\"index, follow, max-snippet:-1, max-image-preview:large, max-video-preview:-1\" \/>\n<link rel=\"canonical\" href=\"https:\/\/www.bhakademiker.org\/de\/2024\/06\/24\/tag-der-volksgruppe-oesterreichische-bosnierinnen\/\" \/>\n<meta property=\"og:locale\" content=\"de_DE\" \/>\n<meta property=\"og:type\" content=\"article\" \/>\n<meta property=\"og:title\" content=\"Jahrestag der Volksgruppe \u00d6sterreichische BOSNIER:INNEN | Godi\u0161njica BOSANSKE nacionalne manjine u Austriji\" \/>\n<meta property=\"og:description\" content=\"Jahrestag der Volksgruppe \u00d6sterreichische BOSNIER:INNEN | Godi\u0161njica BOSANSKE nacionalne manjine u Austriji\" \/>\n<meta property=\"og:url\" content=\"https:\/\/www.bhakademiker.org\/de\/2024\/06\/24\/tag-der-volksgruppe-oesterreichische-bosnierinnen\/\" \/>\n<meta property=\"og:site_name\" content=\"Gesellschaft Bosnischer Akademiker\" \/>\n<meta property=\"article:published_time\" content=\"2024-06-24T13:00:25+00:00\" \/>\n<meta property=\"article:modified_time\" content=\"2024-06-25T08:20:26+00:00\" \/>\n<meta property=\"og:image\" content=\"https:\/\/www.bhakademiker.org\/wp-content\/uploads\/2024\/06\/Grupna-slika-sa-lokalnim-politicarima.jpg\" \/>\n\t<meta property=\"og:image:width\" content=\"2048\" \/>\n\t<meta property=\"og:image:height\" content=\"841\" \/>\n\t<meta property=\"og:image:type\" content=\"image\/jpeg\" \/>\n<meta name=\"author\" content=\"BanKulin\" \/>\n<meta name=\"twitter:card\" content=\"summary_large_image\" \/>\n<meta name=\"twitter:title\" content=\"Jahrestag der Volksgruppe \u00d6sterreichische BOSNIER:INNEN | Godi\u0161njica BOSANSKE nacionalne manjine u Austriji\" \/>\n<meta name=\"twitter:image\" content=\"https:\/\/www.bhakademiker.org\/wp-content\/uploads\/2024\/06\/Grupna-slika-sa-lokalnim-politicarima.jpg\" \/>\n<meta name=\"twitter:label1\" content=\"Verfasst von\" \/>\n\t<meta name=\"twitter:data1\" content=\"BanKulin\" \/>\n\t<meta name=\"twitter:label2\" content=\"Gesch\u00e4tzte Lesezeit\" \/>\n\t<meta name=\"twitter:data2\" content=\"2\u00a0Minuten\" \/>\n<script type=\"application\/ld+json\" class=\"yoast-schema-graph\">{\"@context\":\"https:\/\/schema.org\",\"@graph\":[{\"@type\":\"Article\",\"@id\":\"https:\/\/www.bhakademiker.org\/2024\/06\/24\/tag-der-volksgruppe-oesterreichische-bosnierinnen\/#article\",\"isPartOf\":{\"@id\":\"https:\/\/www.bhakademiker.org\/2024\/06\/24\/tag-der-volksgruppe-oesterreichische-bosnierinnen\/\"},\"author\":{\"name\":\"BanKulin\",\"@id\":\"https:\/\/www.bhakademiker.org\/bs\/#\/schema\/person\/eb2bb45ccd10b1a8756ef049efa44da5\"},\"headline\":\"Tag der Volksgruppe \u00d6sterreichische BOSNIER:INNEN\",\"datePublished\":\"2024-06-24T13:00:25+00:00\",\"dateModified\":\"2024-06-25T08:20:26+00:00\",\"mainEntityOfPage\":{\"@id\":\"https:\/\/www.bhakademiker.org\/2024\/06\/24\/tag-der-volksgruppe-oesterreichische-bosnierinnen\/\"},\"wordCount\":318,\"commentCount\":0,\"publisher\":{\"@id\":\"https:\/\/www.bhakademiker.org\/bs\/#organization\"},\"articleSection\":[\"BADA\"],\"inLanguage\":\"de\",\"potentialAction\":[{\"@type\":\"CommentAction\",\"name\":\"Comment\",\"target\":[\"https:\/\/www.bhakademiker.org\/2024\/06\/24\/tag-der-volksgruppe-oesterreichische-bosnierinnen\/#respond\"]}]},{\"@type\":\"WebPage\",\"@id\":\"https:\/\/www.bhakademiker.org\/2024\/06\/24\/tag-der-volksgruppe-oesterreichische-bosnierinnen\/\",\"url\":\"https:\/\/www.bhakademiker.org\/2024\/06\/24\/tag-der-volksgruppe-oesterreichische-bosnierinnen\/\",\"name\":\"Tag der Volksgruppe \u00d6sterreichische BOSNIER:INNEN - Gesellschaft Bosnischer Akademiker\",\"isPartOf\":{\"@id\":\"https:\/\/www.bhakademiker.org\/bs\/#website\"},\"datePublished\":\"2024-06-24T13:00:25+00:00\",\"dateModified\":\"2024-06-25T08:20:26+00:00\",\"description\":\"Jahrestag der Volksgruppe \u00d6sterreichische BOSNIER:INNEN | Godi\u0161njica BOSANSKE nacionalne manjine u Austriji\",\"breadcrumb\":{\"@id\":\"https:\/\/www.bhakademiker.org\/2024\/06\/24\/tag-der-volksgruppe-oesterreichische-bosnierinnen\/#breadcrumb\"},\"inLanguage\":\"de\",\"potentialAction\":[{\"@type\":\"ReadAction\",\"target\":[\"https:\/\/www.bhakademiker.org\/2024\/06\/24\/tag-der-volksgruppe-oesterreichische-bosnierinnen\/\"]}]},{\"@type\":\"BreadcrumbList\",\"@id\":\"https:\/\/www.bhakademiker.org\/2024\/06\/24\/tag-der-volksgruppe-oesterreichische-bosnierinnen\/#breadcrumb\",\"itemListElement\":[{\"@type\":\"ListItem\",\"position\":1,\"name\":\"Home\",\"item\":\"https:\/\/www.bhakademiker.org\/\"},{\"@type\":\"ListItem\",\"position\":2,\"name\":\"Tag der Volksgruppe \u00d6sterreichische BOSNIER:INNEN\"}]},{\"@type\":\"WebSite\",\"@id\":\"https:\/\/www.bhakademiker.org\/bs\/#website\",\"url\":\"https:\/\/www.bhakademiker.org\/bs\/\",\"name\":\"Gesellschaft Bosnischer Akademiker\",\"description\":\"\",\"publisher\":{\"@id\":\"https:\/\/www.bhakademiker.org\/bs\/#organization\"},\"potentialAction\":[{\"@type\":\"SearchAction\",\"target\":{\"@type\":\"EntryPoint\",\"urlTemplate\":\"https:\/\/www.bhakademiker.org\/bs\/?s={search_term_string}\"},\"query-input\":\"required name=search_term_string\"}],\"inLanguage\":\"de\"},{\"@type\":\"Organization\",\"@id\":\"https:\/\/www.bhakademiker.org\/bs\/#organization\",\"name\":\"Gesellschaft Bosnischer Akademiker in \u00d6sterreich\",\"url\":\"https:\/\/www.bhakademiker.org\/bs\/\",\"logo\":{\"@type\":\"ImageObject\",\"inLanguage\":\"de\",\"@id\":\"https:\/\/www.bhakademiker.org\/bs\/#\/schema\/logo\/image\/\",\"url\":\"https:\/\/www.bhakademiker.org\/wp-content\/uploads\/2022\/01\/featured-GBAA.png\",\"contentUrl\":\"https:\/\/www.bhakademiker.org\/wp-content\/uploads\/2022\/01\/featured-GBAA.png\",\"width\":1200,\"height\":630,\"caption\":\"Gesellschaft Bosnischer Akademiker in \u00d6sterreich\"},\"image\":{\"@id\":\"https:\/\/www.bhakademiker.org\/bs\/#\/schema\/logo\/image\/\"}},{\"@type\":\"Person\",\"@id\":\"https:\/\/www.bhakademiker.org\/bs\/#\/schema\/person\/eb2bb45ccd10b1a8756ef049efa44da5\",\"name\":\"BanKulin\",\"image\":{\"@type\":\"ImageObject\",\"inLanguage\":\"de\",\"@id\":\"https:\/\/www.bhakademiker.org\/bs\/#\/schema\/person\/image\/\",\"url\":\"https:\/\/secure.gravatar.com\/avatar\/c6d58ce317ac29451bb963305865585b0ee61581cac268f7b497945aea17e32c?s=96&d=mm&r=g\",\"contentUrl\":\"https:\/\/secure.gravatar.com\/avatar\/c6d58ce317ac29451bb963305865585b0ee61581cac268f7b497945aea17e32c?s=96&d=mm&r=g\",\"caption\":\"BanKulin\"},\"sameAs\":[\"https:\/\/www.bhakademiker.org\"],\"url\":\"https:\/\/www.bhakademiker.org\/de\/author\/bankulin\/\"}]}<\/script>\n<!-- \/ Yoast SEO plugin. -->","yoast_head_json":{"title":"Tag der Volksgruppe \u00d6sterreichische BOSNIER:INNEN - Gesellschaft Bosnischer Akademiker","description":"Jahrestag der Volksgruppe \u00d6sterreichische BOSNIER:INNEN | Godi\u0161njica BOSANSKE nacionalne manjine u Austriji","robots":{"index":"index","follow":"follow","max-snippet":"max-snippet:-1","max-image-preview":"max-image-preview:large","max-video-preview":"max-video-preview:-1"},"canonical":"https:\/\/www.bhakademiker.org\/de\/2024\/06\/24\/tag-der-volksgruppe-oesterreichische-bosnierinnen\/","og_locale":"de_DE","og_type":"article","og_title":"Jahrestag der Volksgruppe \u00d6sterreichische BOSNIER:INNEN | Godi\u0161njica BOSANSKE nacionalne manjine u Austriji","og_description":"Jahrestag der Volksgruppe \u00d6sterreichische BOSNIER:INNEN | Godi\u0161njica BOSANSKE nacionalne manjine u Austriji","og_url":"https:\/\/www.bhakademiker.org\/de\/2024\/06\/24\/tag-der-volksgruppe-oesterreichische-bosnierinnen\/","og_site_name":"Gesellschaft Bosnischer Akademiker","article_published_time":"2024-06-24T13:00:25+00:00","article_modified_time":"2024-06-25T08:20:26+00:00","og_image":[{"width":2048,"height":841,"url":"https:\/\/www.bhakademiker.org\/wp-content\/uploads\/2024\/06\/Grupna-slika-sa-lokalnim-politicarima.jpg","type":"image\/jpeg"}],"author":"BanKulin","twitter_card":"summary_large_image","twitter_title":"Jahrestag der Volksgruppe \u00d6sterreichische BOSNIER:INNEN | Godi\u0161njica BOSANSKE nacionalne manjine u Austriji","twitter_image":"https:\/\/www.bhakademiker.org\/wp-content\/uploads\/2024\/06\/Grupna-slika-sa-lokalnim-politicarima.jpg","twitter_misc":{"Verfasst von":"BanKulin","Gesch\u00e4tzte Lesezeit":"2\u00a0Minuten"},"schema":{"@context":"https:\/\/schema.org","@graph":[{"@type":"Article","@id":"https:\/\/www.bhakademiker.org\/2024\/06\/24\/tag-der-volksgruppe-oesterreichische-bosnierinnen\/#article","isPartOf":{"@id":"https:\/\/www.bhakademiker.org\/2024\/06\/24\/tag-der-volksgruppe-oesterreichische-bosnierinnen\/"},"author":{"name":"BanKulin","@id":"https:\/\/www.bhakademiker.org\/bs\/#\/schema\/person\/eb2bb45ccd10b1a8756ef049efa44da5"},"headline":"Tag der Volksgruppe \u00d6sterreichische BOSNIER:INNEN","datePublished":"2024-06-24T13:00:25+00:00","dateModified":"2024-06-25T08:20:26+00:00","mainEntityOfPage":{"@id":"https:\/\/www.bhakademiker.org\/2024\/06\/24\/tag-der-volksgruppe-oesterreichische-bosnierinnen\/"},"wordCount":318,"commentCount":0,"publisher":{"@id":"https:\/\/www.bhakademiker.org\/bs\/#organization"},"articleSection":["BADA"],"inLanguage":"de","potentialAction":[{"@type":"CommentAction","name":"Comment","target":["https:\/\/www.bhakademiker.org\/2024\/06\/24\/tag-der-volksgruppe-oesterreichische-bosnierinnen\/#respond"]}]},{"@type":"WebPage","@id":"https:\/\/www.bhakademiker.org\/2024\/06\/24\/tag-der-volksgruppe-oesterreichische-bosnierinnen\/","url":"https:\/\/www.bhakademiker.org\/2024\/06\/24\/tag-der-volksgruppe-oesterreichische-bosnierinnen\/","name":"Tag der Volksgruppe \u00d6sterreichische BOSNIER:INNEN - Gesellschaft Bosnischer Akademiker","isPartOf":{"@id":"https:\/\/www.bhakademiker.org\/bs\/#website"},"datePublished":"2024-06-24T13:00:25+00:00","dateModified":"2024-06-25T08:20:26+00:00","description":"Jahrestag der Volksgruppe \u00d6sterreichische BOSNIER:INNEN | Godi\u0161njica BOSANSKE nacionalne manjine u Austriji","breadcrumb":{"@id":"https:\/\/www.bhakademiker.org\/2024\/06\/24\/tag-der-volksgruppe-oesterreichische-bosnierinnen\/#breadcrumb"},"inLanguage":"de","potentialAction":[{"@type":"ReadAction","target":["https:\/\/www.bhakademiker.org\/2024\/06\/24\/tag-der-volksgruppe-oesterreichische-bosnierinnen\/"]}]},{"@type":"BreadcrumbList","@id":"https:\/\/www.bhakademiker.org\/2024\/06\/24\/tag-der-volksgruppe-oesterreichische-bosnierinnen\/#breadcrumb","itemListElement":[{"@type":"ListItem","position":1,"name":"Home","item":"https:\/\/www.bhakademiker.org\/"},{"@type":"ListItem","position":2,"name":"Tag der Volksgruppe \u00d6sterreichische BOSNIER:INNEN"}]},{"@type":"WebSite","@id":"https:\/\/www.bhakademiker.org\/bs\/#website","url":"https:\/\/www.bhakademiker.org\/bs\/","name":"Gesellschaft Bosnischer Akademiker","description":"","publisher":{"@id":"https:\/\/www.bhakademiker.org\/bs\/#organization"},"potentialAction":[{"@type":"SearchAction","target":{"@type":"EntryPoint","urlTemplate":"https:\/\/www.bhakademiker.org\/bs\/?s={search_term_string}"},"query-input":"required name=search_term_string"}],"inLanguage":"de"},{"@type":"Organization","@id":"https:\/\/www.bhakademiker.org\/bs\/#organization","name":"Gesellschaft Bosnischer Akademiker in \u00d6sterreich","url":"https:\/\/www.bhakademiker.org\/bs\/","logo":{"@type":"ImageObject","inLanguage":"de","@id":"https:\/\/www.bhakademiker.org\/bs\/#\/schema\/logo\/image\/","url":"https:\/\/www.bhakademiker.org\/wp-content\/uploads\/2022\/01\/featured-GBAA.png","contentUrl":"https:\/\/www.bhakademiker.org\/wp-content\/uploads\/2022\/01\/featured-GBAA.png","width":1200,"height":630,"caption":"Gesellschaft Bosnischer Akademiker in \u00d6sterreich"},"image":{"@id":"https:\/\/www.bhakademiker.org\/bs\/#\/schema\/logo\/image\/"}},{"@type":"Person","@id":"https:\/\/www.bhakademiker.org\/bs\/#\/schema\/person\/eb2bb45ccd10b1a8756ef049efa44da5","name":"BanKulin","image":{"@type":"ImageObject","inLanguage":"de","@id":"https:\/\/www.bhakademiker.org\/bs\/#\/schema\/person\/image\/","url":"https:\/\/secure.gravatar.com\/avatar\/c6d58ce317ac29451bb963305865585b0ee61581cac268f7b497945aea17e32c?s=96&d=mm&r=g","contentUrl":"https:\/\/secure.gravatar.com\/avatar\/c6d58ce317ac29451bb963305865585b0ee61581cac268f7b497945aea17e32c?s=96&d=mm&r=g","caption":"BanKulin"},"sameAs":["https:\/\/www.bhakademiker.org"],"url":"https:\/\/www.bhakademiker.org\/de\/author\/bankulin\/"}]}},"_links":{"self":[{"href":"https:\/\/www.bhakademiker.org\/de\/wp-json\/wp\/v2\/posts\/3389","targetHints":{"allow":["GET"]}}],"collection":[{"href":"https:\/\/www.bhakademiker.org\/de\/wp-json\/wp\/v2\/posts"}],"about":[{"href":"https:\/\/www.bhakademiker.org\/de\/wp-json\/wp\/v2\/types\/post"}],"author":[{"embeddable":true,"href":"https:\/\/www.bhakademiker.org\/de\/wp-json\/wp\/v2\/users\/1"}],"replies":[{"embeddable":true,"href":"https:\/\/www.bhakademiker.org\/de\/wp-json\/wp\/v2\/comments?post=3389"}],"version-history":[{"count":4,"href":"https:\/\/www.bhakademiker.org\/de\/wp-json\/wp\/v2\/posts\/3389\/revisions"}],"predecessor-version":[{"id":3408,"href":"https:\/\/www.bhakademiker.org\/de\/wp-json\/wp\/v2\/posts\/3389\/revisions\/3408"}],"wp:featuredmedia":[{"embeddable":true,"href":"https:\/\/www.bhakademiker.org\/de\/wp-json\/wp\/v2\/media\/3403"}],"wp:attachment":[{"href":"https:\/\/www.bhakademiker.org\/de\/wp-json\/wp\/v2\/media?parent=3389"}],"wp:term":[{"taxonomy":"category","embeddable":true,"href":"https:\/\/www.bhakademiker.org\/de\/wp-json\/wp\/v2\/categories?post=3389"},{"taxonomy":"post_tag","embeddable":true,"href":"https:\/\/www.bhakademiker.org\/de\/wp-json\/wp\/v2\/tags?post=3389"}],"curies":[{"name":"wp","href":"https:\/\/api.w.org\/{rel}","templated":true}]}}