{"id":3409,"date":"2024-10-08T14:55:27","date_gmt":"2024-10-08T12:55:27","guid":{"rendered":"https:\/\/www.bhakademiker.org\/?p=3409"},"modified":"2024-10-21T13:03:38","modified_gmt":"2024-10-21T11:03:38","slug":"835-jahrestag-bosniens","status":"publish","type":"post","link":"https:\/\/www.bhakademiker.org\/de\/2024\/10\/08\/835-jahrestag-bosniens\/","title":{"rendered":"835. Jahrestag Bosniens"},"content":{"rendered":"<h1 style=\"text-align: center;\">835. Geburtstag<\/h1>\n<hr \/>\n<p>Die Gesellschaft Bosnischer Akademiker in \u00d6sterreich veranstaltet traditionell anl\u00e4sslich des Geburtstages Bosniens eine Veranstaltung mit dem Ziel, das Bewusstsein f\u00fcr den bosnischen Geist und Bosnien zu st\u00e4rken.<\/p>\n<p>Am 04. Oktober 2024 wurde der 835. Geburtstag\/Jahrestag Bosniens gefeiert, der Tag der Unterzeichnung der Urkunde-Kulin-Ban (29. August 1189).<\/p>\n<p>Die Zeremonie wurde von <strong>Senada Duhan<\/strong> mit der Rezitation von Mak Dizdars Lied \u201eZapis o zemlji\u201c er\u00f6ffnet, das zur Hymne der Veranstaltung in Wien wurde. Dieses Gedicht, dessen Ende \u201eBosnien&#8230; dem Schlaf trotzend\u201c lautet, gibt viel Raum zum Nachdenken.<\/p>\n<p style=\"text-align: center;\"><img fetchpriority=\"high\" decoding=\"async\" class=\"wp-image-3540 \" src=\"https:\/\/www.bhakademiker.org\/wp-content\/uploads\/2024\/07\/DSC_4159-scaled-1-300x200.jpg\" alt=\"\" width=\"315\" height=\"210\" srcset=\"https:\/\/www.bhakademiker.org\/wp-content\/uploads\/2024\/07\/DSC_4159-scaled-1-300x200.jpg 300w, https:\/\/www.bhakademiker.org\/wp-content\/uploads\/2024\/07\/DSC_4159-scaled-1-1024x683.jpg 1024w, https:\/\/www.bhakademiker.org\/wp-content\/uploads\/2024\/07\/DSC_4159-scaled-1-768x512.jpg 768w, https:\/\/www.bhakademiker.org\/wp-content\/uploads\/2024\/07\/DSC_4159-scaled-1-1536x1024.jpg 1536w, https:\/\/www.bhakademiker.org\/wp-content\/uploads\/2024\/07\/DSC_4159-scaled-1-2048x1366.jpg 2048w, https:\/\/www.bhakademiker.org\/wp-content\/uploads\/2024\/07\/DSC_4159-scaled-1-18x12.jpg 18w, https:\/\/www.bhakademiker.org\/wp-content\/uploads\/2024\/07\/DSC_4159-scaled-1-500x335.jpg 500w, https:\/\/www.bhakademiker.org\/wp-content\/uploads\/2024\/07\/DSC_4159-scaled-1-150x100.jpg 150w\" sizes=\"(max-width: 315px) 100vw, 315px\" \/><\/p>\n<p><strong>Zanin Berbi\u0107 und Adis Sirbubalo<\/strong> traten gemeinsam auf und boten dem Publikum eine wundervolle Darbietung traditioneller bosnischer Lieder. Zanin verzauberte mit seinem ausdrucksstarken Gesang, w\u00e4hrend Adis ihn auf der Harmonika begleitete. Die Harmonie zwischen ihrer Musik und ihrer Leidenschaft f\u00fcr die bosnische Tradition schuf eine bewegende Atmosph\u00e4re, die zum mitsingen verleitete.<\/p>\n<p><img decoding=\"async\" class=\"wp-image-3506 aligncenter\" src=\"https:\/\/www.bhakademiker.org\/wp-content\/uploads\/2024\/07\/zanin-300x200.jpg\" alt=\"\" width=\"329\" height=\"219\" srcset=\"https:\/\/www.bhakademiker.org\/wp-content\/uploads\/2024\/07\/zanin-300x200.jpg 300w, https:\/\/www.bhakademiker.org\/wp-content\/uploads\/2024\/07\/zanin-1024x683.jpg 1024w, https:\/\/www.bhakademiker.org\/wp-content\/uploads\/2024\/07\/zanin-768x512.jpg 768w, https:\/\/www.bhakademiker.org\/wp-content\/uploads\/2024\/07\/zanin-1536x1024.jpg 1536w, https:\/\/www.bhakademiker.org\/wp-content\/uploads\/2024\/07\/zanin-2048x1366.jpg 2048w, https:\/\/www.bhakademiker.org\/wp-content\/uploads\/2024\/07\/zanin-18x12.jpg 18w, https:\/\/www.bhakademiker.org\/wp-content\/uploads\/2024\/07\/zanin-500x335.jpg 500w, https:\/\/www.bhakademiker.org\/wp-content\/uploads\/2024\/07\/zanin-150x100.jpg 150w\" sizes=\"(max-width: 329px) 100vw, 329px\" \/><\/p>\n<p>In seiner Rede, er\u00f6ffnete der Pr\u00e4sident der Gesellschaft Bosnischer Akademiker in \u00d6sterreich, Siradj Duhan den Abend offiziell mit ein paar S\u00e4tzen:<\/p>\n<p>&#8220;Es ist \u00e4u\u00dferst wichtig, die Erinnerung an Ban Kulin und Urkunde zu bewahren und zu erneuern und damit die Erinnerung an unsere Anf\u00e4nge und an die guten Bosniaken (Bosnier), die im Laufe der Geschichte immer gezeigt haben, dass sie anders sind, seit Jahrhunderten zusammenleben, andere in ihrer Vielfalt respektieren und kein \u00dcbel antun. Aus der Geschichte erfahren wir, dass Bosnien das \u00e4lteste entwickelte Land auf dem Westbalkan war.&#8221;<\/p>\n<p><img decoding=\"async\" class=\"wp-image-3559 size-medium aligncenter\" src=\"https:\/\/www.bhakademiker.org\/wp-content\/uploads\/2024\/10\/DSC_4043-scaled-1-300x200.webp\" alt=\"\" width=\"300\" height=\"200\" srcset=\"https:\/\/www.bhakademiker.org\/wp-content\/uploads\/2024\/10\/DSC_4043-scaled-1-300x200.webp 300w, https:\/\/www.bhakademiker.org\/wp-content\/uploads\/2024\/10\/DSC_4043-scaled-1-1024x683.webp 1024w, https:\/\/www.bhakademiker.org\/wp-content\/uploads\/2024\/10\/DSC_4043-scaled-1-768x512.webp 768w, https:\/\/www.bhakademiker.org\/wp-content\/uploads\/2024\/10\/DSC_4043-scaled-1-1536x1024.webp 1536w, https:\/\/www.bhakademiker.org\/wp-content\/uploads\/2024\/10\/DSC_4043-scaled-1-2048x1366.webp 2048w, https:\/\/www.bhakademiker.org\/wp-content\/uploads\/2024\/10\/DSC_4043-scaled-1-18x12.webp 18w, https:\/\/www.bhakademiker.org\/wp-content\/uploads\/2024\/10\/DSC_4043-scaled-1-500x335.webp 500w, https:\/\/www.bhakademiker.org\/wp-content\/uploads\/2024\/10\/DSC_4043-scaled-1-150x100.webp 150w\" sizes=\"(max-width: 300px) 100vw, 300px\" \/><\/p>\n<p>Die <strong>Divinerinnen<\/strong> traten ebenfalls auf und erfreuten mit ihrer einzigartigen Schrammelmusik. Ihre Interpretation verband traditionelle Wiener Melodien mit modernen Einfl\u00fcssen, was f\u00fcr ein musikalisches Erlebnis voller Tiefe und \u00dcberraschungen sorgte. Die Melodien, teils aus dem Wiener Volksliedgut, wurden mit frischen und kreativen Elementen kombiniert, wodurch die Zuh\u00f6rer in eine musikalische Reise zwischen Vergangenheit und Gegenwart mitgerissen wurden. Diese Mischung aus Tradition und Innovation stellte die Vielfalt und das breite Spektrum des Ensembles eindrucksvoll unter Beweis.<\/p>\n<p><img loading=\"lazy\" decoding=\"async\" class=\"wp-image-3507 aligncenter\" src=\"https:\/\/www.bhakademiker.org\/wp-content\/uploads\/2024\/07\/DSC_4176-1-scaled-1-300x200.jpg\" alt=\"\" width=\"327\" height=\"218\" srcset=\"https:\/\/www.bhakademiker.org\/wp-content\/uploads\/2024\/07\/DSC_4176-1-scaled-1-300x200.jpg 300w, https:\/\/www.bhakademiker.org\/wp-content\/uploads\/2024\/07\/DSC_4176-1-scaled-1-1024x683.jpg 1024w, https:\/\/www.bhakademiker.org\/wp-content\/uploads\/2024\/07\/DSC_4176-1-scaled-1-768x512.jpg 768w, https:\/\/www.bhakademiker.org\/wp-content\/uploads\/2024\/07\/DSC_4176-1-scaled-1-1536x1024.jpg 1536w, https:\/\/www.bhakademiker.org\/wp-content\/uploads\/2024\/07\/DSC_4176-1-scaled-1-2048x1366.jpg 2048w, https:\/\/www.bhakademiker.org\/wp-content\/uploads\/2024\/07\/DSC_4176-1-scaled-1-18x12.jpg 18w, https:\/\/www.bhakademiker.org\/wp-content\/uploads\/2024\/07\/DSC_4176-1-scaled-1-500x335.jpg 500w, https:\/\/www.bhakademiker.org\/wp-content\/uploads\/2024\/07\/DSC_4176-1-scaled-1-150x100.jpg 150w\" sizes=\"(max-width: 327px) 100vw, 327px\" \/><\/p>\n<p>&nbsp;<\/p>\n<p><span style=\"font-size: 16px;\">Im Anschluss folgte der bekannte \u00f6sterreichische Schauspieler <\/span><strong style=\"font-size: 16px;\">Johannes Zeiler<\/strong><span style=\"font-size: 16px;\">, der das Publikum mit einer Lesung aus dem Roman <\/span><em style=\"font-size: 16px;\">Die Strudlhofstiege<\/em><span style=\"font-size: 16px;\"> von Heimito von Doderer beeindruckte. Mit seiner markanten Stimme und seiner Pr\u00e4senz brachte er die literarischen Passagen auf eindrucksvolle Weise zum Leben. Johannes Zeiler ist auch f\u00fcr seine Rollen in Filmen wie &#8220;Faust&#8221; (2011), der bei den Filmfestspielen in Venedig pr\u00e4miert wurde.<\/span><\/p>\n\n\t\t<style type=\"text\/css\">\n\t\t\t#gallery-1 {\n\t\t\t\tmargin: auto;\n\t\t\t}\n\t\t\t#gallery-1 .gallery-item {\n\t\t\t\tfloat: left;\n\t\t\t\tmargin-top: 10px;\n\t\t\t\ttext-align: center;\n\t\t\t\twidth: 50%;\n\t\t\t}\n\t\t\t#gallery-1 img {\n\t\t\t\tborder: 2px solid #cfcfcf;\n\t\t\t}\n\t\t\t#gallery-1 .gallery-caption {\n\t\t\t\tmargin-left: 0;\n\t\t\t}\n\t\t\t\/* see gallery_shortcode() in wp-includes\/media.php *\/\n\t\t<\/style>\n\t\t<div id='gallery-1' class='gallery galleryid-3409 gallery-columns-2 gallery-size-medium'><dl class='gallery-item'>\n\t\t\t<dt class='gallery-icon landscape'>\n\t\t\t\t<a href='https:\/\/www.bhakademiker.org\/de\/2024\/10\/08\/835-jahrestag-bosniens\/privat-2024-3\/'><img loading=\"lazy\" decoding=\"async\" width=\"300\" height=\"200\" src=\"https:\/\/www.bhakademiker.org\/wp-content\/uploads\/2024\/07\/DSC_4187-scaled-1-300x200.jpg\" class=\"attachment-medium size-medium\" alt=\"\" srcset=\"https:\/\/www.bhakademiker.org\/wp-content\/uploads\/2024\/07\/DSC_4187-scaled-1-300x200.jpg 300w, https:\/\/www.bhakademiker.org\/wp-content\/uploads\/2024\/07\/DSC_4187-scaled-1-1024x683.jpg 1024w, https:\/\/www.bhakademiker.org\/wp-content\/uploads\/2024\/07\/DSC_4187-scaled-1-768x512.jpg 768w, https:\/\/www.bhakademiker.org\/wp-content\/uploads\/2024\/07\/DSC_4187-scaled-1-1536x1024.jpg 1536w, https:\/\/www.bhakademiker.org\/wp-content\/uploads\/2024\/07\/DSC_4187-scaled-1-2048x1366.jpg 2048w, https:\/\/www.bhakademiker.org\/wp-content\/uploads\/2024\/07\/DSC_4187-scaled-1-18x12.jpg 18w, https:\/\/www.bhakademiker.org\/wp-content\/uploads\/2024\/07\/DSC_4187-scaled-1-500x335.jpg 500w, https:\/\/www.bhakademiker.org\/wp-content\/uploads\/2024\/07\/DSC_4187-scaled-1-150x100.jpg 150w\" sizes=\"(max-width: 300px) 100vw, 300px\" \/><\/a>\n\t\t\t<\/dt><\/dl><dl class='gallery-item'>\n\t\t\t<dt class='gallery-icon landscape'>\n\t\t\t\t<a href='https:\/\/www.bhakademiker.org\/de\/2024\/10\/08\/835-jahrestag-bosniens\/privat-2024-14\/'><img loading=\"lazy\" decoding=\"async\" width=\"300\" height=\"200\" src=\"https:\/\/www.bhakademiker.org\/wp-content\/uploads\/2024\/07\/DSC_4189-scaled-1-300x200.jpg\" class=\"attachment-medium size-medium\" alt=\"\" srcset=\"https:\/\/www.bhakademiker.org\/wp-content\/uploads\/2024\/07\/DSC_4189-scaled-1-300x200.jpg 300w, https:\/\/www.bhakademiker.org\/wp-content\/uploads\/2024\/07\/DSC_4189-scaled-1-1024x683.jpg 1024w, https:\/\/www.bhakademiker.org\/wp-content\/uploads\/2024\/07\/DSC_4189-scaled-1-768x512.jpg 768w, https:\/\/www.bhakademiker.org\/wp-content\/uploads\/2024\/07\/DSC_4189-scaled-1-1536x1024.jpg 1536w, https:\/\/www.bhakademiker.org\/wp-content\/uploads\/2024\/07\/DSC_4189-scaled-1-2048x1366.jpg 2048w, https:\/\/www.bhakademiker.org\/wp-content\/uploads\/2024\/07\/DSC_4189-scaled-1-18x12.jpg 18w, https:\/\/www.bhakademiker.org\/wp-content\/uploads\/2024\/07\/DSC_4189-scaled-1-500x335.jpg 500w, https:\/\/www.bhakademiker.org\/wp-content\/uploads\/2024\/07\/DSC_4189-scaled-1-150x100.jpg 150w\" sizes=\"(max-width: 300px) 100vw, 300px\" \/><\/a>\n\t\t\t<\/dt><\/dl><br style=\"clear: both\" \/>\n\t\t<\/div>\n\n<p style=\"text-align: left;\">Nach Johannes Zeiler trat <strong>Mira Perusich<\/strong> auf, eine talentierte S\u00e4ngerin und Songwriterin aus Wien mit burgenlandkroatischen Wurzeln. Sie kombiniert in ihrer Musik verschiedene Genres wie Indie-Pop, Jazz und alternative Rockmusik und bringt gleichzeitig Folklore-Elemente aus der s\u00fcdosteurop\u00e4ischen und Balkanregion ein.<\/p>\n<p><img loading=\"lazy\" decoding=\"async\" class=\"wp-image-3509 size-medium aligncenter\" src=\"https:\/\/www.bhakademiker.org\/wp-content\/uploads\/2024\/07\/DSC_4191-scaled-1-300x200.jpg\" alt=\"\" width=\"300\" height=\"200\" srcset=\"https:\/\/www.bhakademiker.org\/wp-content\/uploads\/2024\/07\/DSC_4191-scaled-1-300x200.jpg 300w, https:\/\/www.bhakademiker.org\/wp-content\/uploads\/2024\/07\/DSC_4191-scaled-1-1024x683.jpg 1024w, https:\/\/www.bhakademiker.org\/wp-content\/uploads\/2024\/07\/DSC_4191-scaled-1-768x512.jpg 768w, https:\/\/www.bhakademiker.org\/wp-content\/uploads\/2024\/07\/DSC_4191-scaled-1-1536x1024.jpg 1536w, https:\/\/www.bhakademiker.org\/wp-content\/uploads\/2024\/07\/DSC_4191-scaled-1-2048x1366.jpg 2048w, https:\/\/www.bhakademiker.org\/wp-content\/uploads\/2024\/07\/DSC_4191-scaled-1-18x12.jpg 18w, https:\/\/www.bhakademiker.org\/wp-content\/uploads\/2024\/07\/DSC_4191-scaled-1-500x335.jpg 500w, https:\/\/www.bhakademiker.org\/wp-content\/uploads\/2024\/07\/DSC_4191-scaled-1-150x100.jpg 150w\" sizes=\"(max-width: 300px) 100vw, 300px\" \/><\/p>\n<div class=\"group\/conversation-turn relative flex w-full min-w-0 flex-col agent-turn\">\n<div class=\"flex-col gap-1 md:gap-3\">\n<div class=\"flex max-w-full flex-col flex-grow\">\n<div class=\"min-h-8 text-message flex w-full flex-col items-end gap-2 whitespace-normal break-words [.text-message+&amp;]:mt-5\" dir=\"auto\" data-message-author-role=\"assistant\" data-message-id=\"c4ef67a1-e969-4654-8502-2826229305e7\" data-message-model-slug=\"gpt-4o-mini\">\n<div class=\"flex w-full flex-col gap-1 empty:hidden first:pt-[3px]\">\n<div class=\"markdown prose w-full break-words dark:prose-invert light\">\n<p>Anschlie\u00dfend wurden die <strong>BADA Awards<\/strong> f\u00fcr die Studierenden des Jahres 2024 vergeben. Diese Auszeichnung w\u00fcrdigt herausragende Leistungen von Studierenden in verschiedenen Bereichen und f\u00f6rdert somit das Engagement. Bei der Verleihung der BADA Awards wurden die Studierenden in verschiedenen Kategorien ausgezeichnet, um ihre au\u00dfergew\u00f6hnlichen Leistungen in unterschiedlichen Bereichen zu w\u00fcrdigen. Die BADA Awards f\u00fcr die Studierenden wurden von dem stellvertretenden Vorsitzenden der BADA, Marko Draga\u0161, \u00fcberreicht.<\/p>\n\n\t\t<style type=\"text\/css\">\n\t\t\t#gallery-2 {\n\t\t\t\tmargin: auto;\n\t\t\t}\n\t\t\t#gallery-2 .gallery-item {\n\t\t\t\tfloat: left;\n\t\t\t\tmargin-top: 10px;\n\t\t\t\ttext-align: center;\n\t\t\t\twidth: 33%;\n\t\t\t}\n\t\t\t#gallery-2 img {\n\t\t\t\tborder: 2px solid #cfcfcf;\n\t\t\t}\n\t\t\t#gallery-2 .gallery-caption {\n\t\t\t\tmargin-left: 0;\n\t\t\t}\n\t\t\t\/* see gallery_shortcode() in wp-includes\/media.php *\/\n\t\t<\/style>\n\t\t<div id='gallery-2' class='gallery galleryid-3409 gallery-columns-3 gallery-size-medium'><dl class='gallery-item'>\n\t\t\t<dt class='gallery-icon landscape'>\n\t\t\t\t<a href='https:\/\/www.bhakademiker.org\/de\/2024\/10\/08\/835-jahrestag-bosniens\/privat-2024-11\/'><img loading=\"lazy\" decoding=\"async\" width=\"300\" height=\"200\" src=\"https:\/\/www.bhakademiker.org\/wp-content\/uploads\/2024\/07\/David-Josipovic-300x200.jpg\" class=\"attachment-medium size-medium\" alt=\"\" aria-describedby=\"gallery-2-3523\" srcset=\"https:\/\/www.bhakademiker.org\/wp-content\/uploads\/2024\/07\/David-Josipovic-300x200.jpg 300w, https:\/\/www.bhakademiker.org\/wp-content\/uploads\/2024\/07\/David-Josipovic-1024x683.jpg 1024w, https:\/\/www.bhakademiker.org\/wp-content\/uploads\/2024\/07\/David-Josipovic-768x512.jpg 768w, https:\/\/www.bhakademiker.org\/wp-content\/uploads\/2024\/07\/David-Josipovic-1536x1024.jpg 1536w, https:\/\/www.bhakademiker.org\/wp-content\/uploads\/2024\/07\/David-Josipovic-2048x1366.jpg 2048w, https:\/\/www.bhakademiker.org\/wp-content\/uploads\/2024\/07\/David-Josipovic-18x12.jpg 18w, https:\/\/www.bhakademiker.org\/wp-content\/uploads\/2024\/07\/David-Josipovic-500x335.jpg 500w, https:\/\/www.bhakademiker.org\/wp-content\/uploads\/2024\/07\/David-Josipovic-150x100.jpg 150w\" sizes=\"(max-width: 300px) 100vw, 300px\" \/><\/a>\n\t\t\t<\/dt>\n\t\t\t\t<dd class='wp-caption-text gallery-caption' id='gallery-2-3523'>\n\t\t\t\tDavid Josipovi\u0107\n\t\t\t\t<\/dd><\/dl><dl class='gallery-item'>\n\t\t\t<dt class='gallery-icon landscape'>\n\t\t\t\t<a href='https:\/\/www.bhakademiker.org\/de\/2024\/10\/08\/835-jahrestag-bosniens\/privat-2024-8\/'><img loading=\"lazy\" decoding=\"async\" width=\"300\" height=\"200\" src=\"https:\/\/www.bhakademiker.org\/wp-content\/uploads\/2024\/07\/Naida-Nozic-300x200.jpg\" class=\"attachment-medium size-medium\" alt=\"\" aria-describedby=\"gallery-2-3520\" srcset=\"https:\/\/www.bhakademiker.org\/wp-content\/uploads\/2024\/07\/Naida-Nozic-300x200.jpg 300w, https:\/\/www.bhakademiker.org\/wp-content\/uploads\/2024\/07\/Naida-Nozic-1024x683.jpg 1024w, https:\/\/www.bhakademiker.org\/wp-content\/uploads\/2024\/07\/Naida-Nozic-768x512.jpg 768w, https:\/\/www.bhakademiker.org\/wp-content\/uploads\/2024\/07\/Naida-Nozic-1536x1024.jpg 1536w, https:\/\/www.bhakademiker.org\/wp-content\/uploads\/2024\/07\/Naida-Nozic-2048x1366.jpg 2048w, https:\/\/www.bhakademiker.org\/wp-content\/uploads\/2024\/07\/Naida-Nozic-18x12.jpg 18w, https:\/\/www.bhakademiker.org\/wp-content\/uploads\/2024\/07\/Naida-Nozic-500x335.jpg 500w, https:\/\/www.bhakademiker.org\/wp-content\/uploads\/2024\/07\/Naida-Nozic-150x100.jpg 150w\" sizes=\"(max-width: 300px) 100vw, 300px\" \/><\/a>\n\t\t\t<\/dt>\n\t\t\t\t<dd class='wp-caption-text gallery-caption' id='gallery-2-3520'>\n\t\t\t\tNaida No\u017ei\u0107\n\t\t\t\t<\/dd><\/dl><dl class='gallery-item'>\n\t\t\t<dt class='gallery-icon landscape'>\n\t\t\t\t<a href='https:\/\/www.bhakademiker.org\/de\/2024\/10\/08\/835-jahrestag-bosniens\/privat-2024-7\/'><img loading=\"lazy\" decoding=\"async\" width=\"300\" height=\"200\" src=\"https:\/\/www.bhakademiker.org\/wp-content\/uploads\/2024\/07\/Fejsal-Perva-300x200.jpg\" class=\"attachment-medium size-medium\" alt=\"\" aria-describedby=\"gallery-2-3519\" srcset=\"https:\/\/www.bhakademiker.org\/wp-content\/uploads\/2024\/07\/Fejsal-Perva-300x200.jpg 300w, https:\/\/www.bhakademiker.org\/wp-content\/uploads\/2024\/07\/Fejsal-Perva-1024x683.jpg 1024w, https:\/\/www.bhakademiker.org\/wp-content\/uploads\/2024\/07\/Fejsal-Perva-768x512.jpg 768w, https:\/\/www.bhakademiker.org\/wp-content\/uploads\/2024\/07\/Fejsal-Perva-1536x1024.jpg 1536w, https:\/\/www.bhakademiker.org\/wp-content\/uploads\/2024\/07\/Fejsal-Perva-2048x1366.jpg 2048w, https:\/\/www.bhakademiker.org\/wp-content\/uploads\/2024\/07\/Fejsal-Perva-18x12.jpg 18w, https:\/\/www.bhakademiker.org\/wp-content\/uploads\/2024\/07\/Fejsal-Perva-500x335.jpg 500w, https:\/\/www.bhakademiker.org\/wp-content\/uploads\/2024\/07\/Fejsal-Perva-150x100.jpg 150w\" sizes=\"(max-width: 300px) 100vw, 300px\" \/><\/a>\n\t\t\t<\/dt>\n\t\t\t\t<dd class='wp-caption-text gallery-caption' id='gallery-2-3519'>\n\t\t\t\tFejsal Perva\n\t\t\t\t<\/dd><\/dl><br style=\"clear: both\" \/><dl class='gallery-item'>\n\t\t\t<dt class='gallery-icon landscape'>\n\t\t\t\t<a href='https:\/\/www.bhakademiker.org\/de\/2024\/10\/08\/835-jahrestag-bosniens\/privat-2024-9\/'><img loading=\"lazy\" decoding=\"async\" width=\"300\" height=\"200\" src=\"https:\/\/www.bhakademiker.org\/wp-content\/uploads\/2024\/07\/Sasa-Glamocak-300x200.jpg\" class=\"attachment-medium size-medium\" alt=\"\" aria-describedby=\"gallery-2-3521\" srcset=\"https:\/\/www.bhakademiker.org\/wp-content\/uploads\/2024\/07\/Sasa-Glamocak-300x200.jpg 300w, https:\/\/www.bhakademiker.org\/wp-content\/uploads\/2024\/07\/Sasa-Glamocak-1024x683.jpg 1024w, https:\/\/www.bhakademiker.org\/wp-content\/uploads\/2024\/07\/Sasa-Glamocak-768x512.jpg 768w, https:\/\/www.bhakademiker.org\/wp-content\/uploads\/2024\/07\/Sasa-Glamocak-1536x1024.jpg 1536w, https:\/\/www.bhakademiker.org\/wp-content\/uploads\/2024\/07\/Sasa-Glamocak-2048x1366.jpg 2048w, https:\/\/www.bhakademiker.org\/wp-content\/uploads\/2024\/07\/Sasa-Glamocak-18x12.jpg 18w, https:\/\/www.bhakademiker.org\/wp-content\/uploads\/2024\/07\/Sasa-Glamocak-500x335.jpg 500w, https:\/\/www.bhakademiker.org\/wp-content\/uploads\/2024\/07\/Sasa-Glamocak-150x100.jpg 150w\" sizes=\"(max-width: 300px) 100vw, 300px\" \/><\/a>\n\t\t\t<\/dt>\n\t\t\t\t<dd class='wp-caption-text gallery-caption' id='gallery-2-3521'>\n\t\t\t\tSa\u0161a Glamo\u010dak\n\t\t\t\t<\/dd><\/dl><dl class='gallery-item'>\n\t\t\t<dt class='gallery-icon landscape'>\n\t\t\t\t<a href='https:\/\/www.bhakademiker.org\/de\/2024\/10\/08\/835-jahrestag-bosniens\/privat-2024-6\/'><img loading=\"lazy\" decoding=\"async\" width=\"300\" height=\"200\" src=\"https:\/\/www.bhakademiker.org\/wp-content\/uploads\/2024\/07\/Emina-Tuzlakovic-300x200.jpg\" class=\"attachment-medium size-medium\" alt=\"\" aria-describedby=\"gallery-2-3518\" srcset=\"https:\/\/www.bhakademiker.org\/wp-content\/uploads\/2024\/07\/Emina-Tuzlakovic-300x200.jpg 300w, https:\/\/www.bhakademiker.org\/wp-content\/uploads\/2024\/07\/Emina-Tuzlakovic-1024x683.jpg 1024w, https:\/\/www.bhakademiker.org\/wp-content\/uploads\/2024\/07\/Emina-Tuzlakovic-768x512.jpg 768w, https:\/\/www.bhakademiker.org\/wp-content\/uploads\/2024\/07\/Emina-Tuzlakovic-1536x1024.jpg 1536w, https:\/\/www.bhakademiker.org\/wp-content\/uploads\/2024\/07\/Emina-Tuzlakovic-2048x1366.jpg 2048w, https:\/\/www.bhakademiker.org\/wp-content\/uploads\/2024\/07\/Emina-Tuzlakovic-18x12.jpg 18w, https:\/\/www.bhakademiker.org\/wp-content\/uploads\/2024\/07\/Emina-Tuzlakovic-500x335.jpg 500w, https:\/\/www.bhakademiker.org\/wp-content\/uploads\/2024\/07\/Emina-Tuzlakovic-150x100.jpg 150w\" sizes=\"(max-width: 300px) 100vw, 300px\" \/><\/a>\n\t\t\t<\/dt>\n\t\t\t\t<dd class='wp-caption-text gallery-caption' id='gallery-2-3518'>\n\t\t\t\tEmina Tuzlakovi\u0107\n\t\t\t\t<\/dd><\/dl><dl class='gallery-item'>\n\t\t\t<dt class='gallery-icon landscape'>\n\t\t\t\t<a href='https:\/\/www.bhakademiker.org\/de\/2024\/10\/08\/835-jahrestag-bosniens\/privat-2024-10\/'><img loading=\"lazy\" decoding=\"async\" width=\"300\" height=\"200\" src=\"https:\/\/www.bhakademiker.org\/wp-content\/uploads\/2024\/07\/Selma-Hodzic-300x200.jpg\" class=\"attachment-medium size-medium\" alt=\"\" aria-describedby=\"gallery-2-3522\" srcset=\"https:\/\/www.bhakademiker.org\/wp-content\/uploads\/2024\/07\/Selma-Hodzic-300x200.jpg 300w, https:\/\/www.bhakademiker.org\/wp-content\/uploads\/2024\/07\/Selma-Hodzic-1024x683.jpg 1024w, https:\/\/www.bhakademiker.org\/wp-content\/uploads\/2024\/07\/Selma-Hodzic-768x512.jpg 768w, https:\/\/www.bhakademiker.org\/wp-content\/uploads\/2024\/07\/Selma-Hodzic-1536x1024.jpg 1536w, https:\/\/www.bhakademiker.org\/wp-content\/uploads\/2024\/07\/Selma-Hodzic-2048x1366.jpg 2048w, https:\/\/www.bhakademiker.org\/wp-content\/uploads\/2024\/07\/Selma-Hodzic-18x12.jpg 18w, https:\/\/www.bhakademiker.org\/wp-content\/uploads\/2024\/07\/Selma-Hodzic-500x335.jpg 500w, https:\/\/www.bhakademiker.org\/wp-content\/uploads\/2024\/07\/Selma-Hodzic-150x100.jpg 150w\" sizes=\"(max-width: 300px) 100vw, 300px\" \/><\/a>\n\t\t\t<\/dt>\n\t\t\t\t<dd class='wp-caption-text gallery-caption' id='gallery-2-3522'>\n\t\t\t\tSelma Hod\u017ei\u0107\n\t\t\t\t<\/dd><\/dl><br style=\"clear: both\" \/>\n\t\t<\/div>\n\n<\/div>\n<\/div>\n<\/div>\n<\/div>\n<\/div>\n<\/div>\n<p>Im Anschluss an die vorherigen Auszeichnungen wurde der Wissenschaftler des Jahres 2024 an <strong>Fikret Basic<\/strong> verliehen. Diese prestigetr\u00e4chtige Auszeichnung w\u00fcrdigt herausragende Leistungen in der Forschung und unterstreicht das Engagement f\u00fcr wissenschaftliche Exzellenz. Fikret Basic hat sich durch seine bemerkenswerten Beitr\u00e4ge und innovativen Ans\u00e4tze in seinem Fachbereich hervorgetan und ist ein herausragendes Beispiel f\u00fcr die Bedeutung von Wissenschaft in unserer Gesellschaft.<\/p>\n<p><img loading=\"lazy\" decoding=\"async\" class=\"size-medium wp-image-3529 aligncenter\" src=\"https:\/\/www.bhakademiker.org\/wp-content\/uploads\/2024\/07\/Fikret-basic-279x300.jpg\" alt=\"\" width=\"279\" height=\"300\" srcset=\"https:\/\/www.bhakademiker.org\/wp-content\/uploads\/2024\/07\/Fikret-basic-279x300.jpg 279w, https:\/\/www.bhakademiker.org\/wp-content\/uploads\/2024\/07\/Fikret-basic-951x1024.jpg 951w, https:\/\/www.bhakademiker.org\/wp-content\/uploads\/2024\/07\/Fikret-basic-768x827.jpg 768w, https:\/\/www.bhakademiker.org\/wp-content\/uploads\/2024\/07\/Fikret-basic-1426x1536.jpg 1426w, https:\/\/www.bhakademiker.org\/wp-content\/uploads\/2024\/07\/Fikret-basic-11x12.jpg 11w, https:\/\/www.bhakademiker.org\/wp-content\/uploads\/2024\/07\/Fikret-basic.jpg 1585w\" sizes=\"(max-width: 279px) 100vw, 279px\" \/><\/p>\n<p>&nbsp;<\/p>\n<p><strong>Melika Buza<\/strong> wurde zur K\u00fcnstlerin des Jahres 2024 gek\u00fcrt. Die talentierte Pianistin hat sich bereits durch zahlreiche internationale Auftritte und Auszeichnungen einen Namen gemacht. Sie begann ihre musikalische Laufbahn im Alter von vier Jahren und hat seither in verschiedenen L\u00e4ndern Konzerte gegeben, darunter in den USA, \u00d6sterreich und vielen anderen europ\u00e4ischen L\u00e4ndern.<\/p>\n\n\t\t<style type=\"text\/css\">\n\t\t\t#gallery-3 {\n\t\t\t\tmargin: auto;\n\t\t\t}\n\t\t\t#gallery-3 .gallery-item {\n\t\t\t\tfloat: left;\n\t\t\t\tmargin-top: 10px;\n\t\t\t\ttext-align: center;\n\t\t\t\twidth: 50%;\n\t\t\t}\n\t\t\t#gallery-3 img {\n\t\t\t\tborder: 2px solid #cfcfcf;\n\t\t\t}\n\t\t\t#gallery-3 .gallery-caption {\n\t\t\t\tmargin-left: 0;\n\t\t\t}\n\t\t\t\/* see gallery_shortcode() in wp-includes\/media.php *\/\n\t\t<\/style>\n\t\t<div id='gallery-3' class='gallery galleryid-3409 gallery-columns-2 gallery-size-medium'><dl class='gallery-item'>\n\t\t\t<dt class='gallery-icon landscape'>\n\t\t\t\t<a href='https:\/\/www.bhakademiker.org\/de\/2024\/10\/08\/835-jahrestag-bosniens\/privat-2024-13\/'><img loading=\"lazy\" decoding=\"async\" width=\"300\" height=\"200\" src=\"https:\/\/www.bhakademiker.org\/wp-content\/uploads\/2024\/07\/DSC_4264-scaled-2-300x200.jpg\" class=\"attachment-medium size-medium\" alt=\"\" srcset=\"https:\/\/www.bhakademiker.org\/wp-content\/uploads\/2024\/07\/DSC_4264-scaled-2-300x200.jpg 300w, https:\/\/www.bhakademiker.org\/wp-content\/uploads\/2024\/07\/DSC_4264-scaled-2-1024x683.jpg 1024w, https:\/\/www.bhakademiker.org\/wp-content\/uploads\/2024\/07\/DSC_4264-scaled-2-768x512.jpg 768w, https:\/\/www.bhakademiker.org\/wp-content\/uploads\/2024\/07\/DSC_4264-scaled-2-1536x1024.jpg 1536w, https:\/\/www.bhakademiker.org\/wp-content\/uploads\/2024\/07\/DSC_4264-scaled-2-2048x1366.jpg 2048w, https:\/\/www.bhakademiker.org\/wp-content\/uploads\/2024\/07\/DSC_4264-scaled-2-18x12.jpg 18w, https:\/\/www.bhakademiker.org\/wp-content\/uploads\/2024\/07\/DSC_4264-scaled-2-500x335.jpg 500w, https:\/\/www.bhakademiker.org\/wp-content\/uploads\/2024\/07\/DSC_4264-scaled-2-150x100.jpg 150w\" sizes=\"(max-width: 300px) 100vw, 300px\" \/><\/a>\n\t\t\t<\/dt><\/dl><dl class='gallery-item'>\n\t\t\t<dt class='gallery-icon landscape'>\n\t\t\t\t<a href='https:\/\/www.bhakademiker.org\/de\/2024\/10\/08\/835-jahrestag-bosniens\/privat-2024-12\/'><img loading=\"lazy\" decoding=\"async\" width=\"300\" height=\"200\" src=\"https:\/\/www.bhakademiker.org\/wp-content\/uploads\/2024\/07\/DSC_4252-scaled-1-300x200.jpg\" class=\"attachment-medium size-medium\" alt=\"\" srcset=\"https:\/\/www.bhakademiker.org\/wp-content\/uploads\/2024\/07\/DSC_4252-scaled-1-300x200.jpg 300w, https:\/\/www.bhakademiker.org\/wp-content\/uploads\/2024\/07\/DSC_4252-scaled-1-1024x683.jpg 1024w, https:\/\/www.bhakademiker.org\/wp-content\/uploads\/2024\/07\/DSC_4252-scaled-1-768x512.jpg 768w, https:\/\/www.bhakademiker.org\/wp-content\/uploads\/2024\/07\/DSC_4252-scaled-1-1536x1024.jpg 1536w, https:\/\/www.bhakademiker.org\/wp-content\/uploads\/2024\/07\/DSC_4252-scaled-1-2048x1366.jpg 2048w, https:\/\/www.bhakademiker.org\/wp-content\/uploads\/2024\/07\/DSC_4252-scaled-1-18x12.jpg 18w, https:\/\/www.bhakademiker.org\/wp-content\/uploads\/2024\/07\/DSC_4252-scaled-1-500x335.jpg 500w, https:\/\/www.bhakademiker.org\/wp-content\/uploads\/2024\/07\/DSC_4252-scaled-1-150x100.jpg 150w\" sizes=\"(max-width: 300px) 100vw, 300px\" \/><\/a>\n\t\t\t<\/dt><\/dl><br style=\"clear: both\" \/>\n\t\t<\/div>\n\n<div class=\"mceTemp\"><\/div>\n<p>Im Anschluss an die Auszeichnungen wurden <strong>Ehrenmitgliedschaften<\/strong> verliehen. Die Ehrenmitgliedschaften sind ein Zeichen der Anerkennung f\u00fcr diejenigen, die durch ihre Arbeit und ihr Engagement Br\u00fccken zwischen den Kulturen schlagen und die bosnische Gemeinschaft in \u00d6sterreich unterst\u00fctzen.<\/p>\n<p><strong>Dr. Wolfgang Petrisch<\/strong> wurde mit der Ehrenmitgliedschaft ausgezeichnet, um seine wertvollen Beitr\u00e4ge zur Gesellschaft Bosnischer Akademiker in \u00d6sterreich zu w\u00fcrdigen. bekannt f\u00fcr seine bedeutenden Beitr\u00e4ge zur internationalen Diplomatie, insbesondere in Bezug auf den Balkan.<\/p>\n\n\t\t<style type=\"text\/css\">\n\t\t\t#gallery-4 {\n\t\t\t\tmargin: auto;\n\t\t\t}\n\t\t\t#gallery-4 .gallery-item {\n\t\t\t\tfloat: left;\n\t\t\t\tmargin-top: 10px;\n\t\t\t\ttext-align: center;\n\t\t\t\twidth: 50%;\n\t\t\t}\n\t\t\t#gallery-4 img {\n\t\t\t\tborder: 2px solid #cfcfcf;\n\t\t\t}\n\t\t\t#gallery-4 .gallery-caption {\n\t\t\t\tmargin-left: 0;\n\t\t\t}\n\t\t\t\/* see gallery_shortcode() in wp-includes\/media.php *\/\n\t\t<\/style>\n\t\t<div id='gallery-4' class='gallery galleryid-3409 gallery-columns-2 gallery-size-medium'><dl class='gallery-item'>\n\t\t\t<dt class='gallery-icon landscape'>\n\t\t\t\t<a href='https:\/\/www.bhakademiker.org\/de\/2024\/10\/08\/835-jahrestag-bosniens\/privat-2024-16\/'><img loading=\"lazy\" decoding=\"async\" width=\"300\" height=\"200\" src=\"https:\/\/www.bhakademiker.org\/wp-content\/uploads\/2024\/07\/DSC_4274-scaled-1-300x200.jpg\" class=\"attachment-medium size-medium\" alt=\"\" srcset=\"https:\/\/www.bhakademiker.org\/wp-content\/uploads\/2024\/07\/DSC_4274-scaled-1-300x200.jpg 300w, https:\/\/www.bhakademiker.org\/wp-content\/uploads\/2024\/07\/DSC_4274-scaled-1-1024x683.jpg 1024w, https:\/\/www.bhakademiker.org\/wp-content\/uploads\/2024\/07\/DSC_4274-scaled-1-768x512.jpg 768w, https:\/\/www.bhakademiker.org\/wp-content\/uploads\/2024\/07\/DSC_4274-scaled-1-1536x1024.jpg 1536w, https:\/\/www.bhakademiker.org\/wp-content\/uploads\/2024\/07\/DSC_4274-scaled-1-2048x1366.jpg 2048w, https:\/\/www.bhakademiker.org\/wp-content\/uploads\/2024\/07\/DSC_4274-scaled-1-18x12.jpg 18w, https:\/\/www.bhakademiker.org\/wp-content\/uploads\/2024\/07\/DSC_4274-scaled-1-500x335.jpg 500w, https:\/\/www.bhakademiker.org\/wp-content\/uploads\/2024\/07\/DSC_4274-scaled-1-150x100.jpg 150w\" sizes=\"(max-width: 300px) 100vw, 300px\" \/><\/a>\n\t\t\t<\/dt><\/dl><dl class='gallery-item'>\n\t\t\t<dt class='gallery-icon landscape'>\n\t\t\t\t<a href='https:\/\/www.bhakademiker.org\/de\/2024\/10\/08\/835-jahrestag-bosniens\/privat-2024-15\/'><img loading=\"lazy\" decoding=\"async\" width=\"300\" height=\"200\" src=\"https:\/\/www.bhakademiker.org\/wp-content\/uploads\/2024\/07\/DSC_4270-scaled-1-300x200.jpg\" class=\"attachment-medium size-medium\" alt=\"\" srcset=\"https:\/\/www.bhakademiker.org\/wp-content\/uploads\/2024\/07\/DSC_4270-scaled-1-300x200.jpg 300w, https:\/\/www.bhakademiker.org\/wp-content\/uploads\/2024\/07\/DSC_4270-scaled-1-1024x683.jpg 1024w, https:\/\/www.bhakademiker.org\/wp-content\/uploads\/2024\/07\/DSC_4270-scaled-1-768x512.jpg 768w, https:\/\/www.bhakademiker.org\/wp-content\/uploads\/2024\/07\/DSC_4270-scaled-1-1536x1024.jpg 1536w, https:\/\/www.bhakademiker.org\/wp-content\/uploads\/2024\/07\/DSC_4270-scaled-1-2048x1366.jpg 2048w, https:\/\/www.bhakademiker.org\/wp-content\/uploads\/2024\/07\/DSC_4270-scaled-1-18x12.jpg 18w, https:\/\/www.bhakademiker.org\/wp-content\/uploads\/2024\/07\/DSC_4270-scaled-1-500x335.jpg 500w, https:\/\/www.bhakademiker.org\/wp-content\/uploads\/2024\/07\/DSC_4270-scaled-1-150x100.jpg 150w\" sizes=\"(max-width: 300px) 100vw, 300px\" \/><\/a>\n\t\t\t<\/dt><\/dl><br style=\"clear: both\" \/>\n\t\t<\/div>\n\n<p><strong>Dr. Stjepan Mesi\u0107<\/strong> erhielt ebenfalls eine Ehrenmitgliedschaft, die ihm f\u00fcr seine bedeutenden Beitr\u00e4ge zur F\u00f6rderung des Friedens und der Demokratie in der Region verliehen wurde. Dr. Stjepan Mesi\u0107 setzte sich stark f\u00fcr die Vers\u00f6hnung und die europ\u00e4ische Integration ein und ist bekannt f\u00fcr seinen Einsatz f\u00fcr die Menschenrechte und die Stabilit\u00e4t in S\u00fcdosteuropa. Leider konnte Stjepan Mesi\u0107 aus privaten Gr\u00fcnden nicht pers\u00f6nlich an der Veranstaltung teilnehmen. Dennoch lie\u00df er es sich nicht nehmen, eine herzliche Gru\u00dfbotschaft zu senden. In seiner Nachricht bedankte er sich f\u00fcr die Verleihung der Ehrenmitgliedschaft:<\/p>\n<blockquote>\n<p class=\"cvGsUA direction-ltr align-start para-style-body\"><span class=\"OYPEnA font-feature-liga-off font-feature-clig-off font-feature-calt-off text-decoration-none text-strikethrough-none\">Sehr geehrte Damen und Herren,<\/span><\/p>\n<p class=\"cvGsUA direction-ltr align-start para-style-body\"><span class=\"OYPEnA font-feature-liga-off font-feature-clig-off font-feature-calt-off text-decoration-none text-strikethrough-none\">gesch\u00e4tzte Organisatoren der Veranstaltung!<\/span><\/p>\n<p class=\"cvGsUA direction-ltr align-start para-style-body\"><span class=\"OYPEnA font-feature-liga-off font-feature-clig-off font-feature-calt-off text-decoration-none text-strikethrough-none\">Ich danke der Gesellschaft Bosnischer Akademiker f\u00fcr die Ehrenmitgliedschaft und w\u00fcnsche Ihnen viel Erfolg bei Ihrer weiteren Arbeit zur F\u00f6rderung positiver Projekte, die zur Vers\u00f6hnung der Nationen beitragen. <\/span><\/p>\n<p class=\"cvGsUA direction-ltr align-start para-style-body\"><span class=\"OYPEnA font-feature-liga-off font-feature-clig-off font-feature-calt-off text-decoration-none text-strikethrough-none\">Vor tausend Jahren, genauer gesagt am 29.08.1189, stellte der Herrscher Bosniens, Ban Kulin, eine Urkunde in bosnischer Sprache und in bosnischer Schrift, der Bosan\u010dica, aus. <\/span><span class=\"OYPEnA font-feature-liga-off font-feature-clig-off font-feature-calt-off text-decoration-none text-strikethrough-none\">Die Urkunde von Ban Kulin ist eines der \u00e4ltesten staatlichen Dokumente aller s\u00fcdslawischen V\u00f6lker. <\/span><span class=\"OYPEnA font-feature-liga-off font-feature-clig-off font-feature-calt-off text-decoration-none text-strikethrough-none\">Zum ersten Mal h\u00f6rte ich von diesem weltweit bekannten diplomatischen Dokument, das in der Landessprache verfasst wurde, w\u00e4hrend meines Studiums an der juristischen Fakult\u00e4t der Universit\u00e4t Zagreb.<\/span><\/p>\n<p class=\"cvGsUA direction-ltr align-start para-style-body\"><span class=\"OYPEnA font-feature-liga-off font-feature-clig-off font-feature-calt-off text-decoration-none text-strikethrough-none\">Diese Urkunde ist ein Beweis daf\u00fcr, dass Bosnien bereits im 12. Jahrhundert als souver\u00e4ner Staat mit staatlichen Institutionen und einem souver\u00e4nen Herrscher organisiert war. <\/span><span class=\"OYPEnA font-feature-liga-off font-feature-clig-off font-feature-calt-off text-decoration-none text-strikethrough-none\">Inhaltlich befasst sich die Urkunde mit dem freien Handel, bei dem der bosnische Herrscher der Stadt Dubrovnik und ihren B\u00fcrgern freien Handel auf dem Gebiet des Staates Bosnien garantierte. <\/span><span class=\"OYPEnA font-feature-liga-off font-feature-clig-off font-feature-calt-off text-decoration-none text-strikethrough-none\">Es w\u00e4re ratsam, dass auch die heutigen wirtschaftlichen Nationalisten und Protektionisten die Botschaften von Ban Kulin studieren.<\/span><\/p>\n<p class=\"cvGsUA direction-ltr align-start para-style-body\"><span class=\"OYPEnA font-feature-liga-off font-feature-clig-off font-feature-calt-off text-decoration-none text-strikethrough-none\">Ich gratuliere den Organisatoren zur Feier des 835. Jahrestages von Ban Kulin \/ des Tages der zwischenstaatlichen nachbarschaftlichen Beziehungen \/ des Geburtstags des mittelalterlichen Bosniens und entschuldige mich daf\u00fcr, dass ich nicht pers\u00f6nlich anwesend sein kann.<\/span><\/p>\n<p class=\"cvGsUA direction-ltr align-start para-style-body\"><span class=\"OYPEnA font-feature-liga-off font-feature-clig-off font-feature-calt-off text-decoration-none text-strikethrough-none\">Ich w\u00fcnsche der Konferenz viel Erfolg.<\/span><\/p>\n<p class=\"cvGsUA direction-ltr align-start para-style-body\"><span class=\"OYPEnA font-feature-liga-off font-feature-clig-off font-feature-calt-off text-decoration-none text-strikethrough-none\">Stjepan Mesi\u0107<\/span><\/p>\n<\/blockquote>\n<p>Abschlie\u00dfend betraten erneut <strong>Zanin Berbi\u0107<\/strong> und <strong>Adis Sirbubalo<\/strong> die B\u00fchne und rundeten den Abend mit einer weiteren musikalischen Einlage ab.<\/p>\n<p>Die charmante Moderatorin Amina Memic wurde mit kr\u00e4ftigem Applaus f\u00fcr die gelungene Moderation der gesamten Veranstaltung verabschiedet.<\/p>\n<p>Im Anschluss an die Veranstaltung gab es die Gelegenheit f\u00fcr ein spannendes Kn\u00fcpfen von Kontakten, unterst\u00fctzt durch ein erstklassiges Catering des <strong>XXXL-Restaurant<\/strong>, <strong>Galaxie-Restaurant<\/strong> und <strong>Edin Babi\u0107<\/strong>. Diese kulinarischen Spezialit\u00e4ten trugen zur festlichen Atmosph\u00e4re des Abends bei und sorgten daf\u00fcr, dass sich die G\u00e4ste in entspannter Umgebung austauschen und vernetzen konnten.<\/p>\n<p>Noch ein paar Eindr\u00fccke vom Treffen:<\/p>\n\n\t\t<style type=\"text\/css\">\n\t\t\t#gallery-5 {\n\t\t\t\tmargin: auto;\n\t\t\t}\n\t\t\t#gallery-5 .gallery-item {\n\t\t\t\tfloat: left;\n\t\t\t\tmargin-top: 10px;\n\t\t\t\ttext-align: center;\n\t\t\t\twidth: 33%;\n\t\t\t}\n\t\t\t#gallery-5 img {\n\t\t\t\tborder: 2px solid #cfcfcf;\n\t\t\t}\n\t\t\t#gallery-5 .gallery-caption {\n\t\t\t\tmargin-left: 0;\n\t\t\t}\n\t\t\t\/* see gallery_shortcode() in wp-includes\/media.php *\/\n\t\t<\/style>\n\t\t<div id='gallery-5' class='gallery galleryid-3409 gallery-columns-3 gallery-size-medium'><dl class='gallery-item'>\n\t\t\t<dt class='gallery-icon landscape'>\n\t\t\t\t<a href='https:\/\/www.bhakademiker.org\/de\/2024\/10\/08\/835-jahrestag-bosniens\/privat-2024-22\/'><img loading=\"lazy\" decoding=\"async\" width=\"300\" height=\"200\" src=\"https:\/\/www.bhakademiker.org\/wp-content\/uploads\/2024\/07\/svi-300x200.jpg\" class=\"attachment-medium size-medium\" alt=\"\" srcset=\"https:\/\/www.bhakademiker.org\/wp-content\/uploads\/2024\/07\/svi-300x200.jpg 300w, https:\/\/www.bhakademiker.org\/wp-content\/uploads\/2024\/07\/svi-1024x683.jpg 1024w, https:\/\/www.bhakademiker.org\/wp-content\/uploads\/2024\/07\/svi-768x512.jpg 768w, https:\/\/www.bhakademiker.org\/wp-content\/uploads\/2024\/07\/svi-1536x1024.jpg 1536w, https:\/\/www.bhakademiker.org\/wp-content\/uploads\/2024\/07\/svi-2048x1366.jpg 2048w, https:\/\/www.bhakademiker.org\/wp-content\/uploads\/2024\/07\/svi-18x12.jpg 18w, https:\/\/www.bhakademiker.org\/wp-content\/uploads\/2024\/07\/svi-500x335.jpg 500w, https:\/\/www.bhakademiker.org\/wp-content\/uploads\/2024\/07\/svi-150x100.jpg 150w\" sizes=\"(max-width: 300px) 100vw, 300px\" \/><\/a>\n\t\t\t<\/dt><\/dl><dl class='gallery-item'>\n\t\t\t<dt class='gallery-icon landscape'>\n\t\t\t\t<a href='https:\/\/www.bhakademiker.org\/de\/2024\/10\/08\/835-jahrestag-bosniens\/privat-2024-17\/'><img loading=\"lazy\" decoding=\"async\" width=\"300\" height=\"200\" src=\"https:\/\/www.bhakademiker.org\/wp-content\/uploads\/2024\/07\/DSC_4300-scaled-1-300x200.jpg\" class=\"attachment-medium size-medium\" alt=\"\" srcset=\"https:\/\/www.bhakademiker.org\/wp-content\/uploads\/2024\/07\/DSC_4300-scaled-1-300x200.jpg 300w, https:\/\/www.bhakademiker.org\/wp-content\/uploads\/2024\/07\/DSC_4300-scaled-1-1024x683.jpg 1024w, https:\/\/www.bhakademiker.org\/wp-content\/uploads\/2024\/07\/DSC_4300-scaled-1-768x512.jpg 768w, https:\/\/www.bhakademiker.org\/wp-content\/uploads\/2024\/07\/DSC_4300-scaled-1-1536x1024.jpg 1536w, https:\/\/www.bhakademiker.org\/wp-content\/uploads\/2024\/07\/DSC_4300-scaled-1-2048x1366.jpg 2048w, https:\/\/www.bhakademiker.org\/wp-content\/uploads\/2024\/07\/DSC_4300-scaled-1-18x12.jpg 18w, https:\/\/www.bhakademiker.org\/wp-content\/uploads\/2024\/07\/DSC_4300-scaled-1-500x335.jpg 500w, https:\/\/www.bhakademiker.org\/wp-content\/uploads\/2024\/07\/DSC_4300-scaled-1-150x100.jpg 150w\" sizes=\"(max-width: 300px) 100vw, 300px\" \/><\/a>\n\t\t\t<\/dt><\/dl><dl class='gallery-item'>\n\t\t\t<dt class='gallery-icon landscape'>\n\t\t\t\t<a href='https:\/\/www.bhakademiker.org\/de\/2024\/10\/08\/835-jahrestag-bosniens\/privat-2024-18\/'><img loading=\"lazy\" decoding=\"async\" width=\"300\" height=\"200\" src=\"https:\/\/www.bhakademiker.org\/wp-content\/uploads\/2024\/07\/DSC_4328-scaled-1-300x200.jpg\" class=\"attachment-medium size-medium\" alt=\"\" srcset=\"https:\/\/www.bhakademiker.org\/wp-content\/uploads\/2024\/07\/DSC_4328-scaled-1-300x200.jpg 300w, https:\/\/www.bhakademiker.org\/wp-content\/uploads\/2024\/07\/DSC_4328-scaled-1-1024x683.jpg 1024w, https:\/\/www.bhakademiker.org\/wp-content\/uploads\/2024\/07\/DSC_4328-scaled-1-768x512.jpg 768w, https:\/\/www.bhakademiker.org\/wp-content\/uploads\/2024\/07\/DSC_4328-scaled-1-1536x1024.jpg 1536w, https:\/\/www.bhakademiker.org\/wp-content\/uploads\/2024\/07\/DSC_4328-scaled-1-2048x1366.jpg 2048w, https:\/\/www.bhakademiker.org\/wp-content\/uploads\/2024\/07\/DSC_4328-scaled-1-18x12.jpg 18w, https:\/\/www.bhakademiker.org\/wp-content\/uploads\/2024\/07\/DSC_4328-scaled-1-500x335.jpg 500w, https:\/\/www.bhakademiker.org\/wp-content\/uploads\/2024\/07\/DSC_4328-scaled-1-150x100.jpg 150w\" sizes=\"(max-width: 300px) 100vw, 300px\" \/><\/a>\n\t\t\t<\/dt><\/dl><br style=\"clear: both\" \/><dl class='gallery-item'>\n\t\t\t<dt class='gallery-icon landscape'>\n\t\t\t\t<a href='https:\/\/www.bhakademiker.org\/de\/2024\/10\/08\/835-jahrestag-bosniens\/privat-2024-19\/'><img loading=\"lazy\" decoding=\"async\" width=\"300\" height=\"200\" src=\"https:\/\/www.bhakademiker.org\/wp-content\/uploads\/2024\/07\/DSC_4361-scaled-1-300x200.jpg\" class=\"attachment-medium size-medium\" alt=\"\" srcset=\"https:\/\/www.bhakademiker.org\/wp-content\/uploads\/2024\/07\/DSC_4361-scaled-1-300x200.jpg 300w, https:\/\/www.bhakademiker.org\/wp-content\/uploads\/2024\/07\/DSC_4361-scaled-1-1024x683.jpg 1024w, https:\/\/www.bhakademiker.org\/wp-content\/uploads\/2024\/07\/DSC_4361-scaled-1-768x512.jpg 768w, https:\/\/www.bhakademiker.org\/wp-content\/uploads\/2024\/07\/DSC_4361-scaled-1-1536x1024.jpg 1536w, https:\/\/www.bhakademiker.org\/wp-content\/uploads\/2024\/07\/DSC_4361-scaled-1-2048x1366.jpg 2048w, https:\/\/www.bhakademiker.org\/wp-content\/uploads\/2024\/07\/DSC_4361-scaled-1-18x12.jpg 18w, https:\/\/www.bhakademiker.org\/wp-content\/uploads\/2024\/07\/DSC_4361-scaled-1-500x335.jpg 500w, https:\/\/www.bhakademiker.org\/wp-content\/uploads\/2024\/07\/DSC_4361-scaled-1-150x100.jpg 150w\" sizes=\"(max-width: 300px) 100vw, 300px\" \/><\/a>\n\t\t\t<\/dt><\/dl><dl class='gallery-item'>\n\t\t\t<dt class='gallery-icon landscape'>\n\t\t\t\t<a href='https:\/\/www.bhakademiker.org\/de\/2024\/10\/08\/835-jahrestag-bosniens\/privat-2024-20\/'><img loading=\"lazy\" decoding=\"async\" width=\"300\" height=\"200\" src=\"https:\/\/www.bhakademiker.org\/wp-content\/uploads\/2024\/07\/DSC_4370-scaled-1-300x200.jpg\" class=\"attachment-medium size-medium\" alt=\"\" srcset=\"https:\/\/www.bhakademiker.org\/wp-content\/uploads\/2024\/07\/DSC_4370-scaled-1-300x200.jpg 300w, https:\/\/www.bhakademiker.org\/wp-content\/uploads\/2024\/07\/DSC_4370-scaled-1-1024x683.jpg 1024w, https:\/\/www.bhakademiker.org\/wp-content\/uploads\/2024\/07\/DSC_4370-scaled-1-768x512.jpg 768w, https:\/\/www.bhakademiker.org\/wp-content\/uploads\/2024\/07\/DSC_4370-scaled-1-1536x1024.jpg 1536w, https:\/\/www.bhakademiker.org\/wp-content\/uploads\/2024\/07\/DSC_4370-scaled-1-2048x1366.jpg 2048w, https:\/\/www.bhakademiker.org\/wp-content\/uploads\/2024\/07\/DSC_4370-scaled-1-18x12.jpg 18w, https:\/\/www.bhakademiker.org\/wp-content\/uploads\/2024\/07\/DSC_4370-scaled-1-500x335.jpg 500w, https:\/\/www.bhakademiker.org\/wp-content\/uploads\/2024\/07\/DSC_4370-scaled-1-150x100.jpg 150w\" sizes=\"(max-width: 300px) 100vw, 300px\" \/><\/a>\n\t\t\t<\/dt><\/dl><dl class='gallery-item'>\n\t\t\t<dt class='gallery-icon landscape'>\n\t\t\t\t<a href='https:\/\/www.bhakademiker.org\/de\/2024\/10\/08\/835-jahrestag-bosniens\/privat-2024-21\/'><img loading=\"lazy\" decoding=\"async\" width=\"300\" height=\"200\" src=\"https:\/\/www.bhakademiker.org\/wp-content\/uploads\/2024\/07\/Raja-300x200.jpg\" class=\"attachment-medium size-medium\" alt=\"\" srcset=\"https:\/\/www.bhakademiker.org\/wp-content\/uploads\/2024\/07\/Raja-300x200.jpg 300w, https:\/\/www.bhakademiker.org\/wp-content\/uploads\/2024\/07\/Raja-1024x683.jpg 1024w, https:\/\/www.bhakademiker.org\/wp-content\/uploads\/2024\/07\/Raja-768x512.jpg 768w, https:\/\/www.bhakademiker.org\/wp-content\/uploads\/2024\/07\/Raja-1536x1024.jpg 1536w, https:\/\/www.bhakademiker.org\/wp-content\/uploads\/2024\/07\/Raja-2048x1366.jpg 2048w, https:\/\/www.bhakademiker.org\/wp-content\/uploads\/2024\/07\/Raja-18x12.jpg 18w, https:\/\/www.bhakademiker.org\/wp-content\/uploads\/2024\/07\/Raja-500x335.jpg 500w, https:\/\/www.bhakademiker.org\/wp-content\/uploads\/2024\/07\/Raja-150x100.jpg 150w\" sizes=\"(max-width: 300px) 100vw, 300px\" \/><\/a>\n\t\t\t<\/dt><\/dl><br style=\"clear: both\" \/><dl class='gallery-item'>\n\t\t\t<dt class='gallery-icon landscape'>\n\t\t\t\t<a href='https:\/\/www.bhakademiker.org\/de\/2024\/10\/08\/835-jahrestag-bosniens\/privat-2024-23\/'><img loading=\"lazy\" decoding=\"async\" width=\"300\" height=\"200\" src=\"https:\/\/www.bhakademiker.org\/wp-content\/uploads\/2024\/07\/DSC_4365-scaled-1-300x200.jpg\" class=\"attachment-medium size-medium\" alt=\"\" srcset=\"https:\/\/www.bhakademiker.org\/wp-content\/uploads\/2024\/07\/DSC_4365-scaled-1-300x200.jpg 300w, https:\/\/www.bhakademiker.org\/wp-content\/uploads\/2024\/07\/DSC_4365-scaled-1-1024x683.jpg 1024w, https:\/\/www.bhakademiker.org\/wp-content\/uploads\/2024\/07\/DSC_4365-scaled-1-768x512.jpg 768w, https:\/\/www.bhakademiker.org\/wp-content\/uploads\/2024\/07\/DSC_4365-scaled-1-1536x1024.jpg 1536w, https:\/\/www.bhakademiker.org\/wp-content\/uploads\/2024\/07\/DSC_4365-scaled-1-2048x1366.jpg 2048w, https:\/\/www.bhakademiker.org\/wp-content\/uploads\/2024\/07\/DSC_4365-scaled-1-18x12.jpg 18w, https:\/\/www.bhakademiker.org\/wp-content\/uploads\/2024\/07\/DSC_4365-scaled-1-500x335.jpg 500w, https:\/\/www.bhakademiker.org\/wp-content\/uploads\/2024\/07\/DSC_4365-scaled-1-150x100.jpg 150w\" sizes=\"(max-width: 300px) 100vw, 300px\" \/><\/a>\n\t\t\t<\/dt><\/dl>\n\t\t\t<br style='clear: both' \/>\n\t\t<\/div>\n\n","protected":false},"excerpt":{"rendered":"<p>Veranstaltung in der Diplomatischen Akademie Wien, 04.10.2024<\/p>\n","protected":false},"author":1,"featured_media":3541,"comment_status":"open","ping_status":"open","sticky":false,"template":"","format":"standard","meta":{"footnotes":""},"categories":[72],"tags":[],"class_list":["post-3409","post","type-post","status-publish","format-standard","has-post-thumbnail","hentry","category-bada"],"yoast_head":"<!-- This site is optimized with the Yoast SEO plugin v20.3 - https:\/\/yoast.com\/wordpress\/plugins\/seo\/ -->\n<title>835. Jahrestag Bosniens - Gesellschaft Bosnischer Akademiker<\/title>\n<meta name=\"description\" content=\"04.10.2024\" \/>\n<meta name=\"robots\" content=\"index, follow, max-snippet:-1, max-image-preview:large, max-video-preview:-1\" \/>\n<link rel=\"canonical\" href=\"https:\/\/www.bhakademiker.org\/de\/2024\/10\/08\/835-jahrestag-bosniens\/\" \/>\n<meta property=\"og:locale\" content=\"de_DE\" \/>\n<meta property=\"og:type\" content=\"article\" \/>\n<meta property=\"og:title\" content=\"835. Jahrestag Bosniens | Ro\u0111endan Bosne\" \/>\n<meta property=\"og:description\" content=\"Veranstaltung in der Diplomatischen Akademie Wien, 04.10.2024\" \/>\n<meta property=\"og:url\" content=\"https:\/\/www.bhakademiker.org\/de\/2024\/10\/08\/835-jahrestag-bosniens\/\" \/>\n<meta property=\"og:site_name\" content=\"Gesellschaft Bosnischer Akademiker\" \/>\n<meta property=\"article:published_time\" content=\"2024-10-08T12:55:27+00:00\" \/>\n<meta property=\"article:modified_time\" content=\"2024-10-21T11:03:38+00:00\" \/>\n<meta property=\"og:image\" content=\"https:\/\/www.bhakademiker.org\/wp-content\/uploads\/2024\/07\/svi-1.jpg\" \/>\n\t<meta property=\"og:image:width\" content=\"2560\" \/>\n\t<meta property=\"og:image:height\" content=\"1707\" \/>\n\t<meta property=\"og:image:type\" content=\"image\/jpeg\" \/>\n<meta name=\"author\" content=\"BanKulin\" \/>\n<meta name=\"twitter:card\" content=\"summary_large_image\" \/>\n<meta name=\"twitter:title\" content=\"835. Jahrestag Bosniens | Ro\u0111endan Bosne\" \/>\n<meta name=\"twitter:description\" content=\"Veranstaltung in der Diplomatischen Akademie Wien, 04.10.2024\" \/>\n<meta name=\"twitter:image\" content=\"https:\/\/www.bhakademiker.org\/wp-content\/uploads\/2024\/07\/svi-1.jpg\" \/>\n<meta name=\"twitter:label1\" content=\"Verfasst von\" \/>\n\t<meta name=\"twitter:data1\" content=\"BanKulin\" \/>\n\t<meta name=\"twitter:label2\" content=\"Gesch\u00e4tzte Lesezeit\" \/>\n\t<meta name=\"twitter:data2\" content=\"6\u00a0Minuten\" \/>\n<script type=\"application\/ld+json\" class=\"yoast-schema-graph\">{\"@context\":\"https:\/\/schema.org\",\"@graph\":[{\"@type\":\"Article\",\"@id\":\"https:\/\/www.bhakademiker.org\/2024\/10\/08\/835-jahrestag-bosniens\/#article\",\"isPartOf\":{\"@id\":\"https:\/\/www.bhakademiker.org\/2024\/10\/08\/835-jahrestag-bosniens\/\"},\"author\":{\"name\":\"BanKulin\",\"@id\":\"https:\/\/www.bhakademiker.org\/bs\/#\/schema\/person\/eb2bb45ccd10b1a8756ef049efa44da5\"},\"headline\":\"835. Jahrestag Bosniens\",\"datePublished\":\"2024-10-08T12:55:27+00:00\",\"dateModified\":\"2024-10-21T11:03:38+00:00\",\"mainEntityOfPage\":{\"@id\":\"https:\/\/www.bhakademiker.org\/2024\/10\/08\/835-jahrestag-bosniens\/\"},\"wordCount\":1156,\"commentCount\":0,\"publisher\":{\"@id\":\"https:\/\/www.bhakademiker.org\/bs\/#organization\"},\"articleSection\":[\"BADA\"],\"inLanguage\":\"de\",\"potentialAction\":[{\"@type\":\"CommentAction\",\"name\":\"Comment\",\"target\":[\"https:\/\/www.bhakademiker.org\/2024\/10\/08\/835-jahrestag-bosniens\/#respond\"]}]},{\"@type\":\"WebPage\",\"@id\":\"https:\/\/www.bhakademiker.org\/2024\/10\/08\/835-jahrestag-bosniens\/\",\"url\":\"https:\/\/www.bhakademiker.org\/2024\/10\/08\/835-jahrestag-bosniens\/\",\"name\":\"835. Jahrestag Bosniens - Gesellschaft Bosnischer Akademiker\",\"isPartOf\":{\"@id\":\"https:\/\/www.bhakademiker.org\/bs\/#website\"},\"datePublished\":\"2024-10-08T12:55:27+00:00\",\"dateModified\":\"2024-10-21T11:03:38+00:00\",\"description\":\"04.10.2024\",\"breadcrumb\":{\"@id\":\"https:\/\/www.bhakademiker.org\/2024\/10\/08\/835-jahrestag-bosniens\/#breadcrumb\"},\"inLanguage\":\"de\",\"potentialAction\":[{\"@type\":\"ReadAction\",\"target\":[\"https:\/\/www.bhakademiker.org\/2024\/10\/08\/835-jahrestag-bosniens\/\"]}]},{\"@type\":\"BreadcrumbList\",\"@id\":\"https:\/\/www.bhakademiker.org\/2024\/10\/08\/835-jahrestag-bosniens\/#breadcrumb\",\"itemListElement\":[{\"@type\":\"ListItem\",\"position\":1,\"name\":\"Home\",\"item\":\"https:\/\/www.bhakademiker.org\/\"},{\"@type\":\"ListItem\",\"position\":2,\"name\":\"835. Jahrestag Bosniens\"}]},{\"@type\":\"WebSite\",\"@id\":\"https:\/\/www.bhakademiker.org\/bs\/#website\",\"url\":\"https:\/\/www.bhakademiker.org\/bs\/\",\"name\":\"Gesellschaft Bosnischer Akademiker\",\"description\":\"\",\"publisher\":{\"@id\":\"https:\/\/www.bhakademiker.org\/bs\/#organization\"},\"potentialAction\":[{\"@type\":\"SearchAction\",\"target\":{\"@type\":\"EntryPoint\",\"urlTemplate\":\"https:\/\/www.bhakademiker.org\/bs\/?s={search_term_string}\"},\"query-input\":\"required name=search_term_string\"}],\"inLanguage\":\"de\"},{\"@type\":\"Organization\",\"@id\":\"https:\/\/www.bhakademiker.org\/bs\/#organization\",\"name\":\"Gesellschaft Bosnischer Akademiker in \u00d6sterreich\",\"url\":\"https:\/\/www.bhakademiker.org\/bs\/\",\"logo\":{\"@type\":\"ImageObject\",\"inLanguage\":\"de\",\"@id\":\"https:\/\/www.bhakademiker.org\/bs\/#\/schema\/logo\/image\/\",\"url\":\"https:\/\/www.bhakademiker.org\/wp-content\/uploads\/2022\/01\/featured-GBAA.png\",\"contentUrl\":\"https:\/\/www.bhakademiker.org\/wp-content\/uploads\/2022\/01\/featured-GBAA.png\",\"width\":1200,\"height\":630,\"caption\":\"Gesellschaft Bosnischer Akademiker in \u00d6sterreich\"},\"image\":{\"@id\":\"https:\/\/www.bhakademiker.org\/bs\/#\/schema\/logo\/image\/\"}},{\"@type\":\"Person\",\"@id\":\"https:\/\/www.bhakademiker.org\/bs\/#\/schema\/person\/eb2bb45ccd10b1a8756ef049efa44da5\",\"name\":\"BanKulin\",\"image\":{\"@type\":\"ImageObject\",\"inLanguage\":\"de\",\"@id\":\"https:\/\/www.bhakademiker.org\/bs\/#\/schema\/person\/image\/\",\"url\":\"https:\/\/secure.gravatar.com\/avatar\/c6d58ce317ac29451bb963305865585b0ee61581cac268f7b497945aea17e32c?s=96&d=mm&r=g\",\"contentUrl\":\"https:\/\/secure.gravatar.com\/avatar\/c6d58ce317ac29451bb963305865585b0ee61581cac268f7b497945aea17e32c?s=96&d=mm&r=g\",\"caption\":\"BanKulin\"},\"sameAs\":[\"https:\/\/www.bhakademiker.org\"],\"url\":\"https:\/\/www.bhakademiker.org\/de\/author\/bankulin\/\"}]}<\/script>\n<!-- \/ Yoast SEO plugin. -->","yoast_head_json":{"title":"835. Jahrestag Bosniens - Gesellschaft Bosnischer Akademiker","description":"04.10.2024","robots":{"index":"index","follow":"follow","max-snippet":"max-snippet:-1","max-image-preview":"max-image-preview:large","max-video-preview":"max-video-preview:-1"},"canonical":"https:\/\/www.bhakademiker.org\/de\/2024\/10\/08\/835-jahrestag-bosniens\/","og_locale":"de_DE","og_type":"article","og_title":"835. Jahrestag Bosniens | Ro\u0111endan Bosne","og_description":"Veranstaltung in der Diplomatischen Akademie Wien, 04.10.2024","og_url":"https:\/\/www.bhakademiker.org\/de\/2024\/10\/08\/835-jahrestag-bosniens\/","og_site_name":"Gesellschaft Bosnischer Akademiker","article_published_time":"2024-10-08T12:55:27+00:00","article_modified_time":"2024-10-21T11:03:38+00:00","og_image":[{"width":2560,"height":1707,"url":"https:\/\/www.bhakademiker.org\/wp-content\/uploads\/2024\/07\/svi-1.jpg","type":"image\/jpeg"}],"author":"BanKulin","twitter_card":"summary_large_image","twitter_title":"835. Jahrestag Bosniens | Ro\u0111endan Bosne","twitter_description":"Veranstaltung in der Diplomatischen Akademie Wien, 04.10.2024","twitter_image":"https:\/\/www.bhakademiker.org\/wp-content\/uploads\/2024\/07\/svi-1.jpg","twitter_misc":{"Verfasst von":"BanKulin","Gesch\u00e4tzte Lesezeit":"6\u00a0Minuten"},"schema":{"@context":"https:\/\/schema.org","@graph":[{"@type":"Article","@id":"https:\/\/www.bhakademiker.org\/2024\/10\/08\/835-jahrestag-bosniens\/#article","isPartOf":{"@id":"https:\/\/www.bhakademiker.org\/2024\/10\/08\/835-jahrestag-bosniens\/"},"author":{"name":"BanKulin","@id":"https:\/\/www.bhakademiker.org\/bs\/#\/schema\/person\/eb2bb45ccd10b1a8756ef049efa44da5"},"headline":"835. Jahrestag Bosniens","datePublished":"2024-10-08T12:55:27+00:00","dateModified":"2024-10-21T11:03:38+00:00","mainEntityOfPage":{"@id":"https:\/\/www.bhakademiker.org\/2024\/10\/08\/835-jahrestag-bosniens\/"},"wordCount":1156,"commentCount":0,"publisher":{"@id":"https:\/\/www.bhakademiker.org\/bs\/#organization"},"articleSection":["BADA"],"inLanguage":"de","potentialAction":[{"@type":"CommentAction","name":"Comment","target":["https:\/\/www.bhakademiker.org\/2024\/10\/08\/835-jahrestag-bosniens\/#respond"]}]},{"@type":"WebPage","@id":"https:\/\/www.bhakademiker.org\/2024\/10\/08\/835-jahrestag-bosniens\/","url":"https:\/\/www.bhakademiker.org\/2024\/10\/08\/835-jahrestag-bosniens\/","name":"835. Jahrestag Bosniens - Gesellschaft Bosnischer Akademiker","isPartOf":{"@id":"https:\/\/www.bhakademiker.org\/bs\/#website"},"datePublished":"2024-10-08T12:55:27+00:00","dateModified":"2024-10-21T11:03:38+00:00","description":"04.10.2024","breadcrumb":{"@id":"https:\/\/www.bhakademiker.org\/2024\/10\/08\/835-jahrestag-bosniens\/#breadcrumb"},"inLanguage":"de","potentialAction":[{"@type":"ReadAction","target":["https:\/\/www.bhakademiker.org\/2024\/10\/08\/835-jahrestag-bosniens\/"]}]},{"@type":"BreadcrumbList","@id":"https:\/\/www.bhakademiker.org\/2024\/10\/08\/835-jahrestag-bosniens\/#breadcrumb","itemListElement":[{"@type":"ListItem","position":1,"name":"Home","item":"https:\/\/www.bhakademiker.org\/"},{"@type":"ListItem","position":2,"name":"835. Jahrestag Bosniens"}]},{"@type":"WebSite","@id":"https:\/\/www.bhakademiker.org\/bs\/#website","url":"https:\/\/www.bhakademiker.org\/bs\/","name":"Gesellschaft Bosnischer Akademiker","description":"","publisher":{"@id":"https:\/\/www.bhakademiker.org\/bs\/#organization"},"potentialAction":[{"@type":"SearchAction","target":{"@type":"EntryPoint","urlTemplate":"https:\/\/www.bhakademiker.org\/bs\/?s={search_term_string}"},"query-input":"required name=search_term_string"}],"inLanguage":"de"},{"@type":"Organization","@id":"https:\/\/www.bhakademiker.org\/bs\/#organization","name":"Gesellschaft Bosnischer Akademiker in \u00d6sterreich","url":"https:\/\/www.bhakademiker.org\/bs\/","logo":{"@type":"ImageObject","inLanguage":"de","@id":"https:\/\/www.bhakademiker.org\/bs\/#\/schema\/logo\/image\/","url":"https:\/\/www.bhakademiker.org\/wp-content\/uploads\/2022\/01\/featured-GBAA.png","contentUrl":"https:\/\/www.bhakademiker.org\/wp-content\/uploads\/2022\/01\/featured-GBAA.png","width":1200,"height":630,"caption":"Gesellschaft Bosnischer Akademiker in \u00d6sterreich"},"image":{"@id":"https:\/\/www.bhakademiker.org\/bs\/#\/schema\/logo\/image\/"}},{"@type":"Person","@id":"https:\/\/www.bhakademiker.org\/bs\/#\/schema\/person\/eb2bb45ccd10b1a8756ef049efa44da5","name":"BanKulin","image":{"@type":"ImageObject","inLanguage":"de","@id":"https:\/\/www.bhakademiker.org\/bs\/#\/schema\/person\/image\/","url":"https:\/\/secure.gravatar.com\/avatar\/c6d58ce317ac29451bb963305865585b0ee61581cac268f7b497945aea17e32c?s=96&d=mm&r=g","contentUrl":"https:\/\/secure.gravatar.com\/avatar\/c6d58ce317ac29451bb963305865585b0ee61581cac268f7b497945aea17e32c?s=96&d=mm&r=g","caption":"BanKulin"},"sameAs":["https:\/\/www.bhakademiker.org"],"url":"https:\/\/www.bhakademiker.org\/de\/author\/bankulin\/"}]}},"_links":{"self":[{"href":"https:\/\/www.bhakademiker.org\/de\/wp-json\/wp\/v2\/posts\/3409","targetHints":{"allow":["GET"]}}],"collection":[{"href":"https:\/\/www.bhakademiker.org\/de\/wp-json\/wp\/v2\/posts"}],"about":[{"href":"https:\/\/www.bhakademiker.org\/de\/wp-json\/wp\/v2\/types\/post"}],"author":[{"embeddable":true,"href":"https:\/\/www.bhakademiker.org\/de\/wp-json\/wp\/v2\/users\/1"}],"replies":[{"embeddable":true,"href":"https:\/\/www.bhakademiker.org\/de\/wp-json\/wp\/v2\/comments?post=3409"}],"version-history":[{"count":10,"href":"https:\/\/www.bhakademiker.org\/de\/wp-json\/wp\/v2\/posts\/3409\/revisions"}],"predecessor-version":[{"id":3598,"href":"https:\/\/www.bhakademiker.org\/de\/wp-json\/wp\/v2\/posts\/3409\/revisions\/3598"}],"wp:featuredmedia":[{"embeddable":true,"href":"https:\/\/www.bhakademiker.org\/de\/wp-json\/wp\/v2\/media\/3541"}],"wp:attachment":[{"href":"https:\/\/www.bhakademiker.org\/de\/wp-json\/wp\/v2\/media?parent=3409"}],"wp:term":[{"taxonomy":"category","embeddable":true,"href":"https:\/\/www.bhakademiker.org\/de\/wp-json\/wp\/v2\/categories?post=3409"},{"taxonomy":"post_tag","embeddable":true,"href":"https:\/\/www.bhakademiker.org\/de\/wp-json\/wp\/v2\/tags?post=3409"}],"curies":[{"name":"wp","href":"https:\/\/api.w.org\/{rel}","templated":true}]}}