{"id":3424,"date":"2024-08-14T09:06:28","date_gmt":"2024-08-14T07:06:28","guid":{"rendered":"https:\/\/www.bhakademiker.org\/?p=3424"},"modified":"2024-08-14T11:43:37","modified_gmt":"2024-08-14T09:43:37","slug":"gesellschaft-bosnischer-akademiker-in-oesterreich-verein-bosnian-doctors-for-disabled","status":"publish","type":"post","link":"https:\/\/www.bhakademiker.org\/de\/2024\/08\/14\/gesellschaft-bosnischer-akademiker-in-oesterreich-verein-bosnian-doctors-for-disabled\/","title":{"rendered":"GBAA\/BADA &#038; Verein Bosnian Doctors for Disabled"},"content":{"rendered":"<div class=\"flex-shrink-0 flex flex-col relative items-end\">\n<div>\n<div class=\"pt-0\">\n<div class=\"gizmo-bot-avatar flex h-8 w-8 items-center justify-center overflow-hidden rounded-full\">\n<h2 class=\"relative p-1 rounded-sm flex items-center justify-center bg-token-main-surface-primary text-token-text-primary h-8 w-8\"><strong>Gegenseitige Unterst\u00fctzung zwischen der Gesellschaft Bosnischer Akademiker in \u00d6sterreich und dem Verein Bosnian Doctors for Disabled (Bosnische \u00c4rzte f\u00fcr Menschen mit Behinderungen)<\/strong><\/h2>\n<\/div>\n<\/div>\n<\/div>\n<\/div>\n<div class=\"group\/conversation-turn relative flex w-full min-w-0 flex-col agent-turn\">\n<div class=\"flex-col gap-1 md:gap-3\">\n<div class=\"flex max-w-full flex-col flex-grow\">\n<div class=\"min-h-[20px] text-message flex w-full flex-col items-end gap-2 whitespace-pre-wrap break-words [.text-message+&amp;]:mt-5 overflow-x-auto\" dir=\"auto\" data-message-author-role=\"assistant\" data-message-id=\"dcf00082-e1bd-4f03-b3d6-c3fc0befc566\">\n<div class=\"flex w-full flex-col gap-1 empty:hidden first:pt-[3px]\">\n<div class=\"markdown prose w-full break-words dark:prose-invert light\">\n<p>Bosnian Doctors for Disabled (BH DFD) ist eine nichtstaatliche, gemeinn\u00fctzige Organisation, die im Jahr 2013 gegr\u00fcndet wurde. Sie ist die Schwesterorganisation des \u00f6sterreichischen Vereins Austrian Doctors for Disabled (A-DFD) und setzt sich f\u00fcr die F\u00f6rderung der Menschenrechte von Menschen mit Behinderungen in Bosnien und Herzegowina (BiH) ein. Der Gr\u00fcnder des \u00f6sterreichischen sowie des bosnisch-herzegowinischen Vereins war Prof. Dr. Martin Salzer, ein renommierter orthop\u00e4discher Chirurg und gro\u00dfer Humanist.<\/p>\n<p>Als \u201ecross-disability\u201c Organisation werden die meisten F\u00fchrungspositionen innerhalb der Organisation von Menschen mit Behinderungen ausge\u00fcbt. Der Verein BH DFD hat derzeit keine festen Mitglieder, aber 22 Nutzer, die verschiedene Dienstleistungen in Anspruch nehmen. Durch Projekte hatte der Verein mehrere hundert direkte und indirekte Nutzer.<\/p>\n<p>Die Mission des Vereins BH DFD ist die F\u00f6rderung der Menschenrechte von Menschen mit Behinderungen mit dem Ziel ihrer sozialen Inklusion durch die Entwicklung von Unterst\u00fctzungsleistungen in der lokalen Gemeinschaft sowie die effektive St\u00e4rkung von Menschen mit Behinderungen durch Bildung, Interessenvertretung und die Einrichtung von Diensten f\u00fcr ein unabh\u00e4ngiges Leben.<\/p>\n<p><strong>Schl\u00fcsselinitiativen<\/strong><\/p>\n<ol>\n<li><strong>Kontinuierliche Unterst\u00fctzung<\/strong>: Bereitstellung von pers\u00f6nlicher Assistenz f\u00fcr Menschen mit Behinderungen.<\/li>\n<li><strong>Assistive Technologie<\/strong>: Bereitstellung von technologischen Hilfsmitteln und Werkzeugen.<\/li>\n<li><strong>Bildung<\/strong>: Umschulung und Weiterbildung von Menschen mit Behinderungen.<\/li>\n<li><strong>Peer Support und Mentoring<\/strong>: Unterst\u00fctzungs- und Mentoring-Programme.<\/li>\n<\/ol>\n<p><strong>Projekte<\/strong><\/p>\n<ul>\n<li>Im Jahr 2013 startete BH DFD ein Projekt namens \u201ePers\u00f6nliche Assistenz f\u00fcr Menschen mit schweren Behinderungen in BiH\u201c, das darauf abzielt, die Unterst\u00fctzungsdienste f\u00fcr Menschen mit Behinderungen auszuweiten, ein neues Modell zur Bewertung von Behinderungen auf nationaler Ebene einzuf\u00fchren und das \u00f6ffentliche Bewusstsein f\u00fcr die Probleme von Menschen mit Behinderungen zu sch\u00e4rfen.<\/li>\n<\/ul>\n<p style=\"text-align: center;\"><strong>Wie k\u00f6nnen Sie den Verein Bosnian Doctors for Disabled unterst\u00fctzen?<\/strong><\/p>\n<p style=\"text-align: center;\"><strong>Spenden Sie heute<\/strong><\/p>\n<p style=\"text-align: center;\">Ihre gro\u00dfz\u00fcgigen Spenden helfen, wichtige Dienstleistungen und Unterst\u00fctzung f\u00fcr Menschen mit Behinderungen bereitzustellen. Spenden k\u00f6nnen get\u00e4tigt werden \u00fcber:<\/p>\n<p style=\"text-align: center;\"><strong>Bankkonto f\u00fcr Spenden:<\/strong><\/p>\n<p style=\"text-align: center;\">Bosanski doktori za osobe sa invaliditetom<br \/>\nRaiffeisen Bank DD<br \/>\nTransaktionskonto: 1610000107940059<br \/>\nSWIFT: RZBABA2S<br \/>\nIBAN: BA391610000107940059<\/p>\n<p style=\"text-align: center;\"><strong>Spenden Sie via Paypal<\/strong>:<br \/>\n<a href=\"https:\/\/www.paypal.com\/paypalme\/BDFDfundraising\" target=\"_new\" rel=\"noreferrer noopener\">https:\/\/www.paypal.com\/paypalme\/BDFDfundraising<\/a><\/p>\n<\/div>\n<\/div>\n<\/div>\n<\/div>\n<\/div>\n<\/div>\n","protected":false},"excerpt":{"rendered":"<p>Gegenseitige Unterst\u00fctzung  | Me\u0111usobna podr\u0161ka<\/p>\n","protected":false},"author":1,"featured_media":3430,"comment_status":"open","ping_status":"open","sticky":false,"template":"","format":"standard","meta":{"footnotes":""},"categories":[72],"tags":[],"class_list":["post-3424","post","type-post","status-publish","format-standard","has-post-thumbnail","hentry","category-bada"],"yoast_head":"<!-- This site is optimized with the Yoast SEO plugin v20.3 - https:\/\/yoast.com\/wordpress\/plugins\/seo\/ -->\n<title>GBAA\/BADA &amp; Verein Bosnian Doctors for Disabled - Gesellschaft Bosnischer Akademiker<\/title>\n<meta name=\"description\" content=\"04.10.2024\" \/>\n<meta name=\"robots\" content=\"index, follow, max-snippet:-1, max-image-preview:large, max-video-preview:-1\" \/>\n<link rel=\"canonical\" href=\"https:\/\/www.bhakademiker.org\/de\/2024\/08\/14\/gesellschaft-bosnischer-akademiker-in-oesterreich-verein-bosnian-doctors-for-disabled\/\" \/>\n<meta property=\"og:locale\" content=\"de_DE\" \/>\n<meta property=\"og:type\" content=\"article\" \/>\n<meta property=\"og:title\" content=\"Gesellschaft Bosnischer Akademiker in \u00d6sterreich &amp; Verein Bosnian Doctors for Disabled\" \/>\n<meta property=\"og:description\" content=\"Gegenseitige Unterst\u00fctzung | Me\u0111usobna podr\u0161ka\" \/>\n<meta property=\"og:url\" content=\"https:\/\/www.bhakademiker.org\/de\/2024\/08\/14\/gesellschaft-bosnischer-akademiker-in-oesterreich-verein-bosnian-doctors-for-disabled\/\" \/>\n<meta property=\"og:site_name\" content=\"Gesellschaft Bosnischer Akademiker\" \/>\n<meta property=\"article:published_time\" content=\"2024-08-14T07:06:28+00:00\" \/>\n<meta property=\"article:modified_time\" content=\"2024-08-14T09:43:37+00:00\" \/>\n<meta property=\"og:image\" content=\"https:\/\/www.bhakademiker.org\/wp-content\/uploads\/2024\/08\/Screenshot-2024-08-14-085822-2.png\" \/>\n\t<meta property=\"og:image:width\" content=\"1337\" \/>\n\t<meta property=\"og:image:height\" content=\"817\" \/>\n\t<meta property=\"og:image:type\" content=\"image\/png\" \/>\n<meta name=\"author\" content=\"BanKulin\" \/>\n<meta name=\"twitter:card\" content=\"summary_large_image\" \/>\n<meta name=\"twitter:title\" content=\"Gesellschaft Bosnischer Akademiker in \u00d6sterreich &amp; Verein Bosnian Doctors for Disabled\" \/>\n<meta name=\"twitter:description\" content=\"Gegenseitige Unterst\u00fctzung | Me\u0111usobna podr\u0161ka\" \/>\n<meta name=\"twitter:image\" content=\"https:\/\/www.bhakademiker.org\/wp-content\/uploads\/2024\/08\/Screenshot-2024-08-14-085822-3.png\" \/>\n<meta name=\"twitter:label1\" content=\"Verfasst von\" \/>\n\t<meta name=\"twitter:data1\" content=\"BanKulin\" \/>\n\t<meta name=\"twitter:label2\" content=\"Gesch\u00e4tzte Lesezeit\" \/>\n\t<meta name=\"twitter:data2\" content=\"2\u00a0Minuten\" \/>\n<script type=\"application\/ld+json\" class=\"yoast-schema-graph\">{\"@context\":\"https:\/\/schema.org\",\"@graph\":[{\"@type\":\"Article\",\"@id\":\"https:\/\/www.bhakademiker.org\/2024\/08\/14\/gesellschaft-bosnischer-akademiker-in-oesterreich-verein-bosnian-doctors-for-disabled\/#article\",\"isPartOf\":{\"@id\":\"https:\/\/www.bhakademiker.org\/2024\/08\/14\/gesellschaft-bosnischer-akademiker-in-oesterreich-verein-bosnian-doctors-for-disabled\/\"},\"author\":{\"name\":\"BanKulin\",\"@id\":\"https:\/\/www.bhakademiker.org\/bs\/#\/schema\/person\/eb2bb45ccd10b1a8756ef049efa44da5\"},\"headline\":\"GBAA\/BADA &#038; Verein Bosnian Doctors for Disabled\",\"datePublished\":\"2024-08-14T07:06:28+00:00\",\"dateModified\":\"2024-08-14T09:43:37+00:00\",\"mainEntityOfPage\":{\"@id\":\"https:\/\/www.bhakademiker.org\/2024\/08\/14\/gesellschaft-bosnischer-akademiker-in-oesterreich-verein-bosnian-doctors-for-disabled\/\"},\"wordCount\":370,\"commentCount\":0,\"publisher\":{\"@id\":\"https:\/\/www.bhakademiker.org\/bs\/#organization\"},\"articleSection\":[\"BADA\"],\"inLanguage\":\"de\",\"potentialAction\":[{\"@type\":\"CommentAction\",\"name\":\"Comment\",\"target\":[\"https:\/\/www.bhakademiker.org\/2024\/08\/14\/gesellschaft-bosnischer-akademiker-in-oesterreich-verein-bosnian-doctors-for-disabled\/#respond\"]}]},{\"@type\":\"WebPage\",\"@id\":\"https:\/\/www.bhakademiker.org\/2024\/08\/14\/gesellschaft-bosnischer-akademiker-in-oesterreich-verein-bosnian-doctors-for-disabled\/\",\"url\":\"https:\/\/www.bhakademiker.org\/2024\/08\/14\/gesellschaft-bosnischer-akademiker-in-oesterreich-verein-bosnian-doctors-for-disabled\/\",\"name\":\"GBAA\/BADA & Verein Bosnian Doctors for Disabled - Gesellschaft Bosnischer Akademiker\",\"isPartOf\":{\"@id\":\"https:\/\/www.bhakademiker.org\/bs\/#website\"},\"datePublished\":\"2024-08-14T07:06:28+00:00\",\"dateModified\":\"2024-08-14T09:43:37+00:00\",\"description\":\"04.10.2024\",\"breadcrumb\":{\"@id\":\"https:\/\/www.bhakademiker.org\/2024\/08\/14\/gesellschaft-bosnischer-akademiker-in-oesterreich-verein-bosnian-doctors-for-disabled\/#breadcrumb\"},\"inLanguage\":\"de\",\"potentialAction\":[{\"@type\":\"ReadAction\",\"target\":[\"https:\/\/www.bhakademiker.org\/2024\/08\/14\/gesellschaft-bosnischer-akademiker-in-oesterreich-verein-bosnian-doctors-for-disabled\/\"]}]},{\"@type\":\"BreadcrumbList\",\"@id\":\"https:\/\/www.bhakademiker.org\/2024\/08\/14\/gesellschaft-bosnischer-akademiker-in-oesterreich-verein-bosnian-doctors-for-disabled\/#breadcrumb\",\"itemListElement\":[{\"@type\":\"ListItem\",\"position\":1,\"name\":\"Home\",\"item\":\"https:\/\/www.bhakademiker.org\/\"},{\"@type\":\"ListItem\",\"position\":2,\"name\":\"GBAA\/BADA &#038; Verein Bosnian Doctors for Disabled\"}]},{\"@type\":\"WebSite\",\"@id\":\"https:\/\/www.bhakademiker.org\/bs\/#website\",\"url\":\"https:\/\/www.bhakademiker.org\/bs\/\",\"name\":\"Gesellschaft Bosnischer Akademiker\",\"description\":\"\",\"publisher\":{\"@id\":\"https:\/\/www.bhakademiker.org\/bs\/#organization\"},\"potentialAction\":[{\"@type\":\"SearchAction\",\"target\":{\"@type\":\"EntryPoint\",\"urlTemplate\":\"https:\/\/www.bhakademiker.org\/bs\/?s={search_term_string}\"},\"query-input\":\"required name=search_term_string\"}],\"inLanguage\":\"de\"},{\"@type\":\"Organization\",\"@id\":\"https:\/\/www.bhakademiker.org\/bs\/#organization\",\"name\":\"Gesellschaft Bosnischer Akademiker in \u00d6sterreich\",\"url\":\"https:\/\/www.bhakademiker.org\/bs\/\",\"logo\":{\"@type\":\"ImageObject\",\"inLanguage\":\"de\",\"@id\":\"https:\/\/www.bhakademiker.org\/bs\/#\/schema\/logo\/image\/\",\"url\":\"https:\/\/www.bhakademiker.org\/wp-content\/uploads\/2022\/01\/featured-GBAA.png\",\"contentUrl\":\"https:\/\/www.bhakademiker.org\/wp-content\/uploads\/2022\/01\/featured-GBAA.png\",\"width\":1200,\"height\":630,\"caption\":\"Gesellschaft Bosnischer Akademiker in \u00d6sterreich\"},\"image\":{\"@id\":\"https:\/\/www.bhakademiker.org\/bs\/#\/schema\/logo\/image\/\"}},{\"@type\":\"Person\",\"@id\":\"https:\/\/www.bhakademiker.org\/bs\/#\/schema\/person\/eb2bb45ccd10b1a8756ef049efa44da5\",\"name\":\"BanKulin\",\"image\":{\"@type\":\"ImageObject\",\"inLanguage\":\"de\",\"@id\":\"https:\/\/www.bhakademiker.org\/bs\/#\/schema\/person\/image\/\",\"url\":\"https:\/\/secure.gravatar.com\/avatar\/c6d58ce317ac29451bb963305865585b0ee61581cac268f7b497945aea17e32c?s=96&d=mm&r=g\",\"contentUrl\":\"https:\/\/secure.gravatar.com\/avatar\/c6d58ce317ac29451bb963305865585b0ee61581cac268f7b497945aea17e32c?s=96&d=mm&r=g\",\"caption\":\"BanKulin\"},\"sameAs\":[\"https:\/\/www.bhakademiker.org\"],\"url\":\"https:\/\/www.bhakademiker.org\/de\/author\/bankulin\/\"}]}<\/script>\n<!-- \/ Yoast SEO plugin. -->","yoast_head_json":{"title":"GBAA\/BADA & Verein Bosnian Doctors for Disabled - Gesellschaft Bosnischer Akademiker","description":"04.10.2024","robots":{"index":"index","follow":"follow","max-snippet":"max-snippet:-1","max-image-preview":"max-image-preview:large","max-video-preview":"max-video-preview:-1"},"canonical":"https:\/\/www.bhakademiker.org\/de\/2024\/08\/14\/gesellschaft-bosnischer-akademiker-in-oesterreich-verein-bosnian-doctors-for-disabled\/","og_locale":"de_DE","og_type":"article","og_title":"Gesellschaft Bosnischer Akademiker in \u00d6sterreich & Verein Bosnian Doctors for Disabled","og_description":"Gegenseitige Unterst\u00fctzung | Me\u0111usobna podr\u0161ka","og_url":"https:\/\/www.bhakademiker.org\/de\/2024\/08\/14\/gesellschaft-bosnischer-akademiker-in-oesterreich-verein-bosnian-doctors-for-disabled\/","og_site_name":"Gesellschaft Bosnischer Akademiker","article_published_time":"2024-08-14T07:06:28+00:00","article_modified_time":"2024-08-14T09:43:37+00:00","og_image":[{"width":1337,"height":817,"url":"https:\/\/www.bhakademiker.org\/wp-content\/uploads\/2024\/08\/Screenshot-2024-08-14-085822-2.png","type":"image\/png"}],"author":"BanKulin","twitter_card":"summary_large_image","twitter_title":"Gesellschaft Bosnischer Akademiker in \u00d6sterreich & Verein Bosnian Doctors for Disabled","twitter_description":"Gegenseitige Unterst\u00fctzung | Me\u0111usobna podr\u0161ka","twitter_image":"https:\/\/www.bhakademiker.org\/wp-content\/uploads\/2024\/08\/Screenshot-2024-08-14-085822-3.png","twitter_misc":{"Verfasst von":"BanKulin","Gesch\u00e4tzte Lesezeit":"2\u00a0Minuten"},"schema":{"@context":"https:\/\/schema.org","@graph":[{"@type":"Article","@id":"https:\/\/www.bhakademiker.org\/2024\/08\/14\/gesellschaft-bosnischer-akademiker-in-oesterreich-verein-bosnian-doctors-for-disabled\/#article","isPartOf":{"@id":"https:\/\/www.bhakademiker.org\/2024\/08\/14\/gesellschaft-bosnischer-akademiker-in-oesterreich-verein-bosnian-doctors-for-disabled\/"},"author":{"name":"BanKulin","@id":"https:\/\/www.bhakademiker.org\/bs\/#\/schema\/person\/eb2bb45ccd10b1a8756ef049efa44da5"},"headline":"GBAA\/BADA &#038; Verein Bosnian Doctors for Disabled","datePublished":"2024-08-14T07:06:28+00:00","dateModified":"2024-08-14T09:43:37+00:00","mainEntityOfPage":{"@id":"https:\/\/www.bhakademiker.org\/2024\/08\/14\/gesellschaft-bosnischer-akademiker-in-oesterreich-verein-bosnian-doctors-for-disabled\/"},"wordCount":370,"commentCount":0,"publisher":{"@id":"https:\/\/www.bhakademiker.org\/bs\/#organization"},"articleSection":["BADA"],"inLanguage":"de","potentialAction":[{"@type":"CommentAction","name":"Comment","target":["https:\/\/www.bhakademiker.org\/2024\/08\/14\/gesellschaft-bosnischer-akademiker-in-oesterreich-verein-bosnian-doctors-for-disabled\/#respond"]}]},{"@type":"WebPage","@id":"https:\/\/www.bhakademiker.org\/2024\/08\/14\/gesellschaft-bosnischer-akademiker-in-oesterreich-verein-bosnian-doctors-for-disabled\/","url":"https:\/\/www.bhakademiker.org\/2024\/08\/14\/gesellschaft-bosnischer-akademiker-in-oesterreich-verein-bosnian-doctors-for-disabled\/","name":"GBAA\/BADA & Verein Bosnian Doctors for Disabled - Gesellschaft Bosnischer Akademiker","isPartOf":{"@id":"https:\/\/www.bhakademiker.org\/bs\/#website"},"datePublished":"2024-08-14T07:06:28+00:00","dateModified":"2024-08-14T09:43:37+00:00","description":"04.10.2024","breadcrumb":{"@id":"https:\/\/www.bhakademiker.org\/2024\/08\/14\/gesellschaft-bosnischer-akademiker-in-oesterreich-verein-bosnian-doctors-for-disabled\/#breadcrumb"},"inLanguage":"de","potentialAction":[{"@type":"ReadAction","target":["https:\/\/www.bhakademiker.org\/2024\/08\/14\/gesellschaft-bosnischer-akademiker-in-oesterreich-verein-bosnian-doctors-for-disabled\/"]}]},{"@type":"BreadcrumbList","@id":"https:\/\/www.bhakademiker.org\/2024\/08\/14\/gesellschaft-bosnischer-akademiker-in-oesterreich-verein-bosnian-doctors-for-disabled\/#breadcrumb","itemListElement":[{"@type":"ListItem","position":1,"name":"Home","item":"https:\/\/www.bhakademiker.org\/"},{"@type":"ListItem","position":2,"name":"GBAA\/BADA &#038; Verein Bosnian Doctors for Disabled"}]},{"@type":"WebSite","@id":"https:\/\/www.bhakademiker.org\/bs\/#website","url":"https:\/\/www.bhakademiker.org\/bs\/","name":"Gesellschaft Bosnischer Akademiker","description":"","publisher":{"@id":"https:\/\/www.bhakademiker.org\/bs\/#organization"},"potentialAction":[{"@type":"SearchAction","target":{"@type":"EntryPoint","urlTemplate":"https:\/\/www.bhakademiker.org\/bs\/?s={search_term_string}"},"query-input":"required name=search_term_string"}],"inLanguage":"de"},{"@type":"Organization","@id":"https:\/\/www.bhakademiker.org\/bs\/#organization","name":"Gesellschaft Bosnischer Akademiker in \u00d6sterreich","url":"https:\/\/www.bhakademiker.org\/bs\/","logo":{"@type":"ImageObject","inLanguage":"de","@id":"https:\/\/www.bhakademiker.org\/bs\/#\/schema\/logo\/image\/","url":"https:\/\/www.bhakademiker.org\/wp-content\/uploads\/2022\/01\/featured-GBAA.png","contentUrl":"https:\/\/www.bhakademiker.org\/wp-content\/uploads\/2022\/01\/featured-GBAA.png","width":1200,"height":630,"caption":"Gesellschaft Bosnischer Akademiker in \u00d6sterreich"},"image":{"@id":"https:\/\/www.bhakademiker.org\/bs\/#\/schema\/logo\/image\/"}},{"@type":"Person","@id":"https:\/\/www.bhakademiker.org\/bs\/#\/schema\/person\/eb2bb45ccd10b1a8756ef049efa44da5","name":"BanKulin","image":{"@type":"ImageObject","inLanguage":"de","@id":"https:\/\/www.bhakademiker.org\/bs\/#\/schema\/person\/image\/","url":"https:\/\/secure.gravatar.com\/avatar\/c6d58ce317ac29451bb963305865585b0ee61581cac268f7b497945aea17e32c?s=96&d=mm&r=g","contentUrl":"https:\/\/secure.gravatar.com\/avatar\/c6d58ce317ac29451bb963305865585b0ee61581cac268f7b497945aea17e32c?s=96&d=mm&r=g","caption":"BanKulin"},"sameAs":["https:\/\/www.bhakademiker.org"],"url":"https:\/\/www.bhakademiker.org\/de\/author\/bankulin\/"}]}},"_links":{"self":[{"href":"https:\/\/www.bhakademiker.org\/de\/wp-json\/wp\/v2\/posts\/3424","targetHints":{"allow":["GET"]}}],"collection":[{"href":"https:\/\/www.bhakademiker.org\/de\/wp-json\/wp\/v2\/posts"}],"about":[{"href":"https:\/\/www.bhakademiker.org\/de\/wp-json\/wp\/v2\/types\/post"}],"author":[{"embeddable":true,"href":"https:\/\/www.bhakademiker.org\/de\/wp-json\/wp\/v2\/users\/1"}],"replies":[{"embeddable":true,"href":"https:\/\/www.bhakademiker.org\/de\/wp-json\/wp\/v2\/comments?post=3424"}],"version-history":[{"count":7,"href":"https:\/\/www.bhakademiker.org\/de\/wp-json\/wp\/v2\/posts\/3424\/revisions"}],"predecessor-version":[{"id":3435,"href":"https:\/\/www.bhakademiker.org\/de\/wp-json\/wp\/v2\/posts\/3424\/revisions\/3435"}],"wp:featuredmedia":[{"embeddable":true,"href":"https:\/\/www.bhakademiker.org\/de\/wp-json\/wp\/v2\/media\/3430"}],"wp:attachment":[{"href":"https:\/\/www.bhakademiker.org\/de\/wp-json\/wp\/v2\/media?parent=3424"}],"wp:term":[{"taxonomy":"category","embeddable":true,"href":"https:\/\/www.bhakademiker.org\/de\/wp-json\/wp\/v2\/categories?post=3424"},{"taxonomy":"post_tag","embeddable":true,"href":"https:\/\/www.bhakademiker.org\/de\/wp-json\/wp\/v2\/tags?post=3424"}],"curies":[{"name":"wp","href":"https:\/\/api.w.org\/{rel}","templated":true}]}}