{"id":3438,"date":"2024-09-03T14:54:57","date_gmt":"2024-09-03T12:54:57","guid":{"rendered":"https:\/\/www.bhakademiker.org\/?p=3438"},"modified":"2024-09-03T15:05:35","modified_gmt":"2024-09-03T13:05:35","slug":"gedenkfeier-malga-lora","status":"publish","type":"post","link":"https:\/\/www.bhakademiker.org\/de\/2024\/09\/03\/gedenkfeier-malga-lora\/","title":{"rendered":"Gedenkfeier Malga Lora"},"content":{"rendered":"<p>Am 1. September fand eine Gedenkfeier f\u00fcr die im Ersten Weltkrieg gefallenen Soldaten statt. Die Zeremonie wurde auf dem Berg Malga Lora, in der N\u00e4he des Ortes Foza in Norditalien, abgehalten. Auf Einladung des ehemaligen B\u00fcrgermeisters von Foza, Herrn Carlo Lunardi, nahm der Pr\u00e4sident der Gesellschaft Bosnischer Akademiker in \u00d6sterreich (GBAA), Siradj Duhan, an der Gedenkfeier f\u00fcr die gefallenen Soldaten teil und legte im Namen der \u00f6sterreichischen Bosnier Blumen nieder. Auf Anfrage des Oberst Dieter Alesch vom \u00d6sterreichischen Heer, vertrat der Pr\u00e4sident der BADA bei dieser Veranstaltung auch das \u2018\u00d6sterreichische Schwarze Kreuz\u2019, eine Organisation, die auch Meletta organisiert.<\/p>\n<p>Die Hauptrede hielt der italienische General Pino, und hier ist ein Auszug aus seiner Rede:<\/p>\n<hr \/>\n<blockquote><p>Am Morgen des 5. Juni erreichte die Brigade \u201eSassari\u201c die Front auf der Hochebene, wo die Alpini unter st\u00e4ndigem Bombardement standen und am Nachmittag den Angriff der 11. \u00f6sterreichisch-ungarischen Gebirgsbrigade erlitten, bestehend aus dem 27. Regiment aus der Steiermark und dem 2. bosnisch-herzegowinischen Regiment. Der Angriff auf den Monte Fior, der vom Bataillon Argentera verteidigt wurde, war \u00e4u\u00dferst heftig: Die \u00d6sterreicher st\u00fcrmten in Massen von den Melette Davanti herab und griffen die italienischen Stellungen an, die sofort vom 151. Regiment der Sassari, das zur Verst\u00e4rkung geschickt wurde, unterst\u00fctzt wurden, das die vorr\u00fcckenden feindlichen Truppen in die Flanke nahm.<\/p>\n<p>Es entbrannte ein wilder Nahkampf, Alpini und Infanteristen k\u00e4mpften verbissen um jeden Meter Boden gegen den Feind, und bald verlor der Kampf jegliche Einheitlichkeit. Gruppen von M\u00e4nnern trafen aufeinander, attackierten sich mit Dolchen, Gewehrkolben und blo\u00dfen H\u00e4nden. Die Schreie der Wut \u00fcbert\u00f6nten das St\u00f6hnen der Verwundeten. Unsere Truppen warfen die letzten Reserven in den Kampf, k\u00e4mpften jedoch weiter mit der Kraft der Verzweiflung, w\u00e4hrend die sonst z\u00e4hen Bosniaken angesichts der Ersch\u00f6pfung und der Grausamkeit dieses Kampfes kurz davor standen, aufzugeben.<\/p>\n<p>In diesem Moment warf sich Oberstleutnant Duic pers\u00f6nlich ins Get\u00fcmmel, belebte seine Soldaten wieder, entlockte ihnen die letzten Kr\u00e4fte und f\u00fchrte sie im Sturm auf den Gipfel des Monte Fior.<\/p>\n<p>W\u00e4hrend die Schlacht von 1916 ihre Epoche in den Erz\u00e4hlungen von Lussu, Graziani und anderen Diaristen der \u201eSassari\u201c fand, wird das Andenken an das Opfer der Alpini im Jahr 1917 in den dramatischen Seiten von \u201eLe Scarpe al sole\u201c von Paolo Monelli bewahrt. Das Gedenken an jene Tage heute, das Feiern des Wertes dieser Opfer, bedeutet sicherlich nicht, den Krieg zu verherrlichen, die Schmerzen, die Zerst\u00f6rungen und die Trauer zu vergessen, die er auch heute noch unerbittlich auch in unserer N\u00e4he in Europa s\u00e4t, sondern vielmehr zu betonen, dass der Frieden ein Wert ist, den es zu suchen, zu verfolgen und zu verteidigen gilt.<\/p><\/blockquote>\n<p>Nach der Zeremonie, die bei sch\u00f6nem Wetter stattfand, wurden auch Geschenke ausgetauscht. Carlo Lunardi \u00fcberreichte dem Pr\u00e4sidenten der GBAA einen Soldatenhut \u2013 den Alpini-Hut \u2013, und Siradj Duhan \u00fcberreichte dem ehemaligen B\u00fcrgermeister einen Fes. Der Fes weckte gro\u00dfes Interesse bei den Italienern, sodass auch der General der italienischen Armee, General Pino, den Wunsch \u00e4u\u00dferte, sich mit dem Symbol der bosnisch-herzegowinischen Armee aus dem Ersten Weltkrieg fotografieren zu lassen.<\/p>\n\n\t\t<style type=\"text\/css\">\n\t\t\t#gallery-1 {\n\t\t\t\tmargin: auto;\n\t\t\t}\n\t\t\t#gallery-1 .gallery-item {\n\t\t\t\tfloat: left;\n\t\t\t\tmargin-top: 10px;\n\t\t\t\ttext-align: center;\n\t\t\t\twidth: 33%;\n\t\t\t}\n\t\t\t#gallery-1 img {\n\t\t\t\tborder: 2px solid #cfcfcf;\n\t\t\t}\n\t\t\t#gallery-1 .gallery-caption {\n\t\t\t\tmargin-left: 0;\n\t\t\t}\n\t\t\t\/* see gallery_shortcode() in wp-includes\/media.php *\/\n\t\t<\/style>\n\t\t<div id='gallery-1' class='gallery galleryid-3438 gallery-columns-3 gallery-size-medium'><dl class='gallery-item'>\n\t\t\t<dt class='gallery-icon landscape'>\n\t\t\t\t<a href='https:\/\/www.bhakademiker.org\/de\/2024\/09\/03\/gedenkfeier-malga-lora\/ceremonija\/'><img fetchpriority=\"high\" decoding=\"async\" width=\"300\" height=\"225\" src=\"https:\/\/www.bhakademiker.org\/wp-content\/uploads\/2024\/09\/ceremonija-300x225.jpg\" class=\"attachment-medium size-medium\" alt=\"\" srcset=\"https:\/\/www.bhakademiker.org\/wp-content\/uploads\/2024\/09\/ceremonija-300x225.jpg 300w, https:\/\/www.bhakademiker.org\/wp-content\/uploads\/2024\/09\/ceremonija-1024x768.jpg 1024w, https:\/\/www.bhakademiker.org\/wp-content\/uploads\/2024\/09\/ceremonija-768x576.jpg 768w, https:\/\/www.bhakademiker.org\/wp-content\/uploads\/2024\/09\/ceremonija-16x12.jpg 16w, https:\/\/www.bhakademiker.org\/wp-content\/uploads\/2024\/09\/ceremonija.jpg 1280w\" sizes=\"(max-width: 300px) 100vw, 300px\" \/><\/a>\n\t\t\t<\/dt><\/dl><dl class='gallery-item'>\n\t\t\t<dt class='gallery-icon landscape'>\n\t\t\t\t<a href='https:\/\/www.bhakademiker.org\/de\/2024\/09\/03\/gedenkfeier-malga-lora\/f89b7978-a64a-45cb-bcde-08943d682198\/'><img decoding=\"async\" width=\"300\" height=\"225\" src=\"https:\/\/www.bhakademiker.org\/wp-content\/uploads\/2024\/09\/f89b7978-a64a-45cb-bcde-08943d682198-300x225.jpg\" class=\"attachment-medium size-medium\" alt=\"\" srcset=\"https:\/\/www.bhakademiker.org\/wp-content\/uploads\/2024\/09\/f89b7978-a64a-45cb-bcde-08943d682198-300x225.jpg 300w, https:\/\/www.bhakademiker.org\/wp-content\/uploads\/2024\/09\/f89b7978-a64a-45cb-bcde-08943d682198-1024x768.jpg 1024w, https:\/\/www.bhakademiker.org\/wp-content\/uploads\/2024\/09\/f89b7978-a64a-45cb-bcde-08943d682198-768x576.jpg 768w, https:\/\/www.bhakademiker.org\/wp-content\/uploads\/2024\/09\/f89b7978-a64a-45cb-bcde-08943d682198-1536x1152.jpg 1536w, https:\/\/www.bhakademiker.org\/wp-content\/uploads\/2024\/09\/f89b7978-a64a-45cb-bcde-08943d682198-16x12.jpg 16w, https:\/\/www.bhakademiker.org\/wp-content\/uploads\/2024\/09\/f89b7978-a64a-45cb-bcde-08943d682198.jpg 1600w\" sizes=\"(max-width: 300px) 100vw, 300px\" \/><\/a>\n\t\t\t<\/dt><\/dl><dl class='gallery-item'>\n\t\t\t<dt class='gallery-icon portrait'>\n\t\t\t\t<a href='https:\/\/www.bhakademiker.org\/de\/2024\/09\/03\/gedenkfeier-malga-lora\/lunardi-1\/'><img decoding=\"async\" width=\"225\" height=\"300\" src=\"https:\/\/www.bhakademiker.org\/wp-content\/uploads\/2024\/09\/Lunardi-1-225x300.jpg\" class=\"attachment-medium size-medium\" alt=\"\" srcset=\"https:\/\/www.bhakademiker.org\/wp-content\/uploads\/2024\/09\/Lunardi-1-225x300.jpg 225w, https:\/\/www.bhakademiker.org\/wp-content\/uploads\/2024\/09\/Lunardi-1-768x1024.jpg 768w, https:\/\/www.bhakademiker.org\/wp-content\/uploads\/2024\/09\/Lunardi-1-9x12.jpg 9w, https:\/\/www.bhakademiker.org\/wp-content\/uploads\/2024\/09\/Lunardi-1.jpg 960w\" sizes=\"(max-width: 225px) 100vw, 225px\" \/><\/a>\n\t\t\t<\/dt><\/dl><br style=\"clear: both\" \/><dl class='gallery-item'>\n\t\t\t<dt class='gallery-icon portrait'>\n\t\t\t\t<a href='https:\/\/www.bhakademiker.org\/de\/2024\/09\/03\/gedenkfeier-malga-lora\/general-pino\/'><img loading=\"lazy\" decoding=\"async\" width=\"225\" height=\"300\" src=\"https:\/\/www.bhakademiker.org\/wp-content\/uploads\/2024\/09\/General-Pino-225x300.jpg\" class=\"attachment-medium size-medium\" alt=\"\" srcset=\"https:\/\/www.bhakademiker.org\/wp-content\/uploads\/2024\/09\/General-Pino-225x300.jpg 225w, https:\/\/www.bhakademiker.org\/wp-content\/uploads\/2024\/09\/General-Pino-768x1024.jpg 768w, https:\/\/www.bhakademiker.org\/wp-content\/uploads\/2024\/09\/General-Pino-1152x1536.jpg 1152w, https:\/\/www.bhakademiker.org\/wp-content\/uploads\/2024\/09\/General-Pino-9x12.jpg 9w, https:\/\/www.bhakademiker.org\/wp-content\/uploads\/2024\/09\/General-Pino.jpg 1512w\" sizes=\"(max-width: 225px) 100vw, 225px\" \/><\/a>\n\t\t\t<\/dt><\/dl><dl class='gallery-item'>\n\t\t\t<dt class='gallery-icon portrait'>\n\t\t\t\t<a href='https:\/\/www.bhakademiker.org\/de\/2024\/09\/03\/gedenkfeier-malga-lora\/lunardi\/'><img loading=\"lazy\" decoding=\"async\" width=\"225\" height=\"300\" src=\"https:\/\/www.bhakademiker.org\/wp-content\/uploads\/2024\/09\/Lunardi-225x300.jpg\" class=\"attachment-medium size-medium\" alt=\"\" srcset=\"https:\/\/www.bhakademiker.org\/wp-content\/uploads\/2024\/09\/Lunardi-225x300.jpg 225w, https:\/\/www.bhakademiker.org\/wp-content\/uploads\/2024\/09\/Lunardi-768x1024.jpg 768w, https:\/\/www.bhakademiker.org\/wp-content\/uploads\/2024\/09\/Lunardi-1152x1536.jpg 1152w, https:\/\/www.bhakademiker.org\/wp-content\/uploads\/2024\/09\/Lunardi-9x12.jpg 9w, https:\/\/www.bhakademiker.org\/wp-content\/uploads\/2024\/09\/Lunardi.jpg 1512w\" sizes=\"(max-width: 225px) 100vw, 225px\" \/><\/a>\n\t\t\t<\/dt><\/dl><dl class='gallery-item'>\n\t\t\t<dt class='gallery-icon landscape'>\n\t\t\t\t<a href='https:\/\/www.bhakademiker.org\/de\/2024\/09\/03\/gedenkfeier-malga-lora\/plan\/'><img loading=\"lazy\" decoding=\"async\" width=\"300\" height=\"225\" src=\"https:\/\/www.bhakademiker.org\/wp-content\/uploads\/2024\/09\/plan-300x225.jpg\" class=\"attachment-medium size-medium\" alt=\"\" srcset=\"https:\/\/www.bhakademiker.org\/wp-content\/uploads\/2024\/09\/plan-300x225.jpg 300w, https:\/\/www.bhakademiker.org\/wp-content\/uploads\/2024\/09\/plan-1024x768.jpg 1024w, https:\/\/www.bhakademiker.org\/wp-content\/uploads\/2024\/09\/plan-768x576.jpg 768w, https:\/\/www.bhakademiker.org\/wp-content\/uploads\/2024\/09\/plan-1536x1152.jpg 1536w, https:\/\/www.bhakademiker.org\/wp-content\/uploads\/2024\/09\/plan-16x12.jpg 16w, https:\/\/www.bhakademiker.org\/wp-content\/uploads\/2024\/09\/plan.jpg 2016w\" sizes=\"(max-width: 300px) 100vw, 300px\" \/><\/a>\n\t\t\t<\/dt><\/dl><br style=\"clear: both\" \/><dl class='gallery-item'>\n\t\t\t<dt class='gallery-icon landscape'>\n\t\t\t\t<a href='https:\/\/www.bhakademiker.org\/de\/2024\/09\/03\/gedenkfeier-malga-lora\/buket\/'><img loading=\"lazy\" decoding=\"async\" width=\"300\" height=\"225\" src=\"https:\/\/www.bhakademiker.org\/wp-content\/uploads\/2024\/09\/Buket-300x225.jpg\" class=\"attachment-medium size-medium\" alt=\"\" srcset=\"https:\/\/www.bhakademiker.org\/wp-content\/uploads\/2024\/09\/Buket-300x225.jpg 300w, https:\/\/www.bhakademiker.org\/wp-content\/uploads\/2024\/09\/Buket-1024x768.jpg 1024w, https:\/\/www.bhakademiker.org\/wp-content\/uploads\/2024\/09\/Buket-768x576.jpg 768w, https:\/\/www.bhakademiker.org\/wp-content\/uploads\/2024\/09\/Buket-1536x1152.jpg 1536w, https:\/\/www.bhakademiker.org\/wp-content\/uploads\/2024\/09\/Buket-16x12.jpg 16w, https:\/\/www.bhakademiker.org\/wp-content\/uploads\/2024\/09\/Buket.jpg 2016w\" sizes=\"(max-width: 300px) 100vw, 300px\" \/><\/a>\n\t\t\t<\/dt><\/dl>\n\t\t\t<br style='clear: both' \/>\n\t\t<\/div>\n\n<p>&nbsp;<\/p>\n<p>&nbsp;<\/p>\n","protected":false},"excerpt":{"rendered":"<p>01.09.2024<\/p>\n","protected":false},"author":1,"featured_media":3441,"comment_status":"open","ping_status":"open","sticky":false,"template":"","format":"standard","meta":{"footnotes":""},"categories":[48],"tags":[],"class_list":["post-3438","post","type-post","status-publish","format-standard","has-post-thumbnail","hentry","category-meletta"],"yoast_head":"<!-- This site is optimized with the Yoast SEO plugin v20.3 - https:\/\/yoast.com\/wordpress\/plugins\/seo\/ -->\n<title>Gedenkfeier Malga Lora - Gesellschaft Bosnischer Akademiker<\/title>\n<meta name=\"description\" content=\"1.09.2024 (Malga Lora, I)\" \/>\n<meta name=\"robots\" content=\"index, follow, max-snippet:-1, max-image-preview:large, max-video-preview:-1\" \/>\n<link rel=\"canonical\" href=\"https:\/\/www.bhakademiker.org\/de\/2024\/09\/03\/gedenkfeier-malga-lora\/\" \/>\n<meta property=\"og:locale\" content=\"de_DE\" \/>\n<meta property=\"og:type\" content=\"article\" \/>\n<meta property=\"og:title\" content=\"Gedenkfeier | Komemoracija: Malga Lora\" \/>\n<meta property=\"og:description\" content=\"01.09.2024\" \/>\n<meta property=\"og:url\" content=\"https:\/\/www.bhakademiker.org\/de\/2024\/09\/03\/gedenkfeier-malga-lora\/\" \/>\n<meta property=\"og:site_name\" content=\"Gesellschaft Bosnischer Akademiker\" \/>\n<meta property=\"article:published_time\" content=\"2024-09-03T12:54:57+00:00\" \/>\n<meta property=\"article:modified_time\" content=\"2024-09-03T13:05:35+00:00\" \/>\n<meta property=\"og:image\" content=\"https:\/\/www.bhakademiker.org\/wp-content\/uploads\/2024\/09\/f89b7978-a64a-45cb-bcde-08943d682198.jpg\" \/>\n\t<meta property=\"og:image:width\" content=\"1600\" \/>\n\t<meta property=\"og:image:height\" content=\"1200\" \/>\n\t<meta property=\"og:image:type\" content=\"image\/jpeg\" \/>\n<meta name=\"author\" content=\"BanKulin\" \/>\n<meta name=\"twitter:card\" content=\"summary_large_image\" \/>\n<meta name=\"twitter:title\" content=\"Gedenkfeier | Komemoracija: Malga Lora\" \/>\n<meta name=\"twitter:description\" content=\"01.09.2024\" \/>\n<meta name=\"twitter:image\" content=\"https:\/\/www.bhakademiker.org\/wp-content\/uploads\/2024\/09\/f89b7978-a64a-45cb-bcde-08943d682198.jpg\" \/>\n<meta name=\"twitter:label1\" content=\"Verfasst von\" \/>\n\t<meta name=\"twitter:data1\" content=\"BanKulin\" \/>\n\t<meta name=\"twitter:label2\" content=\"Gesch\u00e4tzte Lesezeit\" \/>\n\t<meta name=\"twitter:data2\" content=\"3\u00a0Minuten\" \/>\n<script type=\"application\/ld+json\" class=\"yoast-schema-graph\">{\"@context\":\"https:\/\/schema.org\",\"@graph\":[{\"@type\":\"Article\",\"@id\":\"https:\/\/www.bhakademiker.org\/2024\/09\/03\/gedenkfeier-malga-lora\/#article\",\"isPartOf\":{\"@id\":\"https:\/\/www.bhakademiker.org\/2024\/09\/03\/gedenkfeier-malga-lora\/\"},\"author\":{\"name\":\"BanKulin\",\"@id\":\"https:\/\/www.bhakademiker.org\/bs\/#\/schema\/person\/eb2bb45ccd10b1a8756ef049efa44da5\"},\"headline\":\"Gedenkfeier Malga Lora\",\"datePublished\":\"2024-09-03T12:54:57+00:00\",\"dateModified\":\"2024-09-03T13:05:35+00:00\",\"mainEntityOfPage\":{\"@id\":\"https:\/\/www.bhakademiker.org\/2024\/09\/03\/gedenkfeier-malga-lora\/\"},\"wordCount\":528,\"commentCount\":0,\"publisher\":{\"@id\":\"https:\/\/www.bhakademiker.org\/bs\/#organization\"},\"articleSection\":[\"Meletta\"],\"inLanguage\":\"de\",\"potentialAction\":[{\"@type\":\"CommentAction\",\"name\":\"Comment\",\"target\":[\"https:\/\/www.bhakademiker.org\/2024\/09\/03\/gedenkfeier-malga-lora\/#respond\"]}]},{\"@type\":\"WebPage\",\"@id\":\"https:\/\/www.bhakademiker.org\/2024\/09\/03\/gedenkfeier-malga-lora\/\",\"url\":\"https:\/\/www.bhakademiker.org\/2024\/09\/03\/gedenkfeier-malga-lora\/\",\"name\":\"Gedenkfeier Malga Lora - Gesellschaft Bosnischer Akademiker\",\"isPartOf\":{\"@id\":\"https:\/\/www.bhakademiker.org\/bs\/#website\"},\"datePublished\":\"2024-09-03T12:54:57+00:00\",\"dateModified\":\"2024-09-03T13:05:35+00:00\",\"description\":\"1.09.2024 (Malga Lora, I)\",\"breadcrumb\":{\"@id\":\"https:\/\/www.bhakademiker.org\/2024\/09\/03\/gedenkfeier-malga-lora\/#breadcrumb\"},\"inLanguage\":\"de\",\"potentialAction\":[{\"@type\":\"ReadAction\",\"target\":[\"https:\/\/www.bhakademiker.org\/2024\/09\/03\/gedenkfeier-malga-lora\/\"]}]},{\"@type\":\"BreadcrumbList\",\"@id\":\"https:\/\/www.bhakademiker.org\/2024\/09\/03\/gedenkfeier-malga-lora\/#breadcrumb\",\"itemListElement\":[{\"@type\":\"ListItem\",\"position\":1,\"name\":\"Home\",\"item\":\"https:\/\/www.bhakademiker.org\/\"},{\"@type\":\"ListItem\",\"position\":2,\"name\":\"Gedenkfeier Malga Lora\"}]},{\"@type\":\"WebSite\",\"@id\":\"https:\/\/www.bhakademiker.org\/bs\/#website\",\"url\":\"https:\/\/www.bhakademiker.org\/bs\/\",\"name\":\"Gesellschaft Bosnischer Akademiker\",\"description\":\"\",\"publisher\":{\"@id\":\"https:\/\/www.bhakademiker.org\/bs\/#organization\"},\"potentialAction\":[{\"@type\":\"SearchAction\",\"target\":{\"@type\":\"EntryPoint\",\"urlTemplate\":\"https:\/\/www.bhakademiker.org\/bs\/?s={search_term_string}\"},\"query-input\":\"required name=search_term_string\"}],\"inLanguage\":\"de\"},{\"@type\":\"Organization\",\"@id\":\"https:\/\/www.bhakademiker.org\/bs\/#organization\",\"name\":\"Gesellschaft Bosnischer Akademiker in \u00d6sterreich\",\"url\":\"https:\/\/www.bhakademiker.org\/bs\/\",\"logo\":{\"@type\":\"ImageObject\",\"inLanguage\":\"de\",\"@id\":\"https:\/\/www.bhakademiker.org\/bs\/#\/schema\/logo\/image\/\",\"url\":\"https:\/\/www.bhakademiker.org\/wp-content\/uploads\/2022\/01\/featured-GBAA.png\",\"contentUrl\":\"https:\/\/www.bhakademiker.org\/wp-content\/uploads\/2022\/01\/featured-GBAA.png\",\"width\":1200,\"height\":630,\"caption\":\"Gesellschaft Bosnischer Akademiker in \u00d6sterreich\"},\"image\":{\"@id\":\"https:\/\/www.bhakademiker.org\/bs\/#\/schema\/logo\/image\/\"}},{\"@type\":\"Person\",\"@id\":\"https:\/\/www.bhakademiker.org\/bs\/#\/schema\/person\/eb2bb45ccd10b1a8756ef049efa44da5\",\"name\":\"BanKulin\",\"image\":{\"@type\":\"ImageObject\",\"inLanguage\":\"de\",\"@id\":\"https:\/\/www.bhakademiker.org\/bs\/#\/schema\/person\/image\/\",\"url\":\"https:\/\/secure.gravatar.com\/avatar\/c6d58ce317ac29451bb963305865585b0ee61581cac268f7b497945aea17e32c?s=96&d=mm&r=g\",\"contentUrl\":\"https:\/\/secure.gravatar.com\/avatar\/c6d58ce317ac29451bb963305865585b0ee61581cac268f7b497945aea17e32c?s=96&d=mm&r=g\",\"caption\":\"BanKulin\"},\"sameAs\":[\"https:\/\/www.bhakademiker.org\"],\"url\":\"https:\/\/www.bhakademiker.org\/de\/author\/bankulin\/\"}]}<\/script>\n<!-- \/ Yoast SEO plugin. -->","yoast_head_json":{"title":"Gedenkfeier Malga Lora - Gesellschaft Bosnischer Akademiker","description":"1.09.2024 (Malga Lora, I)","robots":{"index":"index","follow":"follow","max-snippet":"max-snippet:-1","max-image-preview":"max-image-preview:large","max-video-preview":"max-video-preview:-1"},"canonical":"https:\/\/www.bhakademiker.org\/de\/2024\/09\/03\/gedenkfeier-malga-lora\/","og_locale":"de_DE","og_type":"article","og_title":"Gedenkfeier | Komemoracija: Malga Lora","og_description":"01.09.2024","og_url":"https:\/\/www.bhakademiker.org\/de\/2024\/09\/03\/gedenkfeier-malga-lora\/","og_site_name":"Gesellschaft Bosnischer Akademiker","article_published_time":"2024-09-03T12:54:57+00:00","article_modified_time":"2024-09-03T13:05:35+00:00","og_image":[{"width":1600,"height":1200,"url":"https:\/\/www.bhakademiker.org\/wp-content\/uploads\/2024\/09\/f89b7978-a64a-45cb-bcde-08943d682198.jpg","type":"image\/jpeg"}],"author":"BanKulin","twitter_card":"summary_large_image","twitter_title":"Gedenkfeier | Komemoracija: Malga Lora","twitter_description":"01.09.2024","twitter_image":"https:\/\/www.bhakademiker.org\/wp-content\/uploads\/2024\/09\/f89b7978-a64a-45cb-bcde-08943d682198.jpg","twitter_misc":{"Verfasst von":"BanKulin","Gesch\u00e4tzte Lesezeit":"3\u00a0Minuten"},"schema":{"@context":"https:\/\/schema.org","@graph":[{"@type":"Article","@id":"https:\/\/www.bhakademiker.org\/2024\/09\/03\/gedenkfeier-malga-lora\/#article","isPartOf":{"@id":"https:\/\/www.bhakademiker.org\/2024\/09\/03\/gedenkfeier-malga-lora\/"},"author":{"name":"BanKulin","@id":"https:\/\/www.bhakademiker.org\/bs\/#\/schema\/person\/eb2bb45ccd10b1a8756ef049efa44da5"},"headline":"Gedenkfeier Malga Lora","datePublished":"2024-09-03T12:54:57+00:00","dateModified":"2024-09-03T13:05:35+00:00","mainEntityOfPage":{"@id":"https:\/\/www.bhakademiker.org\/2024\/09\/03\/gedenkfeier-malga-lora\/"},"wordCount":528,"commentCount":0,"publisher":{"@id":"https:\/\/www.bhakademiker.org\/bs\/#organization"},"articleSection":["Meletta"],"inLanguage":"de","potentialAction":[{"@type":"CommentAction","name":"Comment","target":["https:\/\/www.bhakademiker.org\/2024\/09\/03\/gedenkfeier-malga-lora\/#respond"]}]},{"@type":"WebPage","@id":"https:\/\/www.bhakademiker.org\/2024\/09\/03\/gedenkfeier-malga-lora\/","url":"https:\/\/www.bhakademiker.org\/2024\/09\/03\/gedenkfeier-malga-lora\/","name":"Gedenkfeier Malga Lora - Gesellschaft Bosnischer Akademiker","isPartOf":{"@id":"https:\/\/www.bhakademiker.org\/bs\/#website"},"datePublished":"2024-09-03T12:54:57+00:00","dateModified":"2024-09-03T13:05:35+00:00","description":"1.09.2024 (Malga Lora, I)","breadcrumb":{"@id":"https:\/\/www.bhakademiker.org\/2024\/09\/03\/gedenkfeier-malga-lora\/#breadcrumb"},"inLanguage":"de","potentialAction":[{"@type":"ReadAction","target":["https:\/\/www.bhakademiker.org\/2024\/09\/03\/gedenkfeier-malga-lora\/"]}]},{"@type":"BreadcrumbList","@id":"https:\/\/www.bhakademiker.org\/2024\/09\/03\/gedenkfeier-malga-lora\/#breadcrumb","itemListElement":[{"@type":"ListItem","position":1,"name":"Home","item":"https:\/\/www.bhakademiker.org\/"},{"@type":"ListItem","position":2,"name":"Gedenkfeier Malga Lora"}]},{"@type":"WebSite","@id":"https:\/\/www.bhakademiker.org\/bs\/#website","url":"https:\/\/www.bhakademiker.org\/bs\/","name":"Gesellschaft Bosnischer Akademiker","description":"","publisher":{"@id":"https:\/\/www.bhakademiker.org\/bs\/#organization"},"potentialAction":[{"@type":"SearchAction","target":{"@type":"EntryPoint","urlTemplate":"https:\/\/www.bhakademiker.org\/bs\/?s={search_term_string}"},"query-input":"required name=search_term_string"}],"inLanguage":"de"},{"@type":"Organization","@id":"https:\/\/www.bhakademiker.org\/bs\/#organization","name":"Gesellschaft Bosnischer Akademiker in \u00d6sterreich","url":"https:\/\/www.bhakademiker.org\/bs\/","logo":{"@type":"ImageObject","inLanguage":"de","@id":"https:\/\/www.bhakademiker.org\/bs\/#\/schema\/logo\/image\/","url":"https:\/\/www.bhakademiker.org\/wp-content\/uploads\/2022\/01\/featured-GBAA.png","contentUrl":"https:\/\/www.bhakademiker.org\/wp-content\/uploads\/2022\/01\/featured-GBAA.png","width":1200,"height":630,"caption":"Gesellschaft Bosnischer Akademiker in \u00d6sterreich"},"image":{"@id":"https:\/\/www.bhakademiker.org\/bs\/#\/schema\/logo\/image\/"}},{"@type":"Person","@id":"https:\/\/www.bhakademiker.org\/bs\/#\/schema\/person\/eb2bb45ccd10b1a8756ef049efa44da5","name":"BanKulin","image":{"@type":"ImageObject","inLanguage":"de","@id":"https:\/\/www.bhakademiker.org\/bs\/#\/schema\/person\/image\/","url":"https:\/\/secure.gravatar.com\/avatar\/c6d58ce317ac29451bb963305865585b0ee61581cac268f7b497945aea17e32c?s=96&d=mm&r=g","contentUrl":"https:\/\/secure.gravatar.com\/avatar\/c6d58ce317ac29451bb963305865585b0ee61581cac268f7b497945aea17e32c?s=96&d=mm&r=g","caption":"BanKulin"},"sameAs":["https:\/\/www.bhakademiker.org"],"url":"https:\/\/www.bhakademiker.org\/de\/author\/bankulin\/"}]}},"_links":{"self":[{"href":"https:\/\/www.bhakademiker.org\/de\/wp-json\/wp\/v2\/posts\/3438","targetHints":{"allow":["GET"]}}],"collection":[{"href":"https:\/\/www.bhakademiker.org\/de\/wp-json\/wp\/v2\/posts"}],"about":[{"href":"https:\/\/www.bhakademiker.org\/de\/wp-json\/wp\/v2\/types\/post"}],"author":[{"embeddable":true,"href":"https:\/\/www.bhakademiker.org\/de\/wp-json\/wp\/v2\/users\/1"}],"replies":[{"embeddable":true,"href":"https:\/\/www.bhakademiker.org\/de\/wp-json\/wp\/v2\/comments?post=3438"}],"version-history":[{"count":10,"href":"https:\/\/www.bhakademiker.org\/de\/wp-json\/wp\/v2\/posts\/3438\/revisions"}],"predecessor-version":[{"id":3455,"href":"https:\/\/www.bhakademiker.org\/de\/wp-json\/wp\/v2\/posts\/3438\/revisions\/3455"}],"wp:featuredmedia":[{"embeddable":true,"href":"https:\/\/www.bhakademiker.org\/de\/wp-json\/wp\/v2\/media\/3441"}],"wp:attachment":[{"href":"https:\/\/www.bhakademiker.org\/de\/wp-json\/wp\/v2\/media?parent=3438"}],"wp:term":[{"taxonomy":"category","embeddable":true,"href":"https:\/\/www.bhakademiker.org\/de\/wp-json\/wp\/v2\/categories?post=3438"},{"taxonomy":"post_tag","embeddable":true,"href":"https:\/\/www.bhakademiker.org\/de\/wp-json\/wp\/v2\/tags?post=3438"}],"curies":[{"name":"wp","href":"https:\/\/api.w.org\/{rel}","templated":true}]}}