{"id":3487,"date":"2024-10-08T08:50:19","date_gmt":"2024-10-08T06:50:19","guid":{"rendered":"https:\/\/www.bhakademiker.org\/?p=3487"},"modified":"2024-10-29T09:57:21","modified_gmt":"2024-10-29T08:57:21","slug":"lebring_2024_einladung","status":"publish","type":"post","link":"https:\/\/www.bhakademiker.org\/de\/2024\/10\/08\/lebring_2024_einladung\/","title":{"rendered":"Lebring 2024"},"content":{"rendered":"<h3>Lebring 2024<\/h3>\n<p>Wie jedes Jahr am letzten Sonntag im Oktober, fand auch heuer am 27. Oktober 2024, die Gedenkveranstaltung f\u00fcr die Opfer der Weltkriege am Soldatenfriedhof in Lebring, s\u00fcdlich von Graz, statt.<br \/>\nDer Soldatenfriedhof (auch als Bosniakenfriedhof genannt) in Lebring beinhaltet 1233 Gr\u00e4ber mit \u00dcberresten von Soldaten aus 19 Infanterieregimenten der k.u.k Armee, davon 805 Bosnier (damals Bosniaken). <span class=\"Y2IQFc\" lang=\"de\">Das zweite bosnisch-herzegowinische Regiment, die h\u00f6chstausgezeichste Einheit der \u00f6sterreichisch-ungarischen Armee, brachte der \u00f6sterreichisch-ungarischen Armee am 7. Juni 1916 den Sieg in der Schlacht am Monte Maletta.<\/span><\/p>\n<p>Die bosnischen Soldaten waren eine Elitetruppe der k.u.k. Armee und man verwendete sie f\u00fcr die schwierigsten milit\u00e4rischen Aufgaben. Es muss etwas Besonderes gewesen sein als 200.000 junge M\u00e4nner \u2013 Muslime, Orthodoxe, Katholiken \u2026 Kroaten, Serben oder Nur- Bosnier \u2013 aus einer Gesamtbev\u00f6lkerung von damals nicht ganz zwei Millionen Einwohnern zu einer soldatischen Einheit von unverbr\u00fcchlicher Solidarit\u00e4t, Kameradschaft und Zuverl\u00e4ssigkeit im Rahmen der k.u.k. Vielv\u00f6lker-Armee zusammengeschmiedet und \u00fcber allerschwersten Pr\u00fcfungen und Opfer zusammengehalten hat. Es war nicht nur der Fez, der einen aus der \u00fcbrigen Armee heraushob, die einheitliche Mannschaft macht auch aus dem Offizierskorps eine starke und entschiedene Einheit, die bis zum Ende durchhielt.<\/p>\n<p id=\"tw-target-text\" class=\"tw-data-text tw-text-large tw-ta\" dir=\"ltr\" data-placeholder=\"\u00dcbersetzung\" data-ved=\"2ahUKEwjGw5LXucaCAxWqcfEDHXAYCX4Q3ewLegQIBhAQ\"><span class=\"Y2IQFc\" lang=\"de\">An der Gedenkfeier f\u00fcr die tapferen Soldaten des zweiten bosnisch-herzegowinischen-Regiments nahmen Vertreter \u00f6sterreichischer, italienischer und bosnischer Organisationen in \u00d6sterreich teil. Im Namen der<\/span><span class=\"Y2IQFc\" lang=\"de\"> Gesellschaft Bosnischer Akademiker in \u00d6sterreich (BADA) wurden von Siradj Duhan und Denis \u010cavki\u0107 Kr\u00e4nze niedergelegt.<\/span><\/p>\n<p>Gesellschaft Bosnischer Akademiker in \u00d6sterreich<\/p>\n\n\t\t<style type=\"text\/css\">\n\t\t\t#gallery-1 {\n\t\t\t\tmargin: auto;\n\t\t\t}\n\t\t\t#gallery-1 .gallery-item {\n\t\t\t\tfloat: left;\n\t\t\t\tmargin-top: 10px;\n\t\t\t\ttext-align: center;\n\t\t\t\twidth: 50%;\n\t\t\t}\n\t\t\t#gallery-1 img {\n\t\t\t\tborder: 2px solid #cfcfcf;\n\t\t\t}\n\t\t\t#gallery-1 .gallery-caption {\n\t\t\t\tmargin-left: 0;\n\t\t\t}\n\t\t\t\/* see gallery_shortcode() in wp-includes\/media.php *\/\n\t\t<\/style>\n\t\t<div id='gallery-1' class='gallery galleryid-3487 gallery-columns-2 gallery-size-large'><dl class='gallery-item'>\n\t\t\t<dt class='gallery-icon landscape'>\n\t\t\t\t<a href='https:\/\/www.bhakademiker.org\/wp-content\/uploads\/2024\/10\/unnamed-1.jpg'><img fetchpriority=\"high\" decoding=\"async\" width=\"770\" height=\"578\" src=\"https:\/\/www.bhakademiker.org\/wp-content\/uploads\/2024\/10\/unnamed-1-1024x768.jpg\" class=\"attachment-large size-large\" alt=\"\" srcset=\"https:\/\/www.bhakademiker.org\/wp-content\/uploads\/2024\/10\/unnamed-1-1024x768.jpg 1024w, https:\/\/www.bhakademiker.org\/wp-content\/uploads\/2024\/10\/unnamed-1-300x225.jpg 300w, https:\/\/www.bhakademiker.org\/wp-content\/uploads\/2024\/10\/unnamed-1-768x576.jpg 768w, https:\/\/www.bhakademiker.org\/wp-content\/uploads\/2024\/10\/unnamed-1-1536x1152.jpg 1536w, https:\/\/www.bhakademiker.org\/wp-content\/uploads\/2024\/10\/unnamed-1-16x12.jpg 16w, https:\/\/www.bhakademiker.org\/wp-content\/uploads\/2024\/10\/unnamed-1.jpg 1600w\" sizes=\"(max-width: 770px) 100vw, 770px\" \/><\/a>\n\t\t\t<\/dt><\/dl><dl class='gallery-item'>\n\t\t\t<dt class='gallery-icon landscape'>\n\t\t\t\t<a href='https:\/\/www.bhakademiker.org\/wp-content\/uploads\/2024\/10\/unnamed-2.jpg'><img decoding=\"async\" width=\"770\" height=\"578\" src=\"https:\/\/www.bhakademiker.org\/wp-content\/uploads\/2024\/10\/unnamed-2-1024x768.jpg\" class=\"attachment-large size-large\" alt=\"\" srcset=\"https:\/\/www.bhakademiker.org\/wp-content\/uploads\/2024\/10\/unnamed-2-1024x768.jpg 1024w, https:\/\/www.bhakademiker.org\/wp-content\/uploads\/2024\/10\/unnamed-2-300x225.jpg 300w, https:\/\/www.bhakademiker.org\/wp-content\/uploads\/2024\/10\/unnamed-2-768x576.jpg 768w, https:\/\/www.bhakademiker.org\/wp-content\/uploads\/2024\/10\/unnamed-2-1536x1152.jpg 1536w, https:\/\/www.bhakademiker.org\/wp-content\/uploads\/2024\/10\/unnamed-2-16x12.jpg 16w, https:\/\/www.bhakademiker.org\/wp-content\/uploads\/2024\/10\/unnamed-2.jpg 1600w\" sizes=\"(max-width: 770px) 100vw, 770px\" \/><\/a>\n\t\t\t<\/dt><\/dl><br style=\"clear: both\" \/><dl class='gallery-item'>\n\t\t\t<dt class='gallery-icon portrait'>\n\t\t\t\t<a href='https:\/\/www.bhakademiker.org\/wp-content\/uploads\/2024\/10\/unnamed-5.jpg'><img decoding=\"async\" width=\"768\" height=\"1024\" src=\"https:\/\/www.bhakademiker.org\/wp-content\/uploads\/2024\/10\/unnamed-5-768x1024.jpg\" class=\"attachment-large size-large\" alt=\"\" srcset=\"https:\/\/www.bhakademiker.org\/wp-content\/uploads\/2024\/10\/unnamed-5-768x1024.jpg 768w, https:\/\/www.bhakademiker.org\/wp-content\/uploads\/2024\/10\/unnamed-5-225x300.jpg 225w, https:\/\/www.bhakademiker.org\/wp-content\/uploads\/2024\/10\/unnamed-5-1152x1536.jpg 1152w, https:\/\/www.bhakademiker.org\/wp-content\/uploads\/2024\/10\/unnamed-5-9x12.jpg 9w, https:\/\/www.bhakademiker.org\/wp-content\/uploads\/2024\/10\/unnamed-5.jpg 1200w\" sizes=\"(max-width: 768px) 100vw, 768px\" \/><\/a>\n\t\t\t<\/dt><\/dl><dl class='gallery-item'>\n\t\t\t<dt class='gallery-icon landscape'>\n\t\t\t\t<a href='https:\/\/www.bhakademiker.org\/wp-content\/uploads\/2024\/10\/unnamed.jpg'><img loading=\"lazy\" decoding=\"async\" width=\"770\" height=\"578\" src=\"https:\/\/www.bhakademiker.org\/wp-content\/uploads\/2024\/10\/unnamed-1024x768.jpg\" class=\"attachment-large size-large\" alt=\"\" srcset=\"https:\/\/www.bhakademiker.org\/wp-content\/uploads\/2024\/10\/unnamed-1024x768.jpg 1024w, https:\/\/www.bhakademiker.org\/wp-content\/uploads\/2024\/10\/unnamed-300x225.jpg 300w, https:\/\/www.bhakademiker.org\/wp-content\/uploads\/2024\/10\/unnamed-768x576.jpg 768w, https:\/\/www.bhakademiker.org\/wp-content\/uploads\/2024\/10\/unnamed-1536x1152.jpg 1536w, https:\/\/www.bhakademiker.org\/wp-content\/uploads\/2024\/10\/unnamed-16x12.jpg 16w, https:\/\/www.bhakademiker.org\/wp-content\/uploads\/2024\/10\/unnamed.jpg 1600w\" sizes=\"(max-width: 770px) 100vw, 770px\" \/><\/a>\n\t\t\t<\/dt><\/dl><br style=\"clear: both\" \/><dl class='gallery-item'>\n\t\t\t<dt class='gallery-icon landscape'>\n\t\t\t\t<a href='https:\/\/www.bhakademiker.org\/wp-content\/uploads\/2024\/10\/1.jpg'><img loading=\"lazy\" decoding=\"async\" width=\"770\" height=\"578\" src=\"https:\/\/www.bhakademiker.org\/wp-content\/uploads\/2024\/10\/1-1024x768.jpg\" class=\"attachment-large size-large\" alt=\"\" srcset=\"https:\/\/www.bhakademiker.org\/wp-content\/uploads\/2024\/10\/1-1024x768.jpg 1024w, https:\/\/www.bhakademiker.org\/wp-content\/uploads\/2024\/10\/1-300x225.jpg 300w, https:\/\/www.bhakademiker.org\/wp-content\/uploads\/2024\/10\/1-768x576.jpg 768w, https:\/\/www.bhakademiker.org\/wp-content\/uploads\/2024\/10\/1-1536x1152.jpg 1536w, https:\/\/www.bhakademiker.org\/wp-content\/uploads\/2024\/10\/1-16x12.jpg 16w, https:\/\/www.bhakademiker.org\/wp-content\/uploads\/2024\/10\/1.jpg 1600w\" sizes=\"(max-width: 770px) 100vw, 770px\" \/><\/a>\n\t\t\t<\/dt><\/dl><dl class='gallery-item'>\n\t\t\t<dt class='gallery-icon portrait'>\n\t\t\t\t<a href='https:\/\/www.bhakademiker.org\/wp-content\/uploads\/2024\/10\/2.jpg'><img loading=\"lazy\" decoding=\"async\" width=\"768\" height=\"1024\" src=\"https:\/\/www.bhakademiker.org\/wp-content\/uploads\/2024\/10\/2-768x1024.jpg\" class=\"attachment-large size-large\" alt=\"\" srcset=\"https:\/\/www.bhakademiker.org\/wp-content\/uploads\/2024\/10\/2-768x1024.jpg 768w, https:\/\/www.bhakademiker.org\/wp-content\/uploads\/2024\/10\/2-225x300.jpg 225w, https:\/\/www.bhakademiker.org\/wp-content\/uploads\/2024\/10\/2-1152x1536.jpg 1152w, https:\/\/www.bhakademiker.org\/wp-content\/uploads\/2024\/10\/2-9x12.jpg 9w, https:\/\/www.bhakademiker.org\/wp-content\/uploads\/2024\/10\/2.jpg 1200w\" sizes=\"(max-width: 768px) 100vw, 768px\" \/><\/a>\n\t\t\t<\/dt><\/dl><br style=\"clear: both\" \/><dl class='gallery-item'>\n\t\t\t<dt class='gallery-icon landscape'>\n\t\t\t\t<a href='https:\/\/www.bhakademiker.org\/wp-content\/uploads\/2024\/10\/unnamed-4-1.jpg'><img loading=\"lazy\" decoding=\"async\" width=\"770\" height=\"578\" src=\"https:\/\/www.bhakademiker.org\/wp-content\/uploads\/2024\/10\/unnamed-4-1-1024x768.jpg\" class=\"attachment-large size-large\" alt=\"\" srcset=\"https:\/\/www.bhakademiker.org\/wp-content\/uploads\/2024\/10\/unnamed-4-1-1024x768.jpg 1024w, https:\/\/www.bhakademiker.org\/wp-content\/uploads\/2024\/10\/unnamed-4-1-300x225.jpg 300w, https:\/\/www.bhakademiker.org\/wp-content\/uploads\/2024\/10\/unnamed-4-1-768x576.jpg 768w, https:\/\/www.bhakademiker.org\/wp-content\/uploads\/2024\/10\/unnamed-4-1-1536x1152.jpg 1536w, https:\/\/www.bhakademiker.org\/wp-content\/uploads\/2024\/10\/unnamed-4-1-16x12.jpg 16w, https:\/\/www.bhakademiker.org\/wp-content\/uploads\/2024\/10\/unnamed-4-1.jpg 1600w\" sizes=\"(max-width: 770px) 100vw, 770px\" \/><\/a>\n\t\t\t<\/dt><\/dl>\n\t\t\t<br style='clear: both' \/>\n\t\t<\/div>\n\n<p>&nbsp;<\/p>\n<div style=\"width: 770px;\" class=\"wp-video\"><video class=\"wp-video-shortcode\" id=\"video-3487-1\" width=\"770\" height=\"436\" preload=\"metadata\" controls=\"controls\"><source type=\"video\/mp4\" src=\"https:\/\/www.bhakademiker.org\/wp-content\/uploads\/2024\/10\/Lebring_2024.mp4?_=1\" \/><a href=\"https:\/\/www.bhakademiker.org\/wp-content\/uploads\/2024\/10\/Lebring_2024.mp4\">https:\/\/www.bhakademiker.org\/wp-content\/uploads\/2024\/10\/Lebring_2024.mp4<\/a><\/video><\/div>\n<p>&nbsp;<\/p>\n","protected":false},"excerpt":{"rendered":"<p>27.10.2024<\/p>\n","protected":false},"author":1,"featured_media":3606,"comment_status":"open","ping_status":"open","sticky":false,"template":"","format":"standard","meta":{"footnotes":""},"categories":[72],"tags":[],"class_list":["post-3487","post","type-post","status-publish","format-standard","has-post-thumbnail","hentry","category-bada"],"yoast_head":"<!-- This site is optimized with the Yoast SEO plugin v20.3 - https:\/\/yoast.com\/wordpress\/plugins\/seo\/ -->\n<title>Lebring 2024 - Gesellschaft Bosnischer Akademiker<\/title>\n<meta name=\"description\" content=\"27.10.2024\" \/>\n<meta name=\"robots\" content=\"index, follow, max-snippet:-1, max-image-preview:large, max-video-preview:-1\" \/>\n<link rel=\"canonical\" href=\"https:\/\/www.bhakademiker.org\/de\/2024\/10\/08\/lebring_2024_einladung\/\" \/>\n<meta property=\"og:locale\" content=\"de_DE\" \/>\n<meta property=\"og:type\" content=\"article\" \/>\n<meta property=\"og:title\" content=\"Lebring 2024\" \/>\n<meta property=\"og:description\" content=\"27.10.2024\" \/>\n<meta property=\"og:url\" content=\"https:\/\/www.bhakademiker.org\/de\/2024\/10\/08\/lebring_2024_einladung\/\" \/>\n<meta property=\"og:site_name\" content=\"Gesellschaft Bosnischer Akademiker\" \/>\n<meta property=\"article:published_time\" content=\"2024-10-08T06:50:19+00:00\" \/>\n<meta property=\"article:modified_time\" content=\"2024-10-29T08:57:21+00:00\" \/>\n<meta property=\"og:image\" content=\"https:\/\/www.bhakademiker.org\/wp-content\/uploads\/2024\/10\/unnamed-3.jpg\" \/>\n\t<meta property=\"og:image:width\" content=\"1600\" \/>\n\t<meta property=\"og:image:height\" content=\"1200\" \/>\n\t<meta property=\"og:image:type\" content=\"image\/jpeg\" \/>\n<meta name=\"author\" content=\"BanKulin\" \/>\n<meta name=\"twitter:card\" content=\"summary_large_image\" \/>\n<meta name=\"twitter:title\" content=\"Lebring 2024\" \/>\n<meta name=\"twitter:description\" content=\"27.10.2024\" \/>\n<meta name=\"twitter:image\" content=\"https:\/\/www.bhakademiker.org\/wp-content\/uploads\/2024\/10\/unnamed-3.jpg\" \/>\n<meta name=\"twitter:label1\" content=\"Verfasst von\" \/>\n\t<meta name=\"twitter:data1\" content=\"BanKulin\" \/>\n\t<meta name=\"twitter:label2\" content=\"Gesch\u00e4tzte Lesezeit\" \/>\n\t<meta name=\"twitter:data2\" content=\"2\u00a0Minuten\" \/>\n<script type=\"application\/ld+json\" class=\"yoast-schema-graph\">{\"@context\":\"https:\/\/schema.org\",\"@graph\":[{\"@type\":\"Article\",\"@id\":\"https:\/\/www.bhakademiker.org\/2024\/10\/08\/lebring_2024_einladung\/#article\",\"isPartOf\":{\"@id\":\"https:\/\/www.bhakademiker.org\/2024\/10\/08\/lebring_2024_einladung\/\"},\"author\":{\"name\":\"BanKulin\",\"@id\":\"https:\/\/www.bhakademiker.org\/bs\/#\/schema\/person\/eb2bb45ccd10b1a8756ef049efa44da5\"},\"headline\":\"Lebring 2024\",\"datePublished\":\"2024-10-08T06:50:19+00:00\",\"dateModified\":\"2024-10-29T08:57:21+00:00\",\"mainEntityOfPage\":{\"@id\":\"https:\/\/www.bhakademiker.org\/2024\/10\/08\/lebring_2024_einladung\/\"},\"wordCount\":263,\"commentCount\":0,\"publisher\":{\"@id\":\"https:\/\/www.bhakademiker.org\/bs\/#organization\"},\"articleSection\":[\"BADA\"],\"inLanguage\":\"de\",\"potentialAction\":[{\"@type\":\"CommentAction\",\"name\":\"Comment\",\"target\":[\"https:\/\/www.bhakademiker.org\/2024\/10\/08\/lebring_2024_einladung\/#respond\"]}]},{\"@type\":\"WebPage\",\"@id\":\"https:\/\/www.bhakademiker.org\/2024\/10\/08\/lebring_2024_einladung\/\",\"url\":\"https:\/\/www.bhakademiker.org\/2024\/10\/08\/lebring_2024_einladung\/\",\"name\":\"Lebring 2024 - Gesellschaft Bosnischer Akademiker\",\"isPartOf\":{\"@id\":\"https:\/\/www.bhakademiker.org\/bs\/#website\"},\"datePublished\":\"2024-10-08T06:50:19+00:00\",\"dateModified\":\"2024-10-29T08:57:21+00:00\",\"description\":\"27.10.2024\",\"breadcrumb\":{\"@id\":\"https:\/\/www.bhakademiker.org\/2024\/10\/08\/lebring_2024_einladung\/#breadcrumb\"},\"inLanguage\":\"de\",\"potentialAction\":[{\"@type\":\"ReadAction\",\"target\":[\"https:\/\/www.bhakademiker.org\/2024\/10\/08\/lebring_2024_einladung\/\"]}]},{\"@type\":\"BreadcrumbList\",\"@id\":\"https:\/\/www.bhakademiker.org\/2024\/10\/08\/lebring_2024_einladung\/#breadcrumb\",\"itemListElement\":[{\"@type\":\"ListItem\",\"position\":1,\"name\":\"Home\",\"item\":\"https:\/\/www.bhakademiker.org\/\"},{\"@type\":\"ListItem\",\"position\":2,\"name\":\"Lebring 2024\"}]},{\"@type\":\"WebSite\",\"@id\":\"https:\/\/www.bhakademiker.org\/bs\/#website\",\"url\":\"https:\/\/www.bhakademiker.org\/bs\/\",\"name\":\"Gesellschaft Bosnischer Akademiker\",\"description\":\"\",\"publisher\":{\"@id\":\"https:\/\/www.bhakademiker.org\/bs\/#organization\"},\"potentialAction\":[{\"@type\":\"SearchAction\",\"target\":{\"@type\":\"EntryPoint\",\"urlTemplate\":\"https:\/\/www.bhakademiker.org\/bs\/?s={search_term_string}\"},\"query-input\":\"required name=search_term_string\"}],\"inLanguage\":\"de\"},{\"@type\":\"Organization\",\"@id\":\"https:\/\/www.bhakademiker.org\/bs\/#organization\",\"name\":\"Gesellschaft Bosnischer Akademiker in \u00d6sterreich\",\"url\":\"https:\/\/www.bhakademiker.org\/bs\/\",\"logo\":{\"@type\":\"ImageObject\",\"inLanguage\":\"de\",\"@id\":\"https:\/\/www.bhakademiker.org\/bs\/#\/schema\/logo\/image\/\",\"url\":\"https:\/\/www.bhakademiker.org\/wp-content\/uploads\/2022\/01\/featured-GBAA.png\",\"contentUrl\":\"https:\/\/www.bhakademiker.org\/wp-content\/uploads\/2022\/01\/featured-GBAA.png\",\"width\":1200,\"height\":630,\"caption\":\"Gesellschaft Bosnischer Akademiker in \u00d6sterreich\"},\"image\":{\"@id\":\"https:\/\/www.bhakademiker.org\/bs\/#\/schema\/logo\/image\/\"}},{\"@type\":\"Person\",\"@id\":\"https:\/\/www.bhakademiker.org\/bs\/#\/schema\/person\/eb2bb45ccd10b1a8756ef049efa44da5\",\"name\":\"BanKulin\",\"image\":{\"@type\":\"ImageObject\",\"inLanguage\":\"de\",\"@id\":\"https:\/\/www.bhakademiker.org\/bs\/#\/schema\/person\/image\/\",\"url\":\"https:\/\/secure.gravatar.com\/avatar\/c6d58ce317ac29451bb963305865585b0ee61581cac268f7b497945aea17e32c?s=96&d=mm&r=g\",\"contentUrl\":\"https:\/\/secure.gravatar.com\/avatar\/c6d58ce317ac29451bb963305865585b0ee61581cac268f7b497945aea17e32c?s=96&d=mm&r=g\",\"caption\":\"BanKulin\"},\"sameAs\":[\"https:\/\/www.bhakademiker.org\"],\"url\":\"https:\/\/www.bhakademiker.org\/de\/author\/bankulin\/\"}]}<\/script>\n<!-- \/ Yoast SEO plugin. -->","yoast_head_json":{"title":"Lebring 2024 - Gesellschaft Bosnischer Akademiker","description":"27.10.2024","robots":{"index":"index","follow":"follow","max-snippet":"max-snippet:-1","max-image-preview":"max-image-preview:large","max-video-preview":"max-video-preview:-1"},"canonical":"https:\/\/www.bhakademiker.org\/de\/2024\/10\/08\/lebring_2024_einladung\/","og_locale":"de_DE","og_type":"article","og_title":"Lebring 2024","og_description":"27.10.2024","og_url":"https:\/\/www.bhakademiker.org\/de\/2024\/10\/08\/lebring_2024_einladung\/","og_site_name":"Gesellschaft Bosnischer Akademiker","article_published_time":"2024-10-08T06:50:19+00:00","article_modified_time":"2024-10-29T08:57:21+00:00","og_image":[{"width":1600,"height":1200,"url":"https:\/\/www.bhakademiker.org\/wp-content\/uploads\/2024\/10\/unnamed-3.jpg","type":"image\/jpeg"}],"author":"BanKulin","twitter_card":"summary_large_image","twitter_title":"Lebring 2024","twitter_description":"27.10.2024","twitter_image":"https:\/\/www.bhakademiker.org\/wp-content\/uploads\/2024\/10\/unnamed-3.jpg","twitter_misc":{"Verfasst von":"BanKulin","Gesch\u00e4tzte Lesezeit":"2\u00a0Minuten"},"schema":{"@context":"https:\/\/schema.org","@graph":[{"@type":"Article","@id":"https:\/\/www.bhakademiker.org\/2024\/10\/08\/lebring_2024_einladung\/#article","isPartOf":{"@id":"https:\/\/www.bhakademiker.org\/2024\/10\/08\/lebring_2024_einladung\/"},"author":{"name":"BanKulin","@id":"https:\/\/www.bhakademiker.org\/bs\/#\/schema\/person\/eb2bb45ccd10b1a8756ef049efa44da5"},"headline":"Lebring 2024","datePublished":"2024-10-08T06:50:19+00:00","dateModified":"2024-10-29T08:57:21+00:00","mainEntityOfPage":{"@id":"https:\/\/www.bhakademiker.org\/2024\/10\/08\/lebring_2024_einladung\/"},"wordCount":263,"commentCount":0,"publisher":{"@id":"https:\/\/www.bhakademiker.org\/bs\/#organization"},"articleSection":["BADA"],"inLanguage":"de","potentialAction":[{"@type":"CommentAction","name":"Comment","target":["https:\/\/www.bhakademiker.org\/2024\/10\/08\/lebring_2024_einladung\/#respond"]}]},{"@type":"WebPage","@id":"https:\/\/www.bhakademiker.org\/2024\/10\/08\/lebring_2024_einladung\/","url":"https:\/\/www.bhakademiker.org\/2024\/10\/08\/lebring_2024_einladung\/","name":"Lebring 2024 - Gesellschaft Bosnischer Akademiker","isPartOf":{"@id":"https:\/\/www.bhakademiker.org\/bs\/#website"},"datePublished":"2024-10-08T06:50:19+00:00","dateModified":"2024-10-29T08:57:21+00:00","description":"27.10.2024","breadcrumb":{"@id":"https:\/\/www.bhakademiker.org\/2024\/10\/08\/lebring_2024_einladung\/#breadcrumb"},"inLanguage":"de","potentialAction":[{"@type":"ReadAction","target":["https:\/\/www.bhakademiker.org\/2024\/10\/08\/lebring_2024_einladung\/"]}]},{"@type":"BreadcrumbList","@id":"https:\/\/www.bhakademiker.org\/2024\/10\/08\/lebring_2024_einladung\/#breadcrumb","itemListElement":[{"@type":"ListItem","position":1,"name":"Home","item":"https:\/\/www.bhakademiker.org\/"},{"@type":"ListItem","position":2,"name":"Lebring 2024"}]},{"@type":"WebSite","@id":"https:\/\/www.bhakademiker.org\/bs\/#website","url":"https:\/\/www.bhakademiker.org\/bs\/","name":"Gesellschaft Bosnischer Akademiker","description":"","publisher":{"@id":"https:\/\/www.bhakademiker.org\/bs\/#organization"},"potentialAction":[{"@type":"SearchAction","target":{"@type":"EntryPoint","urlTemplate":"https:\/\/www.bhakademiker.org\/bs\/?s={search_term_string}"},"query-input":"required name=search_term_string"}],"inLanguage":"de"},{"@type":"Organization","@id":"https:\/\/www.bhakademiker.org\/bs\/#organization","name":"Gesellschaft Bosnischer Akademiker in \u00d6sterreich","url":"https:\/\/www.bhakademiker.org\/bs\/","logo":{"@type":"ImageObject","inLanguage":"de","@id":"https:\/\/www.bhakademiker.org\/bs\/#\/schema\/logo\/image\/","url":"https:\/\/www.bhakademiker.org\/wp-content\/uploads\/2022\/01\/featured-GBAA.png","contentUrl":"https:\/\/www.bhakademiker.org\/wp-content\/uploads\/2022\/01\/featured-GBAA.png","width":1200,"height":630,"caption":"Gesellschaft Bosnischer Akademiker in \u00d6sterreich"},"image":{"@id":"https:\/\/www.bhakademiker.org\/bs\/#\/schema\/logo\/image\/"}},{"@type":"Person","@id":"https:\/\/www.bhakademiker.org\/bs\/#\/schema\/person\/eb2bb45ccd10b1a8756ef049efa44da5","name":"BanKulin","image":{"@type":"ImageObject","inLanguage":"de","@id":"https:\/\/www.bhakademiker.org\/bs\/#\/schema\/person\/image\/","url":"https:\/\/secure.gravatar.com\/avatar\/c6d58ce317ac29451bb963305865585b0ee61581cac268f7b497945aea17e32c?s=96&d=mm&r=g","contentUrl":"https:\/\/secure.gravatar.com\/avatar\/c6d58ce317ac29451bb963305865585b0ee61581cac268f7b497945aea17e32c?s=96&d=mm&r=g","caption":"BanKulin"},"sameAs":["https:\/\/www.bhakademiker.org"],"url":"https:\/\/www.bhakademiker.org\/de\/author\/bankulin\/"}]}},"_links":{"self":[{"href":"https:\/\/www.bhakademiker.org\/de\/wp-json\/wp\/v2\/posts\/3487","targetHints":{"allow":["GET"]}}],"collection":[{"href":"https:\/\/www.bhakademiker.org\/de\/wp-json\/wp\/v2\/posts"}],"about":[{"href":"https:\/\/www.bhakademiker.org\/de\/wp-json\/wp\/v2\/types\/post"}],"author":[{"embeddable":true,"href":"https:\/\/www.bhakademiker.org\/de\/wp-json\/wp\/v2\/users\/1"}],"replies":[{"embeddable":true,"href":"https:\/\/www.bhakademiker.org\/de\/wp-json\/wp\/v2\/comments?post=3487"}],"version-history":[{"count":10,"href":"https:\/\/www.bhakademiker.org\/de\/wp-json\/wp\/v2\/posts\/3487\/revisions"}],"predecessor-version":[{"id":3619,"href":"https:\/\/www.bhakademiker.org\/de\/wp-json\/wp\/v2\/posts\/3487\/revisions\/3619"}],"wp:featuredmedia":[{"embeddable":true,"href":"https:\/\/www.bhakademiker.org\/de\/wp-json\/wp\/v2\/media\/3606"}],"wp:attachment":[{"href":"https:\/\/www.bhakademiker.org\/de\/wp-json\/wp\/v2\/media?parent=3487"}],"wp:term":[{"taxonomy":"category","embeddable":true,"href":"https:\/\/www.bhakademiker.org\/de\/wp-json\/wp\/v2\/categories?post=3487"},{"taxonomy":"post_tag","embeddable":true,"href":"https:\/\/www.bhakademiker.org\/de\/wp-json\/wp\/v2\/tags?post=3487"}],"curies":[{"name":"wp","href":"https:\/\/api.w.org\/{rel}","templated":true}]}}