{"id":3569,"date":"2024-10-20T13:03:01","date_gmt":"2024-10-20T11:03:01","guid":{"rendered":"https:\/\/www.bhakademiker.org\/?p=3569"},"modified":"2024-10-20T19:50:15","modified_gmt":"2024-10-20T17:50:15","slug":"wirtschaftstreffen-in-graz","status":"publish","type":"post","link":"https:\/\/www.bhakademiker.org\/de\/2024\/10\/20\/wirtschaftstreffen-in-graz\/","title":{"rendered":"Wirtschaftstreffen in Graz"},"content":{"rendered":"<p>In der Organisation der Gesellschaft Bosnischer Akademiker in \u00d6sterreich (GBAA) hat das erste Wirtschaftstreffen der bosnisch-herzegowinischen Gemeinschaft in Graz angesehene Akteure aus dem gesch\u00e4ftlichen, akademischen und diasporischen Umfeld versammelt und einen wichtigen Moment zur St\u00e4rkung der wirtschaftlichen Beziehungen zwischen Bosnien und Herzegowina und \u00d6sterreich markiert. Dieses Ereignis stellt einen Wendepunkt in der Schaffung neuer M\u00f6glichkeiten f\u00fcr Zusammenarbeit, Investitionen und wirtschaftliches Wachstum dar.<\/p>\n<p>Renommierte Podiumsteilnehmer brachten ein breites Spektrum an Wissen und Erfahrung ein. Armin Alijagi\u0107, Leiter der Organisation \u201eNa\u0161a Perspektiva\u201c, die die bosnisch-herzegowinische Diaspora in Entwicklungsprojekte einbindet, pr\u00e4sentierte Strategien, die Talente aus der Diaspora mit lokalen Entwicklungsinitiativen verkn\u00fcpfen. Almin Paunovi\u0107, Regionaldirektor von 9 INTERSPAR-Hyperm\u00e4rkten, teilte seine Erfahrungen im Management, w\u00e4hrend Veldin Muri\u0107, Berater f\u00fcr bosnisch-herzegowinische Unternehmen, Modelle zur St\u00e4rkung der Gesch\u00e4ftszusammenarbeit mit \u00d6sterreich vorstellte.<\/p>\n<p><img fetchpriority=\"high\" decoding=\"async\" class=\"size-large wp-image-3575 aligncenter\" src=\"https:\/\/www.bhakademiker.org\/wp-content\/uploads\/2024\/10\/panelisti_2_web-1024x681.jpg\" alt=\"\" width=\"770\" height=\"512\" srcset=\"https:\/\/www.bhakademiker.org\/wp-content\/uploads\/2024\/10\/panelisti_2_web-1024x681.jpg 1024w, https:\/\/www.bhakademiker.org\/wp-content\/uploads\/2024\/10\/panelisti_2_web-300x200.jpg 300w, https:\/\/www.bhakademiker.org\/wp-content\/uploads\/2024\/10\/panelisti_2_web-768x511.jpg 768w, https:\/\/www.bhakademiker.org\/wp-content\/uploads\/2024\/10\/panelisti_2_web-1536x1022.jpg 1536w, https:\/\/www.bhakademiker.org\/wp-content\/uploads\/2024\/10\/panelisti_2_web-2048x1363.jpg 2048w, https:\/\/www.bhakademiker.org\/wp-content\/uploads\/2024\/10\/panelisti_2_web-18x12.jpg 18w, https:\/\/www.bhakademiker.org\/wp-content\/uploads\/2024\/10\/panelisti_2_web-150x100.jpg 150w\" sizes=\"(max-width: 770px) 100vw, 770px\" \/><\/p>\n<p>Neben ihnen nahmen auch Jasmin Salihovi\u0107, IT-Experte bei der Firma DCCS GmbH, Denis \u010cavki\u0107, erfolgreicher Manager und Mitglied der Gesellschaft Bosnischer Akademiker in \u00d6sterreich, sowie Prof. Drago Talijan, Vertreter der Alumni-Vereinigung der Maschinenbaufakult\u00e4t Banja Luka, teil. Eine besondere Rolle spielte Lejla Otanovi\u0107, Botschafterin der Technischen Universit\u00e4t Graz f\u00fcr Bosnien und Herzegowina, die aktiv Bildungsangebote f\u00fcr bosnisch-herzegowinische Studierende f\u00f6rdert. Am Treffen nahm auch der Ehrenkonsul von Bosnien und Herzegowina in der Steiermark, Dr. J\u00f6rg Hofreiter, als Vertreter der Botschaft von Bosnien und Herzegowina in \u00d6sterreich teil und beteiligte sich an der Diskussion.<\/p>\n\n\t\t<style type=\"text\/css\">\n\t\t\t#gallery-1 {\n\t\t\t\tmargin: auto;\n\t\t\t}\n\t\t\t#gallery-1 .gallery-item {\n\t\t\t\tfloat: left;\n\t\t\t\tmargin-top: 10px;\n\t\t\t\ttext-align: center;\n\t\t\t\twidth: 33%;\n\t\t\t}\n\t\t\t#gallery-1 img {\n\t\t\t\tborder: 2px solid #cfcfcf;\n\t\t\t}\n\t\t\t#gallery-1 .gallery-caption {\n\t\t\t\tmargin-left: 0;\n\t\t\t}\n\t\t\t\/* see gallery_shortcode() in wp-includes\/media.php *\/\n\t\t<\/style>\n\t\t<div id='gallery-1' class='gallery galleryid-3569 gallery-columns-3 gallery-size-medium'><dl class='gallery-item'>\n\t\t\t<dt class='gallery-icon landscape'>\n\t\t\t\t<a href='https:\/\/www.bhakademiker.org\/de\/2024\/10\/20\/wirtschaftstreffen-in-graz\/denis_web\/'><img decoding=\"async\" width=\"300\" height=\"200\" src=\"https:\/\/www.bhakademiker.org\/wp-content\/uploads\/2024\/10\/Denis_web-300x200.jpg\" class=\"attachment-medium size-medium\" alt=\"\" srcset=\"https:\/\/www.bhakademiker.org\/wp-content\/uploads\/2024\/10\/Denis_web-300x200.jpg 300w, https:\/\/www.bhakademiker.org\/wp-content\/uploads\/2024\/10\/Denis_web-1024x681.jpg 1024w, https:\/\/www.bhakademiker.org\/wp-content\/uploads\/2024\/10\/Denis_web-768x511.jpg 768w, https:\/\/www.bhakademiker.org\/wp-content\/uploads\/2024\/10\/Denis_web-1536x1022.jpg 1536w, https:\/\/www.bhakademiker.org\/wp-content\/uploads\/2024\/10\/Denis_web-2048x1363.jpg 2048w, https:\/\/www.bhakademiker.org\/wp-content\/uploads\/2024\/10\/Denis_web-18x12.jpg 18w, https:\/\/www.bhakademiker.org\/wp-content\/uploads\/2024\/10\/Denis_web-500x335.jpg 500w, https:\/\/www.bhakademiker.org\/wp-content\/uploads\/2024\/10\/Denis_web-150x100.jpg 150w\" sizes=\"(max-width: 300px) 100vw, 300px\" \/><\/a>\n\t\t\t<\/dt><\/dl><dl class='gallery-item'>\n\t\t\t<dt class='gallery-icon landscape'>\n\t\t\t\t<a href='https:\/\/www.bhakademiker.org\/de\/2024\/10\/20\/wirtschaftstreffen-in-graz\/drago_web\/'><img decoding=\"async\" width=\"300\" height=\"200\" src=\"https:\/\/www.bhakademiker.org\/wp-content\/uploads\/2024\/10\/Drago_web-300x200.jpg\" class=\"attachment-medium size-medium\" alt=\"\" srcset=\"https:\/\/www.bhakademiker.org\/wp-content\/uploads\/2024\/10\/Drago_web-300x200.jpg 300w, https:\/\/www.bhakademiker.org\/wp-content\/uploads\/2024\/10\/Drago_web-1024x681.jpg 1024w, https:\/\/www.bhakademiker.org\/wp-content\/uploads\/2024\/10\/Drago_web-768x511.jpg 768w, https:\/\/www.bhakademiker.org\/wp-content\/uploads\/2024\/10\/Drago_web-1536x1022.jpg 1536w, https:\/\/www.bhakademiker.org\/wp-content\/uploads\/2024\/10\/Drago_web-2048x1363.jpg 2048w, https:\/\/www.bhakademiker.org\/wp-content\/uploads\/2024\/10\/Drago_web-18x12.jpg 18w, https:\/\/www.bhakademiker.org\/wp-content\/uploads\/2024\/10\/Drago_web-500x335.jpg 500w, https:\/\/www.bhakademiker.org\/wp-content\/uploads\/2024\/10\/Drago_web-150x100.jpg 150w\" sizes=\"(max-width: 300px) 100vw, 300px\" \/><\/a>\n\t\t\t<\/dt><\/dl><dl class='gallery-item'>\n\t\t\t<dt class='gallery-icon landscape'>\n\t\t\t\t<a href='https:\/\/www.bhakademiker.org\/de\/2024\/10\/20\/wirtschaftstreffen-in-graz\/jasmin_web\/'><img loading=\"lazy\" decoding=\"async\" width=\"300\" height=\"200\" src=\"https:\/\/www.bhakademiker.org\/wp-content\/uploads\/2024\/10\/Jasmin_web-300x200.jpg\" class=\"attachment-medium size-medium\" alt=\"\" srcset=\"https:\/\/www.bhakademiker.org\/wp-content\/uploads\/2024\/10\/Jasmin_web-300x200.jpg 300w, https:\/\/www.bhakademiker.org\/wp-content\/uploads\/2024\/10\/Jasmin_web-1024x681.jpg 1024w, https:\/\/www.bhakademiker.org\/wp-content\/uploads\/2024\/10\/Jasmin_web-768x511.jpg 768w, https:\/\/www.bhakademiker.org\/wp-content\/uploads\/2024\/10\/Jasmin_web-1536x1022.jpg 1536w, https:\/\/www.bhakademiker.org\/wp-content\/uploads\/2024\/10\/Jasmin_web-2048x1363.jpg 2048w, https:\/\/www.bhakademiker.org\/wp-content\/uploads\/2024\/10\/Jasmin_web-18x12.jpg 18w, https:\/\/www.bhakademiker.org\/wp-content\/uploads\/2024\/10\/Jasmin_web-500x335.jpg 500w, https:\/\/www.bhakademiker.org\/wp-content\/uploads\/2024\/10\/Jasmin_web-150x100.jpg 150w\" sizes=\"(max-width: 300px) 100vw, 300px\" \/><\/a>\n\t\t\t<\/dt><\/dl><br style=\"clear: both\" \/><dl class='gallery-item'>\n\t\t\t<dt class='gallery-icon landscape'>\n\t\t\t\t<a href='https:\/\/www.bhakademiker.org\/de\/2024\/10\/20\/wirtschaftstreffen-in-graz\/joerg_web\/'><img loading=\"lazy\" decoding=\"async\" width=\"300\" height=\"200\" src=\"https:\/\/www.bhakademiker.org\/wp-content\/uploads\/2024\/10\/Jorg_web-300x200.jpg\" class=\"attachment-medium size-medium\" alt=\"\" srcset=\"https:\/\/www.bhakademiker.org\/wp-content\/uploads\/2024\/10\/Jorg_web-300x200.jpg 300w, https:\/\/www.bhakademiker.org\/wp-content\/uploads\/2024\/10\/Jorg_web-1024x681.jpg 1024w, https:\/\/www.bhakademiker.org\/wp-content\/uploads\/2024\/10\/Jorg_web-768x511.jpg 768w, https:\/\/www.bhakademiker.org\/wp-content\/uploads\/2024\/10\/Jorg_web-1536x1022.jpg 1536w, https:\/\/www.bhakademiker.org\/wp-content\/uploads\/2024\/10\/Jorg_web-2048x1363.jpg 2048w, https:\/\/www.bhakademiker.org\/wp-content\/uploads\/2024\/10\/Jorg_web-18x12.jpg 18w, https:\/\/www.bhakademiker.org\/wp-content\/uploads\/2024\/10\/Jorg_web-500x335.jpg 500w, https:\/\/www.bhakademiker.org\/wp-content\/uploads\/2024\/10\/Jorg_web-150x100.jpg 150w\" sizes=\"(max-width: 300px) 100vw, 300px\" \/><\/a>\n\t\t\t<\/dt><\/dl><dl class='gallery-item'>\n\t\t\t<dt class='gallery-icon landscape'>\n\t\t\t\t<a href='https:\/\/www.bhakademiker.org\/de\/2024\/10\/20\/wirtschaftstreffen-in-graz\/studentica_web\/'><img loading=\"lazy\" decoding=\"async\" width=\"300\" height=\"300\" src=\"https:\/\/www.bhakademiker.org\/wp-content\/uploads\/2024\/10\/Studentica_web-300x300.jpg\" class=\"attachment-medium size-medium\" alt=\"\" srcset=\"https:\/\/www.bhakademiker.org\/wp-content\/uploads\/2024\/10\/Studentica_web-300x300.jpg 300w, https:\/\/www.bhakademiker.org\/wp-content\/uploads\/2024\/10\/Studentica_web-1024x1024.jpg 1024w, https:\/\/www.bhakademiker.org\/wp-content\/uploads\/2024\/10\/Studentica_web-150x150.jpg 150w, https:\/\/www.bhakademiker.org\/wp-content\/uploads\/2024\/10\/Studentica_web-768x768.jpg 768w, https:\/\/www.bhakademiker.org\/wp-content\/uploads\/2024\/10\/Studentica_web-1536x1536.jpg 1536w, https:\/\/www.bhakademiker.org\/wp-content\/uploads\/2024\/10\/Studentica_web-2048x2048.jpg 2048w, https:\/\/www.bhakademiker.org\/wp-content\/uploads\/2024\/10\/Studentica_web-12x12.jpg 12w, https:\/\/www.bhakademiker.org\/wp-content\/uploads\/2024\/10\/Studentica_web-266x266.jpg 266w, https:\/\/www.bhakademiker.org\/wp-content\/uploads\/2024\/10\/Studentica_web-70x70.jpg 70w, https:\/\/www.bhakademiker.org\/wp-content\/uploads\/2024\/10\/Studentica_web-50x50.jpg 50w\" sizes=\"(max-width: 300px) 100vw, 300px\" \/><\/a>\n\t\t\t<\/dt><\/dl>\n\t\t\t<br style='clear: both' \/>\n\t\t<\/div>\n\n<p>Das Treffen zog auch eine bedeutende Anzahl von Unternehmen aus Bosnien und Herzegowina an, die durch dynamische Interaktionen das Potenzial des \u00f6sterreichischen Marktes erkannten. Der Austausch von Ideen und Kontakten er\u00f6ffnete T\u00fcren f\u00fcr zuk\u00fcnftige Projekte, mit einem klaren Fokus auf die St\u00e4rkung der wirtschaftlichen Zusammenarbeit zwischen den beiden L\u00e4ndern.<\/p>\n<p>Der Pr\u00e4sident der Gesellschaft Bosnischer Akademiker in \u00d6sterreich, Sira\u0111 Duhan, betonte, dass dieses Ereignis das enorme Potenzial f\u00fcr die Zusammenarbeit symbolisiert: <em>\u201eDurch solche Initiativen schaffen wir die Grundlage f\u00fcr langfristige Verbindungen, die sowohl Bosnien und Herzegowina als auch \u00d6sterreich zugutekommen werden. Vernetzung, Wissen und gemeinsame Arbeit sind der Schl\u00fcssel f\u00fcr unsere gemeinsame wirtschaftliche Zukunft.\u201d<\/em><\/p>\n<p><img loading=\"lazy\" decoding=\"async\" class=\"size-medium wp-image-3581 aligncenter\" src=\"https:\/\/www.bhakademiker.org\/wp-content\/uploads\/2024\/10\/Siradj_web-300x199.jpg\" alt=\"\" width=\"300\" height=\"199\" srcset=\"https:\/\/www.bhakademiker.org\/wp-content\/uploads\/2024\/10\/Siradj_web-300x199.jpg 300w, https:\/\/www.bhakademiker.org\/wp-content\/uploads\/2024\/10\/Siradj_web-1024x680.jpg 1024w, https:\/\/www.bhakademiker.org\/wp-content\/uploads\/2024\/10\/Siradj_web-768x510.jpg 768w, https:\/\/www.bhakademiker.org\/wp-content\/uploads\/2024\/10\/Siradj_web-1536x1019.jpg 1536w, https:\/\/www.bhakademiker.org\/wp-content\/uploads\/2024\/10\/Siradj_web-18x12.jpg 18w, https:\/\/www.bhakademiker.org\/wp-content\/uploads\/2024\/10\/Siradj_web-150x100.jpg 150w, https:\/\/www.bhakademiker.org\/wp-content\/uploads\/2024\/10\/Siradj_web.jpg 1953w\" sizes=\"(max-width: 300px) 100vw, 300px\" \/><\/p>\n<p>Besonderes Interesse weckte ein USAID-Video \u00fcber Bosnien und Herzegowina als neue Gesch\u00e4ftsdestination, das die Diskussion \u00fcber die wachsenden Potenziale der Region und Investitionsm\u00f6glichkeiten zus\u00e4tzlich inspirierte.<\/p>\n<p>Am Ende des Treffens wurden die Teilnehmer dazu aufgerufen, das Networking und die Zusammenarbeit im informellen Teil des Programms fortzusetzen, mit dem Optimismus, dass im kommenden Jahr noch mehr Partner zusammenkommen werden.<\/p>\n<p>Ein besonderer Aufruf kam von Prof. Drago Talijan, der vorschlug, im kommenden Jahr ein \u00e4hnliches Treffen gemeinsam in Banja Luka zu veranstalten.<\/p>\n<p>Dieses erste Wirtschaftstreffen in Graz legt solide Grundlagen f\u00fcr die zuk\u00fcnftige wirtschaftliche Zusammenarbeit zwischen Bosnien und Herzegowina und \u00d6sterreich. Die Gesellschaft Bosnischer Akademiker in \u00d6sterreich bleibt engagiert, den Gesch\u00e4ftsf\u00fchrern bei der Schaffung neuer Br\u00fccken zu unterst\u00fctzen und bietet eine Plattform f\u00fcr langfristige Vernetzung und wirtschaftlichen Fortschritt.<\/p>\n<p>Mit starkem Applaus wurde die charmante Moderatorin Sandra Ale\u0161evi\u0107 f\u00fcr ihre erfolgreiche Moderation des gesamten Treffens belohnt.<\/p>\n<p><img loading=\"lazy\" decoding=\"async\" class=\"size-medium wp-image-3582 aligncenter\" src=\"https:\/\/www.bhakademiker.org\/wp-content\/uploads\/2024\/10\/Sandra_web-300x300.jpg\" alt=\"\" width=\"300\" height=\"300\" srcset=\"https:\/\/www.bhakademiker.org\/wp-content\/uploads\/2024\/10\/Sandra_web-300x300.jpg 300w, https:\/\/www.bhakademiker.org\/wp-content\/uploads\/2024\/10\/Sandra_web-1024x1024.jpg 1024w, https:\/\/www.bhakademiker.org\/wp-content\/uploads\/2024\/10\/Sandra_web-150x150.jpg 150w, https:\/\/www.bhakademiker.org\/wp-content\/uploads\/2024\/10\/Sandra_web-768x768.jpg 768w, https:\/\/www.bhakademiker.org\/wp-content\/uploads\/2024\/10\/Sandra_web-1536x1536.jpg 1536w, https:\/\/www.bhakademiker.org\/wp-content\/uploads\/2024\/10\/Sandra_web-2048x2048.jpg 2048w, https:\/\/www.bhakademiker.org\/wp-content\/uploads\/2024\/10\/Sandra_web-12x12.jpg 12w, https:\/\/www.bhakademiker.org\/wp-content\/uploads\/2024\/10\/Sandra_web-266x266.jpg 266w, https:\/\/www.bhakademiker.org\/wp-content\/uploads\/2024\/10\/Sandra_web-70x70.jpg 70w, https:\/\/www.bhakademiker.org\/wp-content\/uploads\/2024\/10\/Sandra_web-50x50.jpg 50w\" sizes=\"(max-width: 300px) 100vw, 300px\" \/><\/p>\n<p>Noch ein paar Eindr\u00fccke vom Treffen:<\/p>\n\n\t\t<style type=\"text\/css\">\n\t\t\t#gallery-2 {\n\t\t\t\tmargin: auto;\n\t\t\t}\n\t\t\t#gallery-2 .gallery-item {\n\t\t\t\tfloat: left;\n\t\t\t\tmargin-top: 10px;\n\t\t\t\ttext-align: center;\n\t\t\t\twidth: 33%;\n\t\t\t}\n\t\t\t#gallery-2 img {\n\t\t\t\tborder: 2px solid #cfcfcf;\n\t\t\t}\n\t\t\t#gallery-2 .gallery-caption {\n\t\t\t\tmargin-left: 0;\n\t\t\t}\n\t\t\t\/* see gallery_shortcode() in wp-includes\/media.php *\/\n\t\t<\/style>\n\t\t<div id='gallery-2' class='gallery galleryid-3569 gallery-columns-3 gallery-size-medium'><dl class='gallery-item'>\n\t\t\t<dt class='gallery-icon landscape'>\n\t\t\t\t<a href='https:\/\/www.bhakademiker.org\/de\/2024\/10\/20\/wirtschaftstreffen-in-graz\/km-1369\/'><img loading=\"lazy\" decoding=\"async\" width=\"300\" height=\"200\" src=\"https:\/\/www.bhakademiker.org\/wp-content\/uploads\/2024\/10\/KM-1369-300x200.jpg\" class=\"attachment-medium size-medium\" alt=\"\" srcset=\"https:\/\/www.bhakademiker.org\/wp-content\/uploads\/2024\/10\/KM-1369-300x200.jpg 300w, https:\/\/www.bhakademiker.org\/wp-content\/uploads\/2024\/10\/KM-1369-1024x681.jpg 1024w, https:\/\/www.bhakademiker.org\/wp-content\/uploads\/2024\/10\/KM-1369-768x511.jpg 768w, https:\/\/www.bhakademiker.org\/wp-content\/uploads\/2024\/10\/KM-1369-1536x1022.jpg 1536w, https:\/\/www.bhakademiker.org\/wp-content\/uploads\/2024\/10\/KM-1369-2048x1363.jpg 2048w, https:\/\/www.bhakademiker.org\/wp-content\/uploads\/2024\/10\/KM-1369-18x12.jpg 18w, https:\/\/www.bhakademiker.org\/wp-content\/uploads\/2024\/10\/KM-1369-500x335.jpg 500w, https:\/\/www.bhakademiker.org\/wp-content\/uploads\/2024\/10\/KM-1369-150x100.jpg 150w\" sizes=\"(max-width: 300px) 100vw, 300px\" \/><\/a>\n\t\t\t<\/dt><\/dl><dl class='gallery-item'>\n\t\t\t<dt class='gallery-icon landscape'>\n\t\t\t\t<a href='https:\/\/www.bhakademiker.org\/de\/2024\/10\/20\/wirtschaftstreffen-in-graz\/km-1389\/'><img loading=\"lazy\" decoding=\"async\" width=\"300\" height=\"300\" src=\"https:\/\/www.bhakademiker.org\/wp-content\/uploads\/2024\/10\/KM-1389-300x300.jpg\" class=\"attachment-medium size-medium\" alt=\"\" srcset=\"https:\/\/www.bhakademiker.org\/wp-content\/uploads\/2024\/10\/KM-1389-300x300.jpg 300w, https:\/\/www.bhakademiker.org\/wp-content\/uploads\/2024\/10\/KM-1389-1024x1024.jpg 1024w, https:\/\/www.bhakademiker.org\/wp-content\/uploads\/2024\/10\/KM-1389-150x150.jpg 150w, https:\/\/www.bhakademiker.org\/wp-content\/uploads\/2024\/10\/KM-1389-768x768.jpg 768w, https:\/\/www.bhakademiker.org\/wp-content\/uploads\/2024\/10\/KM-1389-1536x1536.jpg 1536w, https:\/\/www.bhakademiker.org\/wp-content\/uploads\/2024\/10\/KM-1389-2048x2048.jpg 2048w, https:\/\/www.bhakademiker.org\/wp-content\/uploads\/2024\/10\/KM-1389-12x12.jpg 12w, https:\/\/www.bhakademiker.org\/wp-content\/uploads\/2024\/10\/KM-1389-266x266.jpg 266w, https:\/\/www.bhakademiker.org\/wp-content\/uploads\/2024\/10\/KM-1389-70x70.jpg 70w, https:\/\/www.bhakademiker.org\/wp-content\/uploads\/2024\/10\/KM-1389-50x50.jpg 50w\" sizes=\"(max-width: 300px) 100vw, 300px\" \/><\/a>\n\t\t\t<\/dt><\/dl><dl class='gallery-item'>\n\t\t\t<dt class='gallery-icon landscape'>\n\t\t\t\t<a href='https:\/\/www.bhakademiker.org\/de\/2024\/10\/20\/wirtschaftstreffen-in-graz\/km-1396\/'><img loading=\"lazy\" decoding=\"async\" width=\"300\" height=\"200\" src=\"https:\/\/www.bhakademiker.org\/wp-content\/uploads\/2024\/10\/KM-1396-300x200.jpg\" class=\"attachment-medium size-medium\" alt=\"\" srcset=\"https:\/\/www.bhakademiker.org\/wp-content\/uploads\/2024\/10\/KM-1396-300x200.jpg 300w, https:\/\/www.bhakademiker.org\/wp-content\/uploads\/2024\/10\/KM-1396-1024x681.jpg 1024w, https:\/\/www.bhakademiker.org\/wp-content\/uploads\/2024\/10\/KM-1396-768x511.jpg 768w, https:\/\/www.bhakademiker.org\/wp-content\/uploads\/2024\/10\/KM-1396-1536x1022.jpg 1536w, https:\/\/www.bhakademiker.org\/wp-content\/uploads\/2024\/10\/KM-1396-2048x1363.jpg 2048w, https:\/\/www.bhakademiker.org\/wp-content\/uploads\/2024\/10\/KM-1396-18x12.jpg 18w, https:\/\/www.bhakademiker.org\/wp-content\/uploads\/2024\/10\/KM-1396-500x335.jpg 500w, https:\/\/www.bhakademiker.org\/wp-content\/uploads\/2024\/10\/KM-1396-150x100.jpg 150w\" sizes=\"(max-width: 300px) 100vw, 300px\" \/><\/a>\n\t\t\t<\/dt><\/dl><br style=\"clear: both\" \/><dl class='gallery-item'>\n\t\t\t<dt class='gallery-icon landscape'>\n\t\t\t\t<a href='https:\/\/www.bhakademiker.org\/de\/2024\/10\/20\/wirtschaftstreffen-in-graz\/km-1398\/'><img loading=\"lazy\" decoding=\"async\" width=\"300\" height=\"200\" src=\"https:\/\/www.bhakademiker.org\/wp-content\/uploads\/2024\/10\/KM-1398-300x200.jpg\" class=\"attachment-medium size-medium\" alt=\"\" srcset=\"https:\/\/www.bhakademiker.org\/wp-content\/uploads\/2024\/10\/KM-1398-300x200.jpg 300w, https:\/\/www.bhakademiker.org\/wp-content\/uploads\/2024\/10\/KM-1398-1024x681.jpg 1024w, https:\/\/www.bhakademiker.org\/wp-content\/uploads\/2024\/10\/KM-1398-768x511.jpg 768w, https:\/\/www.bhakademiker.org\/wp-content\/uploads\/2024\/10\/KM-1398-1536x1022.jpg 1536w, https:\/\/www.bhakademiker.org\/wp-content\/uploads\/2024\/10\/KM-1398-2048x1363.jpg 2048w, https:\/\/www.bhakademiker.org\/wp-content\/uploads\/2024\/10\/KM-1398-18x12.jpg 18w, https:\/\/www.bhakademiker.org\/wp-content\/uploads\/2024\/10\/KM-1398-500x335.jpg 500w, https:\/\/www.bhakademiker.org\/wp-content\/uploads\/2024\/10\/KM-1398-150x100.jpg 150w\" sizes=\"(max-width: 300px) 100vw, 300px\" \/><\/a>\n\t\t\t<\/dt><\/dl><dl class='gallery-item'>\n\t\t\t<dt class='gallery-icon portrait'>\n\t\t\t\t<a href='https:\/\/www.bhakademiker.org\/de\/2024\/10\/20\/wirtschaftstreffen-in-graz\/km-1416\/'><img loading=\"lazy\" decoding=\"async\" width=\"242\" height=\"300\" src=\"https:\/\/www.bhakademiker.org\/wp-content\/uploads\/2024\/10\/KM-1416-242x300.jpg\" class=\"attachment-medium size-medium\" alt=\"\" srcset=\"https:\/\/www.bhakademiker.org\/wp-content\/uploads\/2024\/10\/KM-1416-242x300.jpg 242w, https:\/\/www.bhakademiker.org\/wp-content\/uploads\/2024\/10\/KM-1416-827x1024.jpg 827w, https:\/\/www.bhakademiker.org\/wp-content\/uploads\/2024\/10\/KM-1416-768x951.jpg 768w, https:\/\/www.bhakademiker.org\/wp-content\/uploads\/2024\/10\/KM-1416-1240x1536.jpg 1240w, https:\/\/www.bhakademiker.org\/wp-content\/uploads\/2024\/10\/KM-1416-1654x2048.jpg 1654w, https:\/\/www.bhakademiker.org\/wp-content\/uploads\/2024\/10\/KM-1416-10x12.jpg 10w\" sizes=\"(max-width: 242px) 100vw, 242px\" \/><\/a>\n\t\t\t<\/dt><\/dl><dl class='gallery-item'>\n\t\t\t<dt class='gallery-icon landscape'>\n\t\t\t\t<a href='https:\/\/www.bhakademiker.org\/de\/2024\/10\/20\/wirtschaftstreffen-in-graz\/km-1428\/'><img loading=\"lazy\" decoding=\"async\" width=\"300\" height=\"200\" src=\"https:\/\/www.bhakademiker.org\/wp-content\/uploads\/2024\/10\/KM-1428-300x200.jpg\" class=\"attachment-medium size-medium\" alt=\"\" srcset=\"https:\/\/www.bhakademiker.org\/wp-content\/uploads\/2024\/10\/KM-1428-300x200.jpg 300w, https:\/\/www.bhakademiker.org\/wp-content\/uploads\/2024\/10\/KM-1428-1024x681.jpg 1024w, https:\/\/www.bhakademiker.org\/wp-content\/uploads\/2024\/10\/KM-1428-768x511.jpg 768w, https:\/\/www.bhakademiker.org\/wp-content\/uploads\/2024\/10\/KM-1428-1536x1022.jpg 1536w, https:\/\/www.bhakademiker.org\/wp-content\/uploads\/2024\/10\/KM-1428-2048x1363.jpg 2048w, https:\/\/www.bhakademiker.org\/wp-content\/uploads\/2024\/10\/KM-1428-18x12.jpg 18w, https:\/\/www.bhakademiker.org\/wp-content\/uploads\/2024\/10\/KM-1428-500x335.jpg 500w, https:\/\/www.bhakademiker.org\/wp-content\/uploads\/2024\/10\/KM-1428-150x100.jpg 150w\" sizes=\"(max-width: 300px) 100vw, 300px\" \/><\/a>\n\t\t\t<\/dt><\/dl><br style=\"clear: both\" \/><dl class='gallery-item'>\n\t\t\t<dt class='gallery-icon landscape'>\n\t\t\t\t<a href='https:\/\/www.bhakademiker.org\/de\/2024\/10\/20\/wirtschaftstreffen-in-graz\/km-1480\/'><img loading=\"lazy\" decoding=\"async\" width=\"300\" height=\"200\" src=\"https:\/\/www.bhakademiker.org\/wp-content\/uploads\/2024\/10\/KM-1480-300x200.jpg\" class=\"attachment-medium size-medium\" alt=\"\" srcset=\"https:\/\/www.bhakademiker.org\/wp-content\/uploads\/2024\/10\/KM-1480-300x200.jpg 300w, https:\/\/www.bhakademiker.org\/wp-content\/uploads\/2024\/10\/KM-1480-1024x681.jpg 1024w, https:\/\/www.bhakademiker.org\/wp-content\/uploads\/2024\/10\/KM-1480-768x511.jpg 768w, https:\/\/www.bhakademiker.org\/wp-content\/uploads\/2024\/10\/KM-1480-1536x1022.jpg 1536w, https:\/\/www.bhakademiker.org\/wp-content\/uploads\/2024\/10\/KM-1480-2048x1363.jpg 2048w, https:\/\/www.bhakademiker.org\/wp-content\/uploads\/2024\/10\/KM-1480-18x12.jpg 18w, https:\/\/www.bhakademiker.org\/wp-content\/uploads\/2024\/10\/KM-1480-500x335.jpg 500w, https:\/\/www.bhakademiker.org\/wp-content\/uploads\/2024\/10\/KM-1480-150x100.jpg 150w\" sizes=\"(max-width: 300px) 100vw, 300px\" \/><\/a>\n\t\t\t<\/dt><\/dl><dl class='gallery-item'>\n\t\t\t<dt class='gallery-icon landscape'>\n\t\t\t\t<a href='https:\/\/www.bhakademiker.org\/de\/2024\/10\/20\/wirtschaftstreffen-in-graz\/km-1485\/'><img loading=\"lazy\" decoding=\"async\" width=\"300\" height=\"200\" src=\"https:\/\/www.bhakademiker.org\/wp-content\/uploads\/2024\/10\/KM-1485-300x200.jpg\" class=\"attachment-medium size-medium\" alt=\"\" srcset=\"https:\/\/www.bhakademiker.org\/wp-content\/uploads\/2024\/10\/KM-1485-300x200.jpg 300w, https:\/\/www.bhakademiker.org\/wp-content\/uploads\/2024\/10\/KM-1485-1024x681.jpg 1024w, https:\/\/www.bhakademiker.org\/wp-content\/uploads\/2024\/10\/KM-1485-768x511.jpg 768w, https:\/\/www.bhakademiker.org\/wp-content\/uploads\/2024\/10\/KM-1485-1536x1022.jpg 1536w, https:\/\/www.bhakademiker.org\/wp-content\/uploads\/2024\/10\/KM-1485-2048x1363.jpg 2048w, https:\/\/www.bhakademiker.org\/wp-content\/uploads\/2024\/10\/KM-1485-18x12.jpg 18w, https:\/\/www.bhakademiker.org\/wp-content\/uploads\/2024\/10\/KM-1485-500x335.jpg 500w, https:\/\/www.bhakademiker.org\/wp-content\/uploads\/2024\/10\/KM-1485-150x100.jpg 150w\" sizes=\"(max-width: 300px) 100vw, 300px\" \/><\/a>\n\t\t\t<\/dt><\/dl><dl class='gallery-item'>\n\t\t\t<dt class='gallery-icon landscape'>\n\t\t\t\t<a href='https:\/\/www.bhakademiker.org\/de\/2024\/10\/20\/wirtschaftstreffen-in-graz\/km-1486\/'><img loading=\"lazy\" decoding=\"async\" width=\"300\" height=\"200\" src=\"https:\/\/www.bhakademiker.org\/wp-content\/uploads\/2024\/10\/KM-1486-300x200.jpg\" class=\"attachment-medium size-medium\" alt=\"\" srcset=\"https:\/\/www.bhakademiker.org\/wp-content\/uploads\/2024\/10\/KM-1486-300x200.jpg 300w, https:\/\/www.bhakademiker.org\/wp-content\/uploads\/2024\/10\/KM-1486-1024x681.jpg 1024w, https:\/\/www.bhakademiker.org\/wp-content\/uploads\/2024\/10\/KM-1486-768x511.jpg 768w, https:\/\/www.bhakademiker.org\/wp-content\/uploads\/2024\/10\/KM-1486-1536x1022.jpg 1536w, https:\/\/www.bhakademiker.org\/wp-content\/uploads\/2024\/10\/KM-1486-2048x1363.jpg 2048w, https:\/\/www.bhakademiker.org\/wp-content\/uploads\/2024\/10\/KM-1486-18x12.jpg 18w, https:\/\/www.bhakademiker.org\/wp-content\/uploads\/2024\/10\/KM-1486-500x335.jpg 500w, https:\/\/www.bhakademiker.org\/wp-content\/uploads\/2024\/10\/KM-1486-150x100.jpg 150w\" sizes=\"(max-width: 300px) 100vw, 300px\" \/><\/a>\n\t\t\t<\/dt><\/dl><br style=\"clear: both\" \/><dl class='gallery-item'>\n\t\t\t<dt class='gallery-icon landscape'>\n\t\t\t\t<a href='https:\/\/www.bhakademiker.org\/de\/2024\/10\/20\/wirtschaftstreffen-in-graz\/km-1531\/'><img loading=\"lazy\" decoding=\"async\" width=\"300\" height=\"200\" src=\"https:\/\/www.bhakademiker.org\/wp-content\/uploads\/2024\/10\/KM-1531-300x200.jpg\" class=\"attachment-medium size-medium\" alt=\"\" srcset=\"https:\/\/www.bhakademiker.org\/wp-content\/uploads\/2024\/10\/KM-1531-300x200.jpg 300w, https:\/\/www.bhakademiker.org\/wp-content\/uploads\/2024\/10\/KM-1531-1024x681.jpg 1024w, https:\/\/www.bhakademiker.org\/wp-content\/uploads\/2024\/10\/KM-1531-768x511.jpg 768w, https:\/\/www.bhakademiker.org\/wp-content\/uploads\/2024\/10\/KM-1531-1536x1022.jpg 1536w, https:\/\/www.bhakademiker.org\/wp-content\/uploads\/2024\/10\/KM-1531-2048x1363.jpg 2048w, https:\/\/www.bhakademiker.org\/wp-content\/uploads\/2024\/10\/KM-1531-18x12.jpg 18w, https:\/\/www.bhakademiker.org\/wp-content\/uploads\/2024\/10\/KM-1531-500x335.jpg 500w, https:\/\/www.bhakademiker.org\/wp-content\/uploads\/2024\/10\/KM-1531-150x100.jpg 150w\" sizes=\"(max-width: 300px) 100vw, 300px\" \/><\/a>\n\t\t\t<\/dt><\/dl><dl class='gallery-item'>\n\t\t\t<dt class='gallery-icon landscape'>\n\t\t\t\t<a href='https:\/\/www.bhakademiker.org\/de\/2024\/10\/20\/wirtschaftstreffen-in-graz\/km-1656\/'><img loading=\"lazy\" decoding=\"async\" width=\"300\" height=\"200\" src=\"https:\/\/www.bhakademiker.org\/wp-content\/uploads\/2024\/10\/KM-1656-300x200.jpg\" class=\"attachment-medium size-medium\" alt=\"\" srcset=\"https:\/\/www.bhakademiker.org\/wp-content\/uploads\/2024\/10\/KM-1656-300x200.jpg 300w, https:\/\/www.bhakademiker.org\/wp-content\/uploads\/2024\/10\/KM-1656-1024x681.jpg 1024w, https:\/\/www.bhakademiker.org\/wp-content\/uploads\/2024\/10\/KM-1656-768x511.jpg 768w, https:\/\/www.bhakademiker.org\/wp-content\/uploads\/2024\/10\/KM-1656-1536x1022.jpg 1536w, https:\/\/www.bhakademiker.org\/wp-content\/uploads\/2024\/10\/KM-1656-2048x1363.jpg 2048w, https:\/\/www.bhakademiker.org\/wp-content\/uploads\/2024\/10\/KM-1656-18x12.jpg 18w, https:\/\/www.bhakademiker.org\/wp-content\/uploads\/2024\/10\/KM-1656-500x335.jpg 500w, https:\/\/www.bhakademiker.org\/wp-content\/uploads\/2024\/10\/KM-1656-150x100.jpg 150w\" sizes=\"(max-width: 300px) 100vw, 300px\" \/><\/a>\n\t\t\t<\/dt><\/dl>\n\t\t\t<br style='clear: both' \/>\n\t\t<\/div>\n\n","protected":false},"excerpt":{"rendered":"<p>12.10.2024 (Graz, \u00d6)<\/p>\n","protected":false},"author":1,"featured_media":3574,"comment_status":"closed","ping_status":"closed","sticky":false,"template":"","format":"standard","meta":{"footnotes":""},"categories":[69],"tags":[],"class_list":["post-3569","post","type-post","status-publish","format-standard","has-post-thumbnail","hentry","category-wirtschaft"],"yoast_head":"<!-- This site is optimized with the Yoast SEO plugin v20.3 - https:\/\/yoast.com\/wordpress\/plugins\/seo\/ -->\n<title>BiH st\u00e4mmigen Unternehmer - Gesellschaft Bosnischer Akademiker<\/title>\n<meta name=\"description\" content=\"12.10.2024 (Graz, \u00d6)\" \/>\n<meta name=\"robots\" content=\"index, follow, max-snippet:-1, max-image-preview:large, max-video-preview:-1\" \/>\n<link rel=\"canonical\" href=\"https:\/\/www.bhakademiker.org\/de\/2024\/10\/20\/wirtschaftstreffen-in-graz\/\" \/>\n<meta property=\"og:locale\" content=\"de_DE\" \/>\n<meta property=\"og:type\" content=\"article\" \/>\n<meta property=\"og:title\" content=\"12.10.2024 (Graz, \u00d6)\" \/>\n<meta property=\"og:description\" content=\"12.10.2024 (Graz, \u00d6)\" \/>\n<meta property=\"og:url\" content=\"https:\/\/www.bhakademiker.org\/de\/2024\/10\/20\/wirtschaftstreffen-in-graz\/\" \/>\n<meta property=\"og:site_name\" content=\"Gesellschaft Bosnischer Akademiker\" \/>\n<meta property=\"article:published_time\" content=\"2024-10-20T11:03:01+00:00\" \/>\n<meta property=\"article:modified_time\" content=\"2024-10-20T17:50:15+00:00\" \/>\n<meta property=\"og:image\" content=\"https:\/\/www.bhakademiker.org\/wp-content\/uploads\/2024\/10\/1-publika_web-scaled.jpg\" \/>\n\t<meta property=\"og:image:width\" content=\"2560\" \/>\n\t<meta property=\"og:image:height\" content=\"1703\" \/>\n\t<meta property=\"og:image:type\" content=\"image\/jpeg\" \/>\n<meta name=\"author\" content=\"BanKulin\" \/>\n<meta name=\"twitter:card\" content=\"summary_large_image\" \/>\n<meta name=\"twitter:title\" content=\"12.10.2024 (Graz, \u00d6)\" \/>\n<meta name=\"twitter:image\" content=\"https:\/\/www.bhakademiker.org\/wp-content\/uploads\/2024\/10\/1-publika_web-scaled.jpg\" \/>\n<meta name=\"twitter:label1\" content=\"Verfasst von\" \/>\n\t<meta name=\"twitter:data1\" content=\"BanKulin\" \/>\n\t<meta name=\"twitter:label2\" content=\"Gesch\u00e4tzte Lesezeit\" \/>\n\t<meta name=\"twitter:data2\" content=\"3\u00a0Minuten\" \/>\n<script type=\"application\/ld+json\" class=\"yoast-schema-graph\">{\"@context\":\"https:\/\/schema.org\",\"@graph\":[{\"@type\":\"Article\",\"@id\":\"https:\/\/www.bhakademiker.org\/2024\/10\/20\/wirtschaftstreffen-in-graz\/#article\",\"isPartOf\":{\"@id\":\"https:\/\/www.bhakademiker.org\/2024\/10\/20\/wirtschaftstreffen-in-graz\/\"},\"author\":{\"name\":\"BanKulin\",\"@id\":\"https:\/\/www.bhakademiker.org\/bs\/#\/schema\/person\/eb2bb45ccd10b1a8756ef049efa44da5\"},\"headline\":\"Wirtschaftstreffen in Graz\",\"datePublished\":\"2024-10-20T11:03:01+00:00\",\"dateModified\":\"2024-10-20T17:50:15+00:00\",\"mainEntityOfPage\":{\"@id\":\"https:\/\/www.bhakademiker.org\/2024\/10\/20\/wirtschaftstreffen-in-graz\/\"},\"wordCount\":518,\"publisher\":{\"@id\":\"https:\/\/www.bhakademiker.org\/bs\/#organization\"},\"articleSection\":[\"Wirtschaft\"],\"inLanguage\":\"de\"},{\"@type\":\"WebPage\",\"@id\":\"https:\/\/www.bhakademiker.org\/2024\/10\/20\/wirtschaftstreffen-in-graz\/\",\"url\":\"https:\/\/www.bhakademiker.org\/2024\/10\/20\/wirtschaftstreffen-in-graz\/\",\"name\":\"BiH st\u00e4mmigen Unternehmer - Gesellschaft Bosnischer Akademiker\",\"isPartOf\":{\"@id\":\"https:\/\/www.bhakademiker.org\/bs\/#website\"},\"datePublished\":\"2024-10-20T11:03:01+00:00\",\"dateModified\":\"2024-10-20T17:50:15+00:00\",\"description\":\"12.10.2024 (Graz, \u00d6)\",\"breadcrumb\":{\"@id\":\"https:\/\/www.bhakademiker.org\/2024\/10\/20\/wirtschaftstreffen-in-graz\/#breadcrumb\"},\"inLanguage\":\"de\",\"potentialAction\":[{\"@type\":\"ReadAction\",\"target\":[\"https:\/\/www.bhakademiker.org\/2024\/10\/20\/wirtschaftstreffen-in-graz\/\"]}]},{\"@type\":\"BreadcrumbList\",\"@id\":\"https:\/\/www.bhakademiker.org\/2024\/10\/20\/wirtschaftstreffen-in-graz\/#breadcrumb\",\"itemListElement\":[{\"@type\":\"ListItem\",\"position\":1,\"name\":\"Home\",\"item\":\"https:\/\/www.bhakademiker.org\/\"},{\"@type\":\"ListItem\",\"position\":2,\"name\":\"Wirtschaftstreffen in Graz\"}]},{\"@type\":\"WebSite\",\"@id\":\"https:\/\/www.bhakademiker.org\/bs\/#website\",\"url\":\"https:\/\/www.bhakademiker.org\/bs\/\",\"name\":\"Gesellschaft Bosnischer Akademiker\",\"description\":\"\",\"publisher\":{\"@id\":\"https:\/\/www.bhakademiker.org\/bs\/#organization\"},\"potentialAction\":[{\"@type\":\"SearchAction\",\"target\":{\"@type\":\"EntryPoint\",\"urlTemplate\":\"https:\/\/www.bhakademiker.org\/bs\/?s={search_term_string}\"},\"query-input\":\"required name=search_term_string\"}],\"inLanguage\":\"de\"},{\"@type\":\"Organization\",\"@id\":\"https:\/\/www.bhakademiker.org\/bs\/#organization\",\"name\":\"Gesellschaft Bosnischer Akademiker in \u00d6sterreich\",\"url\":\"https:\/\/www.bhakademiker.org\/bs\/\",\"logo\":{\"@type\":\"ImageObject\",\"inLanguage\":\"de\",\"@id\":\"https:\/\/www.bhakademiker.org\/bs\/#\/schema\/logo\/image\/\",\"url\":\"https:\/\/www.bhakademiker.org\/wp-content\/uploads\/2022\/01\/featured-GBAA.png\",\"contentUrl\":\"https:\/\/www.bhakademiker.org\/wp-content\/uploads\/2022\/01\/featured-GBAA.png\",\"width\":1200,\"height\":630,\"caption\":\"Gesellschaft Bosnischer Akademiker in \u00d6sterreich\"},\"image\":{\"@id\":\"https:\/\/www.bhakademiker.org\/bs\/#\/schema\/logo\/image\/\"}},{\"@type\":\"Person\",\"@id\":\"https:\/\/www.bhakademiker.org\/bs\/#\/schema\/person\/eb2bb45ccd10b1a8756ef049efa44da5\",\"name\":\"BanKulin\",\"image\":{\"@type\":\"ImageObject\",\"inLanguage\":\"de\",\"@id\":\"https:\/\/www.bhakademiker.org\/bs\/#\/schema\/person\/image\/\",\"url\":\"https:\/\/secure.gravatar.com\/avatar\/c6d58ce317ac29451bb963305865585b0ee61581cac268f7b497945aea17e32c?s=96&d=mm&r=g\",\"contentUrl\":\"https:\/\/secure.gravatar.com\/avatar\/c6d58ce317ac29451bb963305865585b0ee61581cac268f7b497945aea17e32c?s=96&d=mm&r=g\",\"caption\":\"BanKulin\"},\"sameAs\":[\"https:\/\/www.bhakademiker.org\"],\"url\":\"https:\/\/www.bhakademiker.org\/de\/author\/bankulin\/\"}]}<\/script>\n<!-- \/ Yoast SEO plugin. -->","yoast_head_json":{"title":"BiH st\u00e4mmigen Unternehmer - Gesellschaft Bosnischer Akademiker","description":"12.10.2024 (Graz, \u00d6)","robots":{"index":"index","follow":"follow","max-snippet":"max-snippet:-1","max-image-preview":"max-image-preview:large","max-video-preview":"max-video-preview:-1"},"canonical":"https:\/\/www.bhakademiker.org\/de\/2024\/10\/20\/wirtschaftstreffen-in-graz\/","og_locale":"de_DE","og_type":"article","og_title":"12.10.2024 (Graz, \u00d6)","og_description":"12.10.2024 (Graz, \u00d6)","og_url":"https:\/\/www.bhakademiker.org\/de\/2024\/10\/20\/wirtschaftstreffen-in-graz\/","og_site_name":"Gesellschaft Bosnischer Akademiker","article_published_time":"2024-10-20T11:03:01+00:00","article_modified_time":"2024-10-20T17:50:15+00:00","og_image":[{"width":2560,"height":1703,"url":"https:\/\/www.bhakademiker.org\/wp-content\/uploads\/2024\/10\/1-publika_web-scaled.jpg","type":"image\/jpeg"}],"author":"BanKulin","twitter_card":"summary_large_image","twitter_title":"12.10.2024 (Graz, \u00d6)","twitter_image":"https:\/\/www.bhakademiker.org\/wp-content\/uploads\/2024\/10\/1-publika_web-scaled.jpg","twitter_misc":{"Verfasst von":"BanKulin","Gesch\u00e4tzte Lesezeit":"3\u00a0Minuten"},"schema":{"@context":"https:\/\/schema.org","@graph":[{"@type":"Article","@id":"https:\/\/www.bhakademiker.org\/2024\/10\/20\/wirtschaftstreffen-in-graz\/#article","isPartOf":{"@id":"https:\/\/www.bhakademiker.org\/2024\/10\/20\/wirtschaftstreffen-in-graz\/"},"author":{"name":"BanKulin","@id":"https:\/\/www.bhakademiker.org\/bs\/#\/schema\/person\/eb2bb45ccd10b1a8756ef049efa44da5"},"headline":"Wirtschaftstreffen in Graz","datePublished":"2024-10-20T11:03:01+00:00","dateModified":"2024-10-20T17:50:15+00:00","mainEntityOfPage":{"@id":"https:\/\/www.bhakademiker.org\/2024\/10\/20\/wirtschaftstreffen-in-graz\/"},"wordCount":518,"publisher":{"@id":"https:\/\/www.bhakademiker.org\/bs\/#organization"},"articleSection":["Wirtschaft"],"inLanguage":"de"},{"@type":"WebPage","@id":"https:\/\/www.bhakademiker.org\/2024\/10\/20\/wirtschaftstreffen-in-graz\/","url":"https:\/\/www.bhakademiker.org\/2024\/10\/20\/wirtschaftstreffen-in-graz\/","name":"BiH st\u00e4mmigen Unternehmer - Gesellschaft Bosnischer Akademiker","isPartOf":{"@id":"https:\/\/www.bhakademiker.org\/bs\/#website"},"datePublished":"2024-10-20T11:03:01+00:00","dateModified":"2024-10-20T17:50:15+00:00","description":"12.10.2024 (Graz, \u00d6)","breadcrumb":{"@id":"https:\/\/www.bhakademiker.org\/2024\/10\/20\/wirtschaftstreffen-in-graz\/#breadcrumb"},"inLanguage":"de","potentialAction":[{"@type":"ReadAction","target":["https:\/\/www.bhakademiker.org\/2024\/10\/20\/wirtschaftstreffen-in-graz\/"]}]},{"@type":"BreadcrumbList","@id":"https:\/\/www.bhakademiker.org\/2024\/10\/20\/wirtschaftstreffen-in-graz\/#breadcrumb","itemListElement":[{"@type":"ListItem","position":1,"name":"Home","item":"https:\/\/www.bhakademiker.org\/"},{"@type":"ListItem","position":2,"name":"Wirtschaftstreffen in Graz"}]},{"@type":"WebSite","@id":"https:\/\/www.bhakademiker.org\/bs\/#website","url":"https:\/\/www.bhakademiker.org\/bs\/","name":"Gesellschaft Bosnischer Akademiker","description":"","publisher":{"@id":"https:\/\/www.bhakademiker.org\/bs\/#organization"},"potentialAction":[{"@type":"SearchAction","target":{"@type":"EntryPoint","urlTemplate":"https:\/\/www.bhakademiker.org\/bs\/?s={search_term_string}"},"query-input":"required name=search_term_string"}],"inLanguage":"de"},{"@type":"Organization","@id":"https:\/\/www.bhakademiker.org\/bs\/#organization","name":"Gesellschaft Bosnischer Akademiker in \u00d6sterreich","url":"https:\/\/www.bhakademiker.org\/bs\/","logo":{"@type":"ImageObject","inLanguage":"de","@id":"https:\/\/www.bhakademiker.org\/bs\/#\/schema\/logo\/image\/","url":"https:\/\/www.bhakademiker.org\/wp-content\/uploads\/2022\/01\/featured-GBAA.png","contentUrl":"https:\/\/www.bhakademiker.org\/wp-content\/uploads\/2022\/01\/featured-GBAA.png","width":1200,"height":630,"caption":"Gesellschaft Bosnischer Akademiker in \u00d6sterreich"},"image":{"@id":"https:\/\/www.bhakademiker.org\/bs\/#\/schema\/logo\/image\/"}},{"@type":"Person","@id":"https:\/\/www.bhakademiker.org\/bs\/#\/schema\/person\/eb2bb45ccd10b1a8756ef049efa44da5","name":"BanKulin","image":{"@type":"ImageObject","inLanguage":"de","@id":"https:\/\/www.bhakademiker.org\/bs\/#\/schema\/person\/image\/","url":"https:\/\/secure.gravatar.com\/avatar\/c6d58ce317ac29451bb963305865585b0ee61581cac268f7b497945aea17e32c?s=96&d=mm&r=g","contentUrl":"https:\/\/secure.gravatar.com\/avatar\/c6d58ce317ac29451bb963305865585b0ee61581cac268f7b497945aea17e32c?s=96&d=mm&r=g","caption":"BanKulin"},"sameAs":["https:\/\/www.bhakademiker.org"],"url":"https:\/\/www.bhakademiker.org\/de\/author\/bankulin\/"}]}},"_links":{"self":[{"href":"https:\/\/www.bhakademiker.org\/de\/wp-json\/wp\/v2\/posts\/3569","targetHints":{"allow":["GET"]}}],"collection":[{"href":"https:\/\/www.bhakademiker.org\/de\/wp-json\/wp\/v2\/posts"}],"about":[{"href":"https:\/\/www.bhakademiker.org\/de\/wp-json\/wp\/v2\/types\/post"}],"author":[{"embeddable":true,"href":"https:\/\/www.bhakademiker.org\/de\/wp-json\/wp\/v2\/users\/1"}],"replies":[{"embeddable":true,"href":"https:\/\/www.bhakademiker.org\/de\/wp-json\/wp\/v2\/comments?post=3569"}],"version-history":[{"count":4,"href":"https:\/\/www.bhakademiker.org\/de\/wp-json\/wp\/v2\/posts\/3569\/revisions"}],"predecessor-version":[{"id":3596,"href":"https:\/\/www.bhakademiker.org\/de\/wp-json\/wp\/v2\/posts\/3569\/revisions\/3596"}],"wp:featuredmedia":[{"embeddable":true,"href":"https:\/\/www.bhakademiker.org\/de\/wp-json\/wp\/v2\/media\/3574"}],"wp:attachment":[{"href":"https:\/\/www.bhakademiker.org\/de\/wp-json\/wp\/v2\/media?parent=3569"}],"wp:term":[{"taxonomy":"category","embeddable":true,"href":"https:\/\/www.bhakademiker.org\/de\/wp-json\/wp\/v2\/categories?post=3569"},{"taxonomy":"post_tag","embeddable":true,"href":"https:\/\/www.bhakademiker.org\/de\/wp-json\/wp\/v2\/tags?post=3569"}],"curies":[{"name":"wp","href":"https:\/\/api.w.org\/{rel}","templated":true}]}}