{"id":3621,"date":"2024-11-03T12:25:49","date_gmt":"2024-11-03T11:25:49","guid":{"rendered":"https:\/\/www.bhakademiker.org\/?p=3621"},"modified":"2024-11-03T13:57:56","modified_gmt":"2024-11-03T12:57:56","slug":"generalversammlung_vob","status":"publish","type":"post","link":"https:\/\/www.bhakademiker.org\/de\/2024\/11\/03\/generalversammlung_vob\/","title":{"rendered":"Generalversammlung der V\u00d6B"},"content":{"rendered":"<p>Sehr geehrte Kolleginnen und Kollegen,<\/p>\n<p>Es ist an der Zeit, die Generalversammlung der V\u00d6B abzuhalten, bei der das Komitee unserer Volksgruppe \u00d6sterreichische Bosnier:innen in \u00d6sterreich gew\u00e4hlt wird. Derzeit bilden zehn Vereine den Kern des Rates der Bosnier:innen in \u00d6sterreich (Rat der \u00f6sterreichischen Bosnier): <strong><a href=\"https:\/\/www.bhakademiker.org\/de\/2023\/06\/26\/podiumsdiskussion_minderheiten\/\">Volksgruppe \u00d6sterreichische Bosnier:innen &#8211; Gesellschaft Bosnischer Akademiker<\/a><\/strong><\/p>\n<p>Zus\u00e4tzlich zu diesen Vereinen sind alle weiteren Vereine, die \u201eauf diesen Zug des Friedens aufspringen\u201c und an der Versammlung teilnehmen m\u00f6chten, eingeladen, sich bis zum 30. November anzumelden. Nach der Anmeldung werden wir das Memorandum der Volksgruppe \u00d6sterreichische Bosnier:innen in \u00d6sterreich zukommen lassen, das bereits von den Gr\u00fcndungsvereinen unterzeichnet wurde. Im Memorandum hei\u00dft es unter anderem:<\/p>\n<blockquote><p>\u201eJeder \u00f6sterreichische Verein mit bosnischen Wurzeln kann Mitglied der Volksgruppe \u00d6sterreichische Bosnier:innen werden, wenn er seine Bereitschaft zum Beitritt zur Gemeinschaft erkl\u00e4rt. Mitglieder der autochthonen bosnischen Minderheit in \u00d6sterreich k\u00f6nnen alle Staatsb\u00fcrger \u00d6sterreichs bosnischer Herkunft werden&#8230;\u201c<\/p><\/blockquote>\n<p>Nach der Unterzeichnung des Memorandums werden wir Sie \u00fcber den genauen Zeitpunkt und Ort der Generalversammlung informieren, die Ende Januar in Wien stattfinden wird.<\/p>\n<p>Bitte senden Sie die Anmeldung zur Teilnahme an der Versammlung zusammen mit dem \u201eVereinsregisterauszug\u201c an die E-Mail-Adresse: <a href=\"mailto:badeu@bhakademiker.org\">badeu@bhakademiker.org<\/a>.<\/p>\n<p>Ein bedeutender Schritt wurde erreicht: <a href=\"https:\/\/hdgoe.at\/nachgefragt_duhan\">https:\/\/hdgoe.at\/nachgefragt_duhan<\/a>. Die Information wurde in die Nationalbibliothek als eine der sechs anerkannten nationalen Minderheiten aufgenommen, was uns zus\u00e4tzlichen Antrieb gibt.<\/p>\n<p><iframe title=\"#nachgefragt bei Siradj Duhan von der bosnischen Volksgruppe\" src=\"https:\/\/player.vimeo.com\/video\/1015564924?dnt=1&amp;app_id=122963\" width=\"770\" height=\"433\" frameborder=\"0\" allow=\"autoplay; fullscreen; picture-in-picture; clipboard-write\"><\/iframe><\/p>\n<p><em>Gemeinsam gehen wir weiter!<\/em><\/p>\n<p>Der Rat der \u00f6sterreichischen Bosnier<\/p>\n","protected":false},"excerpt":{"rendered":"<p>Information zur Anmeldung<\/p>\n","protected":false},"author":1,"featured_media":3623,"comment_status":"closed","ping_status":"closed","sticky":false,"template":"","format":"standard","meta":{"footnotes":""},"categories":[71],"tags":[],"class_list":["post-3621","post","type-post","status-publish","format-standard","has-post-thumbnail","hentry","category-bosnier-in-oesterreich"],"yoast_head":"<!-- This site is optimized with the Yoast SEO plugin v20.3 - https:\/\/yoast.com\/wordpress\/plugins\/seo\/ -->\n<title>Generalversammlung der V\u00d6B - Gesellschaft Bosnischer Akademiker<\/title>\n<meta name=\"description\" content=\"Information zur Anmeldung\" \/>\n<meta name=\"robots\" content=\"index, follow, max-snippet:-1, max-image-preview:large, max-video-preview:-1\" \/>\n<link rel=\"canonical\" href=\"https:\/\/www.bhakademiker.org\/de\/2024\/11\/03\/generalversammlung_vob\/\" \/>\n<meta property=\"og:locale\" content=\"de_DE\" \/>\n<meta property=\"og:type\" content=\"article\" \/>\n<meta property=\"og:title\" content=\"Generalversammlung der V\u00d6B | Skup\u0161tina V\u00d6B\" \/>\n<meta property=\"og:description\" content=\"Information zur Anmeldung\" \/>\n<meta property=\"og:url\" content=\"https:\/\/www.bhakademiker.org\/de\/2024\/11\/03\/generalversammlung_vob\/\" \/>\n<meta property=\"og:site_name\" content=\"Gesellschaft Bosnischer Akademiker\" \/>\n<meta property=\"article:published_time\" content=\"2024-11-03T11:25:49+00:00\" \/>\n<meta property=\"article:modified_time\" content=\"2024-11-03T12:57:56+00:00\" \/>\n<meta property=\"og:image\" content=\"https:\/\/www.bhakademiker.org\/wp-content\/uploads\/2024\/11\/vob.jpg\" \/>\n\t<meta property=\"og:image:width\" content=\"1014\" \/>\n\t<meta property=\"og:image:height\" content=\"678\" \/>\n\t<meta property=\"og:image:type\" content=\"image\/jpeg\" \/>\n<meta name=\"author\" content=\"BanKulin\" \/>\n<meta name=\"twitter:card\" content=\"summary_large_image\" \/>\n<meta name=\"twitter:title\" content=\"Generalversammlung der V\u00d6B | Skup\u0161tina V\u00d6B\" \/>\n<meta name=\"twitter:image\" content=\"https:\/\/www.bhakademiker.org\/wp-content\/uploads\/2024\/11\/vob.jpg\" \/>\n<meta name=\"twitter:label1\" content=\"Verfasst von\" \/>\n\t<meta name=\"twitter:data1\" content=\"BanKulin\" \/>\n\t<meta name=\"twitter:label2\" content=\"Gesch\u00e4tzte Lesezeit\" \/>\n\t<meta name=\"twitter:data2\" content=\"1\u00a0Minute\" \/>\n<script type=\"application\/ld+json\" class=\"yoast-schema-graph\">{\"@context\":\"https:\/\/schema.org\",\"@graph\":[{\"@type\":\"Article\",\"@id\":\"https:\/\/www.bhakademiker.org\/2024\/11\/03\/generalversammlung_vob\/#article\",\"isPartOf\":{\"@id\":\"https:\/\/www.bhakademiker.org\/2024\/11\/03\/generalversammlung_vob\/\"},\"author\":{\"name\":\"BanKulin\",\"@id\":\"https:\/\/www.bhakademiker.org\/bs\/#\/schema\/person\/eb2bb45ccd10b1a8756ef049efa44da5\"},\"headline\":\"Generalversammlung der V\u00d6B\",\"datePublished\":\"2024-11-03T11:25:49+00:00\",\"dateModified\":\"2024-11-03T12:57:56+00:00\",\"mainEntityOfPage\":{\"@id\":\"https:\/\/www.bhakademiker.org\/2024\/11\/03\/generalversammlung_vob\/\"},\"wordCount\":247,\"publisher\":{\"@id\":\"https:\/\/www.bhakademiker.org\/bs\/#organization\"},\"articleSection\":[\"Bosnier in \u00d6sterreich\"],\"inLanguage\":\"de\"},{\"@type\":\"WebPage\",\"@id\":\"https:\/\/www.bhakademiker.org\/2024\/11\/03\/generalversammlung_vob\/\",\"url\":\"https:\/\/www.bhakademiker.org\/2024\/11\/03\/generalversammlung_vob\/\",\"name\":\"Generalversammlung der V\u00d6B - Gesellschaft Bosnischer Akademiker\",\"isPartOf\":{\"@id\":\"https:\/\/www.bhakademiker.org\/bs\/#website\"},\"datePublished\":\"2024-11-03T11:25:49+00:00\",\"dateModified\":\"2024-11-03T12:57:56+00:00\",\"description\":\"Information zur Anmeldung\",\"breadcrumb\":{\"@id\":\"https:\/\/www.bhakademiker.org\/2024\/11\/03\/generalversammlung_vob\/#breadcrumb\"},\"inLanguage\":\"de\",\"potentialAction\":[{\"@type\":\"ReadAction\",\"target\":[\"https:\/\/www.bhakademiker.org\/2024\/11\/03\/generalversammlung_vob\/\"]}]},{\"@type\":\"BreadcrumbList\",\"@id\":\"https:\/\/www.bhakademiker.org\/2024\/11\/03\/generalversammlung_vob\/#breadcrumb\",\"itemListElement\":[{\"@type\":\"ListItem\",\"position\":1,\"name\":\"Home\",\"item\":\"https:\/\/www.bhakademiker.org\/\"},{\"@type\":\"ListItem\",\"position\":2,\"name\":\"Generalversammlung der V\u00d6B\"}]},{\"@type\":\"WebSite\",\"@id\":\"https:\/\/www.bhakademiker.org\/bs\/#website\",\"url\":\"https:\/\/www.bhakademiker.org\/bs\/\",\"name\":\"Gesellschaft Bosnischer Akademiker\",\"description\":\"\",\"publisher\":{\"@id\":\"https:\/\/www.bhakademiker.org\/bs\/#organization\"},\"potentialAction\":[{\"@type\":\"SearchAction\",\"target\":{\"@type\":\"EntryPoint\",\"urlTemplate\":\"https:\/\/www.bhakademiker.org\/bs\/?s={search_term_string}\"},\"query-input\":\"required name=search_term_string\"}],\"inLanguage\":\"de\"},{\"@type\":\"Organization\",\"@id\":\"https:\/\/www.bhakademiker.org\/bs\/#organization\",\"name\":\"Gesellschaft Bosnischer Akademiker in \u00d6sterreich\",\"url\":\"https:\/\/www.bhakademiker.org\/bs\/\",\"logo\":{\"@type\":\"ImageObject\",\"inLanguage\":\"de\",\"@id\":\"https:\/\/www.bhakademiker.org\/bs\/#\/schema\/logo\/image\/\",\"url\":\"https:\/\/www.bhakademiker.org\/wp-content\/uploads\/2022\/01\/featured-GBAA.png\",\"contentUrl\":\"https:\/\/www.bhakademiker.org\/wp-content\/uploads\/2022\/01\/featured-GBAA.png\",\"width\":1200,\"height\":630,\"caption\":\"Gesellschaft Bosnischer Akademiker in \u00d6sterreich\"},\"image\":{\"@id\":\"https:\/\/www.bhakademiker.org\/bs\/#\/schema\/logo\/image\/\"}},{\"@type\":\"Person\",\"@id\":\"https:\/\/www.bhakademiker.org\/bs\/#\/schema\/person\/eb2bb45ccd10b1a8756ef049efa44da5\",\"name\":\"BanKulin\",\"image\":{\"@type\":\"ImageObject\",\"inLanguage\":\"de\",\"@id\":\"https:\/\/www.bhakademiker.org\/bs\/#\/schema\/person\/image\/\",\"url\":\"https:\/\/secure.gravatar.com\/avatar\/c6d58ce317ac29451bb963305865585b0ee61581cac268f7b497945aea17e32c?s=96&d=mm&r=g\",\"contentUrl\":\"https:\/\/secure.gravatar.com\/avatar\/c6d58ce317ac29451bb963305865585b0ee61581cac268f7b497945aea17e32c?s=96&d=mm&r=g\",\"caption\":\"BanKulin\"},\"sameAs\":[\"https:\/\/www.bhakademiker.org\"],\"url\":\"https:\/\/www.bhakademiker.org\/de\/author\/bankulin\/\"}]}<\/script>\n<!-- \/ Yoast SEO plugin. -->","yoast_head_json":{"title":"Generalversammlung der V\u00d6B - Gesellschaft Bosnischer Akademiker","description":"Information zur Anmeldung","robots":{"index":"index","follow":"follow","max-snippet":"max-snippet:-1","max-image-preview":"max-image-preview:large","max-video-preview":"max-video-preview:-1"},"canonical":"https:\/\/www.bhakademiker.org\/de\/2024\/11\/03\/generalversammlung_vob\/","og_locale":"de_DE","og_type":"article","og_title":"Generalversammlung der V\u00d6B | Skup\u0161tina V\u00d6B","og_description":"Information zur Anmeldung","og_url":"https:\/\/www.bhakademiker.org\/de\/2024\/11\/03\/generalversammlung_vob\/","og_site_name":"Gesellschaft Bosnischer Akademiker","article_published_time":"2024-11-03T11:25:49+00:00","article_modified_time":"2024-11-03T12:57:56+00:00","og_image":[{"width":1014,"height":678,"url":"https:\/\/www.bhakademiker.org\/wp-content\/uploads\/2024\/11\/vob.jpg","type":"image\/jpeg"}],"author":"BanKulin","twitter_card":"summary_large_image","twitter_title":"Generalversammlung der V\u00d6B | Skup\u0161tina V\u00d6B","twitter_image":"https:\/\/www.bhakademiker.org\/wp-content\/uploads\/2024\/11\/vob.jpg","twitter_misc":{"Verfasst von":"BanKulin","Gesch\u00e4tzte Lesezeit":"1\u00a0Minute"},"schema":{"@context":"https:\/\/schema.org","@graph":[{"@type":"Article","@id":"https:\/\/www.bhakademiker.org\/2024\/11\/03\/generalversammlung_vob\/#article","isPartOf":{"@id":"https:\/\/www.bhakademiker.org\/2024\/11\/03\/generalversammlung_vob\/"},"author":{"name":"BanKulin","@id":"https:\/\/www.bhakademiker.org\/bs\/#\/schema\/person\/eb2bb45ccd10b1a8756ef049efa44da5"},"headline":"Generalversammlung der V\u00d6B","datePublished":"2024-11-03T11:25:49+00:00","dateModified":"2024-11-03T12:57:56+00:00","mainEntityOfPage":{"@id":"https:\/\/www.bhakademiker.org\/2024\/11\/03\/generalversammlung_vob\/"},"wordCount":247,"publisher":{"@id":"https:\/\/www.bhakademiker.org\/bs\/#organization"},"articleSection":["Bosnier in \u00d6sterreich"],"inLanguage":"de"},{"@type":"WebPage","@id":"https:\/\/www.bhakademiker.org\/2024\/11\/03\/generalversammlung_vob\/","url":"https:\/\/www.bhakademiker.org\/2024\/11\/03\/generalversammlung_vob\/","name":"Generalversammlung der V\u00d6B - Gesellschaft Bosnischer Akademiker","isPartOf":{"@id":"https:\/\/www.bhakademiker.org\/bs\/#website"},"datePublished":"2024-11-03T11:25:49+00:00","dateModified":"2024-11-03T12:57:56+00:00","description":"Information zur Anmeldung","breadcrumb":{"@id":"https:\/\/www.bhakademiker.org\/2024\/11\/03\/generalversammlung_vob\/#breadcrumb"},"inLanguage":"de","potentialAction":[{"@type":"ReadAction","target":["https:\/\/www.bhakademiker.org\/2024\/11\/03\/generalversammlung_vob\/"]}]},{"@type":"BreadcrumbList","@id":"https:\/\/www.bhakademiker.org\/2024\/11\/03\/generalversammlung_vob\/#breadcrumb","itemListElement":[{"@type":"ListItem","position":1,"name":"Home","item":"https:\/\/www.bhakademiker.org\/"},{"@type":"ListItem","position":2,"name":"Generalversammlung der V\u00d6B"}]},{"@type":"WebSite","@id":"https:\/\/www.bhakademiker.org\/bs\/#website","url":"https:\/\/www.bhakademiker.org\/bs\/","name":"Gesellschaft Bosnischer Akademiker","description":"","publisher":{"@id":"https:\/\/www.bhakademiker.org\/bs\/#organization"},"potentialAction":[{"@type":"SearchAction","target":{"@type":"EntryPoint","urlTemplate":"https:\/\/www.bhakademiker.org\/bs\/?s={search_term_string}"},"query-input":"required name=search_term_string"}],"inLanguage":"de"},{"@type":"Organization","@id":"https:\/\/www.bhakademiker.org\/bs\/#organization","name":"Gesellschaft Bosnischer Akademiker in \u00d6sterreich","url":"https:\/\/www.bhakademiker.org\/bs\/","logo":{"@type":"ImageObject","inLanguage":"de","@id":"https:\/\/www.bhakademiker.org\/bs\/#\/schema\/logo\/image\/","url":"https:\/\/www.bhakademiker.org\/wp-content\/uploads\/2022\/01\/featured-GBAA.png","contentUrl":"https:\/\/www.bhakademiker.org\/wp-content\/uploads\/2022\/01\/featured-GBAA.png","width":1200,"height":630,"caption":"Gesellschaft Bosnischer Akademiker in \u00d6sterreich"},"image":{"@id":"https:\/\/www.bhakademiker.org\/bs\/#\/schema\/logo\/image\/"}},{"@type":"Person","@id":"https:\/\/www.bhakademiker.org\/bs\/#\/schema\/person\/eb2bb45ccd10b1a8756ef049efa44da5","name":"BanKulin","image":{"@type":"ImageObject","inLanguage":"de","@id":"https:\/\/www.bhakademiker.org\/bs\/#\/schema\/person\/image\/","url":"https:\/\/secure.gravatar.com\/avatar\/c6d58ce317ac29451bb963305865585b0ee61581cac268f7b497945aea17e32c?s=96&d=mm&r=g","contentUrl":"https:\/\/secure.gravatar.com\/avatar\/c6d58ce317ac29451bb963305865585b0ee61581cac268f7b497945aea17e32c?s=96&d=mm&r=g","caption":"BanKulin"},"sameAs":["https:\/\/www.bhakademiker.org"],"url":"https:\/\/www.bhakademiker.org\/de\/author\/bankulin\/"}]}},"_links":{"self":[{"href":"https:\/\/www.bhakademiker.org\/de\/wp-json\/wp\/v2\/posts\/3621","targetHints":{"allow":["GET"]}}],"collection":[{"href":"https:\/\/www.bhakademiker.org\/de\/wp-json\/wp\/v2\/posts"}],"about":[{"href":"https:\/\/www.bhakademiker.org\/de\/wp-json\/wp\/v2\/types\/post"}],"author":[{"embeddable":true,"href":"https:\/\/www.bhakademiker.org\/de\/wp-json\/wp\/v2\/users\/1"}],"replies":[{"embeddable":true,"href":"https:\/\/www.bhakademiker.org\/de\/wp-json\/wp\/v2\/comments?post=3621"}],"version-history":[{"count":5,"href":"https:\/\/www.bhakademiker.org\/de\/wp-json\/wp\/v2\/posts\/3621\/revisions"}],"predecessor-version":[{"id":3628,"href":"https:\/\/www.bhakademiker.org\/de\/wp-json\/wp\/v2\/posts\/3621\/revisions\/3628"}],"wp:featuredmedia":[{"embeddable":true,"href":"https:\/\/www.bhakademiker.org\/de\/wp-json\/wp\/v2\/media\/3623"}],"wp:attachment":[{"href":"https:\/\/www.bhakademiker.org\/de\/wp-json\/wp\/v2\/media?parent=3621"}],"wp:term":[{"taxonomy":"category","embeddable":true,"href":"https:\/\/www.bhakademiker.org\/de\/wp-json\/wp\/v2\/categories?post=3621"},{"taxonomy":"post_tag","embeddable":true,"href":"https:\/\/www.bhakademiker.org\/de\/wp-json\/wp\/v2\/tags?post=3621"}],"curies":[{"name":"wp","href":"https:\/\/api.w.org\/{rel}","templated":true}]}}