{"id":3782,"date":"2025-04-06T18:44:22","date_gmt":"2025-04-06T16:44:22","guid":{"rendered":"https:\/\/www.bhakademiker.org\/?p=3782"},"modified":"2025-04-07T16:01:32","modified_gmt":"2025-04-07T14:01:32","slug":"amras-2025-2","status":"publish","type":"post","link":"https:\/\/www.bhakademiker.org\/de\/2025\/04\/06\/amras-2025-2\/","title":{"rendered":"Amras 2025"},"content":{"rendered":"<h2><\/h2>\n<h2><\/h2>\n<h2 style=\"text-align: center;\">\u00a0 \u00a0<strong>BOSNISCHE TAGE IN INNSBRUCK: KULTURELLE VERBINDUNG UND ERINNERUNG<\/strong><\/h2>\n<p>Die bosnisch-herzegowinische Gemeinschaft in \u00d6sterreich feierte die Tage Bosniens in Innsbruck mit einer zweit\u00e4gigen Veranstaltung, die Kultur, Geschichte und Gemeinschaft gewidmet war.<\/p>\n<p><strong>ERSTER TAG: FILM, GESPR\u00c4CH UND GEMEINSAME TRADITIONEN<\/strong><\/p>\n<p>Am 4. April fand im Hotel \u201eGrauer B\u00e4r\u201c ein Bosnischer Abend mit der Vorf\u00fchrung eines Films des bosnisch-herzegowinischen Schriftstellers Jovica Leti\u0107 statt. Der Film hob durch die Linse der Geschichte die gemeinsamen Verbindungen zwischen \u00d6sterreich und Bosnien und Herzegowina hervor \u2013 mit besonderem Fokus auf das wertvollste Kapital Bosniens: das menschliche Potenzial.<\/p>\n<p>Gezeigt wurde der Weg von loyalen Soldaten der k.u.k.-Armee \u00fcber die Aktivit\u00e4ten der Bosnischen Akademischen Gesellschaft in \u00d6sterreich bis hin zur Bildung der bosnischen nationalen Minderheit \u2013 ein Werdegang, der unter den Anwesenden lebhafte Resonanz fand.<\/p>\n<p>Im Anschluss an die Vorf\u00fchrung fand eine Podiumsdiskussion zu den Themen des Films statt, die sich auch mit dem Buch <em>\u201ePomirenje svjetova\u201c (Vers\u00f6hnung der Welten)<\/em> \u00fcberschneiden. Der Autor des Buches, Siradj Duhan, stellte sein Werk vor und betonte die Bedeutung des Dialogs durch kulturelles Erbe.<\/p>\n<p>Die Diskussion weckte sp\u00fcrbaren Enthusiasmus f\u00fcr die Verstetigung solcher Begegnungen als neue Tradition \u2013 darin waren sich alle einig.<br \/>\nDer Abend endete mit einer Tombola mit Buchpreisen, die die herzliche Stimmung zus\u00e4tzlich unterstrich.<\/p>\n<p><strong>ZWEITER TAG: EHRE UND GEMEINSAMES GEDENKEN<\/strong><\/p>\n<p>Am zweiten Tag, dem 5. April, wurde eine Gedenkfeier auf dem Soldatenfriedhof in Innsbruck abgehalten, wo zahlreiche bosnisch-herzegowinische Soldaten aus dem Ersten Weltkrieg ihre letzte Ruhe gefunden haben.<\/p>\n<p>Das Programm wurde feierlich er\u00f6ffnet mit einer bewegenden Kombination aus Querfl\u00f6tenspiel von Dominika Hu\u010dka und der Rezitation des Gedichts \u201eGor\u010din\u201c von Mak Dizdar, eindrucksvoll vorgetragen von Daniela Evans.<\/p>\n<p>Hermann Hotter, Pr\u00e4sident des Tiroler Schwarzen Kreuzes und langj\u00e4hriger Gast der Veranstaltung, betonte die Symbolkraft des Zusammenkommens an diesem Ort:<\/p>\n<p>\u201eDies ist ein Ort der Erinnerung an eine gemeinsame Geschichte und eine Br\u00fccke zwischen den V\u00f6lkern.\u201c<\/p>\n<p>In seiner Festrede rief Siradj Duhan dazu auf, Wege des Verst\u00e4ndnisses zwischen den Nationen zu suchen:<\/p>\n<p>\u201eKriege sind niemals eine L\u00f6sung. Unsere Aufgabe ist es, Br\u00fccken zu bauen, damit k\u00fcnftige Generationen den Frieden teilen k\u00f6nnen.\u201c<br \/>\nDie vollst\u00e4ndige Rede ist unter der Bildgalerie des Beitrags zu finden.<\/p>\n<p><strong>INITIATIVE F\u00dcR EIN GEMEINSAMES DENKMAL<\/strong><\/p>\n<p>Der bedeutendste Impuls der diesj\u00e4hrigen Tage war die Initiative des Rates der \u00d6sterreichischen Bosnier:innen zur Errichtung eines gemeinsamen Denkmals f\u00fcr alle gefallenen bosnisch-herzegowinischen Soldaten des Ersten Weltkriegs, die in Amras beigesetzt sind.<\/p>\n<p>Vorgeschlagen wurde die Aufstellung eines Ste\u0107ak \u2013 eines traditionellen bosnischen Grabsteins.<br \/>\nDiese symbolische Geste soll nicht nur das Andenken an die Vorfahren bewahren, sondern auch die Verbindung der bosnischen Diaspora zu Innsbruck st\u00e4rken und sichtbar machen.<\/p>\n<p>Die gesamte Veranstaltung verlief in einem w\u00fcrdevollen Ton und best\u00e4tigte die Kraft des kulturellen Erbes als Fundament f\u00fcr Gemeinschaft, Dialog und gegenseitigen Respekt.<\/p>\n<p><strong>Gemeinsam gehen wir weiter.<\/strong><\/p>\n\n\t\t<style type=\"text\/css\">\n\t\t\t#gallery-1 {\n\t\t\t\tmargin: auto;\n\t\t\t}\n\t\t\t#gallery-1 .gallery-item {\n\t\t\t\tfloat: left;\n\t\t\t\tmargin-top: 10px;\n\t\t\t\ttext-align: center;\n\t\t\t\twidth: 33%;\n\t\t\t}\n\t\t\t#gallery-1 img {\n\t\t\t\tborder: 2px solid #cfcfcf;\n\t\t\t}\n\t\t\t#gallery-1 .gallery-caption {\n\t\t\t\tmargin-left: 0;\n\t\t\t}\n\t\t\t\/* see gallery_shortcode() in wp-includes\/media.php *\/\n\t\t<\/style>\n\t\t<div id='gallery-1' class='gallery galleryid-3782 gallery-columns-3 gallery-size-medium'><dl class='gallery-item'>\n\t\t\t<dt class='gallery-icon landscape'>\n\t\t\t\t<a href='https:\/\/www.bhakademiker.org\/de\/2025\/04\/06\/amras-2025-2\/grupna\/'><img fetchpriority=\"high\" decoding=\"async\" width=\"300\" height=\"225\" src=\"https:\/\/www.bhakademiker.org\/wp-content\/uploads\/2025\/04\/Grupna-300x225.jpg\" class=\"attachment-medium size-medium\" alt=\"\" srcset=\"https:\/\/www.bhakademiker.org\/wp-content\/uploads\/2025\/04\/Grupna-300x225.jpg 300w, https:\/\/www.bhakademiker.org\/wp-content\/uploads\/2025\/04\/Grupna-1024x768.jpg 1024w, https:\/\/www.bhakademiker.org\/wp-content\/uploads\/2025\/04\/Grupna-768x576.jpg 768w, https:\/\/www.bhakademiker.org\/wp-content\/uploads\/2025\/04\/Grupna-1536x1152.jpg 1536w, https:\/\/www.bhakademiker.org\/wp-content\/uploads\/2025\/04\/Grupna-16x12.jpg 16w, https:\/\/www.bhakademiker.org\/wp-content\/uploads\/2025\/04\/Grupna.jpg 1920w\" sizes=\"(max-width: 300px) 100vw, 300px\" \/><\/a>\n\t\t\t<\/dt><\/dl><dl class='gallery-item'>\n\t\t\t<dt class='gallery-icon landscape'>\n\t\t\t\t<a href='https:\/\/www.bhakademiker.org\/de\/2025\/04\/06\/amras-2025-2\/pored-nisana\/'><img decoding=\"async\" width=\"300\" height=\"225\" src=\"https:\/\/www.bhakademiker.org\/wp-content\/uploads\/2025\/04\/pored-nisana-300x225.jpg\" class=\"attachment-medium size-medium\" alt=\"\" srcset=\"https:\/\/www.bhakademiker.org\/wp-content\/uploads\/2025\/04\/pored-nisana-300x225.jpg 300w, https:\/\/www.bhakademiker.org\/wp-content\/uploads\/2025\/04\/pored-nisana-1024x768.jpg 1024w, https:\/\/www.bhakademiker.org\/wp-content\/uploads\/2025\/04\/pored-nisana-768x576.jpg 768w, https:\/\/www.bhakademiker.org\/wp-content\/uploads\/2025\/04\/pored-nisana-1536x1152.jpg 1536w, https:\/\/www.bhakademiker.org\/wp-content\/uploads\/2025\/04\/pored-nisana-16x12.jpg 16w, https:\/\/www.bhakademiker.org\/wp-content\/uploads\/2025\/04\/pored-nisana.jpg 1920w\" sizes=\"(max-width: 300px) 100vw, 300px\" \/><\/a>\n\t\t\t<\/dt><\/dl><dl class='gallery-item'>\n\t\t\t<dt class='gallery-icon landscape'>\n\t\t\t\t<a href='https:\/\/www.bhakademiker.org\/de\/2025\/04\/06\/amras-2025-2\/cvijece\/'><img decoding=\"async\" width=\"300\" height=\"225\" src=\"https:\/\/www.bhakademiker.org\/wp-content\/uploads\/2025\/04\/cvijece-300x225.jpg\" class=\"attachment-medium size-medium\" alt=\"\" srcset=\"https:\/\/www.bhakademiker.org\/wp-content\/uploads\/2025\/04\/cvijece-300x225.jpg 300w, https:\/\/www.bhakademiker.org\/wp-content\/uploads\/2025\/04\/cvijece-1024x768.jpg 1024w, https:\/\/www.bhakademiker.org\/wp-content\/uploads\/2025\/04\/cvijece-768x576.jpg 768w, https:\/\/www.bhakademiker.org\/wp-content\/uploads\/2025\/04\/cvijece-1536x1152.jpg 1536w, https:\/\/www.bhakademiker.org\/wp-content\/uploads\/2025\/04\/cvijece-16x12.jpg 16w, https:\/\/www.bhakademiker.org\/wp-content\/uploads\/2025\/04\/cvijece.jpg 1920w\" sizes=\"(max-width: 300px) 100vw, 300px\" \/><\/a>\n\t\t\t<\/dt><\/dl><br style=\"clear: both\" \/><dl class='gallery-item'>\n\t\t\t<dt class='gallery-icon landscape'>\n\t\t\t\t<a href='https:\/\/www.bhakademiker.org\/de\/2025\/04\/06\/amras-2025-2\/siradj-i-hotter\/'><img loading=\"lazy\" decoding=\"async\" width=\"300\" height=\"225\" src=\"https:\/\/www.bhakademiker.org\/wp-content\/uploads\/2025\/04\/Siradj-i-Hotter-300x225.jpg\" class=\"attachment-medium size-medium\" alt=\"\" srcset=\"https:\/\/www.bhakademiker.org\/wp-content\/uploads\/2025\/04\/Siradj-i-Hotter-300x225.jpg 300w, https:\/\/www.bhakademiker.org\/wp-content\/uploads\/2025\/04\/Siradj-i-Hotter-1024x768.jpg 1024w, https:\/\/www.bhakademiker.org\/wp-content\/uploads\/2025\/04\/Siradj-i-Hotter-768x576.jpg 768w, https:\/\/www.bhakademiker.org\/wp-content\/uploads\/2025\/04\/Siradj-i-Hotter-1536x1152.jpg 1536w, https:\/\/www.bhakademiker.org\/wp-content\/uploads\/2025\/04\/Siradj-i-Hotter-16x12.jpg 16w, https:\/\/www.bhakademiker.org\/wp-content\/uploads\/2025\/04\/Siradj-i-Hotter.jpg 2000w\" sizes=\"(max-width: 300px) 100vw, 300px\" \/><\/a>\n\t\t\t<\/dt><\/dl><dl class='gallery-item'>\n\t\t\t<dt class='gallery-icon landscape'>\n\t\t\t\t<a href='https:\/\/www.bhakademiker.org\/de\/2025\/04\/06\/amras-2025-2\/flauta\/'><img loading=\"lazy\" decoding=\"async\" width=\"300\" height=\"200\" src=\"https:\/\/www.bhakademiker.org\/wp-content\/uploads\/2025\/04\/flauta-300x200.jpg\" class=\"attachment-medium size-medium\" alt=\"\" srcset=\"https:\/\/www.bhakademiker.org\/wp-content\/uploads\/2025\/04\/flauta-300x200.jpg 300w, https:\/\/www.bhakademiker.org\/wp-content\/uploads\/2025\/04\/flauta-1024x683.jpg 1024w, https:\/\/www.bhakademiker.org\/wp-content\/uploads\/2025\/04\/flauta-768x512.jpg 768w, https:\/\/www.bhakademiker.org\/wp-content\/uploads\/2025\/04\/flauta-1536x1024.jpg 1536w, https:\/\/www.bhakademiker.org\/wp-content\/uploads\/2025\/04\/flauta-18x12.jpg 18w, https:\/\/www.bhakademiker.org\/wp-content\/uploads\/2025\/04\/flauta-500x335.jpg 500w, https:\/\/www.bhakademiker.org\/wp-content\/uploads\/2025\/04\/flauta-150x100.jpg 150w, https:\/\/www.bhakademiker.org\/wp-content\/uploads\/2025\/04\/flauta.jpg 1920w\" sizes=\"(max-width: 300px) 100vw, 300px\" \/><\/a>\n\t\t\t<\/dt><\/dl><dl class='gallery-item'>\n\t\t\t<dt class='gallery-icon landscape'>\n\t\t\t\t<a href='https:\/\/www.bhakademiker.org\/de\/2025\/04\/06\/amras-2025-2\/daniela\/'><img loading=\"lazy\" decoding=\"async\" width=\"300\" height=\"199\" src=\"https:\/\/www.bhakademiker.org\/wp-content\/uploads\/2025\/04\/Daniela-300x199.jpg\" class=\"attachment-medium size-medium\" alt=\"\" srcset=\"https:\/\/www.bhakademiker.org\/wp-content\/uploads\/2025\/04\/Daniela-300x199.jpg 300w, https:\/\/www.bhakademiker.org\/wp-content\/uploads\/2025\/04\/Daniela-1024x681.jpg 1024w, https:\/\/www.bhakademiker.org\/wp-content\/uploads\/2025\/04\/Daniela-768x510.jpg 768w, https:\/\/www.bhakademiker.org\/wp-content\/uploads\/2025\/04\/Daniela-18x12.jpg 18w, https:\/\/www.bhakademiker.org\/wp-content\/uploads\/2025\/04\/Daniela-150x100.jpg 150w, https:\/\/www.bhakademiker.org\/wp-content\/uploads\/2025\/04\/Daniela.jpg 1136w\" sizes=\"(max-width: 300px) 100vw, 300px\" \/><\/a>\n\t\t\t<\/dt><\/dl><br style=\"clear: both\" \/><dl class='gallery-item'>\n\t\t\t<dt class='gallery-icon landscape'>\n\t\t\t\t<a href='https:\/\/www.bhakademiker.org\/de\/2025\/04\/06\/amras-2025-2\/hotter\/'><img loading=\"lazy\" decoding=\"async\" width=\"300\" height=\"201\" src=\"https:\/\/www.bhakademiker.org\/wp-content\/uploads\/2025\/04\/Hotter-300x201.jpg\" class=\"attachment-medium size-medium\" alt=\"\" srcset=\"https:\/\/www.bhakademiker.org\/wp-content\/uploads\/2025\/04\/Hotter-300x201.jpg 300w, https:\/\/www.bhakademiker.org\/wp-content\/uploads\/2025\/04\/Hotter-1024x684.jpg 1024w, https:\/\/www.bhakademiker.org\/wp-content\/uploads\/2025\/04\/Hotter-768x513.jpg 768w, https:\/\/www.bhakademiker.org\/wp-content\/uploads\/2025\/04\/Hotter-18x12.jpg 18w, https:\/\/www.bhakademiker.org\/wp-content\/uploads\/2025\/04\/Hotter-263x177.jpg 263w, https:\/\/www.bhakademiker.org\/wp-content\/uploads\/2025\/04\/Hotter-500x335.jpg 500w, https:\/\/www.bhakademiker.org\/wp-content\/uploads\/2025\/04\/Hotter-150x100.jpg 150w, https:\/\/www.bhakademiker.org\/wp-content\/uploads\/2025\/04\/Hotter.jpg 1179w\" sizes=\"(max-width: 300px) 100vw, 300px\" \/><\/a>\n\t\t\t<\/dt><\/dl><dl class='gallery-item'>\n\t\t\t<dt class='gallery-icon landscape'>\n\t\t\t\t<a href='https:\/\/www.bhakademiker.org\/de\/2025\/04\/06\/amras-2025-2\/siradj\/'><img loading=\"lazy\" decoding=\"async\" width=\"300\" height=\"200\" src=\"https:\/\/www.bhakademiker.org\/wp-content\/uploads\/2025\/04\/Siradj-300x200.jpg\" class=\"attachment-medium size-medium\" alt=\"\" srcset=\"https:\/\/www.bhakademiker.org\/wp-content\/uploads\/2025\/04\/Siradj-300x200.jpg 300w, https:\/\/www.bhakademiker.org\/wp-content\/uploads\/2025\/04\/Siradj-1024x682.jpg 1024w, https:\/\/www.bhakademiker.org\/wp-content\/uploads\/2025\/04\/Siradj-768x512.jpg 768w, https:\/\/www.bhakademiker.org\/wp-content\/uploads\/2025\/04\/Siradj-18x12.jpg 18w, https:\/\/www.bhakademiker.org\/wp-content\/uploads\/2025\/04\/Siradj-500x335.jpg 500w, https:\/\/www.bhakademiker.org\/wp-content\/uploads\/2025\/04\/Siradj-150x100.jpg 150w, https:\/\/www.bhakademiker.org\/wp-content\/uploads\/2025\/04\/Siradj.jpg 1264w\" sizes=\"(max-width: 300px) 100vw, 300px\" \/><\/a>\n\t\t\t<\/dt><\/dl><dl class='gallery-item'>\n\t\t\t<dt class='gallery-icon landscape'>\n\t\t\t\t<a href='https:\/\/www.bhakademiker.org\/de\/2025\/04\/06\/amras-2025-2\/pocetak-2\/'><img loading=\"lazy\" decoding=\"async\" width=\"300\" height=\"225\" src=\"https:\/\/www.bhakademiker.org\/wp-content\/uploads\/2025\/04\/pocetak-300x225.jpg\" class=\"attachment-medium size-medium\" alt=\"\" srcset=\"https:\/\/www.bhakademiker.org\/wp-content\/uploads\/2025\/04\/pocetak-300x225.jpg 300w, https:\/\/www.bhakademiker.org\/wp-content\/uploads\/2025\/04\/pocetak-1024x768.jpg 1024w, https:\/\/www.bhakademiker.org\/wp-content\/uploads\/2025\/04\/pocetak-768x576.jpg 768w, https:\/\/www.bhakademiker.org\/wp-content\/uploads\/2025\/04\/pocetak-1536x1152.jpg 1536w, https:\/\/www.bhakademiker.org\/wp-content\/uploads\/2025\/04\/pocetak-16x12.jpg 16w, https:\/\/www.bhakademiker.org\/wp-content\/uploads\/2025\/04\/pocetak.jpg 1920w\" sizes=\"(max-width: 300px) 100vw, 300px\" \/><\/a>\n\t\t\t<\/dt><\/dl><br style=\"clear: both\" \/><dl class='gallery-item'>\n\t\t\t<dt class='gallery-icon landscape'>\n\t\t\t\t<a href='https:\/\/www.bhakademiker.org\/de\/2025\/04\/06\/amras-2025-2\/petak-04-04\/'><img loading=\"lazy\" decoding=\"async\" width=\"300\" height=\"225\" src=\"https:\/\/www.bhakademiker.org\/wp-content\/uploads\/2025\/04\/petak-04.04-300x225.jpg\" class=\"attachment-medium size-medium\" alt=\"\" srcset=\"https:\/\/www.bhakademiker.org\/wp-content\/uploads\/2025\/04\/petak-04.04-300x225.jpg 300w, https:\/\/www.bhakademiker.org\/wp-content\/uploads\/2025\/04\/petak-04.04-1024x768.jpg 1024w, https:\/\/www.bhakademiker.org\/wp-content\/uploads\/2025\/04\/petak-04.04-768x576.jpg 768w, https:\/\/www.bhakademiker.org\/wp-content\/uploads\/2025\/04\/petak-04.04-1536x1152.jpg 1536w, https:\/\/www.bhakademiker.org\/wp-content\/uploads\/2025\/04\/petak-04.04-16x12.jpg 16w, https:\/\/www.bhakademiker.org\/wp-content\/uploads\/2025\/04\/petak-04.04.jpg 1920w\" sizes=\"(max-width: 300px) 100vw, 300px\" \/><\/a>\n\t\t\t<\/dt><\/dl><dl class='gallery-item'>\n\t\t\t<dt class='gallery-icon landscape'>\n\t\t\t\t<a href='https:\/\/www.bhakademiker.org\/de\/2025\/04\/06\/amras-2025-2\/nakon-vecernjeg-programa\/'><img loading=\"lazy\" decoding=\"async\" width=\"300\" height=\"225\" src=\"https:\/\/www.bhakademiker.org\/wp-content\/uploads\/2025\/04\/Nakon-vecernjeg-programa-300x225.jpg\" class=\"attachment-medium size-medium\" alt=\"\" srcset=\"https:\/\/www.bhakademiker.org\/wp-content\/uploads\/2025\/04\/Nakon-vecernjeg-programa-300x225.jpg 300w, https:\/\/www.bhakademiker.org\/wp-content\/uploads\/2025\/04\/Nakon-vecernjeg-programa-1024x768.jpg 1024w, https:\/\/www.bhakademiker.org\/wp-content\/uploads\/2025\/04\/Nakon-vecernjeg-programa-768x576.jpg 768w, https:\/\/www.bhakademiker.org\/wp-content\/uploads\/2025\/04\/Nakon-vecernjeg-programa-1536x1152.jpg 1536w, https:\/\/www.bhakademiker.org\/wp-content\/uploads\/2025\/04\/Nakon-vecernjeg-programa-16x12.jpg 16w, https:\/\/www.bhakademiker.org\/wp-content\/uploads\/2025\/04\/Nakon-vecernjeg-programa.jpg 1600w\" sizes=\"(max-width: 300px) 100vw, 300px\" \/><\/a>\n\t\t\t<\/dt><\/dl>\n\t\t\t<br style='clear: both' \/>\n\t\t<\/div>\n\n<p>Hinweis:\u00a0Untenstehend folgt die Rede vom Pr\u00e4sidenten der Gesellschaft Bosnischer Akademiker in \u00d6sterreich, Siradj Duhan.<\/p>\n<blockquote><p><em>Meine verehrten Damen und Herren,<\/em><\/p>\n<p><em>Der Soldatenfriedhof Amras in Innsbruck ist nicht nur ein Ort des Gedenkens f\u00fcr diejenigen, die hier ruhen, sondern auch ein Symbol der Verbundenheit zwischen den Nationen. Heute erinnern wir, die bosnische Volksgruppe in \u00d6sterreich, an unsere tapferen Vorfahren, die im Ersten Weltkrieg ihr Leben f\u00fcr die gemeinsame Heimat lie\u00dfen.<\/em><\/p>\n<p><em>Die Bosniakenregimenter z\u00e4hlten zu den tapfersten Einheiten der k.u.k. Armee. Es sei hier daran erinnert, dass fr\u00fcher alle Einwohner Bosniens und der Herzegowina als &#8220;Bosniaken&#8221; bezeichnet wurden. Heute bezeichnet \u201a<strong>Bosnier<\/strong>\u2018 alle Staatsb\u00fcrger von Bosnien und Herzegowina. Mit ihrem Einsatz erwiesen sie nicht nur ihre Loyalit\u00e4t, sondern auch ihre Anerkennung f\u00fcr die Entwicklung ihrer Heimat in den Jahrzehnten zuvor.<\/em><\/p>\n<p><em>Wie auch hier an Denkm\u00e4ler zu sehen ist, war ein besonderes Kennzeichen der bosnischen Soldaten der Fez, der je nach Anlass in unterschiedlichen Farben getragen wurde: grau im Kampf, rot bei Paraden und wei\u00df in der Marine. Unabh\u00e4ngig von ihrer Religion trugen alle Soldaten der bosnischen Regimenter dieses Symbol ihrer Einheit und Zugeh\u00f6rigkeit.<\/em><\/p>\n<p><em>Hier m\u00f6chte ich das bosnisch-herzegowinische Infanterieregiment Nr.2 aus dem Erg\u00e4nzungsbezirk Banja Luka besonders erw\u00e4hnen, welches zum meistausgezeichneten Regiment der gesamten k.u.k. Armee wurde. Mit Hauptmann Gojkomir Glogovac diente sogar ein Maria-Theresien-Ritter in seinen Reihen, der selbst aus Bosnien stammte.<\/em><\/p>\n<p><em>Das Regiment setzte sich zu Beginn des Ersten Weltkriegs aus nahezu 50 Prozent serbisch-orthodoxen, 35 Prozent muslimischen und 15 Prozent kroatisch-katholischen Soldaten zusammen. Auch eine kleine Anzahl j\u00fcdischer und andersgl\u00e4ubiger Soldaten war Teil dieser Einheit. Ihre gemeinsame Hingabe und ihr Zusammenhalt sind es, die wir heute an diesem Ort ehren.<\/em><\/p>\n<p><em>Diese Vielfalt war keine Schw\u00e4che, sondern eine St\u00e4rke. Sie zeigt uns, dass gro\u00dfe Herausforderungen nur durch Einheit und nicht durch Spaltung gemeistert werden k\u00f6nnen \u2013 eine Erkenntnis, die auch heute noch von Bedeutung ist.<\/em><\/p>\n<p><em>Es ist daher nur allzu berechtigt, dass die an den Folgen von Verwundung oder Krankheit in Innsbruck verstorbenen Soldaten aus Bosnien-Herzegowina an einem so w\u00fcrdigen Platz in Amras ihre letzte Ruhe gefunden haben.<\/em><\/p>\n<p><em>Es geht aber nicht darum die Heldentaten hervorzuheben, sondern uns zu erinnern, dass auch Vergeben ein Teil des Lebens ist, was uns erm\u00f6glicht die Zukunft zu gestalten.<\/em><\/p>\n<p><em>Denn nur, wenn wir erinnern ohne zu mythologisieren, und vergeben, k\u00f6nnen wir die Zukunft gemeinsam gestalten.<\/em><\/p>\n<p><em>Die Zukunft wird uns dann ein besseres und verst\u00e4ndnisvolles Miteinander erm\u00f6glichen, wenn wir die Geschichte kennen und daraus die richtige Lehre ziehen.<\/em><\/p>\n<p><em>Da Geschichte oft aus unterschiedlichen Perspektiven erz\u00e4hlt wird, ist es unsere Aufgabe, einen gemeinsamen Nenner zu finden, mit dem alle leben k\u00f6nnen.<\/em><\/p>\n<p><em>Vor allem ist es wichtig, einen Weg zu finden damit keine kriegerischen Auseinandersetzungen entstehen k\u00f6nnen.<\/em><\/p>\n<p><em>Diese Lehre gilt nicht nur zwischen Staaten, sondern beginnt im Kleinen \u2013 im Miteinander von Nachbarn und Gemeinschaften. Der beste Weg ist, die Nachbarschaftsbeziehungen mit gegenseitigem Respekt zu pflegen \u2013 denn wenn wir diesen stets an erste Stelle stellen, entsteht eine positive Spirale, die uns alle nach oben tr\u00e4gt.<\/em><\/p>\n<p><em>Daher sind wir heute da, um uns auf diesem Ort zu besinnen und gemeinsam die Zukunft zu gestalten. M\u00f6ge die anerkannte bosnische Volksgruppe in \u00d6sterreich einen Beitrag dazu leisten.<\/em><\/p>\n<p><em>In diesem Sinne danken wir allen, die diesen Ort des Gedenkens bewahren und damit Br\u00fccken zwischen Vergangenheit und Zukunft bauen. Unser besonderer Dank gilt der Landesstelle des \u00d6sterreichischen Schwarzen Kreuzes f\u00fcr die Pflege des Friedhofs sowie den Koordinatoren der Gesellschaft bosnischer Akademiker in \u00d6sterreich und der EU, die diese Gedenkfeier erm\u00f6glicht haben.<\/em><\/p>\n<p><em>Siradj Duhan,<\/em><\/p>\n<p><em>Pr\u00e4sident der Gesellschaft Bosnischer Akademiker in \u00d6sterreich und EU<\/em><\/p><\/blockquote>\n<p>&nbsp;<\/p>\n","protected":false},"excerpt":{"rendered":"<p>Gedenken an die gefallenen bosnisch-herzegowinischen Soldaten des Ersten Weltkriegs<\/p>\n","protected":false},"author":1,"featured_media":3787,"comment_status":"open","ping_status":"open","sticky":false,"template":"","format":"standard","meta":{"footnotes":""},"categories":[75],"tags":[],"class_list":["post-3782","post","type-post","status-publish","format-standard","has-post-thumbnail","hentry","category-amras"],"yoast_head":"<!-- This site is optimized with the Yoast SEO plugin v20.3 - https:\/\/yoast.com\/wordpress\/plugins\/seo\/ -->\n<title>Amras 2025 - Gesellschaft Bosnischer Akademiker<\/title>\n<meta name=\"description\" content=\"Gedenken an die gefallenen bosnisch-herzegowinischen Soldaten des Ersten Weltkriegs\" \/>\n<meta name=\"robots\" content=\"index, follow, max-snippet:-1, max-image-preview:large, max-video-preview:-1\" \/>\n<link rel=\"canonical\" href=\"https:\/\/www.bhakademiker.org\/de\/2025\/04\/06\/amras-2025-2\/\" \/>\n<meta property=\"og:locale\" content=\"de_DE\" \/>\n<meta property=\"og:type\" content=\"article\" \/>\n<meta property=\"og:title\" content=\"Posjeta vojnom groblju Amras | Besuch Soldatenfriedhof Amras (Innsbruck)\" \/>\n<meta property=\"og:description\" content=\"04. &amp; 05.04.2025\" \/>\n<meta property=\"og:url\" content=\"https:\/\/www.bhakademiker.org\/de\/2025\/04\/06\/amras-2025-2\/\" \/>\n<meta property=\"og:site_name\" content=\"Gesellschaft Bosnischer Akademiker\" \/>\n<meta property=\"article:published_time\" content=\"2025-04-06T16:44:22+00:00\" \/>\n<meta property=\"article:modified_time\" content=\"2025-04-07T14:01:32+00:00\" \/>\n<meta property=\"og:image\" content=\"https:\/\/www.bhakademiker.org\/wp-content\/uploads\/2025\/04\/pored-nisana.jpg\" \/>\n\t<meta property=\"og:image:width\" content=\"1920\" \/>\n\t<meta property=\"og:image:height\" content=\"1440\" \/>\n\t<meta property=\"og:image:type\" content=\"image\/jpeg\" \/>\n<meta name=\"author\" content=\"BanKulin\" \/>\n<meta name=\"twitter:card\" content=\"summary_large_image\" \/>\n<meta name=\"twitter:title\" content=\"Posjeta vojnom groblju Amras | Besuch Soldatenfriedhof Amras (Innsbruck)\" \/>\n<meta name=\"twitter:description\" content=\"04. &amp; 05.04.2025\" \/>\n<meta name=\"twitter:image\" content=\"https:\/\/www.bhakademiker.org\/wp-content\/uploads\/2025\/04\/pored-nisana.jpg\" \/>\n<meta name=\"twitter:label1\" content=\"Verfasst von\" \/>\n\t<meta name=\"twitter:data1\" content=\"BanKulin\" \/>\n\t<meta name=\"twitter:label2\" content=\"Gesch\u00e4tzte Lesezeit\" \/>\n\t<meta name=\"twitter:data2\" content=\"5\u00a0Minuten\" \/>\n<script type=\"application\/ld+json\" class=\"yoast-schema-graph\">{\"@context\":\"https:\/\/schema.org\",\"@graph\":[{\"@type\":\"Article\",\"@id\":\"https:\/\/www.bhakademiker.org\/2025\/04\/06\/amras-2025-2\/#article\",\"isPartOf\":{\"@id\":\"https:\/\/www.bhakademiker.org\/2025\/04\/06\/amras-2025-2\/\"},\"author\":{\"name\":\"BanKulin\",\"@id\":\"https:\/\/www.bhakademiker.org\/bs\/#\/schema\/person\/eb2bb45ccd10b1a8756ef049efa44da5\"},\"headline\":\"Amras 2025\",\"datePublished\":\"2025-04-06T16:44:22+00:00\",\"dateModified\":\"2025-04-07T14:01:32+00:00\",\"mainEntityOfPage\":{\"@id\":\"https:\/\/www.bhakademiker.org\/2025\/04\/06\/amras-2025-2\/\"},\"wordCount\":1095,\"commentCount\":0,\"publisher\":{\"@id\":\"https:\/\/www.bhakademiker.org\/bs\/#organization\"},\"articleSection\":[\"Amras\"],\"inLanguage\":\"de\",\"potentialAction\":[{\"@type\":\"CommentAction\",\"name\":\"Comment\",\"target\":[\"https:\/\/www.bhakademiker.org\/2025\/04\/06\/amras-2025-2\/#respond\"]}]},{\"@type\":\"WebPage\",\"@id\":\"https:\/\/www.bhakademiker.org\/2025\/04\/06\/amras-2025-2\/\",\"url\":\"https:\/\/www.bhakademiker.org\/2025\/04\/06\/amras-2025-2\/\",\"name\":\"Amras 2025 - Gesellschaft Bosnischer Akademiker\",\"isPartOf\":{\"@id\":\"https:\/\/www.bhakademiker.org\/bs\/#website\"},\"datePublished\":\"2025-04-06T16:44:22+00:00\",\"dateModified\":\"2025-04-07T14:01:32+00:00\",\"description\":\"Gedenken an die gefallenen bosnisch-herzegowinischen Soldaten des Ersten Weltkriegs\",\"breadcrumb\":{\"@id\":\"https:\/\/www.bhakademiker.org\/2025\/04\/06\/amras-2025-2\/#breadcrumb\"},\"inLanguage\":\"de\",\"potentialAction\":[{\"@type\":\"ReadAction\",\"target\":[\"https:\/\/www.bhakademiker.org\/2025\/04\/06\/amras-2025-2\/\"]}]},{\"@type\":\"BreadcrumbList\",\"@id\":\"https:\/\/www.bhakademiker.org\/2025\/04\/06\/amras-2025-2\/#breadcrumb\",\"itemListElement\":[{\"@type\":\"ListItem\",\"position\":1,\"name\":\"Home\",\"item\":\"https:\/\/www.bhakademiker.org\/\"},{\"@type\":\"ListItem\",\"position\":2,\"name\":\"Amras 2025\"}]},{\"@type\":\"WebSite\",\"@id\":\"https:\/\/www.bhakademiker.org\/bs\/#website\",\"url\":\"https:\/\/www.bhakademiker.org\/bs\/\",\"name\":\"Gesellschaft Bosnischer Akademiker\",\"description\":\"\",\"publisher\":{\"@id\":\"https:\/\/www.bhakademiker.org\/bs\/#organization\"},\"potentialAction\":[{\"@type\":\"SearchAction\",\"target\":{\"@type\":\"EntryPoint\",\"urlTemplate\":\"https:\/\/www.bhakademiker.org\/bs\/?s={search_term_string}\"},\"query-input\":\"required name=search_term_string\"}],\"inLanguage\":\"de\"},{\"@type\":\"Organization\",\"@id\":\"https:\/\/www.bhakademiker.org\/bs\/#organization\",\"name\":\"Gesellschaft Bosnischer Akademiker in \u00d6sterreich\",\"url\":\"https:\/\/www.bhakademiker.org\/bs\/\",\"logo\":{\"@type\":\"ImageObject\",\"inLanguage\":\"de\",\"@id\":\"https:\/\/www.bhakademiker.org\/bs\/#\/schema\/logo\/image\/\",\"url\":\"https:\/\/www.bhakademiker.org\/wp-content\/uploads\/2022\/01\/featured-GBAA.png\",\"contentUrl\":\"https:\/\/www.bhakademiker.org\/wp-content\/uploads\/2022\/01\/featured-GBAA.png\",\"width\":1200,\"height\":630,\"caption\":\"Gesellschaft Bosnischer Akademiker in \u00d6sterreich\"},\"image\":{\"@id\":\"https:\/\/www.bhakademiker.org\/bs\/#\/schema\/logo\/image\/\"}},{\"@type\":\"Person\",\"@id\":\"https:\/\/www.bhakademiker.org\/bs\/#\/schema\/person\/eb2bb45ccd10b1a8756ef049efa44da5\",\"name\":\"BanKulin\",\"image\":{\"@type\":\"ImageObject\",\"inLanguage\":\"de\",\"@id\":\"https:\/\/www.bhakademiker.org\/bs\/#\/schema\/person\/image\/\",\"url\":\"https:\/\/secure.gravatar.com\/avatar\/c6d58ce317ac29451bb963305865585b0ee61581cac268f7b497945aea17e32c?s=96&d=mm&r=g\",\"contentUrl\":\"https:\/\/secure.gravatar.com\/avatar\/c6d58ce317ac29451bb963305865585b0ee61581cac268f7b497945aea17e32c?s=96&d=mm&r=g\",\"caption\":\"BanKulin\"},\"sameAs\":[\"https:\/\/www.bhakademiker.org\"],\"url\":\"https:\/\/www.bhakademiker.org\/de\/author\/bankulin\/\"}]}<\/script>\n<!-- \/ Yoast SEO plugin. -->","yoast_head_json":{"title":"Amras 2025 - Gesellschaft Bosnischer Akademiker","description":"Gedenken an die gefallenen bosnisch-herzegowinischen Soldaten des Ersten Weltkriegs","robots":{"index":"index","follow":"follow","max-snippet":"max-snippet:-1","max-image-preview":"max-image-preview:large","max-video-preview":"max-video-preview:-1"},"canonical":"https:\/\/www.bhakademiker.org\/de\/2025\/04\/06\/amras-2025-2\/","og_locale":"de_DE","og_type":"article","og_title":"Posjeta vojnom groblju Amras | Besuch Soldatenfriedhof Amras (Innsbruck)","og_description":"04. & 05.04.2025","og_url":"https:\/\/www.bhakademiker.org\/de\/2025\/04\/06\/amras-2025-2\/","og_site_name":"Gesellschaft Bosnischer Akademiker","article_published_time":"2025-04-06T16:44:22+00:00","article_modified_time":"2025-04-07T14:01:32+00:00","og_image":[{"width":1920,"height":1440,"url":"https:\/\/www.bhakademiker.org\/wp-content\/uploads\/2025\/04\/pored-nisana.jpg","type":"image\/jpeg"}],"author":"BanKulin","twitter_card":"summary_large_image","twitter_title":"Posjeta vojnom groblju Amras | Besuch Soldatenfriedhof Amras (Innsbruck)","twitter_description":"04. & 05.04.2025","twitter_image":"https:\/\/www.bhakademiker.org\/wp-content\/uploads\/2025\/04\/pored-nisana.jpg","twitter_misc":{"Verfasst von":"BanKulin","Gesch\u00e4tzte Lesezeit":"5\u00a0Minuten"},"schema":{"@context":"https:\/\/schema.org","@graph":[{"@type":"Article","@id":"https:\/\/www.bhakademiker.org\/2025\/04\/06\/amras-2025-2\/#article","isPartOf":{"@id":"https:\/\/www.bhakademiker.org\/2025\/04\/06\/amras-2025-2\/"},"author":{"name":"BanKulin","@id":"https:\/\/www.bhakademiker.org\/bs\/#\/schema\/person\/eb2bb45ccd10b1a8756ef049efa44da5"},"headline":"Amras 2025","datePublished":"2025-04-06T16:44:22+00:00","dateModified":"2025-04-07T14:01:32+00:00","mainEntityOfPage":{"@id":"https:\/\/www.bhakademiker.org\/2025\/04\/06\/amras-2025-2\/"},"wordCount":1095,"commentCount":0,"publisher":{"@id":"https:\/\/www.bhakademiker.org\/bs\/#organization"},"articleSection":["Amras"],"inLanguage":"de","potentialAction":[{"@type":"CommentAction","name":"Comment","target":["https:\/\/www.bhakademiker.org\/2025\/04\/06\/amras-2025-2\/#respond"]}]},{"@type":"WebPage","@id":"https:\/\/www.bhakademiker.org\/2025\/04\/06\/amras-2025-2\/","url":"https:\/\/www.bhakademiker.org\/2025\/04\/06\/amras-2025-2\/","name":"Amras 2025 - Gesellschaft Bosnischer Akademiker","isPartOf":{"@id":"https:\/\/www.bhakademiker.org\/bs\/#website"},"datePublished":"2025-04-06T16:44:22+00:00","dateModified":"2025-04-07T14:01:32+00:00","description":"Gedenken an die gefallenen bosnisch-herzegowinischen Soldaten des Ersten Weltkriegs","breadcrumb":{"@id":"https:\/\/www.bhakademiker.org\/2025\/04\/06\/amras-2025-2\/#breadcrumb"},"inLanguage":"de","potentialAction":[{"@type":"ReadAction","target":["https:\/\/www.bhakademiker.org\/2025\/04\/06\/amras-2025-2\/"]}]},{"@type":"BreadcrumbList","@id":"https:\/\/www.bhakademiker.org\/2025\/04\/06\/amras-2025-2\/#breadcrumb","itemListElement":[{"@type":"ListItem","position":1,"name":"Home","item":"https:\/\/www.bhakademiker.org\/"},{"@type":"ListItem","position":2,"name":"Amras 2025"}]},{"@type":"WebSite","@id":"https:\/\/www.bhakademiker.org\/bs\/#website","url":"https:\/\/www.bhakademiker.org\/bs\/","name":"Gesellschaft Bosnischer Akademiker","description":"","publisher":{"@id":"https:\/\/www.bhakademiker.org\/bs\/#organization"},"potentialAction":[{"@type":"SearchAction","target":{"@type":"EntryPoint","urlTemplate":"https:\/\/www.bhakademiker.org\/bs\/?s={search_term_string}"},"query-input":"required name=search_term_string"}],"inLanguage":"de"},{"@type":"Organization","@id":"https:\/\/www.bhakademiker.org\/bs\/#organization","name":"Gesellschaft Bosnischer Akademiker in \u00d6sterreich","url":"https:\/\/www.bhakademiker.org\/bs\/","logo":{"@type":"ImageObject","inLanguage":"de","@id":"https:\/\/www.bhakademiker.org\/bs\/#\/schema\/logo\/image\/","url":"https:\/\/www.bhakademiker.org\/wp-content\/uploads\/2022\/01\/featured-GBAA.png","contentUrl":"https:\/\/www.bhakademiker.org\/wp-content\/uploads\/2022\/01\/featured-GBAA.png","width":1200,"height":630,"caption":"Gesellschaft Bosnischer Akademiker in \u00d6sterreich"},"image":{"@id":"https:\/\/www.bhakademiker.org\/bs\/#\/schema\/logo\/image\/"}},{"@type":"Person","@id":"https:\/\/www.bhakademiker.org\/bs\/#\/schema\/person\/eb2bb45ccd10b1a8756ef049efa44da5","name":"BanKulin","image":{"@type":"ImageObject","inLanguage":"de","@id":"https:\/\/www.bhakademiker.org\/bs\/#\/schema\/person\/image\/","url":"https:\/\/secure.gravatar.com\/avatar\/c6d58ce317ac29451bb963305865585b0ee61581cac268f7b497945aea17e32c?s=96&d=mm&r=g","contentUrl":"https:\/\/secure.gravatar.com\/avatar\/c6d58ce317ac29451bb963305865585b0ee61581cac268f7b497945aea17e32c?s=96&d=mm&r=g","caption":"BanKulin"},"sameAs":["https:\/\/www.bhakademiker.org"],"url":"https:\/\/www.bhakademiker.org\/de\/author\/bankulin\/"}]}},"_links":{"self":[{"href":"https:\/\/www.bhakademiker.org\/de\/wp-json\/wp\/v2\/posts\/3782","targetHints":{"allow":["GET"]}}],"collection":[{"href":"https:\/\/www.bhakademiker.org\/de\/wp-json\/wp\/v2\/posts"}],"about":[{"href":"https:\/\/www.bhakademiker.org\/de\/wp-json\/wp\/v2\/types\/post"}],"author":[{"embeddable":true,"href":"https:\/\/www.bhakademiker.org\/de\/wp-json\/wp\/v2\/users\/1"}],"replies":[{"embeddable":true,"href":"https:\/\/www.bhakademiker.org\/de\/wp-json\/wp\/v2\/comments?post=3782"}],"version-history":[{"count":3,"href":"https:\/\/www.bhakademiker.org\/de\/wp-json\/wp\/v2\/posts\/3782\/revisions"}],"predecessor-version":[{"id":3798,"href":"https:\/\/www.bhakademiker.org\/de\/wp-json\/wp\/v2\/posts\/3782\/revisions\/3798"}],"wp:featuredmedia":[{"embeddable":true,"href":"https:\/\/www.bhakademiker.org\/de\/wp-json\/wp\/v2\/media\/3787"}],"wp:attachment":[{"href":"https:\/\/www.bhakademiker.org\/de\/wp-json\/wp\/v2\/media?parent=3782"}],"wp:term":[{"taxonomy":"category","embeddable":true,"href":"https:\/\/www.bhakademiker.org\/de\/wp-json\/wp\/v2\/categories?post=3782"},{"taxonomy":"post_tag","embeddable":true,"href":"https:\/\/www.bhakademiker.org\/de\/wp-json\/wp\/v2\/tags?post=3782"}],"curies":[{"name":"wp","href":"https:\/\/api.w.org\/{rel}","templated":true}]}}