{"id":3800,"date":"2025-04-14T17:41:13","date_gmt":"2025-04-14T15:41:13","guid":{"rendered":"https:\/\/www.bhakademiker.org\/?p=3800"},"modified":"2025-04-14T17:42:04","modified_gmt":"2025-04-14T15:42:04","slug":"jahrespreis-fuer-aussergewoehnliche-verdienste","status":"publish","type":"post","link":"https:\/\/www.bhakademiker.org\/de\/2025\/04\/14\/jahrespreis-fuer-aussergewoehnliche-verdienste\/","title":{"rendered":"Jahrespreis f\u00fcr au\u00dfergew\u00f6hnliche Verdienste"},"content":{"rendered":"<h2>Jahrespreis f\u00fcr au\u00dfergew\u00f6hnliche Verdienste um die internationale F\u00f6rderung des bosnisch-herzegowinischen Erbes<\/h2>\n<p>Im Rahmen der 36. Internationalen Buch- und Lehrmittelmesse in Sarajevo hat der Verlag \u201eBosanska rije\u010d\u201c der Gesellschaft Bosnischer Akademiker in \u00d6sterreich (GBAA) den Jahrespreis f\u00fcr au\u00dfergew\u00f6hnliche Verdienste um die internationale F\u00f6rderung des bosnisch-herzegowinischen Erbes verliehen.<\/p>\n<p>Durch seine Aktivit\u00e4ten bildet BADA eine Br\u00fccke zwischen der bosnisch-herzegowinischen Kultur und dem europ\u00e4ischen Raum, wobei es Studierende, Wissenschaftler und K\u00fcnstler mit Wurzeln in Bosnien und Herzegowina unterst\u00fctzt. Zudem engagiert sich GBAA intensiv f\u00fcr die Bewahrung gemeinsamer Werte zwischen Italien, \u00d6sterreich und Bosnien und Herzegowina und tr\u00e4gt durch seine T\u00e4tigkeiten bei den Vereinten Nationen zur weltweiten F\u00f6rderung von Toleranz, Dialog und Frieden bei.<\/p>\n<p>Die feierliche Preisverleihung fand am Sonntag, dem 13. April, um 12:30 Uhr auf der Hauptb\u00fchne der Messe in Skenderija statt.<\/p>\n<p><strong>Gemeinsam gehen wir weiter.<\/strong><\/p>\n\n\t\t<style type=\"text\/css\">\n\t\t\t#gallery-1 {\n\t\t\t\tmargin: auto;\n\t\t\t}\n\t\t\t#gallery-1 .gallery-item {\n\t\t\t\tfloat: left;\n\t\t\t\tmargin-top: 10px;\n\t\t\t\ttext-align: center;\n\t\t\t\twidth: 33%;\n\t\t\t}\n\t\t\t#gallery-1 img {\n\t\t\t\tborder: 2px solid #cfcfcf;\n\t\t\t}\n\t\t\t#gallery-1 .gallery-caption {\n\t\t\t\tmargin-left: 0;\n\t\t\t}\n\t\t\t\/* see gallery_shortcode() in wp-includes\/media.php *\/\n\t\t<\/style>\n\t\t<div id='gallery-1' class='gallery galleryid-3800 gallery-columns-3 gallery-size-medium'><dl class='gallery-item'>\n\t\t\t<dt class='gallery-icon landscape'>\n\t\t\t\t<a href='https:\/\/www.bhakademiker.org\/de\/2025\/04\/14\/jahrespreis-fuer-aussergewoehnliche-verdienste\/141177bc-8f08-4255-a7a1-27821e414799\/'><img fetchpriority=\"high\" decoding=\"async\" width=\"300\" height=\"225\" src=\"https:\/\/www.bhakademiker.org\/wp-content\/uploads\/2025\/04\/141177bc-8f08-4255-a7a1-27821e414799-300x225.jpg\" class=\"attachment-medium size-medium\" alt=\"\" srcset=\"https:\/\/www.bhakademiker.org\/wp-content\/uploads\/2025\/04\/141177bc-8f08-4255-a7a1-27821e414799-300x225.jpg 300w, https:\/\/www.bhakademiker.org\/wp-content\/uploads\/2025\/04\/141177bc-8f08-4255-a7a1-27821e414799-1024x768.jpg 1024w, https:\/\/www.bhakademiker.org\/wp-content\/uploads\/2025\/04\/141177bc-8f08-4255-a7a1-27821e414799-768x576.jpg 768w, https:\/\/www.bhakademiker.org\/wp-content\/uploads\/2025\/04\/141177bc-8f08-4255-a7a1-27821e414799-1536x1152.jpg 1536w, https:\/\/www.bhakademiker.org\/wp-content\/uploads\/2025\/04\/141177bc-8f08-4255-a7a1-27821e414799-16x12.jpg 16w, https:\/\/www.bhakademiker.org\/wp-content\/uploads\/2025\/04\/141177bc-8f08-4255-a7a1-27821e414799.jpg 1600w\" sizes=\"(max-width: 300px) 100vw, 300px\" \/><\/a>\n\t\t\t<\/dt><\/dl><dl class='gallery-item'>\n\t\t\t<dt class='gallery-icon landscape'>\n\t\t\t\t<a href='https:\/\/www.bhakademiker.org\/de\/2025\/04\/14\/jahrespreis-fuer-aussergewoehnliche-verdienste\/65ad279e-8d7b-4795-a5ee-415ece0d2c88\/'><img decoding=\"async\" width=\"300\" height=\"225\" src=\"https:\/\/www.bhakademiker.org\/wp-content\/uploads\/2025\/04\/65ad279e-8d7b-4795-a5ee-415ece0d2c88-300x225.jpg\" class=\"attachment-medium size-medium\" alt=\"\" srcset=\"https:\/\/www.bhakademiker.org\/wp-content\/uploads\/2025\/04\/65ad279e-8d7b-4795-a5ee-415ece0d2c88-300x225.jpg 300w, https:\/\/www.bhakademiker.org\/wp-content\/uploads\/2025\/04\/65ad279e-8d7b-4795-a5ee-415ece0d2c88-1024x768.jpg 1024w, https:\/\/www.bhakademiker.org\/wp-content\/uploads\/2025\/04\/65ad279e-8d7b-4795-a5ee-415ece0d2c88-768x576.jpg 768w, https:\/\/www.bhakademiker.org\/wp-content\/uploads\/2025\/04\/65ad279e-8d7b-4795-a5ee-415ece0d2c88-1536x1152.jpg 1536w, https:\/\/www.bhakademiker.org\/wp-content\/uploads\/2025\/04\/65ad279e-8d7b-4795-a5ee-415ece0d2c88-16x12.jpg 16w, https:\/\/www.bhakademiker.org\/wp-content\/uploads\/2025\/04\/65ad279e-8d7b-4795-a5ee-415ece0d2c88.jpg 1600w\" sizes=\"(max-width: 300px) 100vw, 300px\" \/><\/a>\n\t\t\t<\/dt><\/dl><dl class='gallery-item'>\n\t\t\t<dt class='gallery-icon landscape'>\n\t\t\t\t<a href='https:\/\/www.bhakademiker.org\/de\/2025\/04\/14\/jahrespreis-fuer-aussergewoehnliche-verdienste\/25eff221-5eee-4cb5-b166-39d7abbb6554\/'><img decoding=\"async\" width=\"300\" height=\"204\" src=\"https:\/\/www.bhakademiker.org\/wp-content\/uploads\/2025\/04\/25eff221-5eee-4cb5-b166-39d7abbb6554-300x204.jpg\" class=\"attachment-medium size-medium\" alt=\"\" srcset=\"https:\/\/www.bhakademiker.org\/wp-content\/uploads\/2025\/04\/25eff221-5eee-4cb5-b166-39d7abbb6554-300x204.jpg 300w, https:\/\/www.bhakademiker.org\/wp-content\/uploads\/2025\/04\/25eff221-5eee-4cb5-b166-39d7abbb6554-1024x695.jpg 1024w, https:\/\/www.bhakademiker.org\/wp-content\/uploads\/2025\/04\/25eff221-5eee-4cb5-b166-39d7abbb6554-768x521.jpg 768w, https:\/\/www.bhakademiker.org\/wp-content\/uploads\/2025\/04\/25eff221-5eee-4cb5-b166-39d7abbb6554-18x12.jpg 18w, https:\/\/www.bhakademiker.org\/wp-content\/uploads\/2025\/04\/25eff221-5eee-4cb5-b166-39d7abbb6554-rotated.jpg 1238w\" sizes=\"(max-width: 300px) 100vw, 300px\" \/><\/a>\n\t\t\t<\/dt><\/dl><br style=\"clear: both\" \/><dl class='gallery-item'>\n\t\t\t<dt class='gallery-icon landscape'>\n\t\t\t\t<a href='https:\/\/www.bhakademiker.org\/de\/2025\/04\/14\/jahrespreis-fuer-aussergewoehnliche-verdienste\/b4e6d78a-9987-4690-a542-16348ade979b\/'><img loading=\"lazy\" decoding=\"async\" width=\"300\" height=\"225\" src=\"https:\/\/www.bhakademiker.org\/wp-content\/uploads\/2025\/04\/b4e6d78a-9987-4690-a542-16348ade979b-300x225.jpg\" class=\"attachment-medium size-medium\" alt=\"\" srcset=\"https:\/\/www.bhakademiker.org\/wp-content\/uploads\/2025\/04\/b4e6d78a-9987-4690-a542-16348ade979b-300x225.jpg 300w, https:\/\/www.bhakademiker.org\/wp-content\/uploads\/2025\/04\/b4e6d78a-9987-4690-a542-16348ade979b-1024x768.jpg 1024w, https:\/\/www.bhakademiker.org\/wp-content\/uploads\/2025\/04\/b4e6d78a-9987-4690-a542-16348ade979b-768x576.jpg 768w, https:\/\/www.bhakademiker.org\/wp-content\/uploads\/2025\/04\/b4e6d78a-9987-4690-a542-16348ade979b-1536x1152.jpg 1536w, https:\/\/www.bhakademiker.org\/wp-content\/uploads\/2025\/04\/b4e6d78a-9987-4690-a542-16348ade979b-16x12.jpg 16w, https:\/\/www.bhakademiker.org\/wp-content\/uploads\/2025\/04\/b4e6d78a-9987-4690-a542-16348ade979b.jpg 1600w\" sizes=\"(max-width: 300px) 100vw, 300px\" \/><\/a>\n\t\t\t<\/dt><\/dl><dl class='gallery-item'>\n\t\t\t<dt class='gallery-icon landscape'>\n\t\t\t\t<a href='https:\/\/www.bhakademiker.org\/de\/2025\/04\/14\/jahrespreis-fuer-aussergewoehnliche-verdienste\/6eaedfa2-832d-4863-b130-8bb5b2c1c600\/'><img loading=\"lazy\" decoding=\"async\" width=\"300\" height=\"225\" src=\"https:\/\/www.bhakademiker.org\/wp-content\/uploads\/2025\/04\/6eaedfa2-832d-4863-b130-8bb5b2c1c600-300x225.jpg\" class=\"attachment-medium size-medium\" alt=\"\" srcset=\"https:\/\/www.bhakademiker.org\/wp-content\/uploads\/2025\/04\/6eaedfa2-832d-4863-b130-8bb5b2c1c600-300x225.jpg 300w, https:\/\/www.bhakademiker.org\/wp-content\/uploads\/2025\/04\/6eaedfa2-832d-4863-b130-8bb5b2c1c600-1024x768.jpg 1024w, https:\/\/www.bhakademiker.org\/wp-content\/uploads\/2025\/04\/6eaedfa2-832d-4863-b130-8bb5b2c1c600-768x576.jpg 768w, https:\/\/www.bhakademiker.org\/wp-content\/uploads\/2025\/04\/6eaedfa2-832d-4863-b130-8bb5b2c1c600-1536x1152.jpg 1536w, https:\/\/www.bhakademiker.org\/wp-content\/uploads\/2025\/04\/6eaedfa2-832d-4863-b130-8bb5b2c1c600-16x12.jpg 16w, https:\/\/www.bhakademiker.org\/wp-content\/uploads\/2025\/04\/6eaedfa2-832d-4863-b130-8bb5b2c1c600.jpg 1600w\" sizes=\"(max-width: 300px) 100vw, 300px\" \/><\/a>\n\t\t\t<\/dt><\/dl><dl class='gallery-item'>\n\t\t\t<dt class='gallery-icon landscape'>\n\t\t\t\t<a href='https:\/\/www.bhakademiker.org\/de\/2025\/04\/14\/jahrespreis-fuer-aussergewoehnliche-verdienste\/7e418d07-7187-4d4c-92e7-5070da17cf1a\/'><img loading=\"lazy\" decoding=\"async\" width=\"300\" height=\"225\" src=\"https:\/\/www.bhakademiker.org\/wp-content\/uploads\/2025\/04\/7e418d07-7187-4d4c-92e7-5070da17cf1a-300x225.jpg\" class=\"attachment-medium size-medium\" alt=\"\" srcset=\"https:\/\/www.bhakademiker.org\/wp-content\/uploads\/2025\/04\/7e418d07-7187-4d4c-92e7-5070da17cf1a-300x225.jpg 300w, https:\/\/www.bhakademiker.org\/wp-content\/uploads\/2025\/04\/7e418d07-7187-4d4c-92e7-5070da17cf1a-1024x768.jpg 1024w, https:\/\/www.bhakademiker.org\/wp-content\/uploads\/2025\/04\/7e418d07-7187-4d4c-92e7-5070da17cf1a-768x576.jpg 768w, https:\/\/www.bhakademiker.org\/wp-content\/uploads\/2025\/04\/7e418d07-7187-4d4c-92e7-5070da17cf1a-1536x1152.jpg 1536w, https:\/\/www.bhakademiker.org\/wp-content\/uploads\/2025\/04\/7e418d07-7187-4d4c-92e7-5070da17cf1a-16x12.jpg 16w, https:\/\/www.bhakademiker.org\/wp-content\/uploads\/2025\/04\/7e418d07-7187-4d4c-92e7-5070da17cf1a.jpg 1600w\" sizes=\"(max-width: 300px) 100vw, 300px\" \/><\/a>\n\t\t\t<\/dt><\/dl><br style=\"clear: both\" \/><dl class='gallery-item'>\n\t\t\t<dt class='gallery-icon portrait'>\n\t\t\t\t<a href='https:\/\/www.bhakademiker.org\/de\/2025\/04\/14\/jahrespreis-fuer-aussergewoehnliche-verdienste\/54ef5711-6a6a-42b5-aeb0-e1070b6831f8\/'><img loading=\"lazy\" decoding=\"async\" width=\"225\" height=\"300\" src=\"https:\/\/www.bhakademiker.org\/wp-content\/uploads\/2025\/04\/54ef5711-6a6a-42b5-aeb0-e1070b6831f8-225x300.jpg\" class=\"attachment-medium size-medium\" alt=\"\" srcset=\"https:\/\/www.bhakademiker.org\/wp-content\/uploads\/2025\/04\/54ef5711-6a6a-42b5-aeb0-e1070b6831f8-225x300.jpg 225w, https:\/\/www.bhakademiker.org\/wp-content\/uploads\/2025\/04\/54ef5711-6a6a-42b5-aeb0-e1070b6831f8-768x1024.jpg 768w, https:\/\/www.bhakademiker.org\/wp-content\/uploads\/2025\/04\/54ef5711-6a6a-42b5-aeb0-e1070b6831f8-1152x1536.jpg 1152w, https:\/\/www.bhakademiker.org\/wp-content\/uploads\/2025\/04\/54ef5711-6a6a-42b5-aeb0-e1070b6831f8-9x12.jpg 9w, https:\/\/www.bhakademiker.org\/wp-content\/uploads\/2025\/04\/54ef5711-6a6a-42b5-aeb0-e1070b6831f8.jpg 1200w\" sizes=\"(max-width: 225px) 100vw, 225px\" \/><\/a>\n\t\t\t<\/dt><\/dl><dl class='gallery-item'>\n\t\t\t<dt class='gallery-icon landscape'>\n\t\t\t\t<a href='https:\/\/www.bhakademiker.org\/de\/2025\/04\/14\/jahrespreis-fuer-aussergewoehnliche-verdienste\/79c9e930-fcbb-4f8f-bb49-b31b4c5d22b5\/'><img loading=\"lazy\" decoding=\"async\" width=\"300\" height=\"225\" src=\"https:\/\/www.bhakademiker.org\/wp-content\/uploads\/2025\/04\/79c9e930-fcbb-4f8f-bb49-b31b4c5d22b5-300x225.jpg\" class=\"attachment-medium size-medium\" alt=\"\" srcset=\"https:\/\/www.bhakademiker.org\/wp-content\/uploads\/2025\/04\/79c9e930-fcbb-4f8f-bb49-b31b4c5d22b5-300x225.jpg 300w, https:\/\/www.bhakademiker.org\/wp-content\/uploads\/2025\/04\/79c9e930-fcbb-4f8f-bb49-b31b4c5d22b5-1024x768.jpg 1024w, https:\/\/www.bhakademiker.org\/wp-content\/uploads\/2025\/04\/79c9e930-fcbb-4f8f-bb49-b31b4c5d22b5-768x576.jpg 768w, https:\/\/www.bhakademiker.org\/wp-content\/uploads\/2025\/04\/79c9e930-fcbb-4f8f-bb49-b31b4c5d22b5-1536x1152.jpg 1536w, https:\/\/www.bhakademiker.org\/wp-content\/uploads\/2025\/04\/79c9e930-fcbb-4f8f-bb49-b31b4c5d22b5-16x12.jpg 16w, https:\/\/www.bhakademiker.org\/wp-content\/uploads\/2025\/04\/79c9e930-fcbb-4f8f-bb49-b31b4c5d22b5.jpg 1600w\" sizes=\"(max-width: 300px) 100vw, 300px\" \/><\/a>\n\t\t\t<\/dt><\/dl><dl class='gallery-item'>\n\t\t\t<dt class='gallery-icon portrait'>\n\t\t\t\t<a href='https:\/\/www.bhakademiker.org\/de\/2025\/04\/14\/jahrespreis-fuer-aussergewoehnliche-verdienste\/faaac6af-d7a1-40b9-a048-a3c2ecb9f11f\/'><img loading=\"lazy\" decoding=\"async\" width=\"225\" height=\"300\" src=\"https:\/\/www.bhakademiker.org\/wp-content\/uploads\/2025\/04\/faaac6af-d7a1-40b9-a048-a3c2ecb9f11f-225x300.jpg\" class=\"attachment-medium size-medium\" alt=\"\" srcset=\"https:\/\/www.bhakademiker.org\/wp-content\/uploads\/2025\/04\/faaac6af-d7a1-40b9-a048-a3c2ecb9f11f-225x300.jpg 225w, https:\/\/www.bhakademiker.org\/wp-content\/uploads\/2025\/04\/faaac6af-d7a1-40b9-a048-a3c2ecb9f11f-768x1024.jpg 768w, https:\/\/www.bhakademiker.org\/wp-content\/uploads\/2025\/04\/faaac6af-d7a1-40b9-a048-a3c2ecb9f11f-1152x1536.jpg 1152w, https:\/\/www.bhakademiker.org\/wp-content\/uploads\/2025\/04\/faaac6af-d7a1-40b9-a048-a3c2ecb9f11f-9x12.jpg 9w, https:\/\/www.bhakademiker.org\/wp-content\/uploads\/2025\/04\/faaac6af-d7a1-40b9-a048-a3c2ecb9f11f.jpg 1200w\" sizes=\"(max-width: 225px) 100vw, 225px\" \/><\/a>\n\t\t\t<\/dt><\/dl><br style=\"clear: both\" \/><dl class='gallery-item'>\n\t\t\t<dt class='gallery-icon portrait'>\n\t\t\t\t<a href='https:\/\/www.bhakademiker.org\/de\/2025\/04\/14\/jahrespreis-fuer-aussergewoehnliche-verdienste\/29495fa1-703f-4ad6-a49c-6f9dc90c7d11\/'><img loading=\"lazy\" decoding=\"async\" width=\"225\" height=\"300\" src=\"https:\/\/www.bhakademiker.org\/wp-content\/uploads\/2025\/04\/29495fa1-703f-4ad6-a49c-6f9dc90c7d11-225x300.jpg\" class=\"attachment-medium size-medium\" alt=\"\" srcset=\"https:\/\/www.bhakademiker.org\/wp-content\/uploads\/2025\/04\/29495fa1-703f-4ad6-a49c-6f9dc90c7d11-225x300.jpg 225w, https:\/\/www.bhakademiker.org\/wp-content\/uploads\/2025\/04\/29495fa1-703f-4ad6-a49c-6f9dc90c7d11-768x1024.jpg 768w, https:\/\/www.bhakademiker.org\/wp-content\/uploads\/2025\/04\/29495fa1-703f-4ad6-a49c-6f9dc90c7d11-1152x1536.jpg 1152w, https:\/\/www.bhakademiker.org\/wp-content\/uploads\/2025\/04\/29495fa1-703f-4ad6-a49c-6f9dc90c7d11-9x12.jpg 9w, https:\/\/www.bhakademiker.org\/wp-content\/uploads\/2025\/04\/29495fa1-703f-4ad6-a49c-6f9dc90c7d11.jpg 1200w\" sizes=\"(max-width: 225px) 100vw, 225px\" \/><\/a>\n\t\t\t<\/dt><\/dl>\n\t\t\t<br style='clear: both' \/>\n\t\t<\/div>\n\n","protected":false},"excerpt":{"rendered":"<p>13.04.2025, Sarajevo<\/p>\n","protected":false},"author":1,"featured_media":3802,"comment_status":"open","ping_status":"open","sticky":false,"template":"","format":"standard","meta":{"footnotes":""},"categories":[72],"tags":[],"class_list":["post-3800","post","type-post","status-publish","format-standard","has-post-thumbnail","hentry","category-bada"],"yoast_head":"<!-- This site is optimized with the Yoast SEO plugin v20.3 - https:\/\/yoast.com\/wordpress\/plugins\/seo\/ -->\n<title>Jahrespreis f\u00fcr au\u00dfergew\u00f6hnliche Verdienste - Gesellschaft Bosnischer Akademiker<\/title>\n<meta name=\"description\" content=\"13.04.2025, Sarajevo\" \/>\n<meta name=\"robots\" content=\"index, follow, max-snippet:-1, max-image-preview:large, max-video-preview:-1\" \/>\n<link rel=\"canonical\" href=\"https:\/\/www.bhakademiker.org\/de\/2025\/04\/14\/jahrespreis-fuer-aussergewoehnliche-verdienste\/\" \/>\n<meta property=\"og:locale\" content=\"de_DE\" \/>\n<meta property=\"og:type\" content=\"article\" \/>\n<meta property=\"og:title\" content=\"Jahrespreis f\u00fcr au\u00dfergew\u00f6hnliche Verdienste | za izniman doprinos u promociji bh. naslije\u0111a\" \/>\n<meta property=\"og:description\" content=\"13.04.2025, Sarajevo\" \/>\n<meta property=\"og:url\" content=\"https:\/\/www.bhakademiker.org\/de\/2025\/04\/14\/jahrespreis-fuer-aussergewoehnliche-verdienste\/\" \/>\n<meta property=\"og:site_name\" content=\"Gesellschaft Bosnischer Akademiker\" \/>\n<meta property=\"article:published_time\" content=\"2025-04-14T15:41:13+00:00\" \/>\n<meta property=\"article:modified_time\" content=\"2025-04-14T15:42:04+00:00\" \/>\n<meta property=\"og:image\" content=\"https:\/\/www.bhakademiker.org\/wp-content\/uploads\/2025\/04\/pored-nisana.jpg\" \/>\n\t<meta property=\"og:image:width\" content=\"1920\" \/>\n\t<meta property=\"og:image:height\" content=\"1440\" \/>\n\t<meta property=\"og:image:type\" content=\"image\/jpeg\" \/>\n<meta name=\"author\" content=\"BanKulin\" \/>\n<meta name=\"twitter:card\" content=\"summary_large_image\" \/>\n<meta name=\"twitter:title\" content=\"Jahrespreis f\u00fcr au\u00dfergew\u00f6hnliche Verdienste | za izniman doprinos u promociji bh. naslije\u0111a\" \/>\n<meta name=\"twitter:description\" content=\"13.04.2025, Sarajevo\" \/>\n<meta name=\"twitter:image\" content=\"https:\/\/www.bhakademiker.org\/wp-content\/uploads\/2025\/04\/pored-nisana.jpg\" \/>\n<meta name=\"twitter:label1\" content=\"Verfasst von\" \/>\n\t<meta name=\"twitter:data1\" content=\"BanKulin\" \/>\n\t<meta name=\"twitter:label2\" content=\"Gesch\u00e4tzte Lesezeit\" \/>\n\t<meta name=\"twitter:data2\" content=\"1\u00a0Minute\" \/>\n<script type=\"application\/ld+json\" class=\"yoast-schema-graph\">{\"@context\":\"https:\/\/schema.org\",\"@graph\":[{\"@type\":\"Article\",\"@id\":\"https:\/\/www.bhakademiker.org\/2025\/04\/14\/jahrespreis-fuer-aussergewoehnliche-verdienste\/#article\",\"isPartOf\":{\"@id\":\"https:\/\/www.bhakademiker.org\/2025\/04\/14\/jahrespreis-fuer-aussergewoehnliche-verdienste\/\"},\"author\":{\"name\":\"BanKulin\",\"@id\":\"https:\/\/www.bhakademiker.org\/bs\/#\/schema\/person\/eb2bb45ccd10b1a8756ef049efa44da5\"},\"headline\":\"Jahrespreis f\u00fcr au\u00dfergew\u00f6hnliche Verdienste\",\"datePublished\":\"2025-04-14T15:41:13+00:00\",\"dateModified\":\"2025-04-14T15:42:04+00:00\",\"mainEntityOfPage\":{\"@id\":\"https:\/\/www.bhakademiker.org\/2025\/04\/14\/jahrespreis-fuer-aussergewoehnliche-verdienste\/\"},\"wordCount\":159,\"commentCount\":0,\"publisher\":{\"@id\":\"https:\/\/www.bhakademiker.org\/bs\/#organization\"},\"articleSection\":[\"BADA\"],\"inLanguage\":\"de\",\"potentialAction\":[{\"@type\":\"CommentAction\",\"name\":\"Comment\",\"target\":[\"https:\/\/www.bhakademiker.org\/2025\/04\/14\/jahrespreis-fuer-aussergewoehnliche-verdienste\/#respond\"]}]},{\"@type\":\"WebPage\",\"@id\":\"https:\/\/www.bhakademiker.org\/2025\/04\/14\/jahrespreis-fuer-aussergewoehnliche-verdienste\/\",\"url\":\"https:\/\/www.bhakademiker.org\/2025\/04\/14\/jahrespreis-fuer-aussergewoehnliche-verdienste\/\",\"name\":\"Jahrespreis f\u00fcr au\u00dfergew\u00f6hnliche Verdienste - Gesellschaft Bosnischer Akademiker\",\"isPartOf\":{\"@id\":\"https:\/\/www.bhakademiker.org\/bs\/#website\"},\"datePublished\":\"2025-04-14T15:41:13+00:00\",\"dateModified\":\"2025-04-14T15:42:04+00:00\",\"description\":\"13.04.2025, Sarajevo\",\"breadcrumb\":{\"@id\":\"https:\/\/www.bhakademiker.org\/2025\/04\/14\/jahrespreis-fuer-aussergewoehnliche-verdienste\/#breadcrumb\"},\"inLanguage\":\"de\",\"potentialAction\":[{\"@type\":\"ReadAction\",\"target\":[\"https:\/\/www.bhakademiker.org\/2025\/04\/14\/jahrespreis-fuer-aussergewoehnliche-verdienste\/\"]}]},{\"@type\":\"BreadcrumbList\",\"@id\":\"https:\/\/www.bhakademiker.org\/2025\/04\/14\/jahrespreis-fuer-aussergewoehnliche-verdienste\/#breadcrumb\",\"itemListElement\":[{\"@type\":\"ListItem\",\"position\":1,\"name\":\"Home\",\"item\":\"https:\/\/www.bhakademiker.org\/\"},{\"@type\":\"ListItem\",\"position\":2,\"name\":\"Jahrespreis f\u00fcr au\u00dfergew\u00f6hnliche Verdienste\"}]},{\"@type\":\"WebSite\",\"@id\":\"https:\/\/www.bhakademiker.org\/bs\/#website\",\"url\":\"https:\/\/www.bhakademiker.org\/bs\/\",\"name\":\"Gesellschaft Bosnischer Akademiker\",\"description\":\"\",\"publisher\":{\"@id\":\"https:\/\/www.bhakademiker.org\/bs\/#organization\"},\"potentialAction\":[{\"@type\":\"SearchAction\",\"target\":{\"@type\":\"EntryPoint\",\"urlTemplate\":\"https:\/\/www.bhakademiker.org\/bs\/?s={search_term_string}\"},\"query-input\":\"required name=search_term_string\"}],\"inLanguage\":\"de\"},{\"@type\":\"Organization\",\"@id\":\"https:\/\/www.bhakademiker.org\/bs\/#organization\",\"name\":\"Gesellschaft Bosnischer Akademiker in \u00d6sterreich\",\"url\":\"https:\/\/www.bhakademiker.org\/bs\/\",\"logo\":{\"@type\":\"ImageObject\",\"inLanguage\":\"de\",\"@id\":\"https:\/\/www.bhakademiker.org\/bs\/#\/schema\/logo\/image\/\",\"url\":\"https:\/\/www.bhakademiker.org\/wp-content\/uploads\/2022\/01\/featured-GBAA.png\",\"contentUrl\":\"https:\/\/www.bhakademiker.org\/wp-content\/uploads\/2022\/01\/featured-GBAA.png\",\"width\":1200,\"height\":630,\"caption\":\"Gesellschaft Bosnischer Akademiker in \u00d6sterreich\"},\"image\":{\"@id\":\"https:\/\/www.bhakademiker.org\/bs\/#\/schema\/logo\/image\/\"}},{\"@type\":\"Person\",\"@id\":\"https:\/\/www.bhakademiker.org\/bs\/#\/schema\/person\/eb2bb45ccd10b1a8756ef049efa44da5\",\"name\":\"BanKulin\",\"image\":{\"@type\":\"ImageObject\",\"inLanguage\":\"de\",\"@id\":\"https:\/\/www.bhakademiker.org\/bs\/#\/schema\/person\/image\/\",\"url\":\"https:\/\/secure.gravatar.com\/avatar\/c6d58ce317ac29451bb963305865585b0ee61581cac268f7b497945aea17e32c?s=96&d=mm&r=g\",\"contentUrl\":\"https:\/\/secure.gravatar.com\/avatar\/c6d58ce317ac29451bb963305865585b0ee61581cac268f7b497945aea17e32c?s=96&d=mm&r=g\",\"caption\":\"BanKulin\"},\"sameAs\":[\"https:\/\/www.bhakademiker.org\"],\"url\":\"https:\/\/www.bhakademiker.org\/de\/author\/bankulin\/\"}]}<\/script>\n<!-- \/ Yoast SEO plugin. -->","yoast_head_json":{"title":"Jahrespreis f\u00fcr au\u00dfergew\u00f6hnliche Verdienste - Gesellschaft Bosnischer Akademiker","description":"13.04.2025, Sarajevo","robots":{"index":"index","follow":"follow","max-snippet":"max-snippet:-1","max-image-preview":"max-image-preview:large","max-video-preview":"max-video-preview:-1"},"canonical":"https:\/\/www.bhakademiker.org\/de\/2025\/04\/14\/jahrespreis-fuer-aussergewoehnliche-verdienste\/","og_locale":"de_DE","og_type":"article","og_title":"Jahrespreis f\u00fcr au\u00dfergew\u00f6hnliche Verdienste | za izniman doprinos u promociji bh. naslije\u0111a","og_description":"13.04.2025, Sarajevo","og_url":"https:\/\/www.bhakademiker.org\/de\/2025\/04\/14\/jahrespreis-fuer-aussergewoehnliche-verdienste\/","og_site_name":"Gesellschaft Bosnischer Akademiker","article_published_time":"2025-04-14T15:41:13+00:00","article_modified_time":"2025-04-14T15:42:04+00:00","og_image":[{"width":1920,"height":1440,"url":"https:\/\/www.bhakademiker.org\/wp-content\/uploads\/2025\/04\/pored-nisana.jpg","type":"image\/jpeg"}],"author":"BanKulin","twitter_card":"summary_large_image","twitter_title":"Jahrespreis f\u00fcr au\u00dfergew\u00f6hnliche Verdienste | za izniman doprinos u promociji bh. naslije\u0111a","twitter_description":"13.04.2025, Sarajevo","twitter_image":"https:\/\/www.bhakademiker.org\/wp-content\/uploads\/2025\/04\/pored-nisana.jpg","twitter_misc":{"Verfasst von":"BanKulin","Gesch\u00e4tzte Lesezeit":"1\u00a0Minute"},"schema":{"@context":"https:\/\/schema.org","@graph":[{"@type":"Article","@id":"https:\/\/www.bhakademiker.org\/2025\/04\/14\/jahrespreis-fuer-aussergewoehnliche-verdienste\/#article","isPartOf":{"@id":"https:\/\/www.bhakademiker.org\/2025\/04\/14\/jahrespreis-fuer-aussergewoehnliche-verdienste\/"},"author":{"name":"BanKulin","@id":"https:\/\/www.bhakademiker.org\/bs\/#\/schema\/person\/eb2bb45ccd10b1a8756ef049efa44da5"},"headline":"Jahrespreis f\u00fcr au\u00dfergew\u00f6hnliche Verdienste","datePublished":"2025-04-14T15:41:13+00:00","dateModified":"2025-04-14T15:42:04+00:00","mainEntityOfPage":{"@id":"https:\/\/www.bhakademiker.org\/2025\/04\/14\/jahrespreis-fuer-aussergewoehnliche-verdienste\/"},"wordCount":159,"commentCount":0,"publisher":{"@id":"https:\/\/www.bhakademiker.org\/bs\/#organization"},"articleSection":["BADA"],"inLanguage":"de","potentialAction":[{"@type":"CommentAction","name":"Comment","target":["https:\/\/www.bhakademiker.org\/2025\/04\/14\/jahrespreis-fuer-aussergewoehnliche-verdienste\/#respond"]}]},{"@type":"WebPage","@id":"https:\/\/www.bhakademiker.org\/2025\/04\/14\/jahrespreis-fuer-aussergewoehnliche-verdienste\/","url":"https:\/\/www.bhakademiker.org\/2025\/04\/14\/jahrespreis-fuer-aussergewoehnliche-verdienste\/","name":"Jahrespreis f\u00fcr au\u00dfergew\u00f6hnliche Verdienste - Gesellschaft Bosnischer Akademiker","isPartOf":{"@id":"https:\/\/www.bhakademiker.org\/bs\/#website"},"datePublished":"2025-04-14T15:41:13+00:00","dateModified":"2025-04-14T15:42:04+00:00","description":"13.04.2025, Sarajevo","breadcrumb":{"@id":"https:\/\/www.bhakademiker.org\/2025\/04\/14\/jahrespreis-fuer-aussergewoehnliche-verdienste\/#breadcrumb"},"inLanguage":"de","potentialAction":[{"@type":"ReadAction","target":["https:\/\/www.bhakademiker.org\/2025\/04\/14\/jahrespreis-fuer-aussergewoehnliche-verdienste\/"]}]},{"@type":"BreadcrumbList","@id":"https:\/\/www.bhakademiker.org\/2025\/04\/14\/jahrespreis-fuer-aussergewoehnliche-verdienste\/#breadcrumb","itemListElement":[{"@type":"ListItem","position":1,"name":"Home","item":"https:\/\/www.bhakademiker.org\/"},{"@type":"ListItem","position":2,"name":"Jahrespreis f\u00fcr au\u00dfergew\u00f6hnliche Verdienste"}]},{"@type":"WebSite","@id":"https:\/\/www.bhakademiker.org\/bs\/#website","url":"https:\/\/www.bhakademiker.org\/bs\/","name":"Gesellschaft Bosnischer Akademiker","description":"","publisher":{"@id":"https:\/\/www.bhakademiker.org\/bs\/#organization"},"potentialAction":[{"@type":"SearchAction","target":{"@type":"EntryPoint","urlTemplate":"https:\/\/www.bhakademiker.org\/bs\/?s={search_term_string}"},"query-input":"required name=search_term_string"}],"inLanguage":"de"},{"@type":"Organization","@id":"https:\/\/www.bhakademiker.org\/bs\/#organization","name":"Gesellschaft Bosnischer Akademiker in \u00d6sterreich","url":"https:\/\/www.bhakademiker.org\/bs\/","logo":{"@type":"ImageObject","inLanguage":"de","@id":"https:\/\/www.bhakademiker.org\/bs\/#\/schema\/logo\/image\/","url":"https:\/\/www.bhakademiker.org\/wp-content\/uploads\/2022\/01\/featured-GBAA.png","contentUrl":"https:\/\/www.bhakademiker.org\/wp-content\/uploads\/2022\/01\/featured-GBAA.png","width":1200,"height":630,"caption":"Gesellschaft Bosnischer Akademiker in \u00d6sterreich"},"image":{"@id":"https:\/\/www.bhakademiker.org\/bs\/#\/schema\/logo\/image\/"}},{"@type":"Person","@id":"https:\/\/www.bhakademiker.org\/bs\/#\/schema\/person\/eb2bb45ccd10b1a8756ef049efa44da5","name":"BanKulin","image":{"@type":"ImageObject","inLanguage":"de","@id":"https:\/\/www.bhakademiker.org\/bs\/#\/schema\/person\/image\/","url":"https:\/\/secure.gravatar.com\/avatar\/c6d58ce317ac29451bb963305865585b0ee61581cac268f7b497945aea17e32c?s=96&d=mm&r=g","contentUrl":"https:\/\/secure.gravatar.com\/avatar\/c6d58ce317ac29451bb963305865585b0ee61581cac268f7b497945aea17e32c?s=96&d=mm&r=g","caption":"BanKulin"},"sameAs":["https:\/\/www.bhakademiker.org"],"url":"https:\/\/www.bhakademiker.org\/de\/author\/bankulin\/"}]}},"_links":{"self":[{"href":"https:\/\/www.bhakademiker.org\/de\/wp-json\/wp\/v2\/posts\/3800","targetHints":{"allow":["GET"]}}],"collection":[{"href":"https:\/\/www.bhakademiker.org\/de\/wp-json\/wp\/v2\/posts"}],"about":[{"href":"https:\/\/www.bhakademiker.org\/de\/wp-json\/wp\/v2\/types\/post"}],"author":[{"embeddable":true,"href":"https:\/\/www.bhakademiker.org\/de\/wp-json\/wp\/v2\/users\/1"}],"replies":[{"embeddable":true,"href":"https:\/\/www.bhakademiker.org\/de\/wp-json\/wp\/v2\/comments?post=3800"}],"version-history":[{"count":2,"href":"https:\/\/www.bhakademiker.org\/de\/wp-json\/wp\/v2\/posts\/3800\/revisions"}],"predecessor-version":[{"id":3814,"href":"https:\/\/www.bhakademiker.org\/de\/wp-json\/wp\/v2\/posts\/3800\/revisions\/3814"}],"wp:featuredmedia":[{"embeddable":true,"href":"https:\/\/www.bhakademiker.org\/de\/wp-json\/wp\/v2\/media\/3802"}],"wp:attachment":[{"href":"https:\/\/www.bhakademiker.org\/de\/wp-json\/wp\/v2\/media?parent=3800"}],"wp:term":[{"taxonomy":"category","embeddable":true,"href":"https:\/\/www.bhakademiker.org\/de\/wp-json\/wp\/v2\/categories?post=3800"},{"taxonomy":"post_tag","embeddable":true,"href":"https:\/\/www.bhakademiker.org\/de\/wp-json\/wp\/v2\/tags?post=3800"}],"curies":[{"name":"wp","href":"https:\/\/api.w.org\/{rel}","templated":true}]}}