{"id":3844,"date":"2025-05-22T13:46:00","date_gmt":"2025-05-22T11:46:00","guid":{"rendered":"https:\/\/www.bhakademiker.org\/?p=3844"},"modified":"2025-05-22T13:46:00","modified_gmt":"2025-05-22T11:46:00","slug":"bada-duit-event-bh-techconnect-2025-graz","status":"publish","type":"post","link":"https:\/\/www.bhakademiker.org\/de\/2025\/05\/22\/bada-duit-event-bh-techconnect-2025-graz\/","title":{"rendered":"BADA @ DUIT event &#8220;BH TechConnect 2025 Graz&#8221;"},"content":{"rendered":"<h2>BADA @ DUIT event &#8220;BH TechConnect 2025 Graz&#8221;<\/h2>\n<p>Unser Mitglied Adnan \u010civgin hatte die Ehre, die Gesellschaft Bosnischer Akademiker in \u00d6sterreich (BADA) bei der Veranstaltung BH TechConnect zu vertreten, die am 17.05.2025 in Graz stattfand. Dieses Event wurde vom DUIT \u2013 Verein zur F\u00f6rderung von Industrie und Technologie in Bosnien und Herzegowina \u2013 organisiert. Adnan stellte die Mission und die Aktivit\u00e4ten von BADA vor, mit einem besonderen Fokus auf die St\u00e4rkung der Verbindungen zwischen der akademischen Gemeinschaft in der Diaspora und dem Heimatland.<\/p>\n<p>Die Veranstaltung brachte herausragende Mitglieder der Diaspora aus \u00d6sterreich und anderen L\u00e4ndern zusammen und vernetzte sie mit Vertretern der bosnisch-herzegowinischen Industrie. Eine besondere Ehre war die Teilnahme des Vertreters der Au\u00dfenhandelskammer von Bosnien und Herzegowina, Herrn Ahmet Egrli\u0107, der sich ebenfalls an den Diskussionen beteiligte.<\/p>\n<p>Zu den Rednern geh\u00f6rten auch der B\u00fcrgermeister der Stadt Cazin, Nermin Ogre\u0161evi\u0107, sowie der B\u00fcrgermeister der Gemeinde Travnik, Dr. Kenan Dautovi\u0107, die inspirierende Projekte und Visionen f\u00fcr eine moderne F\u00fchrung lokaler Gemeinschaften und die St\u00e4rkung der Wirtschaft in ihren Regionen vorstellten.<\/p>\n<p>Ein besonderes Highlight war auch der Beitrag der jungen Mitglieder des neu gegr\u00fcndeten Vereins bosnisch-herzegowinischer Studierender in Graz, dessen Gr\u00fcndung von Anfang an von BADA unterst\u00fctzt wurde. \ud83c\udf93\ud83d\udca1<\/p>\n<p>&nbsp;<\/p>\n\n\t\t<style type=\"text\/css\">\n\t\t\t#gallery-1 {\n\t\t\t\tmargin: auto;\n\t\t\t}\n\t\t\t#gallery-1 .gallery-item {\n\t\t\t\tfloat: left;\n\t\t\t\tmargin-top: 10px;\n\t\t\t\ttext-align: center;\n\t\t\t\twidth: 33%;\n\t\t\t}\n\t\t\t#gallery-1 img {\n\t\t\t\tborder: 2px solid #cfcfcf;\n\t\t\t}\n\t\t\t#gallery-1 .gallery-caption {\n\t\t\t\tmargin-left: 0;\n\t\t\t}\n\t\t\t\/* see gallery_shortcode() in wp-includes\/media.php *\/\n\t\t<\/style>\n\t\t<div id='gallery-1' class='gallery galleryid-3844 gallery-columns-3 gallery-size-medium'><dl class='gallery-item'>\n\t\t\t<dt class='gallery-icon landscape'>\n\t\t\t\t<a href='https:\/\/www.bhakademiker.org\/de\/2025\/05\/22\/bada-duit-event-bh-techconnect-2025-graz\/20250517_100643-2\/'><img fetchpriority=\"high\" decoding=\"async\" width=\"300\" height=\"225\" src=\"https:\/\/www.bhakademiker.org\/wp-content\/uploads\/2025\/05\/20250517_100643-1-300x225.jpg\" class=\"attachment-medium size-medium\" alt=\"\" srcset=\"https:\/\/www.bhakademiker.org\/wp-content\/uploads\/2025\/05\/20250517_100643-1-300x225.jpg 300w, https:\/\/www.bhakademiker.org\/wp-content\/uploads\/2025\/05\/20250517_100643-1-1024x768.jpg 1024w, https:\/\/www.bhakademiker.org\/wp-content\/uploads\/2025\/05\/20250517_100643-1-768x576.jpg 768w, https:\/\/www.bhakademiker.org\/wp-content\/uploads\/2025\/05\/20250517_100643-1-1536x1152.jpg 1536w, https:\/\/www.bhakademiker.org\/wp-content\/uploads\/2025\/05\/20250517_100643-1-2048x1536.jpg 2048w, https:\/\/www.bhakademiker.org\/wp-content\/uploads\/2025\/05\/20250517_100643-1-16x12.jpg 16w\" sizes=\"(max-width: 300px) 100vw, 300px\" \/><\/a>\n\t\t\t<\/dt><\/dl><dl class='gallery-item'>\n\t\t\t<dt class='gallery-icon landscape'>\n\t\t\t\t<a href='https:\/\/www.bhakademiker.org\/de\/2025\/05\/22\/bada-duit-event-bh-techconnect-2025-graz\/20250517_100749\/'><img decoding=\"async\" width=\"300\" height=\"225\" src=\"https:\/\/www.bhakademiker.org\/wp-content\/uploads\/2025\/05\/20250517_100749-300x225.jpg\" class=\"attachment-medium size-medium\" alt=\"\" srcset=\"https:\/\/www.bhakademiker.org\/wp-content\/uploads\/2025\/05\/20250517_100749-300x225.jpg 300w, https:\/\/www.bhakademiker.org\/wp-content\/uploads\/2025\/05\/20250517_100749-1024x768.jpg 1024w, https:\/\/www.bhakademiker.org\/wp-content\/uploads\/2025\/05\/20250517_100749-768x576.jpg 768w, https:\/\/www.bhakademiker.org\/wp-content\/uploads\/2025\/05\/20250517_100749-1536x1152.jpg 1536w, https:\/\/www.bhakademiker.org\/wp-content\/uploads\/2025\/05\/20250517_100749-2048x1536.jpg 2048w, https:\/\/www.bhakademiker.org\/wp-content\/uploads\/2025\/05\/20250517_100749-16x12.jpg 16w\" sizes=\"(max-width: 300px) 100vw, 300px\" \/><\/a>\n\t\t\t<\/dt><\/dl><dl class='gallery-item'>\n\t\t\t<dt class='gallery-icon landscape'>\n\t\t\t\t<a href='https:\/\/www.bhakademiker.org\/de\/2025\/05\/22\/bada-duit-event-bh-techconnect-2025-graz\/img_2496\/'><img decoding=\"async\" width=\"300\" height=\"225\" src=\"https:\/\/www.bhakademiker.org\/wp-content\/uploads\/2025\/05\/IMG_2496-300x225.jpg\" class=\"attachment-medium size-medium\" alt=\"\" srcset=\"https:\/\/www.bhakademiker.org\/wp-content\/uploads\/2025\/05\/IMG_2496-300x225.jpg 300w, https:\/\/www.bhakademiker.org\/wp-content\/uploads\/2025\/05\/IMG_2496-1024x768.jpg 1024w, https:\/\/www.bhakademiker.org\/wp-content\/uploads\/2025\/05\/IMG_2496-768x576.jpg 768w, https:\/\/www.bhakademiker.org\/wp-content\/uploads\/2025\/05\/IMG_2496-1536x1152.jpg 1536w, https:\/\/www.bhakademiker.org\/wp-content\/uploads\/2025\/05\/IMG_2496-2048x1536.jpg 2048w, https:\/\/www.bhakademiker.org\/wp-content\/uploads\/2025\/05\/IMG_2496-16x12.jpg 16w\" sizes=\"(max-width: 300px) 100vw, 300px\" \/><\/a>\n\t\t\t<\/dt><\/dl><br style=\"clear: both\" \/><dl class='gallery-item'>\n\t\t\t<dt class='gallery-icon landscape'>\n\t\t\t\t<a href='https:\/\/www.bhakademiker.org\/de\/2025\/05\/22\/bada-duit-event-bh-techconnect-2025-graz\/img_e2637\/'><img loading=\"lazy\" decoding=\"async\" width=\"300\" height=\"169\" src=\"https:\/\/www.bhakademiker.org\/wp-content\/uploads\/2025\/05\/IMG_E2637-300x169.jpg\" class=\"attachment-medium size-medium\" alt=\"\" srcset=\"https:\/\/www.bhakademiker.org\/wp-content\/uploads\/2025\/05\/IMG_E2637-300x169.jpg 300w, https:\/\/www.bhakademiker.org\/wp-content\/uploads\/2025\/05\/IMG_E2637-1024x576.jpg 1024w, https:\/\/www.bhakademiker.org\/wp-content\/uploads\/2025\/05\/IMG_E2637-768x432.jpg 768w, https:\/\/www.bhakademiker.org\/wp-content\/uploads\/2025\/05\/IMG_E2637-1536x864.jpg 1536w, https:\/\/www.bhakademiker.org\/wp-content\/uploads\/2025\/05\/IMG_E2637-2048x1152.jpg 2048w, https:\/\/www.bhakademiker.org\/wp-content\/uploads\/2025\/05\/IMG_E2637-18x10.jpg 18w, https:\/\/www.bhakademiker.org\/wp-content\/uploads\/2025\/05\/IMG_E2637-847x477.jpg 847w\" sizes=\"(max-width: 300px) 100vw, 300px\" \/><\/a>\n\t\t\t<\/dt><\/dl><dl class='gallery-item'>\n\t\t\t<dt class='gallery-icon landscape'>\n\t\t\t\t<a href='https:\/\/www.bhakademiker.org\/de\/2025\/05\/22\/bada-duit-event-bh-techconnect-2025-graz\/whatsapp-image-2025-05-19-at-21-26-38\/'><img loading=\"lazy\" decoding=\"async\" width=\"300\" height=\"225\" src=\"https:\/\/www.bhakademiker.org\/wp-content\/uploads\/2025\/05\/WhatsApp-Image-2025-05-19-at-21.26.38-300x225.jpeg\" class=\"attachment-medium size-medium\" alt=\"\" srcset=\"https:\/\/www.bhakademiker.org\/wp-content\/uploads\/2025\/05\/WhatsApp-Image-2025-05-19-at-21.26.38-300x225.jpeg 300w, https:\/\/www.bhakademiker.org\/wp-content\/uploads\/2025\/05\/WhatsApp-Image-2025-05-19-at-21.26.38-1024x768.jpeg 1024w, https:\/\/www.bhakademiker.org\/wp-content\/uploads\/2025\/05\/WhatsApp-Image-2025-05-19-at-21.26.38-768x576.jpeg 768w, https:\/\/www.bhakademiker.org\/wp-content\/uploads\/2025\/05\/WhatsApp-Image-2025-05-19-at-21.26.38-1536x1152.jpeg 1536w, https:\/\/www.bhakademiker.org\/wp-content\/uploads\/2025\/05\/WhatsApp-Image-2025-05-19-at-21.26.38-16x12.jpeg 16w, https:\/\/www.bhakademiker.org\/wp-content\/uploads\/2025\/05\/WhatsApp-Image-2025-05-19-at-21.26.38.jpeg 1600w\" sizes=\"(max-width: 300px) 100vw, 300px\" \/><\/a>\n\t\t\t<\/dt><\/dl><dl class='gallery-item'>\n\t\t\t<dt class='gallery-icon landscape'>\n\t\t\t\t<a href='https:\/\/www.bhakademiker.org\/de\/2025\/05\/22\/bada-duit-event-bh-techconnect-2025-graz\/20250517_154909\/'><img loading=\"lazy\" decoding=\"async\" width=\"300\" height=\"173\" src=\"https:\/\/www.bhakademiker.org\/wp-content\/uploads\/2025\/05\/20250517_154909-300x173.jpg\" class=\"attachment-medium size-medium\" alt=\"\" srcset=\"https:\/\/www.bhakademiker.org\/wp-content\/uploads\/2025\/05\/20250517_154909-300x173.jpg 300w, https:\/\/www.bhakademiker.org\/wp-content\/uploads\/2025\/05\/20250517_154909-1024x592.jpg 1024w, https:\/\/www.bhakademiker.org\/wp-content\/uploads\/2025\/05\/20250517_154909-768x444.jpg 768w, https:\/\/www.bhakademiker.org\/wp-content\/uploads\/2025\/05\/20250517_154909-1536x888.jpg 1536w, https:\/\/www.bhakademiker.org\/wp-content\/uploads\/2025\/05\/20250517_154909-2048x1183.jpg 2048w, https:\/\/www.bhakademiker.org\/wp-content\/uploads\/2025\/05\/20250517_154909-18x10.jpg 18w\" sizes=\"(max-width: 300px) 100vw, 300px\" \/><\/a>\n\t\t\t<\/dt><\/dl><br style=\"clear: both\" \/><dl class='gallery-item'>\n\t\t\t<dt class='gallery-icon landscape'>\n\t\t\t\t<a href='https:\/\/www.bhakademiker.org\/de\/2025\/05\/22\/bada-duit-event-bh-techconnect-2025-graz\/20250517_163308\/'><img loading=\"lazy\" decoding=\"async\" width=\"300\" height=\"178\" src=\"https:\/\/www.bhakademiker.org\/wp-content\/uploads\/2025\/05\/20250517_163308-300x178.jpg\" class=\"attachment-medium size-medium\" alt=\"\" srcset=\"https:\/\/www.bhakademiker.org\/wp-content\/uploads\/2025\/05\/20250517_163308-300x178.jpg 300w, https:\/\/www.bhakademiker.org\/wp-content\/uploads\/2025\/05\/20250517_163308-1024x608.jpg 1024w, https:\/\/www.bhakademiker.org\/wp-content\/uploads\/2025\/05\/20250517_163308-768x456.jpg 768w, https:\/\/www.bhakademiker.org\/wp-content\/uploads\/2025\/05\/20250517_163308-1536x912.jpg 1536w, https:\/\/www.bhakademiker.org\/wp-content\/uploads\/2025\/05\/20250517_163308-2048x1216.jpg 2048w, https:\/\/www.bhakademiker.org\/wp-content\/uploads\/2025\/05\/20250517_163308-18x12.jpg 18w\" sizes=\"(max-width: 300px) 100vw, 300px\" \/><\/a>\n\t\t\t<\/dt><\/dl><dl class='gallery-item'>\n\t\t\t<dt class='gallery-icon landscape'>\n\t\t\t\t<a href='https:\/\/www.bhakademiker.org\/de\/2025\/05\/22\/bada-duit-event-bh-techconnect-2025-graz\/img_2560\/'><img loading=\"lazy\" decoding=\"async\" width=\"300\" height=\"225\" src=\"https:\/\/www.bhakademiker.org\/wp-content\/uploads\/2025\/05\/IMG_2560-300x225.jpg\" class=\"attachment-medium size-medium\" alt=\"\" srcset=\"https:\/\/www.bhakademiker.org\/wp-content\/uploads\/2025\/05\/IMG_2560-300x225.jpg 300w, https:\/\/www.bhakademiker.org\/wp-content\/uploads\/2025\/05\/IMG_2560-1024x768.jpg 1024w, https:\/\/www.bhakademiker.org\/wp-content\/uploads\/2025\/05\/IMG_2560-768x576.jpg 768w, https:\/\/www.bhakademiker.org\/wp-content\/uploads\/2025\/05\/IMG_2560-1536x1152.jpg 1536w, https:\/\/www.bhakademiker.org\/wp-content\/uploads\/2025\/05\/IMG_2560-2048x1536.jpg 2048w, https:\/\/www.bhakademiker.org\/wp-content\/uploads\/2025\/05\/IMG_2560-16x12.jpg 16w\" sizes=\"(max-width: 300px) 100vw, 300px\" \/><\/a>\n\t\t\t<\/dt><\/dl><dl class='gallery-item'>\n\t\t\t<dt class='gallery-icon portrait'>\n\t\t\t\t<a href='https:\/\/www.bhakademiker.org\/de\/2025\/05\/22\/bada-duit-event-bh-techconnect-2025-graz\/img_2567\/'><img loading=\"lazy\" decoding=\"async\" width=\"225\" height=\"300\" src=\"https:\/\/www.bhakademiker.org\/wp-content\/uploads\/2025\/05\/IMG_2567-225x300.jpg\" class=\"attachment-medium size-medium\" alt=\"\" srcset=\"https:\/\/www.bhakademiker.org\/wp-content\/uploads\/2025\/05\/IMG_2567-225x300.jpg 225w, https:\/\/www.bhakademiker.org\/wp-content\/uploads\/2025\/05\/IMG_2567-768x1024.jpg 768w, https:\/\/www.bhakademiker.org\/wp-content\/uploads\/2025\/05\/IMG_2567-1152x1536.jpg 1152w, https:\/\/www.bhakademiker.org\/wp-content\/uploads\/2025\/05\/IMG_2567-1536x2048.jpg 1536w, https:\/\/www.bhakademiker.org\/wp-content\/uploads\/2025\/05\/IMG_2567-9x12.jpg 9w, https:\/\/www.bhakademiker.org\/wp-content\/uploads\/2025\/05\/IMG_2567-scaled.jpg 1920w\" sizes=\"(max-width: 225px) 100vw, 225px\" \/><\/a>\n\t\t\t<\/dt><\/dl><br style=\"clear: both\" \/>\n\t\t<\/div>\n\n","protected":false},"excerpt":{"rendered":"<p>17.05.2025, Graz<\/p>\n","protected":false},"author":1,"featured_media":3845,"comment_status":"closed","ping_status":"closed","sticky":false,"template":"","format":"standard","meta":{"footnotes":""},"categories":[72,69],"tags":[],"class_list":["post-3844","post","type-post","status-publish","format-standard","has-post-thumbnail","hentry","category-bada","category-wirtschaft"],"yoast_head":"<!-- This site is optimized with the Yoast SEO plugin v20.3 - https:\/\/yoast.com\/wordpress\/plugins\/seo\/ -->\n<title>BADA @ DUIT event &quot;BH TechConnect 2025 Graz&quot;<\/title>\n<meta name=\"description\" content=\"17.05.2025, Graz\" \/>\n<meta name=\"robots\" content=\"index, follow, max-snippet:-1, max-image-preview:large, max-video-preview:-1\" \/>\n<link rel=\"canonical\" href=\"https:\/\/www.bhakademiker.org\/de\/2025\/05\/22\/bada-duit-event-bh-techconnect-2025-graz\/\" \/>\n<meta property=\"og:locale\" content=\"de_DE\" \/>\n<meta property=\"og:type\" content=\"article\" \/>\n<meta property=\"og:title\" content=\"BADA @ DUIT event &quot;BH TechConnect 2025 Graz&quot;\" \/>\n<meta property=\"og:description\" content=\"17.05.2025, Graz\" \/>\n<meta property=\"og:url\" content=\"https:\/\/www.bhakademiker.org\/de\/2025\/05\/22\/bada-duit-event-bh-techconnect-2025-graz\/\" \/>\n<meta property=\"og:site_name\" content=\"Gesellschaft Bosnischer Akademiker\" \/>\n<meta property=\"article:published_time\" content=\"2025-05-22T11:46:00+00:00\" \/>\n<meta property=\"og:image\" content=\"https:\/\/www.bhakademiker.org\/wp-content\/uploads\/2025\/05\/20250517_100643-scaled.jpg\" \/>\n\t<meta property=\"og:image:width\" content=\"2560\" \/>\n\t<meta property=\"og:image:height\" content=\"1920\" \/>\n\t<meta property=\"og:image:type\" content=\"image\/jpeg\" \/>\n<meta name=\"author\" content=\"BanKulin\" \/>\n<meta name=\"twitter:card\" content=\"summary_large_image\" \/>\n<meta name=\"twitter:title\" content=\"BADA @ DUIT event &quot;BH TechConnect 2025 Graz&quot;\" \/>\n<meta name=\"twitter:description\" content=\"17.05.2025, Graz\" \/>\n<meta name=\"twitter:image\" content=\"https:\/\/www.bhakademiker.org\/wp-content\/uploads\/2025\/05\/20250517_100643-scaled.jpg\" \/>\n<meta name=\"twitter:label1\" content=\"Verfasst von\" \/>\n\t<meta name=\"twitter:data1\" content=\"BanKulin\" \/>\n\t<meta name=\"twitter:label2\" content=\"Gesch\u00e4tzte Lesezeit\" \/>\n\t<meta name=\"twitter:data2\" content=\"1\u00a0Minute\" \/>\n<script type=\"application\/ld+json\" class=\"yoast-schema-graph\">{\"@context\":\"https:\/\/schema.org\",\"@graph\":[{\"@type\":\"Article\",\"@id\":\"https:\/\/www.bhakademiker.org\/2025\/05\/22\/bada-duit-event-bh-techconnect-2025-graz\/#article\",\"isPartOf\":{\"@id\":\"https:\/\/www.bhakademiker.org\/2025\/05\/22\/bada-duit-event-bh-techconnect-2025-graz\/\"},\"author\":{\"name\":\"BanKulin\",\"@id\":\"https:\/\/www.bhakademiker.org\/bs\/#\/schema\/person\/eb2bb45ccd10b1a8756ef049efa44da5\"},\"headline\":\"BADA @ DUIT event &#8220;BH TechConnect 2025 Graz&#8221;\",\"datePublished\":\"2025-05-22T11:46:00+00:00\",\"dateModified\":\"2025-05-22T11:46:00+00:00\",\"mainEntityOfPage\":{\"@id\":\"https:\/\/www.bhakademiker.org\/2025\/05\/22\/bada-duit-event-bh-techconnect-2025-graz\/\"},\"wordCount\":217,\"publisher\":{\"@id\":\"https:\/\/www.bhakademiker.org\/bs\/#organization\"},\"articleSection\":[\"BADA\",\"Wirtschaft\"],\"inLanguage\":\"de\"},{\"@type\":\"WebPage\",\"@id\":\"https:\/\/www.bhakademiker.org\/2025\/05\/22\/bada-duit-event-bh-techconnect-2025-graz\/\",\"url\":\"https:\/\/www.bhakademiker.org\/2025\/05\/22\/bada-duit-event-bh-techconnect-2025-graz\/\",\"name\":\"BADA @ DUIT event \\\"BH TechConnect 2025 Graz\\\"\",\"isPartOf\":{\"@id\":\"https:\/\/www.bhakademiker.org\/bs\/#website\"},\"datePublished\":\"2025-05-22T11:46:00+00:00\",\"dateModified\":\"2025-05-22T11:46:00+00:00\",\"description\":\"17.05.2025, Graz\",\"breadcrumb\":{\"@id\":\"https:\/\/www.bhakademiker.org\/2025\/05\/22\/bada-duit-event-bh-techconnect-2025-graz\/#breadcrumb\"},\"inLanguage\":\"de\",\"potentialAction\":[{\"@type\":\"ReadAction\",\"target\":[\"https:\/\/www.bhakademiker.org\/2025\/05\/22\/bada-duit-event-bh-techconnect-2025-graz\/\"]}]},{\"@type\":\"BreadcrumbList\",\"@id\":\"https:\/\/www.bhakademiker.org\/2025\/05\/22\/bada-duit-event-bh-techconnect-2025-graz\/#breadcrumb\",\"itemListElement\":[{\"@type\":\"ListItem\",\"position\":1,\"name\":\"Home\",\"item\":\"https:\/\/www.bhakademiker.org\/\"},{\"@type\":\"ListItem\",\"position\":2,\"name\":\"BADA @ DUIT event &#8220;BH TechConnect 2025 Graz&#8221;\"}]},{\"@type\":\"WebSite\",\"@id\":\"https:\/\/www.bhakademiker.org\/bs\/#website\",\"url\":\"https:\/\/www.bhakademiker.org\/bs\/\",\"name\":\"Gesellschaft Bosnischer Akademiker\",\"description\":\"\",\"publisher\":{\"@id\":\"https:\/\/www.bhakademiker.org\/bs\/#organization\"},\"potentialAction\":[{\"@type\":\"SearchAction\",\"target\":{\"@type\":\"EntryPoint\",\"urlTemplate\":\"https:\/\/www.bhakademiker.org\/bs\/?s={search_term_string}\"},\"query-input\":\"required name=search_term_string\"}],\"inLanguage\":\"de\"},{\"@type\":\"Organization\",\"@id\":\"https:\/\/www.bhakademiker.org\/bs\/#organization\",\"name\":\"Gesellschaft Bosnischer Akademiker in \u00d6sterreich\",\"url\":\"https:\/\/www.bhakademiker.org\/bs\/\",\"logo\":{\"@type\":\"ImageObject\",\"inLanguage\":\"de\",\"@id\":\"https:\/\/www.bhakademiker.org\/bs\/#\/schema\/logo\/image\/\",\"url\":\"https:\/\/www.bhakademiker.org\/wp-content\/uploads\/2022\/01\/featured-GBAA.png\",\"contentUrl\":\"https:\/\/www.bhakademiker.org\/wp-content\/uploads\/2022\/01\/featured-GBAA.png\",\"width\":1200,\"height\":630,\"caption\":\"Gesellschaft Bosnischer Akademiker in \u00d6sterreich\"},\"image\":{\"@id\":\"https:\/\/www.bhakademiker.org\/bs\/#\/schema\/logo\/image\/\"}},{\"@type\":\"Person\",\"@id\":\"https:\/\/www.bhakademiker.org\/bs\/#\/schema\/person\/eb2bb45ccd10b1a8756ef049efa44da5\",\"name\":\"BanKulin\",\"image\":{\"@type\":\"ImageObject\",\"inLanguage\":\"de\",\"@id\":\"https:\/\/www.bhakademiker.org\/bs\/#\/schema\/person\/image\/\",\"url\":\"https:\/\/secure.gravatar.com\/avatar\/c6d58ce317ac29451bb963305865585b0ee61581cac268f7b497945aea17e32c?s=96&d=mm&r=g\",\"contentUrl\":\"https:\/\/secure.gravatar.com\/avatar\/c6d58ce317ac29451bb963305865585b0ee61581cac268f7b497945aea17e32c?s=96&d=mm&r=g\",\"caption\":\"BanKulin\"},\"sameAs\":[\"https:\/\/www.bhakademiker.org\"],\"url\":\"https:\/\/www.bhakademiker.org\/de\/author\/bankulin\/\"}]}<\/script>\n<!-- \/ Yoast SEO plugin. -->","yoast_head_json":{"title":"BADA @ DUIT event \"BH TechConnect 2025 Graz\"","description":"17.05.2025, Graz","robots":{"index":"index","follow":"follow","max-snippet":"max-snippet:-1","max-image-preview":"max-image-preview:large","max-video-preview":"max-video-preview:-1"},"canonical":"https:\/\/www.bhakademiker.org\/de\/2025\/05\/22\/bada-duit-event-bh-techconnect-2025-graz\/","og_locale":"de_DE","og_type":"article","og_title":"BADA @ DUIT event \"BH TechConnect 2025 Graz\"","og_description":"17.05.2025, Graz","og_url":"https:\/\/www.bhakademiker.org\/de\/2025\/05\/22\/bada-duit-event-bh-techconnect-2025-graz\/","og_site_name":"Gesellschaft Bosnischer Akademiker","article_published_time":"2025-05-22T11:46:00+00:00","og_image":[{"width":2560,"height":1920,"url":"https:\/\/www.bhakademiker.org\/wp-content\/uploads\/2025\/05\/20250517_100643-scaled.jpg","type":"image\/jpeg"}],"author":"BanKulin","twitter_card":"summary_large_image","twitter_title":"BADA @ DUIT event \"BH TechConnect 2025 Graz\"","twitter_description":"17.05.2025, Graz","twitter_image":"https:\/\/www.bhakademiker.org\/wp-content\/uploads\/2025\/05\/20250517_100643-scaled.jpg","twitter_misc":{"Verfasst von":"BanKulin","Gesch\u00e4tzte Lesezeit":"1\u00a0Minute"},"schema":{"@context":"https:\/\/schema.org","@graph":[{"@type":"Article","@id":"https:\/\/www.bhakademiker.org\/2025\/05\/22\/bada-duit-event-bh-techconnect-2025-graz\/#article","isPartOf":{"@id":"https:\/\/www.bhakademiker.org\/2025\/05\/22\/bada-duit-event-bh-techconnect-2025-graz\/"},"author":{"name":"BanKulin","@id":"https:\/\/www.bhakademiker.org\/bs\/#\/schema\/person\/eb2bb45ccd10b1a8756ef049efa44da5"},"headline":"BADA @ DUIT event &#8220;BH TechConnect 2025 Graz&#8221;","datePublished":"2025-05-22T11:46:00+00:00","dateModified":"2025-05-22T11:46:00+00:00","mainEntityOfPage":{"@id":"https:\/\/www.bhakademiker.org\/2025\/05\/22\/bada-duit-event-bh-techconnect-2025-graz\/"},"wordCount":217,"publisher":{"@id":"https:\/\/www.bhakademiker.org\/bs\/#organization"},"articleSection":["BADA","Wirtschaft"],"inLanguage":"de"},{"@type":"WebPage","@id":"https:\/\/www.bhakademiker.org\/2025\/05\/22\/bada-duit-event-bh-techconnect-2025-graz\/","url":"https:\/\/www.bhakademiker.org\/2025\/05\/22\/bada-duit-event-bh-techconnect-2025-graz\/","name":"BADA @ DUIT event \"BH TechConnect 2025 Graz\"","isPartOf":{"@id":"https:\/\/www.bhakademiker.org\/bs\/#website"},"datePublished":"2025-05-22T11:46:00+00:00","dateModified":"2025-05-22T11:46:00+00:00","description":"17.05.2025, Graz","breadcrumb":{"@id":"https:\/\/www.bhakademiker.org\/2025\/05\/22\/bada-duit-event-bh-techconnect-2025-graz\/#breadcrumb"},"inLanguage":"de","potentialAction":[{"@type":"ReadAction","target":["https:\/\/www.bhakademiker.org\/2025\/05\/22\/bada-duit-event-bh-techconnect-2025-graz\/"]}]},{"@type":"BreadcrumbList","@id":"https:\/\/www.bhakademiker.org\/2025\/05\/22\/bada-duit-event-bh-techconnect-2025-graz\/#breadcrumb","itemListElement":[{"@type":"ListItem","position":1,"name":"Home","item":"https:\/\/www.bhakademiker.org\/"},{"@type":"ListItem","position":2,"name":"BADA @ DUIT event &#8220;BH TechConnect 2025 Graz&#8221;"}]},{"@type":"WebSite","@id":"https:\/\/www.bhakademiker.org\/bs\/#website","url":"https:\/\/www.bhakademiker.org\/bs\/","name":"Gesellschaft Bosnischer Akademiker","description":"","publisher":{"@id":"https:\/\/www.bhakademiker.org\/bs\/#organization"},"potentialAction":[{"@type":"SearchAction","target":{"@type":"EntryPoint","urlTemplate":"https:\/\/www.bhakademiker.org\/bs\/?s={search_term_string}"},"query-input":"required name=search_term_string"}],"inLanguage":"de"},{"@type":"Organization","@id":"https:\/\/www.bhakademiker.org\/bs\/#organization","name":"Gesellschaft Bosnischer Akademiker in \u00d6sterreich","url":"https:\/\/www.bhakademiker.org\/bs\/","logo":{"@type":"ImageObject","inLanguage":"de","@id":"https:\/\/www.bhakademiker.org\/bs\/#\/schema\/logo\/image\/","url":"https:\/\/www.bhakademiker.org\/wp-content\/uploads\/2022\/01\/featured-GBAA.png","contentUrl":"https:\/\/www.bhakademiker.org\/wp-content\/uploads\/2022\/01\/featured-GBAA.png","width":1200,"height":630,"caption":"Gesellschaft Bosnischer Akademiker in \u00d6sterreich"},"image":{"@id":"https:\/\/www.bhakademiker.org\/bs\/#\/schema\/logo\/image\/"}},{"@type":"Person","@id":"https:\/\/www.bhakademiker.org\/bs\/#\/schema\/person\/eb2bb45ccd10b1a8756ef049efa44da5","name":"BanKulin","image":{"@type":"ImageObject","inLanguage":"de","@id":"https:\/\/www.bhakademiker.org\/bs\/#\/schema\/person\/image\/","url":"https:\/\/secure.gravatar.com\/avatar\/c6d58ce317ac29451bb963305865585b0ee61581cac268f7b497945aea17e32c?s=96&d=mm&r=g","contentUrl":"https:\/\/secure.gravatar.com\/avatar\/c6d58ce317ac29451bb963305865585b0ee61581cac268f7b497945aea17e32c?s=96&d=mm&r=g","caption":"BanKulin"},"sameAs":["https:\/\/www.bhakademiker.org"],"url":"https:\/\/www.bhakademiker.org\/de\/author\/bankulin\/"}]}},"_links":{"self":[{"href":"https:\/\/www.bhakademiker.org\/de\/wp-json\/wp\/v2\/posts\/3844","targetHints":{"allow":["GET"]}}],"collection":[{"href":"https:\/\/www.bhakademiker.org\/de\/wp-json\/wp\/v2\/posts"}],"about":[{"href":"https:\/\/www.bhakademiker.org\/de\/wp-json\/wp\/v2\/types\/post"}],"author":[{"embeddable":true,"href":"https:\/\/www.bhakademiker.org\/de\/wp-json\/wp\/v2\/users\/1"}],"replies":[{"embeddable":true,"href":"https:\/\/www.bhakademiker.org\/de\/wp-json\/wp\/v2\/comments?post=3844"}],"version-history":[{"count":1,"href":"https:\/\/www.bhakademiker.org\/de\/wp-json\/wp\/v2\/posts\/3844\/revisions"}],"predecessor-version":[{"id":3855,"href":"https:\/\/www.bhakademiker.org\/de\/wp-json\/wp\/v2\/posts\/3844\/revisions\/3855"}],"wp:featuredmedia":[{"embeddable":true,"href":"https:\/\/www.bhakademiker.org\/de\/wp-json\/wp\/v2\/media\/3845"}],"wp:attachment":[{"href":"https:\/\/www.bhakademiker.org\/de\/wp-json\/wp\/v2\/media?parent=3844"}],"wp:term":[{"taxonomy":"category","embeddable":true,"href":"https:\/\/www.bhakademiker.org\/de\/wp-json\/wp\/v2\/categories?post=3844"},{"taxonomy":"post_tag","embeddable":true,"href":"https:\/\/www.bhakademiker.org\/de\/wp-json\/wp\/v2\/tags?post=3844"}],"curies":[{"name":"wp","href":"https:\/\/api.w.org\/{rel}","templated":true}]}}