{"id":3864,"date":"2025-06-07T16:07:09","date_gmt":"2025-06-07T14:07:09","guid":{"rendered":"https:\/\/www.bhakademiker.org\/?p=3864"},"modified":"2025-06-08T10:07:15","modified_gmt":"2025-06-08T08:07:15","slug":"meletta-gedenkreise-2025","status":"publish","type":"post","link":"https:\/\/www.bhakademiker.org\/de\/2025\/06\/07\/meletta-gedenkreise-2025\/","title":{"rendered":"Meletta-Gedenkreise 2025"},"content":{"rendered":"<h1><strong>MELETTA 2025<\/strong><\/h1>\n<p><strong>Arbeit f\u00fcr den Frieden: Gedenkfeier in Lebring<\/strong><\/p>\n<p><strong>Lebring<\/strong> &#8211; Am 06. Juni 2025 versammelten sich Vertreter aus Italien, Bosnien-Herzegowina und \u00d6sterreich, um den 109. Jahrestag der Schlacht von Monte Meletta-Fior zu begehen. Dieser historische Gedenktag erinnert an die tapferen Soldaten des bosnisch-herzegowinischen Regiments Nr. 2, die am 7. Juni 1916 w\u00e4hrend des Ersten Weltkriegs den Berg Monte Meletta-Fior in einem verlustreichen Sturmangriff eroberten.<\/p>\n<p><strong>Historischer Hintergrund<\/strong><\/p>\n<p>Die Schlacht von Monte Meletta-Fior war ein furchtbar opfervoller Erfolg f\u00fcr das bosnisch-herzegowinische Regiment Nr. 2, das in der k.u.k. Armee das meistausgezeichnete Regiment war. \u201eBosniaken\u201c, wie damals alle Bosnier bezeichnet wurden, bewiesen in dieser Schlacht eine bemerkenswerte Kameradschaft und blindes Vertrauen \u00fcber alle ethnischen und religi\u00f6sen Grenzen hinweg. 206 Angeh\u00f6rige des Regiments fanden bei diesem Angriff den Heldentod, w\u00e4hrend die Verluste auf der italienischen Seite, bestehend aus Alpini und sardischen Truppen, noch h\u00f6her waren.<\/p>\n<p><strong>Eine Lektion aus der Geschichte?<\/strong><\/p>\n<p>Leider hat die Menschheit aus dem Ersten Weltkrieg wenig gelernt, wie der darauffolgende Zweite Weltkrieg zeigte. Die blo\u00dfe Hoffnung, dass es keinen dritten Weltkrieg geben wird, ist nicht ausreichend. Es bedarf aktiver Arbeit und Engagements f\u00fcr den Frieden.<\/p>\n<p>Das Zweier-Bosniaken-Regiment aus dem Erg\u00e4nzungsbezirk Banja Luka, wozu damals ja auch Biha\u0107 und Casin geh\u00f6rten, bestand beispielsweise zu Kriegsbeginn 1914 aus fast 50 Prozent orthodoxen, circa 35 Prozent muslimischen und etwa 15 Prozent katholischen Soldaten. Dazu kam ein geringer Anteil j\u00fcdischer und sonst gl\u00e4ubiger Soldaten.<\/p>\n<p><strong>Die Rede von Oberst Dieter Alesch:<\/strong><\/p>\n<blockquote><p>Im vergangenen Jahr konnten wir nach Corona-bedingter l\u00e4ngerer Unterbrechung endlich wieder einmal an der traditionellen, eindrucksvollen Gedenkzeremonie am Monte Meletta teilnehmen. Nachtr\u00e4glich m\u00f6chte ich mich nochmals beim heute hier anwesenden Hauptorganisator dieser Gedenkfeier, Altb\u00fcrgermeister Carlo Lunardi, herzlich f\u00fcr seine gro\u00dfen Bem\u00fchungen um die Organisation bedanken.<\/p>\n<p>Die Kriegsgr\u00e4berf\u00fcrsorge ist die Hauptaufgabe, die das \u00f6sterreichische schwarze Kreuz zu erf\u00fcllen hat. Die Landesgesch\u00e4ftsstelle Steiermark betreut alleine im Inland \u00fcber 200 Kriegsgr\u00e4beranlagen und im Ausland knapp 150. Aber auch das Gedenken an die Gefallenen der beiden Weltkriege in w\u00fcrdigen Gedenkzeremonien hat einen hohen Stellenwert. Besondere milit\u00e4rhistorische Ereignisse in der Zeit der Habsburger-Monarchie sind immer wieder Anlass f\u00fcr periodisch wiederkehrende, besinnliche Zeremonien \u2013 wie dieses Meletta-Gedenken. So sind wir auch im Rahmen einer milit\u00e4rhistorischen Reise vor 3 Wochen zur Insel Vis, vormals Lissa, gereist, um uns an die f\u00fcr \u00d6sterreich so bedeutungsvolle Seeschlacht von Lissa, bei der unser Admiral Tegetthoff mit seiner Flotte die stark \u00fcberlegene italienische Flotte besiegt hat, zu erinnern.<\/p>\n<p>Jedes Mal sind auf beiden Seiten unz\u00e4hlige Unschuldige gefallen, die sicher lieber zuhause geblieben w\u00e4ren, anstatt in den blutigen Schlachten zu k\u00e4mpfen. Unser gro\u00dfes Mitgef\u00fchl gilt im Nachhinein ihnen und ihren Angeh\u00f6rigen.<\/p>\n<p>Man h\u00e4tte erwarten k\u00f6nnen, dass die Menschheit aus diesen schrecklichen Ereignissen der Vergangenheit Lehren ziehen wird. Leider m\u00fcssen wir zur Kenntnis nehmen, dass es nicht so ist und wir wieder miterleben m\u00fcssen, wie in unseren Tagen an verschiedenen Orten unvorstellbar brutal gek\u00e4mpft wird und wieder gro\u00dfe Soldatenfriedh\u00f6fe entstehen.<\/p>\n<p>So soll jede unserer Gedenkzeremonien \u2013 so auch das Meletta-Gedenken 2025 \u2013 uns daran erinnern, dass auch wir westeurop\u00e4ische Staaten, die nun gl\u00fccklicherweise in der Europ\u00e4ischen Union friedlich vereint sind, in den letzten Jahrhunderten auch unvorstellbar brutal gegeneinander Krieg gef\u00fchrt haben. Es ist zu hoffen, dass wenigstens uns Westeurop\u00e4ern durch die Lehren aus der Vergangenheit bewusst wird, welch hohen Stellenwert Frieden und Freiheit haben und wir alles daransetzen m\u00fcssen, damit es so bleibt.<\/p><\/blockquote>\n<div style=\"width: 770px;\" class=\"wp-video\"><video class=\"wp-video-shortcode\" id=\"video-3864-1\" width=\"770\" height=\"436\" preload=\"metadata\" controls=\"controls\"><source type=\"video\/mp4\" src=\"https:\/\/www.bhakademiker.org\/wp-content\/uploads\/2025\/06\/7a8ab244-31b3-4d0f-a93e-c707dde8b2a6.mp4?_=1\" \/><a href=\"https:\/\/www.bhakademiker.org\/wp-content\/uploads\/2025\/06\/7a8ab244-31b3-4d0f-a93e-c707dde8b2a6.mp4\">https:\/\/www.bhakademiker.org\/wp-content\/uploads\/2025\/06\/7a8ab244-31b3-4d0f-a93e-c707dde8b2a6.mp4<\/a><\/video><\/div>\n<p>&nbsp;<\/p>\n\n\t\t<style type=\"text\/css\">\n\t\t\t#gallery-1 {\n\t\t\t\tmargin: auto;\n\t\t\t}\n\t\t\t#gallery-1 .gallery-item {\n\t\t\t\tfloat: left;\n\t\t\t\tmargin-top: 10px;\n\t\t\t\ttext-align: center;\n\t\t\t\twidth: 33%;\n\t\t\t}\n\t\t\t#gallery-1 img {\n\t\t\t\tborder: 2px solid #cfcfcf;\n\t\t\t}\n\t\t\t#gallery-1 .gallery-caption {\n\t\t\t\tmargin-left: 0;\n\t\t\t}\n\t\t\t\/* see gallery_shortcode() in wp-includes\/media.php *\/\n\t\t<\/style>\n\t\t<div id='gallery-1' class='gallery galleryid-3864 gallery-columns-3 gallery-size-medium'><dl class='gallery-item'>\n\t\t\t<dt class='gallery-icon landscape'>\n\t\t\t\t<a href='https:\/\/www.bhakademiker.org\/de\/2025\/06\/07\/meletta-gedenkreise-2025\/1b3ed5b5-ba26-4af9-9389-9cfa9aa0a74f\/'><img fetchpriority=\"high\" decoding=\"async\" width=\"300\" height=\"225\" src=\"https:\/\/www.bhakademiker.org\/wp-content\/uploads\/2025\/06\/1b3ed5b5-ba26-4af9-9389-9cfa9aa0a74f-300x225.jpg\" class=\"attachment-medium size-medium\" alt=\"\" srcset=\"https:\/\/www.bhakademiker.org\/wp-content\/uploads\/2025\/06\/1b3ed5b5-ba26-4af9-9389-9cfa9aa0a74f-300x225.jpg 300w, https:\/\/www.bhakademiker.org\/wp-content\/uploads\/2025\/06\/1b3ed5b5-ba26-4af9-9389-9cfa9aa0a74f-1024x768.jpg 1024w, https:\/\/www.bhakademiker.org\/wp-content\/uploads\/2025\/06\/1b3ed5b5-ba26-4af9-9389-9cfa9aa0a74f-768x576.jpg 768w, https:\/\/www.bhakademiker.org\/wp-content\/uploads\/2025\/06\/1b3ed5b5-ba26-4af9-9389-9cfa9aa0a74f-1536x1152.jpg 1536w, https:\/\/www.bhakademiker.org\/wp-content\/uploads\/2025\/06\/1b3ed5b5-ba26-4af9-9389-9cfa9aa0a74f-16x12.jpg 16w, https:\/\/www.bhakademiker.org\/wp-content\/uploads\/2025\/06\/1b3ed5b5-ba26-4af9-9389-9cfa9aa0a74f.jpg 1600w\" sizes=\"(max-width: 300px) 100vw, 300px\" \/><\/a>\n\t\t\t<\/dt><\/dl><dl class='gallery-item'>\n\t\t\t<dt class='gallery-icon landscape'>\n\t\t\t\t<a href='https:\/\/www.bhakademiker.org\/de\/2025\/06\/07\/meletta-gedenkreise-2025\/001-7\/'><img decoding=\"async\" width=\"300\" height=\"199\" src=\"https:\/\/www.bhakademiker.org\/wp-content\/uploads\/2025\/06\/001-300x199.jpg\" class=\"attachment-medium size-medium\" alt=\"\" srcset=\"https:\/\/www.bhakademiker.org\/wp-content\/uploads\/2025\/06\/001-300x199.jpg 300w, https:\/\/www.bhakademiker.org\/wp-content\/uploads\/2025\/06\/001-1024x681.jpg 1024w, https:\/\/www.bhakademiker.org\/wp-content\/uploads\/2025\/06\/001-768x511.jpg 768w, https:\/\/www.bhakademiker.org\/wp-content\/uploads\/2025\/06\/001-1536x1021.jpg 1536w, https:\/\/www.bhakademiker.org\/wp-content\/uploads\/2025\/06\/001-2048x1362.jpg 2048w, https:\/\/www.bhakademiker.org\/wp-content\/uploads\/2025\/06\/001-18x12.jpg 18w, https:\/\/www.bhakademiker.org\/wp-content\/uploads\/2025\/06\/001-150x100.jpg 150w\" sizes=\"(max-width: 300px) 100vw, 300px\" \/><\/a>\n\t\t\t<\/dt><\/dl><dl class='gallery-item'>\n\t\t\t<dt class='gallery-icon landscape'>\n\t\t\t\t<a href='https:\/\/www.bhakademiker.org\/de\/2025\/06\/07\/meletta-gedenkreise-2025\/attachment\/004\/'><img decoding=\"async\" width=\"300\" height=\"201\" src=\"https:\/\/www.bhakademiker.org\/wp-content\/uploads\/2025\/06\/004-300x201.jpg\" class=\"attachment-medium size-medium\" alt=\"\" srcset=\"https:\/\/www.bhakademiker.org\/wp-content\/uploads\/2025\/06\/004-300x201.jpg 300w, https:\/\/www.bhakademiker.org\/wp-content\/uploads\/2025\/06\/004-1024x687.jpg 1024w, https:\/\/www.bhakademiker.org\/wp-content\/uploads\/2025\/06\/004-768x515.jpg 768w, https:\/\/www.bhakademiker.org\/wp-content\/uploads\/2025\/06\/004-1536x1030.jpg 1536w, https:\/\/www.bhakademiker.org\/wp-content\/uploads\/2025\/06\/004-2048x1374.jpg 2048w, https:\/\/www.bhakademiker.org\/wp-content\/uploads\/2025\/06\/004-18x12.jpg 18w, https:\/\/www.bhakademiker.org\/wp-content\/uploads\/2025\/06\/004-263x177.jpg 263w, https:\/\/www.bhakademiker.org\/wp-content\/uploads\/2025\/06\/004-500x335.jpg 500w, https:\/\/www.bhakademiker.org\/wp-content\/uploads\/2025\/06\/004-150x100.jpg 150w\" sizes=\"(max-width: 300px) 100vw, 300px\" \/><\/a>\n\t\t\t<\/dt><\/dl><br style=\"clear: both\" \/><dl class='gallery-item'>\n\t\t\t<dt class='gallery-icon landscape'>\n\t\t\t\t<a href='https:\/\/www.bhakademiker.org\/de\/2025\/06\/07\/meletta-gedenkreise-2025\/attachment\/10\/'><img loading=\"lazy\" decoding=\"async\" width=\"300\" height=\"200\" src=\"https:\/\/www.bhakademiker.org\/wp-content\/uploads\/2025\/06\/10-300x200.jpg\" class=\"attachment-medium size-medium\" alt=\"\" srcset=\"https:\/\/www.bhakademiker.org\/wp-content\/uploads\/2025\/06\/10-300x200.jpg 300w, https:\/\/www.bhakademiker.org\/wp-content\/uploads\/2025\/06\/10-1024x684.jpg 1024w, https:\/\/www.bhakademiker.org\/wp-content\/uploads\/2025\/06\/10-768x513.jpg 768w, https:\/\/www.bhakademiker.org\/wp-content\/uploads\/2025\/06\/10-1536x1026.jpg 1536w, https:\/\/www.bhakademiker.org\/wp-content\/uploads\/2025\/06\/10-2048x1368.jpg 2048w, https:\/\/www.bhakademiker.org\/wp-content\/uploads\/2025\/06\/10-18x12.jpg 18w, https:\/\/www.bhakademiker.org\/wp-content\/uploads\/2025\/06\/10-500x335.jpg 500w, https:\/\/www.bhakademiker.org\/wp-content\/uploads\/2025\/06\/10-150x100.jpg 150w\" sizes=\"(max-width: 300px) 100vw, 300px\" \/><\/a>\n\t\t\t<\/dt><\/dl><dl class='gallery-item'>\n\t\t\t<dt class='gallery-icon landscape'>\n\t\t\t\t<a href='https:\/\/www.bhakademiker.org\/de\/2025\/06\/07\/meletta-gedenkreise-2025\/003-2\/'><img loading=\"lazy\" decoding=\"async\" width=\"300\" height=\"200\" src=\"https:\/\/www.bhakademiker.org\/wp-content\/uploads\/2025\/06\/003-300x200.jpg\" class=\"attachment-medium size-medium\" alt=\"\" srcset=\"https:\/\/www.bhakademiker.org\/wp-content\/uploads\/2025\/06\/003-300x200.jpg 300w, https:\/\/www.bhakademiker.org\/wp-content\/uploads\/2025\/06\/003-1024x683.jpg 1024w, https:\/\/www.bhakademiker.org\/wp-content\/uploads\/2025\/06\/003-768x512.jpg 768w, https:\/\/www.bhakademiker.org\/wp-content\/uploads\/2025\/06\/003-1536x1024.jpg 1536w, https:\/\/www.bhakademiker.org\/wp-content\/uploads\/2025\/06\/003-2048x1365.jpg 2048w, https:\/\/www.bhakademiker.org\/wp-content\/uploads\/2025\/06\/003-18x12.jpg 18w, https:\/\/www.bhakademiker.org\/wp-content\/uploads\/2025\/06\/003-500x335.jpg 500w, https:\/\/www.bhakademiker.org\/wp-content\/uploads\/2025\/06\/003-150x100.jpg 150w\" sizes=\"(max-width: 300px) 100vw, 300px\" \/><\/a>\n\t\t\t<\/dt><\/dl><dl class='gallery-item'>\n\t\t\t<dt class='gallery-icon landscape'>\n\t\t\t\t<a href='https:\/\/www.bhakademiker.org\/de\/2025\/06\/07\/meletta-gedenkreise-2025\/002-2\/'><img loading=\"lazy\" decoding=\"async\" width=\"300\" height=\"199\" src=\"https:\/\/www.bhakademiker.org\/wp-content\/uploads\/2025\/06\/002-300x199.jpg\" class=\"attachment-medium size-medium\" alt=\"\" srcset=\"https:\/\/www.bhakademiker.org\/wp-content\/uploads\/2025\/06\/002-300x199.jpg 300w, https:\/\/www.bhakademiker.org\/wp-content\/uploads\/2025\/06\/002-1024x679.jpg 1024w, https:\/\/www.bhakademiker.org\/wp-content\/uploads\/2025\/06\/002-768x509.jpg 768w, https:\/\/www.bhakademiker.org\/wp-content\/uploads\/2025\/06\/002-1536x1018.jpg 1536w, https:\/\/www.bhakademiker.org\/wp-content\/uploads\/2025\/06\/002-2048x1357.jpg 2048w, https:\/\/www.bhakademiker.org\/wp-content\/uploads\/2025\/06\/002-18x12.jpg 18w, https:\/\/www.bhakademiker.org\/wp-content\/uploads\/2025\/06\/002-150x100.jpg 150w\" sizes=\"(max-width: 300px) 100vw, 300px\" \/><\/a>\n\t\t\t<\/dt><\/dl><br style=\"clear: both\" \/><dl class='gallery-item'>\n\t\t\t<dt class='gallery-icon landscape'>\n\t\t\t\t<a href='https:\/\/www.bhakademiker.org\/de\/2025\/06\/07\/meletta-gedenkreise-2025\/attachment\/009\/'><img loading=\"lazy\" decoding=\"async\" width=\"300\" height=\"225\" src=\"https:\/\/www.bhakademiker.org\/wp-content\/uploads\/2025\/06\/009-300x225.jpg\" class=\"attachment-medium size-medium\" alt=\"\" srcset=\"https:\/\/www.bhakademiker.org\/wp-content\/uploads\/2025\/06\/009-300x225.jpg 300w, https:\/\/www.bhakademiker.org\/wp-content\/uploads\/2025\/06\/009-1024x768.jpg 1024w, https:\/\/www.bhakademiker.org\/wp-content\/uploads\/2025\/06\/009-768x576.jpg 768w, https:\/\/www.bhakademiker.org\/wp-content\/uploads\/2025\/06\/009-1536x1152.jpg 1536w, https:\/\/www.bhakademiker.org\/wp-content\/uploads\/2025\/06\/009-16x12.jpg 16w, https:\/\/www.bhakademiker.org\/wp-content\/uploads\/2025\/06\/009.jpg 1600w\" sizes=\"(max-width: 300px) 100vw, 300px\" \/><\/a>\n\t\t\t<\/dt><\/dl><dl class='gallery-item'>\n\t\t\t<dt class='gallery-icon landscape'>\n\t\t\t\t<a href='https:\/\/www.bhakademiker.org\/de\/2025\/06\/07\/meletta-gedenkreise-2025\/005-2\/'><img loading=\"lazy\" decoding=\"async\" width=\"300\" height=\"169\" src=\"https:\/\/www.bhakademiker.org\/wp-content\/uploads\/2025\/06\/005-300x169.jpg\" class=\"attachment-medium size-medium\" alt=\"\" srcset=\"https:\/\/www.bhakademiker.org\/wp-content\/uploads\/2025\/06\/005-300x169.jpg 300w, https:\/\/www.bhakademiker.org\/wp-content\/uploads\/2025\/06\/005-1024x576.jpg 1024w, https:\/\/www.bhakademiker.org\/wp-content\/uploads\/2025\/06\/005-768x432.jpg 768w, https:\/\/www.bhakademiker.org\/wp-content\/uploads\/2025\/06\/005-1536x864.jpg 1536w, https:\/\/www.bhakademiker.org\/wp-content\/uploads\/2025\/06\/005-18x10.jpg 18w, https:\/\/www.bhakademiker.org\/wp-content\/uploads\/2025\/06\/005-847x477.jpg 847w, https:\/\/www.bhakademiker.org\/wp-content\/uploads\/2025\/06\/005.jpg 1600w\" sizes=\"(max-width: 300px) 100vw, 300px\" \/><\/a>\n\t\t\t<\/dt><\/dl><dl class='gallery-item'>\n\t\t\t<dt class='gallery-icon landscape'>\n\t\t\t\t<a href='https:\/\/www.bhakademiker.org\/de\/2025\/06\/07\/meletta-gedenkreise-2025\/attachment\/008\/'><img loading=\"lazy\" decoding=\"async\" width=\"300\" height=\"201\" src=\"https:\/\/www.bhakademiker.org\/wp-content\/uploads\/2025\/06\/008-300x201.jpg\" class=\"attachment-medium size-medium\" alt=\"\" srcset=\"https:\/\/www.bhakademiker.org\/wp-content\/uploads\/2025\/06\/008-300x201.jpg 300w, https:\/\/www.bhakademiker.org\/wp-content\/uploads\/2025\/06\/008-1024x685.jpg 1024w, https:\/\/www.bhakademiker.org\/wp-content\/uploads\/2025\/06\/008-768x514.jpg 768w, https:\/\/www.bhakademiker.org\/wp-content\/uploads\/2025\/06\/008-1536x1027.jpg 1536w, https:\/\/www.bhakademiker.org\/wp-content\/uploads\/2025\/06\/008-2048x1370.jpg 2048w, https:\/\/www.bhakademiker.org\/wp-content\/uploads\/2025\/06\/008-18x12.jpg 18w, https:\/\/www.bhakademiker.org\/wp-content\/uploads\/2025\/06\/008-263x177.jpg 263w, https:\/\/www.bhakademiker.org\/wp-content\/uploads\/2025\/06\/008-500x335.jpg 500w, https:\/\/www.bhakademiker.org\/wp-content\/uploads\/2025\/06\/008-150x100.jpg 150w\" sizes=\"(max-width: 300px) 100vw, 300px\" \/><\/a>\n\t\t\t<\/dt><\/dl><br style=\"clear: both\" \/><dl class='gallery-item'>\n\t\t\t<dt class='gallery-icon landscape'>\n\t\t\t\t<a href='https:\/\/www.bhakademiker.org\/de\/2025\/06\/07\/meletta-gedenkreise-2025\/006-2\/'><img loading=\"lazy\" decoding=\"async\" width=\"300\" height=\"200\" src=\"https:\/\/www.bhakademiker.org\/wp-content\/uploads\/2025\/06\/006-300x200.jpg\" class=\"attachment-medium size-medium\" alt=\"\" srcset=\"https:\/\/www.bhakademiker.org\/wp-content\/uploads\/2025\/06\/006-300x200.jpg 300w, https:\/\/www.bhakademiker.org\/wp-content\/uploads\/2025\/06\/006-1024x684.jpg 1024w, https:\/\/www.bhakademiker.org\/wp-content\/uploads\/2025\/06\/006-768x513.jpg 768w, https:\/\/www.bhakademiker.org\/wp-content\/uploads\/2025\/06\/006-1536x1026.jpg 1536w, https:\/\/www.bhakademiker.org\/wp-content\/uploads\/2025\/06\/006-2048x1368.jpg 2048w, https:\/\/www.bhakademiker.org\/wp-content\/uploads\/2025\/06\/006-18x12.jpg 18w, https:\/\/www.bhakademiker.org\/wp-content\/uploads\/2025\/06\/006-500x335.jpg 500w, https:\/\/www.bhakademiker.org\/wp-content\/uploads\/2025\/06\/006-150x100.jpg 150w\" sizes=\"(max-width: 300px) 100vw, 300px\" \/><\/a>\n\t\t\t<\/dt><\/dl><dl class='gallery-item'>\n\t\t\t<dt class='gallery-icon landscape'>\n\t\t\t\t<a href='https:\/\/www.bhakademiker.org\/de\/2025\/06\/07\/meletta-gedenkreise-2025\/attachment\/007\/'><img loading=\"lazy\" decoding=\"async\" width=\"300\" height=\"300\" src=\"https:\/\/www.bhakademiker.org\/wp-content\/uploads\/2025\/06\/007-300x300.jpg\" class=\"attachment-medium size-medium\" alt=\"\" srcset=\"https:\/\/www.bhakademiker.org\/wp-content\/uploads\/2025\/06\/007-300x300.jpg 300w, https:\/\/www.bhakademiker.org\/wp-content\/uploads\/2025\/06\/007-150x150.jpg 150w, https:\/\/www.bhakademiker.org\/wp-content\/uploads\/2025\/06\/007-768x765.jpg 768w, https:\/\/www.bhakademiker.org\/wp-content\/uploads\/2025\/06\/007-12x12.jpg 12w, https:\/\/www.bhakademiker.org\/wp-content\/uploads\/2025\/06\/007-266x266.jpg 266w, https:\/\/www.bhakademiker.org\/wp-content\/uploads\/2025\/06\/007-70x70.jpg 70w, https:\/\/www.bhakademiker.org\/wp-content\/uploads\/2025\/06\/007-50x50.jpg 50w, https:\/\/www.bhakademiker.org\/wp-content\/uploads\/2025\/06\/007.jpg 900w\" sizes=\"(max-width: 300px) 100vw, 300px\" \/><\/a>\n\t\t\t<\/dt><\/dl>\n\t\t\t<br style='clear: both' \/>\n\t\t<\/div>\n\n<p>&nbsp;<\/p>\n<p>&nbsp;<\/p>\n","protected":false},"excerpt":{"rendered":"<p>6. Juni 2025<\/p>\n","protected":false},"author":1,"featured_media":3869,"comment_status":"open","ping_status":"open","sticky":false,"template":"","format":"standard","meta":{"footnotes":""},"categories":[48],"tags":[],"class_list":["post-3864","post","type-post","status-publish","format-standard","has-post-thumbnail","hentry","category-meletta"],"yoast_head":"<!-- This site is optimized with the Yoast SEO plugin v20.3 - https:\/\/yoast.com\/wordpress\/plugins\/seo\/ -->\n<title>Meletta-Gedenkreise 2025 - Gesellschaft Bosnischer Akademiker<\/title>\n<meta name=\"description\" content=\"6. Juni 2025\" \/>\n<meta name=\"robots\" content=\"index, follow, max-snippet:-1, max-image-preview:large, max-video-preview:-1\" \/>\n<link rel=\"canonical\" href=\"https:\/\/www.bhakademiker.org\/de\/2025\/06\/07\/meletta-gedenkreise-2025\/\" \/>\n<meta property=\"og:locale\" content=\"de_DE\" \/>\n<meta property=\"og:type\" content=\"article\" \/>\n<meta property=\"og:title\" content=\"Gedenkfeier | Komemoracija: Meletta\" \/>\n<meta property=\"og:description\" content=\"6. Juni 2025\" \/>\n<meta property=\"og:url\" content=\"https:\/\/www.bhakademiker.org\/de\/2025\/06\/07\/meletta-gedenkreise-2025\/\" \/>\n<meta property=\"og:site_name\" content=\"Gesellschaft Bosnischer Akademiker\" \/>\n<meta property=\"article:published_time\" content=\"2025-06-07T14:07:09+00:00\" \/>\n<meta property=\"article:modified_time\" content=\"2025-06-08T08:07:15+00:00\" \/>\n<meta property=\"og:image\" content=\"https:\/\/www.bhakademiker.org\/wp-content\/uploads\/2025\/06\/001-scaled.jpg\" \/>\n\t<meta property=\"og:image:width\" content=\"2560\" \/>\n\t<meta property=\"og:image:height\" content=\"1702\" \/>\n\t<meta property=\"og:image:type\" content=\"image\/jpeg\" \/>\n<meta name=\"author\" content=\"BanKulin\" \/>\n<meta name=\"twitter:card\" content=\"summary_large_image\" \/>\n<meta name=\"twitter:title\" content=\"Gedenkfeier | Komemoracija: Meletta\" \/>\n<meta name=\"twitter:description\" content=\"6. Juni 2025\" \/>\n<meta name=\"twitter:image\" content=\"https:\/\/www.bhakademiker.org\/wp-content\/uploads\/2025\/06\/001-scaled.jpg\" \/>\n<meta name=\"twitter:label1\" content=\"Verfasst von\" \/>\n\t<meta name=\"twitter:data1\" content=\"BanKulin\" \/>\n\t<meta name=\"twitter:label2\" content=\"Gesch\u00e4tzte Lesezeit\" \/>\n\t<meta name=\"twitter:data2\" content=\"3\u00a0Minuten\" \/>\n<script type=\"application\/ld+json\" class=\"yoast-schema-graph\">{\"@context\":\"https:\/\/schema.org\",\"@graph\":[{\"@type\":\"Article\",\"@id\":\"https:\/\/www.bhakademiker.org\/2025\/06\/07\/meletta-gedenkreise-2025\/#article\",\"isPartOf\":{\"@id\":\"https:\/\/www.bhakademiker.org\/2025\/06\/07\/meletta-gedenkreise-2025\/\"},\"author\":{\"name\":\"BanKulin\",\"@id\":\"https:\/\/www.bhakademiker.org\/bs\/#\/schema\/person\/eb2bb45ccd10b1a8756ef049efa44da5\"},\"headline\":\"Meletta-Gedenkreise 2025\",\"datePublished\":\"2025-06-07T14:07:09+00:00\",\"dateModified\":\"2025-06-08T08:07:15+00:00\",\"mainEntityOfPage\":{\"@id\":\"https:\/\/www.bhakademiker.org\/2025\/06\/07\/meletta-gedenkreise-2025\/\"},\"wordCount\":608,\"commentCount\":0,\"publisher\":{\"@id\":\"https:\/\/www.bhakademiker.org\/bs\/#organization\"},\"articleSection\":[\"Meletta\"],\"inLanguage\":\"de\",\"potentialAction\":[{\"@type\":\"CommentAction\",\"name\":\"Comment\",\"target\":[\"https:\/\/www.bhakademiker.org\/2025\/06\/07\/meletta-gedenkreise-2025\/#respond\"]}]},{\"@type\":\"WebPage\",\"@id\":\"https:\/\/www.bhakademiker.org\/2025\/06\/07\/meletta-gedenkreise-2025\/\",\"url\":\"https:\/\/www.bhakademiker.org\/2025\/06\/07\/meletta-gedenkreise-2025\/\",\"name\":\"Meletta-Gedenkreise 2025 - Gesellschaft Bosnischer Akademiker\",\"isPartOf\":{\"@id\":\"https:\/\/www.bhakademiker.org\/bs\/#website\"},\"datePublished\":\"2025-06-07T14:07:09+00:00\",\"dateModified\":\"2025-06-08T08:07:15+00:00\",\"description\":\"6. Juni 2025\",\"breadcrumb\":{\"@id\":\"https:\/\/www.bhakademiker.org\/2025\/06\/07\/meletta-gedenkreise-2025\/#breadcrumb\"},\"inLanguage\":\"de\",\"potentialAction\":[{\"@type\":\"ReadAction\",\"target\":[\"https:\/\/www.bhakademiker.org\/2025\/06\/07\/meletta-gedenkreise-2025\/\"]}]},{\"@type\":\"BreadcrumbList\",\"@id\":\"https:\/\/www.bhakademiker.org\/2025\/06\/07\/meletta-gedenkreise-2025\/#breadcrumb\",\"itemListElement\":[{\"@type\":\"ListItem\",\"position\":1,\"name\":\"Home\",\"item\":\"https:\/\/www.bhakademiker.org\/\"},{\"@type\":\"ListItem\",\"position\":2,\"name\":\"Meletta-Gedenkreise 2025\"}]},{\"@type\":\"WebSite\",\"@id\":\"https:\/\/www.bhakademiker.org\/bs\/#website\",\"url\":\"https:\/\/www.bhakademiker.org\/bs\/\",\"name\":\"Gesellschaft Bosnischer Akademiker\",\"description\":\"\",\"publisher\":{\"@id\":\"https:\/\/www.bhakademiker.org\/bs\/#organization\"},\"potentialAction\":[{\"@type\":\"SearchAction\",\"target\":{\"@type\":\"EntryPoint\",\"urlTemplate\":\"https:\/\/www.bhakademiker.org\/bs\/?s={search_term_string}\"},\"query-input\":\"required name=search_term_string\"}],\"inLanguage\":\"de\"},{\"@type\":\"Organization\",\"@id\":\"https:\/\/www.bhakademiker.org\/bs\/#organization\",\"name\":\"Gesellschaft Bosnischer Akademiker in \u00d6sterreich\",\"url\":\"https:\/\/www.bhakademiker.org\/bs\/\",\"logo\":{\"@type\":\"ImageObject\",\"inLanguage\":\"de\",\"@id\":\"https:\/\/www.bhakademiker.org\/bs\/#\/schema\/logo\/image\/\",\"url\":\"https:\/\/www.bhakademiker.org\/wp-content\/uploads\/2022\/01\/featured-GBAA.png\",\"contentUrl\":\"https:\/\/www.bhakademiker.org\/wp-content\/uploads\/2022\/01\/featured-GBAA.png\",\"width\":1200,\"height\":630,\"caption\":\"Gesellschaft Bosnischer Akademiker in \u00d6sterreich\"},\"image\":{\"@id\":\"https:\/\/www.bhakademiker.org\/bs\/#\/schema\/logo\/image\/\"}},{\"@type\":\"Person\",\"@id\":\"https:\/\/www.bhakademiker.org\/bs\/#\/schema\/person\/eb2bb45ccd10b1a8756ef049efa44da5\",\"name\":\"BanKulin\",\"image\":{\"@type\":\"ImageObject\",\"inLanguage\":\"de\",\"@id\":\"https:\/\/www.bhakademiker.org\/bs\/#\/schema\/person\/image\/\",\"url\":\"https:\/\/secure.gravatar.com\/avatar\/c6d58ce317ac29451bb963305865585b0ee61581cac268f7b497945aea17e32c?s=96&d=mm&r=g\",\"contentUrl\":\"https:\/\/secure.gravatar.com\/avatar\/c6d58ce317ac29451bb963305865585b0ee61581cac268f7b497945aea17e32c?s=96&d=mm&r=g\",\"caption\":\"BanKulin\"},\"sameAs\":[\"https:\/\/www.bhakademiker.org\"],\"url\":\"https:\/\/www.bhakademiker.org\/de\/author\/bankulin\/\"}]}<\/script>\n<!-- \/ Yoast SEO plugin. -->","yoast_head_json":{"title":"Meletta-Gedenkreise 2025 - Gesellschaft Bosnischer Akademiker","description":"6. Juni 2025","robots":{"index":"index","follow":"follow","max-snippet":"max-snippet:-1","max-image-preview":"max-image-preview:large","max-video-preview":"max-video-preview:-1"},"canonical":"https:\/\/www.bhakademiker.org\/de\/2025\/06\/07\/meletta-gedenkreise-2025\/","og_locale":"de_DE","og_type":"article","og_title":"Gedenkfeier | Komemoracija: Meletta","og_description":"6. Juni 2025","og_url":"https:\/\/www.bhakademiker.org\/de\/2025\/06\/07\/meletta-gedenkreise-2025\/","og_site_name":"Gesellschaft Bosnischer Akademiker","article_published_time":"2025-06-07T14:07:09+00:00","article_modified_time":"2025-06-08T08:07:15+00:00","og_image":[{"width":2560,"height":1702,"url":"https:\/\/www.bhakademiker.org\/wp-content\/uploads\/2025\/06\/001-scaled.jpg","type":"image\/jpeg"}],"author":"BanKulin","twitter_card":"summary_large_image","twitter_title":"Gedenkfeier | Komemoracija: Meletta","twitter_description":"6. Juni 2025","twitter_image":"https:\/\/www.bhakademiker.org\/wp-content\/uploads\/2025\/06\/001-scaled.jpg","twitter_misc":{"Verfasst von":"BanKulin","Gesch\u00e4tzte Lesezeit":"3\u00a0Minuten"},"schema":{"@context":"https:\/\/schema.org","@graph":[{"@type":"Article","@id":"https:\/\/www.bhakademiker.org\/2025\/06\/07\/meletta-gedenkreise-2025\/#article","isPartOf":{"@id":"https:\/\/www.bhakademiker.org\/2025\/06\/07\/meletta-gedenkreise-2025\/"},"author":{"name":"BanKulin","@id":"https:\/\/www.bhakademiker.org\/bs\/#\/schema\/person\/eb2bb45ccd10b1a8756ef049efa44da5"},"headline":"Meletta-Gedenkreise 2025","datePublished":"2025-06-07T14:07:09+00:00","dateModified":"2025-06-08T08:07:15+00:00","mainEntityOfPage":{"@id":"https:\/\/www.bhakademiker.org\/2025\/06\/07\/meletta-gedenkreise-2025\/"},"wordCount":608,"commentCount":0,"publisher":{"@id":"https:\/\/www.bhakademiker.org\/bs\/#organization"},"articleSection":["Meletta"],"inLanguage":"de","potentialAction":[{"@type":"CommentAction","name":"Comment","target":["https:\/\/www.bhakademiker.org\/2025\/06\/07\/meletta-gedenkreise-2025\/#respond"]}]},{"@type":"WebPage","@id":"https:\/\/www.bhakademiker.org\/2025\/06\/07\/meletta-gedenkreise-2025\/","url":"https:\/\/www.bhakademiker.org\/2025\/06\/07\/meletta-gedenkreise-2025\/","name":"Meletta-Gedenkreise 2025 - Gesellschaft Bosnischer Akademiker","isPartOf":{"@id":"https:\/\/www.bhakademiker.org\/bs\/#website"},"datePublished":"2025-06-07T14:07:09+00:00","dateModified":"2025-06-08T08:07:15+00:00","description":"6. Juni 2025","breadcrumb":{"@id":"https:\/\/www.bhakademiker.org\/2025\/06\/07\/meletta-gedenkreise-2025\/#breadcrumb"},"inLanguage":"de","potentialAction":[{"@type":"ReadAction","target":["https:\/\/www.bhakademiker.org\/2025\/06\/07\/meletta-gedenkreise-2025\/"]}]},{"@type":"BreadcrumbList","@id":"https:\/\/www.bhakademiker.org\/2025\/06\/07\/meletta-gedenkreise-2025\/#breadcrumb","itemListElement":[{"@type":"ListItem","position":1,"name":"Home","item":"https:\/\/www.bhakademiker.org\/"},{"@type":"ListItem","position":2,"name":"Meletta-Gedenkreise 2025"}]},{"@type":"WebSite","@id":"https:\/\/www.bhakademiker.org\/bs\/#website","url":"https:\/\/www.bhakademiker.org\/bs\/","name":"Gesellschaft Bosnischer Akademiker","description":"","publisher":{"@id":"https:\/\/www.bhakademiker.org\/bs\/#organization"},"potentialAction":[{"@type":"SearchAction","target":{"@type":"EntryPoint","urlTemplate":"https:\/\/www.bhakademiker.org\/bs\/?s={search_term_string}"},"query-input":"required name=search_term_string"}],"inLanguage":"de"},{"@type":"Organization","@id":"https:\/\/www.bhakademiker.org\/bs\/#organization","name":"Gesellschaft Bosnischer Akademiker in \u00d6sterreich","url":"https:\/\/www.bhakademiker.org\/bs\/","logo":{"@type":"ImageObject","inLanguage":"de","@id":"https:\/\/www.bhakademiker.org\/bs\/#\/schema\/logo\/image\/","url":"https:\/\/www.bhakademiker.org\/wp-content\/uploads\/2022\/01\/featured-GBAA.png","contentUrl":"https:\/\/www.bhakademiker.org\/wp-content\/uploads\/2022\/01\/featured-GBAA.png","width":1200,"height":630,"caption":"Gesellschaft Bosnischer Akademiker in \u00d6sterreich"},"image":{"@id":"https:\/\/www.bhakademiker.org\/bs\/#\/schema\/logo\/image\/"}},{"@type":"Person","@id":"https:\/\/www.bhakademiker.org\/bs\/#\/schema\/person\/eb2bb45ccd10b1a8756ef049efa44da5","name":"BanKulin","image":{"@type":"ImageObject","inLanguage":"de","@id":"https:\/\/www.bhakademiker.org\/bs\/#\/schema\/person\/image\/","url":"https:\/\/secure.gravatar.com\/avatar\/c6d58ce317ac29451bb963305865585b0ee61581cac268f7b497945aea17e32c?s=96&d=mm&r=g","contentUrl":"https:\/\/secure.gravatar.com\/avatar\/c6d58ce317ac29451bb963305865585b0ee61581cac268f7b497945aea17e32c?s=96&d=mm&r=g","caption":"BanKulin"},"sameAs":["https:\/\/www.bhakademiker.org"],"url":"https:\/\/www.bhakademiker.org\/de\/author\/bankulin\/"}]}},"_links":{"self":[{"href":"https:\/\/www.bhakademiker.org\/de\/wp-json\/wp\/v2\/posts\/3864","targetHints":{"allow":["GET"]}}],"collection":[{"href":"https:\/\/www.bhakademiker.org\/de\/wp-json\/wp\/v2\/posts"}],"about":[{"href":"https:\/\/www.bhakademiker.org\/de\/wp-json\/wp\/v2\/types\/post"}],"author":[{"embeddable":true,"href":"https:\/\/www.bhakademiker.org\/de\/wp-json\/wp\/v2\/users\/1"}],"replies":[{"embeddable":true,"href":"https:\/\/www.bhakademiker.org\/de\/wp-json\/wp\/v2\/comments?post=3864"}],"version-history":[{"count":5,"href":"https:\/\/www.bhakademiker.org\/de\/wp-json\/wp\/v2\/posts\/3864\/revisions"}],"predecessor-version":[{"id":3882,"href":"https:\/\/www.bhakademiker.org\/de\/wp-json\/wp\/v2\/posts\/3864\/revisions\/3882"}],"wp:featuredmedia":[{"embeddable":true,"href":"https:\/\/www.bhakademiker.org\/de\/wp-json\/wp\/v2\/media\/3869"}],"wp:attachment":[{"href":"https:\/\/www.bhakademiker.org\/de\/wp-json\/wp\/v2\/media?parent=3864"}],"wp:term":[{"taxonomy":"category","embeddable":true,"href":"https:\/\/www.bhakademiker.org\/de\/wp-json\/wp\/v2\/categories?post=3864"},{"taxonomy":"post_tag","embeddable":true,"href":"https:\/\/www.bhakademiker.org\/de\/wp-json\/wp\/v2\/tags?post=3864"}],"curies":[{"name":"wp","href":"https:\/\/api.w.org\/{rel}","templated":true}]}}