{"id":3997,"date":"2025-10-21T11:05:36","date_gmt":"2025-10-21T09:05:36","guid":{"rendered":"https:\/\/www.bhakademiker.org\/?p=3997"},"modified":"2025-10-21T11:44:12","modified_gmt":"2025-10-21T09:44:12","slug":"wirtschaftstreffen-in-graz-2025","status":"publish","type":"post","link":"https:\/\/www.bhakademiker.org\/de\/2025\/10\/21\/wirtschaftstreffen-in-graz-2025\/","title":{"rendered":"Wirtschaftstreffen in Graz 2025"},"content":{"rendered":"<h1>Wirtschaftstreffen in Graz 2025<\/h1>\n<p>In der Organisation der Gesellschaft Bosnischer Akademiker in \u00d6sterreich (BADA) fand das Wirtschaftstreffen 2025 statt, das auch in diesem Jahr herausragende Expertinnen und Experten aus den Bereichen Psychologie, Wirtschaft, Management und Bildung versammelte. Neben Unternehmern aus \u00d6sterreich nahmen auch Vertreter des Wirtschaftssektors aus Bosnien und Herzegowina an der Veranstaltung teil.<\/p>\n<p>Im Namen der staatlichen Agentur f\u00fcr Auslandsinvestitionen FIPA nahm Dr. Maida Be\u0107irovi\u0107 an diesem mittlerweile traditionellen Ereignis teil.<\/p>\n<p>Unter dem gemeinsamen Thema \u201eStrategien und Herausforderungen des Wirtschaftens in Krisenzeiten\u201c diskutierten die Teilnehmer dar\u00fcber, wie sich Einzelpersonen und Unternehmen an ein immer dynamischeres und unsicheres globales Umfeld anpassen k\u00f6nnen.<\/p>\n<p>Die Veranstaltung wurde von Mag. Edita Mayr, klinischer und Gesundheitspsychologin aus Graz, mit dem Vortrag \u201ePsychologie der Krise: Menschen, Gesellschaft und (un)sichtbare Folgen\u201c er\u00f6ffnet. Anhand zahlreicher Praxisbeispiele betonte Mayr, dass psychologische Resilienz ein Schl\u00fcsselfaktor nicht nur f\u00fcr Individuen, sondern auch f\u00fcr Organisationen ist, die langfristig bestehen wollen.<\/p>\n<p>Im Anschluss folgte Panel 1: \u201eLeadership und HR \u2013 Antwort auf die Krise\u201c, an dem Dr. MMag. Almina Be\u0161i\u0107 (JKU Linz), Aldina Salihod\u017ei\u0107, BA (Team23, Wien) und Mag. Azra Beki\u0107 (Adriatic Group, Wien) teilnahmen. Die Panelistinnen sprachen \u00fcber die Herausforderungen der Teamf\u00fchrung in unsicheren Zeiten, die Bedeutung von Empathie in der F\u00fchrung sowie \u00fcber die Rolle des Human Resource Managements bei der St\u00e4rkung der organisatorischen Widerstandsf\u00e4higkeit.<\/p>\n<p>Nach einer kurzen Pause hielt Mag. Aida Sivro-Rahimi\u0107 von der Steierm\u00e4rkischen Sparkasse Graz einen vielbeachteten Vortrag mit dem Titel \u201eRisikomanagement als Vorbereitung auf die Krise\u201c, in dem sie die Bedeutung eines strategischen Umgangs mit Risiken und vorausschauender Planung hervorhob.<\/p>\n<p>Im zweiten Teil der Veranstaltung wurde in Panel 2 \u00fcber Unternehmens- und Finanzstrategien in Krisenzeiten diskutiert. Die Panelteilnehmer waren Mag. Edin Salihod\u017ei\u0107 (Team23), Gr\u00fcnder und Steuerberater aus Wien, sowie Mirsad Durmi\u0107 (DMDE, Doboj Istok), ein erfolgreicher Unternehmer aus Bosnien und Herzegowina. Sie teilten praktische Erfahrungen dar\u00fcber, wie Unternehmen trotz gro\u00dfer Marktunsicherheiten bestehen und wachsen k\u00f6nnen.<\/p>\n<p>Den Abschluss bildete ein inspirierender Vortrag von Dr. Fikret Ba\u0161i\u0107 (Technische Universit\u00e4t Graz) unter dem Titel \u201eMit Bildung durch die Krise\u201c, in dem die Bedeutung von Wissen und lebenslangem Lernen als wichtigstem Instrument zur \u00dcberwindung gesellschaftlicher und wirtschaftlicher Turbulenzen betont wurde.<\/p>\n<p>Nach dem offiziellen Teil folgte ein Networking-Treffen, das den Teilnehmenden die M\u00f6glichkeit bot, Vertreter der akademischen Gemeinschaft, der Wirtschaft und der Institutionen miteinander zu vernetzen.<\/p>\n<p>Das Wirtschaftstreffen der BADA best\u00e4tigte erneut die Bedeutung des Dialogs zwischen Wissenschaft und Praxis und zeigte, dass gerade in Krisenzeiten die wichtigsten Ideen f\u00fcr nachhaltige Entwicklung und Zusammenarbeit entstehen.<\/p>\n\n\t\t<style type=\"text\/css\">\n\t\t\t#gallery-1 {\n\t\t\t\tmargin: auto;\n\t\t\t}\n\t\t\t#gallery-1 .gallery-item {\n\t\t\t\tfloat: left;\n\t\t\t\tmargin-top: 10px;\n\t\t\t\ttext-align: center;\n\t\t\t\twidth: 33%;\n\t\t\t}\n\t\t\t#gallery-1 img {\n\t\t\t\tborder: 2px solid #cfcfcf;\n\t\t\t}\n\t\t\t#gallery-1 .gallery-caption {\n\t\t\t\tmargin-left: 0;\n\t\t\t}\n\t\t\t\/* see gallery_shortcode() in wp-includes\/media.php *\/\n\t\t<\/style>\n\t\t<div id='gallery-1' class='gallery galleryid-3997 gallery-columns-3 gallery-size-thumbnail'><dl class='gallery-item'>\n\t\t\t<dt class='gallery-icon landscape'>\n\t\t\t\t<a href='https:\/\/www.bhakademiker.org\/de\/2025\/10\/21\/wirtschaftstreffen-in-graz-2025\/3-7\/'><img decoding=\"async\" width=\"150\" height=\"150\" src=\"https:\/\/www.bhakademiker.org\/wp-content\/uploads\/2025\/10\/3-150x150.jpeg\" class=\"attachment-thumbnail size-thumbnail\" alt=\"\" srcset=\"https:\/\/www.bhakademiker.org\/wp-content\/uploads\/2025\/10\/3-150x150.jpeg 150w, https:\/\/www.bhakademiker.org\/wp-content\/uploads\/2025\/10\/3-266x266.jpeg 266w, https:\/\/www.bhakademiker.org\/wp-content\/uploads\/2025\/10\/3-70x70.jpeg 70w, https:\/\/www.bhakademiker.org\/wp-content\/uploads\/2025\/10\/3-50x50.jpeg 50w\" sizes=\"(max-width: 150px) 100vw, 150px\" \/><\/a>\n\t\t\t<\/dt><\/dl><dl class='gallery-item'>\n\t\t\t<dt class='gallery-icon landscape'>\n\t\t\t\t<a href='https:\/\/www.bhakademiker.org\/de\/2025\/10\/21\/wirtschaftstreffen-in-graz-2025\/bada-tim\/'><img decoding=\"async\" width=\"150\" height=\"150\" src=\"https:\/\/www.bhakademiker.org\/wp-content\/uploads\/2025\/10\/BADA-tim-150x150.jpg\" class=\"attachment-thumbnail size-thumbnail\" alt=\"\" srcset=\"https:\/\/www.bhakademiker.org\/wp-content\/uploads\/2025\/10\/BADA-tim-150x150.jpg 150w, https:\/\/www.bhakademiker.org\/wp-content\/uploads\/2025\/10\/BADA-tim-266x266.jpg 266w, https:\/\/www.bhakademiker.org\/wp-content\/uploads\/2025\/10\/BADA-tim-70x70.jpg 70w, https:\/\/www.bhakademiker.org\/wp-content\/uploads\/2025\/10\/BADA-tim-50x50.jpg 50w\" sizes=\"(max-width: 150px) 100vw, 150px\" \/><\/a>\n\t\t\t<\/dt><\/dl><dl class='gallery-item'>\n\t\t\t<dt class='gallery-icon landscape'>\n\t\t\t\t<a href='https:\/\/www.bhakademiker.org\/de\/2025\/10\/21\/wirtschaftstreffen-in-graz-2025\/img_1400_original\/'><img decoding=\"async\" width=\"150\" height=\"150\" src=\"https:\/\/www.bhakademiker.org\/wp-content\/uploads\/2025\/10\/IMG_1400_Original-150x150.jpg\" class=\"attachment-thumbnail size-thumbnail\" alt=\"\" srcset=\"https:\/\/www.bhakademiker.org\/wp-content\/uploads\/2025\/10\/IMG_1400_Original-150x150.jpg 150w, https:\/\/www.bhakademiker.org\/wp-content\/uploads\/2025\/10\/IMG_1400_Original-266x266.jpg 266w, https:\/\/www.bhakademiker.org\/wp-content\/uploads\/2025\/10\/IMG_1400_Original-70x70.jpg 70w, https:\/\/www.bhakademiker.org\/wp-content\/uploads\/2025\/10\/IMG_1400_Original-50x50.jpg 50w\" sizes=\"(max-width: 150px) 100vw, 150px\" \/><\/a>\n\t\t\t<\/dt><\/dl><br style=\"clear: both\" \/><dl class='gallery-item'>\n\t\t\t<dt class='gallery-icon portrait'>\n\t\t\t\t<a href='https:\/\/www.bhakademiker.org\/de\/2025\/10\/21\/wirtschaftstreffen-in-graz-2025\/img_1447_original\/'><img loading=\"lazy\" decoding=\"async\" width=\"150\" height=\"150\" src=\"https:\/\/www.bhakademiker.org\/wp-content\/uploads\/2025\/10\/IMG_1447_Original-150x150.jpg\" class=\"attachment-thumbnail size-thumbnail\" alt=\"\" srcset=\"https:\/\/www.bhakademiker.org\/wp-content\/uploads\/2025\/10\/IMG_1447_Original-150x150.jpg 150w, https:\/\/www.bhakademiker.org\/wp-content\/uploads\/2025\/10\/IMG_1447_Original-266x266.jpg 266w, https:\/\/www.bhakademiker.org\/wp-content\/uploads\/2025\/10\/IMG_1447_Original-70x70.jpg 70w, https:\/\/www.bhakademiker.org\/wp-content\/uploads\/2025\/10\/IMG_1447_Original-50x50.jpg 50w\" sizes=\"(max-width: 150px) 100vw, 150px\" \/><\/a>\n\t\t\t<\/dt><\/dl><dl class='gallery-item'>\n\t\t\t<dt class='gallery-icon landscape'>\n\t\t\t\t<a href='https:\/\/www.bhakademiker.org\/de\/2025\/10\/21\/wirtschaftstreffen-in-graz-2025\/img_1476_original\/'><img loading=\"lazy\" decoding=\"async\" width=\"150\" height=\"150\" src=\"https:\/\/www.bhakademiker.org\/wp-content\/uploads\/2025\/10\/IMG_1476_Original-150x150.jpg\" class=\"attachment-thumbnail size-thumbnail\" alt=\"\" srcset=\"https:\/\/www.bhakademiker.org\/wp-content\/uploads\/2025\/10\/IMG_1476_Original-150x150.jpg 150w, https:\/\/www.bhakademiker.org\/wp-content\/uploads\/2025\/10\/IMG_1476_Original-266x266.jpg 266w, https:\/\/www.bhakademiker.org\/wp-content\/uploads\/2025\/10\/IMG_1476_Original-70x70.jpg 70w, https:\/\/www.bhakademiker.org\/wp-content\/uploads\/2025\/10\/IMG_1476_Original-50x50.jpg 50w\" sizes=\"(max-width: 150px) 100vw, 150px\" \/><\/a>\n\t\t\t<\/dt><\/dl><dl class='gallery-item'>\n\t\t\t<dt class='gallery-icon landscape'>\n\t\t\t\t<a href='https:\/\/www.bhakademiker.org\/de\/2025\/10\/21\/wirtschaftstreffen-in-graz-2025\/img_1488_original\/'><img loading=\"lazy\" decoding=\"async\" width=\"150\" height=\"150\" src=\"https:\/\/www.bhakademiker.org\/wp-content\/uploads\/2025\/10\/IMG_1488_Original-150x150.jpg\" class=\"attachment-thumbnail size-thumbnail\" alt=\"\" srcset=\"https:\/\/www.bhakademiker.org\/wp-content\/uploads\/2025\/10\/IMG_1488_Original-150x150.jpg 150w, https:\/\/www.bhakademiker.org\/wp-content\/uploads\/2025\/10\/IMG_1488_Original-266x266.jpg 266w, https:\/\/www.bhakademiker.org\/wp-content\/uploads\/2025\/10\/IMG_1488_Original-70x70.jpg 70w, https:\/\/www.bhakademiker.org\/wp-content\/uploads\/2025\/10\/IMG_1488_Original-50x50.jpg 50w\" sizes=\"(max-width: 150px) 100vw, 150px\" \/><\/a>\n\t\t\t<\/dt><\/dl><br style=\"clear: both\" \/><dl class='gallery-item'>\n\t\t\t<dt class='gallery-icon landscape'>\n\t\t\t\t<a href='https:\/\/www.bhakademiker.org\/de\/2025\/10\/21\/wirtschaftstreffen-in-graz-2025\/img_1571_original\/'><img loading=\"lazy\" decoding=\"async\" width=\"150\" height=\"150\" src=\"https:\/\/www.bhakademiker.org\/wp-content\/uploads\/2025\/10\/IMG_1571_Original-150x150.jpg\" class=\"attachment-thumbnail size-thumbnail\" alt=\"\" srcset=\"https:\/\/www.bhakademiker.org\/wp-content\/uploads\/2025\/10\/IMG_1571_Original-150x150.jpg 150w, https:\/\/www.bhakademiker.org\/wp-content\/uploads\/2025\/10\/IMG_1571_Original-266x266.jpg 266w, https:\/\/www.bhakademiker.org\/wp-content\/uploads\/2025\/10\/IMG_1571_Original-70x70.jpg 70w, https:\/\/www.bhakademiker.org\/wp-content\/uploads\/2025\/10\/IMG_1571_Original-50x50.jpg 50w\" sizes=\"(max-width: 150px) 100vw, 150px\" \/><\/a>\n\t\t\t<\/dt><\/dl><dl class='gallery-item'>\n\t\t\t<dt class='gallery-icon landscape'>\n\t\t\t\t<a href='https:\/\/www.bhakademiker.org\/de\/2025\/10\/21\/wirtschaftstreffen-in-graz-2025\/img_1585_original\/'><img loading=\"lazy\" decoding=\"async\" width=\"150\" height=\"150\" src=\"https:\/\/www.bhakademiker.org\/wp-content\/uploads\/2025\/10\/IMG_1585_Original-150x150.jpg\" class=\"attachment-thumbnail size-thumbnail\" alt=\"\" srcset=\"https:\/\/www.bhakademiker.org\/wp-content\/uploads\/2025\/10\/IMG_1585_Original-150x150.jpg 150w, https:\/\/www.bhakademiker.org\/wp-content\/uploads\/2025\/10\/IMG_1585_Original-266x266.jpg 266w, https:\/\/www.bhakademiker.org\/wp-content\/uploads\/2025\/10\/IMG_1585_Original-70x70.jpg 70w, https:\/\/www.bhakademiker.org\/wp-content\/uploads\/2025\/10\/IMG_1585_Original-50x50.jpg 50w\" sizes=\"(max-width: 150px) 100vw, 150px\" \/><\/a>\n\t\t\t<\/dt><\/dl><dl class='gallery-item'>\n\t\t\t<dt class='gallery-icon landscape'>\n\t\t\t\t<a href='https:\/\/www.bhakademiker.org\/de\/2025\/10\/21\/wirtschaftstreffen-in-graz-2025\/img_1609_original\/'><img loading=\"lazy\" decoding=\"async\" width=\"150\" height=\"150\" src=\"https:\/\/www.bhakademiker.org\/wp-content\/uploads\/2025\/10\/IMG_1609_Original-150x150.jpg\" class=\"attachment-thumbnail size-thumbnail\" alt=\"\" srcset=\"https:\/\/www.bhakademiker.org\/wp-content\/uploads\/2025\/10\/IMG_1609_Original-150x150.jpg 150w, https:\/\/www.bhakademiker.org\/wp-content\/uploads\/2025\/10\/IMG_1609_Original-266x266.jpg 266w, https:\/\/www.bhakademiker.org\/wp-content\/uploads\/2025\/10\/IMG_1609_Original-70x70.jpg 70w, https:\/\/www.bhakademiker.org\/wp-content\/uploads\/2025\/10\/IMG_1609_Original-50x50.jpg 50w\" sizes=\"(max-width: 150px) 100vw, 150px\" \/><\/a>\n\t\t\t<\/dt><\/dl><br style=\"clear: both\" \/><dl class='gallery-item'>\n\t\t\t<dt class='gallery-icon landscape'>\n\t\t\t\t<a href='https:\/\/www.bhakademiker.org\/de\/2025\/10\/21\/wirtschaftstreffen-in-graz-2025\/img_1887_original\/'><img loading=\"lazy\" decoding=\"async\" width=\"150\" height=\"150\" src=\"https:\/\/www.bhakademiker.org\/wp-content\/uploads\/2025\/10\/IMG_1887_Original-150x150.jpg\" class=\"attachment-thumbnail size-thumbnail\" alt=\"\" srcset=\"https:\/\/www.bhakademiker.org\/wp-content\/uploads\/2025\/10\/IMG_1887_Original-150x150.jpg 150w, https:\/\/www.bhakademiker.org\/wp-content\/uploads\/2025\/10\/IMG_1887_Original-266x266.jpg 266w, https:\/\/www.bhakademiker.org\/wp-content\/uploads\/2025\/10\/IMG_1887_Original-70x70.jpg 70w, https:\/\/www.bhakademiker.org\/wp-content\/uploads\/2025\/10\/IMG_1887_Original-50x50.jpg 50w\" sizes=\"(max-width: 150px) 100vw, 150px\" \/><\/a>\n\t\t\t<\/dt><\/dl><dl class='gallery-item'>\n\t\t\t<dt class='gallery-icon landscape'>\n\t\t\t\t<a href='https:\/\/www.bhakademiker.org\/de\/2025\/10\/21\/wirtschaftstreffen-in-graz-2025\/img_1968_original\/'><img loading=\"lazy\" decoding=\"async\" width=\"150\" height=\"150\" src=\"https:\/\/www.bhakademiker.org\/wp-content\/uploads\/2025\/10\/IMG_1968_Original-150x150.jpg\" class=\"attachment-thumbnail size-thumbnail\" alt=\"\" srcset=\"https:\/\/www.bhakademiker.org\/wp-content\/uploads\/2025\/10\/IMG_1968_Original-150x150.jpg 150w, https:\/\/www.bhakademiker.org\/wp-content\/uploads\/2025\/10\/IMG_1968_Original-266x266.jpg 266w, https:\/\/www.bhakademiker.org\/wp-content\/uploads\/2025\/10\/IMG_1968_Original-70x70.jpg 70w, https:\/\/www.bhakademiker.org\/wp-content\/uploads\/2025\/10\/IMG_1968_Original-50x50.jpg 50w\" sizes=\"(max-width: 150px) 100vw, 150px\" \/><\/a>\n\t\t\t<\/dt><\/dl><dl class='gallery-item'>\n\t\t\t<dt class='gallery-icon landscape'>\n\t\t\t\t<a href='https:\/\/www.bhakademiker.org\/de\/2025\/10\/21\/wirtschaftstreffen-in-graz-2025\/img_1987_original\/'><img loading=\"lazy\" decoding=\"async\" width=\"150\" height=\"150\" src=\"https:\/\/www.bhakademiker.org\/wp-content\/uploads\/2025\/10\/IMG_1987_Original-150x150.jpg\" class=\"attachment-thumbnail size-thumbnail\" alt=\"\" srcset=\"https:\/\/www.bhakademiker.org\/wp-content\/uploads\/2025\/10\/IMG_1987_Original-150x150.jpg 150w, https:\/\/www.bhakademiker.org\/wp-content\/uploads\/2025\/10\/IMG_1987_Original-266x266.jpg 266w, https:\/\/www.bhakademiker.org\/wp-content\/uploads\/2025\/10\/IMG_1987_Original-70x70.jpg 70w, https:\/\/www.bhakademiker.org\/wp-content\/uploads\/2025\/10\/IMG_1987_Original-50x50.jpg 50w\" sizes=\"(max-width: 150px) 100vw, 150px\" \/><\/a>\n\t\t\t<\/dt><\/dl><br style=\"clear: both\" \/><dl class='gallery-item'>\n\t\t\t<dt class='gallery-icon landscape'>\n\t\t\t\t<a href='https:\/\/www.bhakademiker.org\/de\/2025\/10\/21\/wirtschaftstreffen-in-graz-2025\/img_1994_original\/'><img loading=\"lazy\" decoding=\"async\" width=\"150\" height=\"150\" src=\"https:\/\/www.bhakademiker.org\/wp-content\/uploads\/2025\/10\/IMG_1994_Original-150x150.jpg\" class=\"attachment-thumbnail size-thumbnail\" alt=\"\" srcset=\"https:\/\/www.bhakademiker.org\/wp-content\/uploads\/2025\/10\/IMG_1994_Original-150x150.jpg 150w, https:\/\/www.bhakademiker.org\/wp-content\/uploads\/2025\/10\/IMG_1994_Original-266x266.jpg 266w, https:\/\/www.bhakademiker.org\/wp-content\/uploads\/2025\/10\/IMG_1994_Original-70x70.jpg 70w, https:\/\/www.bhakademiker.org\/wp-content\/uploads\/2025\/10\/IMG_1994_Original-50x50.jpg 50w\" sizes=\"(max-width: 150px) 100vw, 150px\" \/><\/a>\n\t\t\t<\/dt><\/dl><dl class='gallery-item'>\n\t\t\t<dt class='gallery-icon portrait'>\n\t\t\t\t<a href='https:\/\/www.bhakademiker.org\/de\/2025\/10\/21\/wirtschaftstreffen-in-graz-2025\/privredni-skup-2\/'><img loading=\"lazy\" decoding=\"async\" width=\"150\" height=\"150\" src=\"https:\/\/www.bhakademiker.org\/wp-content\/uploads\/2025\/10\/Privredni-skup-150x150.jpg\" class=\"attachment-thumbnail size-thumbnail\" alt=\"\" srcset=\"https:\/\/www.bhakademiker.org\/wp-content\/uploads\/2025\/10\/Privredni-skup-150x150.jpg 150w, https:\/\/www.bhakademiker.org\/wp-content\/uploads\/2025\/10\/Privredni-skup-266x266.jpg 266w, https:\/\/www.bhakademiker.org\/wp-content\/uploads\/2025\/10\/Privredni-skup-70x70.jpg 70w, https:\/\/www.bhakademiker.org\/wp-content\/uploads\/2025\/10\/Privredni-skup-50x50.jpg 50w\" sizes=\"(max-width: 150px) 100vw, 150px\" \/><\/a>\n\t\t\t<\/dt><\/dl><dl class='gallery-item'>\n\t\t\t<dt class='gallery-icon landscape'>\n\t\t\t\t<a href='https:\/\/www.bhakademiker.org\/de\/2025\/10\/21\/wirtschaftstreffen-in-graz-2025\/whatsapp-bild-2025-10-19-um-15-37-32_84d0e0a2\/'><img loading=\"lazy\" decoding=\"async\" width=\"150\" height=\"150\" src=\"https:\/\/www.bhakademiker.org\/wp-content\/uploads\/2025\/10\/WhatsApp-Bild-2025-10-19-um-15.37.32_84d0e0a2-150x150.jpg\" class=\"attachment-thumbnail size-thumbnail\" alt=\"\" srcset=\"https:\/\/www.bhakademiker.org\/wp-content\/uploads\/2025\/10\/WhatsApp-Bild-2025-10-19-um-15.37.32_84d0e0a2-150x150.jpg 150w, https:\/\/www.bhakademiker.org\/wp-content\/uploads\/2025\/10\/WhatsApp-Bild-2025-10-19-um-15.37.32_84d0e0a2-266x266.jpg 266w, https:\/\/www.bhakademiker.org\/wp-content\/uploads\/2025\/10\/WhatsApp-Bild-2025-10-19-um-15.37.32_84d0e0a2-70x70.jpg 70w, https:\/\/www.bhakademiker.org\/wp-content\/uploads\/2025\/10\/WhatsApp-Bild-2025-10-19-um-15.37.32_84d0e0a2-50x50.jpg 50w\" sizes=\"(max-width: 150px) 100vw, 150px\" \/><\/a>\n\t\t\t<\/dt><\/dl><br style=\"clear: both\" \/><dl class='gallery-item'>\n\t\t\t<dt class='gallery-icon landscape'>\n\t\t\t\t<a href='https:\/\/www.bhakademiker.org\/de\/2025\/10\/21\/wirtschaftstreffen-in-graz-2025\/whatsapp-image-2025-10-20-at-14-05-39-3\/'><img loading=\"lazy\" decoding=\"async\" width=\"150\" height=\"150\" src=\"https:\/\/www.bhakademiker.org\/wp-content\/uploads\/2025\/10\/WhatsApp-Image-2025-10-20-at-14.05.39-3-150x150.jpeg\" class=\"attachment-thumbnail size-thumbnail\" alt=\"\" srcset=\"https:\/\/www.bhakademiker.org\/wp-content\/uploads\/2025\/10\/WhatsApp-Image-2025-10-20-at-14.05.39-3-150x150.jpeg 150w, https:\/\/www.bhakademiker.org\/wp-content\/uploads\/2025\/10\/WhatsApp-Image-2025-10-20-at-14.05.39-3-266x266.jpeg 266w, https:\/\/www.bhakademiker.org\/wp-content\/uploads\/2025\/10\/WhatsApp-Image-2025-10-20-at-14.05.39-3-70x70.jpeg 70w, https:\/\/www.bhakademiker.org\/wp-content\/uploads\/2025\/10\/WhatsApp-Image-2025-10-20-at-14.05.39-3-50x50.jpeg 50w\" sizes=\"(max-width: 150px) 100vw, 150px\" \/><\/a>\n\t\t\t<\/dt><\/dl>\n\t\t\t<br style='clear: both' \/>\n\t\t<\/div>\n\n<p>&nbsp;<\/p>\n","protected":false},"excerpt":{"rendered":"<p>Wirtschaftstreffen\/Privredni skup &#8211; Graz 2025<\/p>\n","protected":false},"author":1,"featured_media":3998,"comment_status":"closed","ping_status":"closed","sticky":false,"template":"","format":"standard","meta":{"footnotes":""},"categories":[69],"tags":[],"class_list":["post-3997","post","type-post","status-publish","format-standard","has-post-thumbnail","hentry","category-wirtschaft"],"yoast_head":"<!-- This site is optimized with the Yoast SEO plugin v20.3 - https:\/\/yoast.com\/wordpress\/plugins\/seo\/ -->\n<title>Gesellschaft Bosnischer Akademiker - Gesellschaft Bosnischer Akademiker<\/title>\n<meta name=\"description\" content=\"Wirtschaftstreffen\/Privredni skup - Graz 2025\" \/>\n<meta name=\"robots\" content=\"index, follow, max-snippet:-1, max-image-preview:large, max-video-preview:-1\" \/>\n<link rel=\"canonical\" href=\"https:\/\/www.bhakademiker.org\/de\/2025\/10\/21\/wirtschaftstreffen-in-graz-2025\/\" \/>\n<meta property=\"og:locale\" content=\"de_DE\" \/>\n<meta property=\"og:type\" content=\"article\" \/>\n<meta property=\"og:title\" content=\"Wirtschaftstreffen\/Privredni skup - Graz 2025\" \/>\n<meta property=\"og:description\" content=\"Wirtschaftstreffen\/Privredni skup - Graz 2025\" \/>\n<meta property=\"og:url\" content=\"https:\/\/www.bhakademiker.org\/de\/2025\/10\/21\/wirtschaftstreffen-in-graz-2025\/\" \/>\n<meta property=\"og:site_name\" content=\"Gesellschaft Bosnischer Akademiker\" \/>\n<meta property=\"article:published_time\" content=\"2025-10-21T09:05:36+00:00\" \/>\n<meta property=\"article:modified_time\" content=\"2025-10-21T09:44:12+00:00\" \/>\n<meta property=\"og:image\" content=\"https:\/\/www.bhakademiker.org\/wp-content\/uploads\/2025\/10\/3.jpeg\" \/>\n\t<meta property=\"og:image:width\" content=\"1600\" \/>\n\t<meta property=\"og:image:height\" content=\"1069\" \/>\n\t<meta property=\"og:image:type\" content=\"image\/jpeg\" \/>\n<meta name=\"author\" content=\"BanKulin\" \/>\n<meta name=\"twitter:card\" content=\"summary_large_image\" \/>\n<meta name=\"twitter:title\" content=\"Wirtschaftstreffen\/Privredni skup - Graz 2025\" \/>\n<meta name=\"twitter:image\" content=\"https:\/\/www.bhakademiker.org\/wp-content\/uploads\/2025\/10\/3.jpeg\" \/>\n<meta name=\"twitter:label1\" content=\"Verfasst von\" \/>\n\t<meta name=\"twitter:data1\" content=\"BanKulin\" \/>\n\t<meta name=\"twitter:label2\" content=\"Gesch\u00e4tzte Lesezeit\" \/>\n\t<meta name=\"twitter:data2\" content=\"2\u00a0Minuten\" \/>\n<script type=\"application\/ld+json\" class=\"yoast-schema-graph\">{\"@context\":\"https:\/\/schema.org\",\"@graph\":[{\"@type\":\"Article\",\"@id\":\"https:\/\/www.bhakademiker.org\/2025\/10\/21\/wirtschaftstreffen-in-graz-2025\/#article\",\"isPartOf\":{\"@id\":\"https:\/\/www.bhakademiker.org\/2025\/10\/21\/wirtschaftstreffen-in-graz-2025\/\"},\"author\":{\"name\":\"BanKulin\",\"@id\":\"https:\/\/www.bhakademiker.org\/bs\/#\/schema\/person\/eb2bb45ccd10b1a8756ef049efa44da5\"},\"headline\":\"Wirtschaftstreffen in Graz 2025\",\"datePublished\":\"2025-10-21T09:05:36+00:00\",\"dateModified\":\"2025-10-21T09:44:12+00:00\",\"mainEntityOfPage\":{\"@id\":\"https:\/\/www.bhakademiker.org\/2025\/10\/21\/wirtschaftstreffen-in-graz-2025\/\"},\"wordCount\":431,\"publisher\":{\"@id\":\"https:\/\/www.bhakademiker.org\/bs\/#organization\"},\"articleSection\":[\"Wirtschaft\"],\"inLanguage\":\"de\"},{\"@type\":\"WebPage\",\"@id\":\"https:\/\/www.bhakademiker.org\/2025\/10\/21\/wirtschaftstreffen-in-graz-2025\/\",\"url\":\"https:\/\/www.bhakademiker.org\/2025\/10\/21\/wirtschaftstreffen-in-graz-2025\/\",\"name\":\"Gesellschaft Bosnischer Akademiker - Gesellschaft Bosnischer Akademiker\",\"isPartOf\":{\"@id\":\"https:\/\/www.bhakademiker.org\/bs\/#website\"},\"datePublished\":\"2025-10-21T09:05:36+00:00\",\"dateModified\":\"2025-10-21T09:44:12+00:00\",\"description\":\"Wirtschaftstreffen\/Privredni skup - Graz 2025\",\"breadcrumb\":{\"@id\":\"https:\/\/www.bhakademiker.org\/2025\/10\/21\/wirtschaftstreffen-in-graz-2025\/#breadcrumb\"},\"inLanguage\":\"de\",\"potentialAction\":[{\"@type\":\"ReadAction\",\"target\":[\"https:\/\/www.bhakademiker.org\/2025\/10\/21\/wirtschaftstreffen-in-graz-2025\/\"]}]},{\"@type\":\"BreadcrumbList\",\"@id\":\"https:\/\/www.bhakademiker.org\/2025\/10\/21\/wirtschaftstreffen-in-graz-2025\/#breadcrumb\",\"itemListElement\":[{\"@type\":\"ListItem\",\"position\":1,\"name\":\"Home\",\"item\":\"https:\/\/www.bhakademiker.org\/\"},{\"@type\":\"ListItem\",\"position\":2,\"name\":\"Wirtschaftstreffen in Graz 2025\"}]},{\"@type\":\"WebSite\",\"@id\":\"https:\/\/www.bhakademiker.org\/bs\/#website\",\"url\":\"https:\/\/www.bhakademiker.org\/bs\/\",\"name\":\"Gesellschaft Bosnischer Akademiker\",\"description\":\"\",\"publisher\":{\"@id\":\"https:\/\/www.bhakademiker.org\/bs\/#organization\"},\"potentialAction\":[{\"@type\":\"SearchAction\",\"target\":{\"@type\":\"EntryPoint\",\"urlTemplate\":\"https:\/\/www.bhakademiker.org\/bs\/?s={search_term_string}\"},\"query-input\":\"required name=search_term_string\"}],\"inLanguage\":\"de\"},{\"@type\":\"Organization\",\"@id\":\"https:\/\/www.bhakademiker.org\/bs\/#organization\",\"name\":\"Gesellschaft Bosnischer Akademiker in \u00d6sterreich\",\"url\":\"https:\/\/www.bhakademiker.org\/bs\/\",\"logo\":{\"@type\":\"ImageObject\",\"inLanguage\":\"de\",\"@id\":\"https:\/\/www.bhakademiker.org\/bs\/#\/schema\/logo\/image\/\",\"url\":\"https:\/\/www.bhakademiker.org\/wp-content\/uploads\/2022\/01\/featured-GBAA.png\",\"contentUrl\":\"https:\/\/www.bhakademiker.org\/wp-content\/uploads\/2022\/01\/featured-GBAA.png\",\"width\":1200,\"height\":630,\"caption\":\"Gesellschaft Bosnischer Akademiker in \u00d6sterreich\"},\"image\":{\"@id\":\"https:\/\/www.bhakademiker.org\/bs\/#\/schema\/logo\/image\/\"}},{\"@type\":\"Person\",\"@id\":\"https:\/\/www.bhakademiker.org\/bs\/#\/schema\/person\/eb2bb45ccd10b1a8756ef049efa44da5\",\"name\":\"BanKulin\",\"image\":{\"@type\":\"ImageObject\",\"inLanguage\":\"de\",\"@id\":\"https:\/\/www.bhakademiker.org\/bs\/#\/schema\/person\/image\/\",\"url\":\"https:\/\/secure.gravatar.com\/avatar\/c6d58ce317ac29451bb963305865585b0ee61581cac268f7b497945aea17e32c?s=96&d=mm&r=g\",\"contentUrl\":\"https:\/\/secure.gravatar.com\/avatar\/c6d58ce317ac29451bb963305865585b0ee61581cac268f7b497945aea17e32c?s=96&d=mm&r=g\",\"caption\":\"BanKulin\"},\"sameAs\":[\"https:\/\/www.bhakademiker.org\"],\"url\":\"https:\/\/www.bhakademiker.org\/de\/author\/bankulin\/\"}]}<\/script>\n<!-- \/ Yoast SEO plugin. -->","yoast_head_json":{"title":"Gesellschaft Bosnischer Akademiker - Gesellschaft Bosnischer Akademiker","description":"Wirtschaftstreffen\/Privredni skup - Graz 2025","robots":{"index":"index","follow":"follow","max-snippet":"max-snippet:-1","max-image-preview":"max-image-preview:large","max-video-preview":"max-video-preview:-1"},"canonical":"https:\/\/www.bhakademiker.org\/de\/2025\/10\/21\/wirtschaftstreffen-in-graz-2025\/","og_locale":"de_DE","og_type":"article","og_title":"Wirtschaftstreffen\/Privredni skup - Graz 2025","og_description":"Wirtschaftstreffen\/Privredni skup - Graz 2025","og_url":"https:\/\/www.bhakademiker.org\/de\/2025\/10\/21\/wirtschaftstreffen-in-graz-2025\/","og_site_name":"Gesellschaft Bosnischer Akademiker","article_published_time":"2025-10-21T09:05:36+00:00","article_modified_time":"2025-10-21T09:44:12+00:00","og_image":[{"width":1600,"height":1069,"url":"https:\/\/www.bhakademiker.org\/wp-content\/uploads\/2025\/10\/3.jpeg","type":"image\/jpeg"}],"author":"BanKulin","twitter_card":"summary_large_image","twitter_title":"Wirtschaftstreffen\/Privredni skup - Graz 2025","twitter_image":"https:\/\/www.bhakademiker.org\/wp-content\/uploads\/2025\/10\/3.jpeg","twitter_misc":{"Verfasst von":"BanKulin","Gesch\u00e4tzte Lesezeit":"2\u00a0Minuten"},"schema":{"@context":"https:\/\/schema.org","@graph":[{"@type":"Article","@id":"https:\/\/www.bhakademiker.org\/2025\/10\/21\/wirtschaftstreffen-in-graz-2025\/#article","isPartOf":{"@id":"https:\/\/www.bhakademiker.org\/2025\/10\/21\/wirtschaftstreffen-in-graz-2025\/"},"author":{"name":"BanKulin","@id":"https:\/\/www.bhakademiker.org\/bs\/#\/schema\/person\/eb2bb45ccd10b1a8756ef049efa44da5"},"headline":"Wirtschaftstreffen in Graz 2025","datePublished":"2025-10-21T09:05:36+00:00","dateModified":"2025-10-21T09:44:12+00:00","mainEntityOfPage":{"@id":"https:\/\/www.bhakademiker.org\/2025\/10\/21\/wirtschaftstreffen-in-graz-2025\/"},"wordCount":431,"publisher":{"@id":"https:\/\/www.bhakademiker.org\/bs\/#organization"},"articleSection":["Wirtschaft"],"inLanguage":"de"},{"@type":"WebPage","@id":"https:\/\/www.bhakademiker.org\/2025\/10\/21\/wirtschaftstreffen-in-graz-2025\/","url":"https:\/\/www.bhakademiker.org\/2025\/10\/21\/wirtschaftstreffen-in-graz-2025\/","name":"Gesellschaft Bosnischer Akademiker - Gesellschaft Bosnischer Akademiker","isPartOf":{"@id":"https:\/\/www.bhakademiker.org\/bs\/#website"},"datePublished":"2025-10-21T09:05:36+00:00","dateModified":"2025-10-21T09:44:12+00:00","description":"Wirtschaftstreffen\/Privredni skup - Graz 2025","breadcrumb":{"@id":"https:\/\/www.bhakademiker.org\/2025\/10\/21\/wirtschaftstreffen-in-graz-2025\/#breadcrumb"},"inLanguage":"de","potentialAction":[{"@type":"ReadAction","target":["https:\/\/www.bhakademiker.org\/2025\/10\/21\/wirtschaftstreffen-in-graz-2025\/"]}]},{"@type":"BreadcrumbList","@id":"https:\/\/www.bhakademiker.org\/2025\/10\/21\/wirtschaftstreffen-in-graz-2025\/#breadcrumb","itemListElement":[{"@type":"ListItem","position":1,"name":"Home","item":"https:\/\/www.bhakademiker.org\/"},{"@type":"ListItem","position":2,"name":"Wirtschaftstreffen in Graz 2025"}]},{"@type":"WebSite","@id":"https:\/\/www.bhakademiker.org\/bs\/#website","url":"https:\/\/www.bhakademiker.org\/bs\/","name":"Gesellschaft Bosnischer Akademiker","description":"","publisher":{"@id":"https:\/\/www.bhakademiker.org\/bs\/#organization"},"potentialAction":[{"@type":"SearchAction","target":{"@type":"EntryPoint","urlTemplate":"https:\/\/www.bhakademiker.org\/bs\/?s={search_term_string}"},"query-input":"required name=search_term_string"}],"inLanguage":"de"},{"@type":"Organization","@id":"https:\/\/www.bhakademiker.org\/bs\/#organization","name":"Gesellschaft Bosnischer Akademiker in \u00d6sterreich","url":"https:\/\/www.bhakademiker.org\/bs\/","logo":{"@type":"ImageObject","inLanguage":"de","@id":"https:\/\/www.bhakademiker.org\/bs\/#\/schema\/logo\/image\/","url":"https:\/\/www.bhakademiker.org\/wp-content\/uploads\/2022\/01\/featured-GBAA.png","contentUrl":"https:\/\/www.bhakademiker.org\/wp-content\/uploads\/2022\/01\/featured-GBAA.png","width":1200,"height":630,"caption":"Gesellschaft Bosnischer Akademiker in \u00d6sterreich"},"image":{"@id":"https:\/\/www.bhakademiker.org\/bs\/#\/schema\/logo\/image\/"}},{"@type":"Person","@id":"https:\/\/www.bhakademiker.org\/bs\/#\/schema\/person\/eb2bb45ccd10b1a8756ef049efa44da5","name":"BanKulin","image":{"@type":"ImageObject","inLanguage":"de","@id":"https:\/\/www.bhakademiker.org\/bs\/#\/schema\/person\/image\/","url":"https:\/\/secure.gravatar.com\/avatar\/c6d58ce317ac29451bb963305865585b0ee61581cac268f7b497945aea17e32c?s=96&d=mm&r=g","contentUrl":"https:\/\/secure.gravatar.com\/avatar\/c6d58ce317ac29451bb963305865585b0ee61581cac268f7b497945aea17e32c?s=96&d=mm&r=g","caption":"BanKulin"},"sameAs":["https:\/\/www.bhakademiker.org"],"url":"https:\/\/www.bhakademiker.org\/de\/author\/bankulin\/"}]}},"_links":{"self":[{"href":"https:\/\/www.bhakademiker.org\/de\/wp-json\/wp\/v2\/posts\/3997","targetHints":{"allow":["GET"]}}],"collection":[{"href":"https:\/\/www.bhakademiker.org\/de\/wp-json\/wp\/v2\/posts"}],"about":[{"href":"https:\/\/www.bhakademiker.org\/de\/wp-json\/wp\/v2\/types\/post"}],"author":[{"embeddable":true,"href":"https:\/\/www.bhakademiker.org\/de\/wp-json\/wp\/v2\/users\/1"}],"replies":[{"embeddable":true,"href":"https:\/\/www.bhakademiker.org\/de\/wp-json\/wp\/v2\/comments?post=3997"}],"version-history":[{"count":3,"href":"https:\/\/www.bhakademiker.org\/de\/wp-json\/wp\/v2\/posts\/3997\/revisions"}],"predecessor-version":[{"id":4026,"href":"https:\/\/www.bhakademiker.org\/de\/wp-json\/wp\/v2\/posts\/3997\/revisions\/4026"}],"wp:featuredmedia":[{"embeddable":true,"href":"https:\/\/www.bhakademiker.org\/de\/wp-json\/wp\/v2\/media\/3998"}],"wp:attachment":[{"href":"https:\/\/www.bhakademiker.org\/de\/wp-json\/wp\/v2\/media?parent=3997"}],"wp:term":[{"taxonomy":"category","embeddable":true,"href":"https:\/\/www.bhakademiker.org\/de\/wp-json\/wp\/v2\/categories?post=3997"},{"taxonomy":"post_tag","embeddable":true,"href":"https:\/\/www.bhakademiker.org\/de\/wp-json\/wp\/v2\/tags?post=3997"}],"curies":[{"name":"wp","href":"https:\/\/api.w.org\/{rel}","templated":true}]}}