{"id":4094,"date":"2026-03-06T14:01:21","date_gmt":"2026-03-06T13:01:21","guid":{"rendered":"https:\/\/www.bhakademiker.org\/?p=4094"},"modified":"2026-03-08T10:26:16","modified_gmt":"2026-03-08T09:26:16","slug":"bosnien-und-herzegowina-in-der-eu","status":"publish","type":"post","link":"https:\/\/www.bhakademiker.org\/de\/2026\/03\/06\/bosnien-und-herzegowina-in-der-eu\/","title":{"rendered":"Bosnien und Herzegowina in der EU"},"content":{"rendered":"<p>Wien, 27. Februar \u2013 Anl\u00e4sslich des 1. M\u00e4rz, des Unabh\u00e4ngigkeitstages von Bosnien und Herzegowina, fand im \u00f6sterreichischen Parlament eine Konferenz unter dem Titel \u201eBosnien und Herzegowina in der EU\u201c statt. Die Veranstaltung wurde von der Gesellschaft Bosnischer Akademiker in \u00d6sterreich und der \u00d6sterreichisch-Bosnisch-Herzegowinischen Gesellschaft organisiert, mit Unterst\u00fctzung des \u00f6sterreichischen Parlaments.<\/p>\n<p>Auf der Konferenz sprachen zahlreiche hochrangige G\u00e4ste. Seitens \u00d6sterreichs wandten sich Beate Meinl-Reisinger, die \u00f6sterreichische Au\u00dfenministerin, Helmut Brandst\u00e4tter, Mitglied des Europ\u00e4ischen Parlaments, sowie Andreas Minnich, Mitglied des \u00f6sterreichischen Nationalrats, an die Teilnehmer.<\/p>\n<p>F\u00fcr Bosnien und Herzegowina sprachen Elmedin Konakovi\u0107, Au\u00dfenminister von Bosnien und Herzegowina, sowie Danka Savi\u0107, Botschafterin von Bosnien und Herzegowina bei den Vereinten Nationen.<\/p>\n<p>Die bosnische Diaspora wurde durch Siradj Duhan, Pr\u00e4sident der Gesellschaft Bosnischen Akademiker, und Prof. Anis Bajrektarevi\u0107 vertreten.<\/p>\n<p>&nbsp;<\/p>\n<p>Auszug aus der Rede von\u00a0Siradj Duhan:<\/p>\n<p><em><strong>Ein Vorschlag f\u00fcr die Zukunft: Die begleitende Mentorschaft<\/strong><\/em><\/p>\n<p><em>Wir schlagen daher vor, dass ein europ\u00e4ischer Staat \u2013 idealerweise \u00d6sterreich aufgrund seiner historischen Verbundenheit und fr\u00fchen Unterst\u00fctzung \u2013 die Rolle eines Mentors f\u00fcr Bosnien und Herzegowina auf seinem Weg in die Europ\u00e4ische Union \u00fcbernimmt.<\/em><\/p>\n<p><em>Die Grundz\u00fcge dieses Vorschlags sehen wie folgt aus:<\/em><\/p>\n<ul>\n<li><em>Expertenteams aus dem Mentorland und aus Bosnien und Herzegowina erarbeiten gemeinsam die von der EU geforderten Gesetzesgrundlagen und begleiten die Umsetzung der notwendigen Ma\u00dfnahmen.<\/em><\/li>\n<li><em>Diese gemeinsam entwickelten Dokumente durchlaufen anschlie\u00dfend das regul\u00e4re parlamentarische Verfahren in Bosnien und Herzegowina.<\/em><\/li>\n<li><em>F\u00fcr den Fall, dass das Parlament die erarbeiteten Vorschl\u00e4ge nicht zeitgem\u00e4\u00df behandelt oder blockiert, w\u00e4re ein Eingreifen des Hohen Repr\u00e4sentanten vorgesehen, um die Umsetzung zu gew\u00e4hrleisten und den europ\u00e4ischen Kurs nicht zu gef\u00e4hrden.<\/em><\/li>\n<\/ul>\n<p><em>Dabei st\u00fcnden verschiedene demokratische Mittel zur Verf\u00fcgung; das Referendum ist eines davon.<\/em><\/p>\n<p><em>Die Vision ist klar: Ein geeintes und voranschreitendes Bosnien und Herzegowina in der Europ\u00e4ischen Union. Die Grenzen, die heute f\u00fcr viele Menschen, die zwischen Bosnien und der EU pendeln, noch eine H\u00fcrde darstellen, w\u00fcrden an Bedeutung verlieren. Europa braucht diesen Leuchtturm wieder \u2013 ein Bosnien, das an seine Tradition der Offenheit und des freien Geistes ankn\u00fcpft.<\/em><\/p>\n<p><img decoding=\"async\" class=\"alignnone  wp-image-4102\" src=\"https:\/\/www.bhakademiker.org\/wp-content\/uploads\/2026\/03\/06.jpg\" alt=\"\" width=\"209\" height=\"132\" srcset=\"https:\/\/www.bhakademiker.org\/wp-content\/uploads\/2026\/03\/06.jpg 1268w, https:\/\/www.bhakademiker.org\/wp-content\/uploads\/2026\/03\/06-300x190.jpg 300w, https:\/\/www.bhakademiker.org\/wp-content\/uploads\/2026\/03\/06-1024x647.jpg 1024w, https:\/\/www.bhakademiker.org\/wp-content\/uploads\/2026\/03\/06-768x485.jpg 768w, https:\/\/www.bhakademiker.org\/wp-content\/uploads\/2026\/03\/06-18x12.jpg 18w\" sizes=\"(max-width: 209px) 100vw, 209px\" \/>\u00a0<img decoding=\"async\" class=\"alignnone  wp-image-4114\" src=\"https:\/\/www.bhakademiker.org\/wp-content\/uploads\/2026\/03\/A7_0001-1.jpg\" alt=\"\" width=\"179\" height=\"134\" srcset=\"https:\/\/www.bhakademiker.org\/wp-content\/uploads\/2026\/03\/A7_0001-1.jpg 1000w, https:\/\/www.bhakademiker.org\/wp-content\/uploads\/2026\/03\/A7_0001-1-300x225.jpg 300w, https:\/\/www.bhakademiker.org\/wp-content\/uploads\/2026\/03\/A7_0001-1-768x576.jpg 768w, https:\/\/www.bhakademiker.org\/wp-content\/uploads\/2026\/03\/A7_0001-1-16x12.jpg 16w\" sizes=\"(max-width: 179px) 100vw, 179px\" \/>\u00a0\u00a0<img decoding=\"async\" class=\"alignnone  wp-image-4122\" src=\"https:\/\/www.bhakademiker.org\/wp-content\/uploads\/2026\/03\/A7_0069-1.jpg\" alt=\"\" width=\"177\" height=\"133\" srcset=\"https:\/\/www.bhakademiker.org\/wp-content\/uploads\/2026\/03\/A7_0069-1.jpg 1000w, https:\/\/www.bhakademiker.org\/wp-content\/uploads\/2026\/03\/A7_0069-1-300x225.jpg 300w, https:\/\/www.bhakademiker.org\/wp-content\/uploads\/2026\/03\/A7_0069-1-768x576.jpg 768w, https:\/\/www.bhakademiker.org\/wp-content\/uploads\/2026\/03\/A7_0069-1-16x12.jpg 16w\" sizes=\"(max-width: 177px) 100vw, 177px\" \/><img loading=\"lazy\" decoding=\"async\" class=\"alignnone  wp-image-4118\" src=\"https:\/\/www.bhakademiker.org\/wp-content\/uploads\/2026\/03\/A7_0100.jpg\" alt=\"\" width=\"184\" height=\"138\" srcset=\"https:\/\/www.bhakademiker.org\/wp-content\/uploads\/2026\/03\/A7_0100.jpg 1000w, https:\/\/www.bhakademiker.org\/wp-content\/uploads\/2026\/03\/A7_0100-300x225.jpg 300w, https:\/\/www.bhakademiker.org\/wp-content\/uploads\/2026\/03\/A7_0100-768x576.jpg 768w, https:\/\/www.bhakademiker.org\/wp-content\/uploads\/2026\/03\/A7_0100-16x12.jpg 16w\" sizes=\"(max-width: 184px) 100vw, 184px\" \/> <img loading=\"lazy\" decoding=\"async\" class=\"alignnone  wp-image-4119\" src=\"https:\/\/www.bhakademiker.org\/wp-content\/uploads\/2026\/03\/A7_0148.jpg\" alt=\"\" width=\"184\" height=\"138\" srcset=\"https:\/\/www.bhakademiker.org\/wp-content\/uploads\/2026\/03\/A7_0148.jpg 1000w, https:\/\/www.bhakademiker.org\/wp-content\/uploads\/2026\/03\/A7_0148-300x225.jpg 300w, https:\/\/www.bhakademiker.org\/wp-content\/uploads\/2026\/03\/A7_0148-768x576.jpg 768w, https:\/\/www.bhakademiker.org\/wp-content\/uploads\/2026\/03\/A7_0148-16x12.jpg 16w\" sizes=\"(max-width: 184px) 100vw, 184px\" \/>\u00a0\u00a0<img loading=\"lazy\" decoding=\"async\" class=\"alignnone  wp-image-4103\" src=\"https:\/\/www.bhakademiker.org\/wp-content\/uploads\/2026\/03\/07.jpg\" alt=\"\" width=\"244\" height=\"137\" srcset=\"https:\/\/www.bhakademiker.org\/wp-content\/uploads\/2026\/03\/07.jpg 1211w, https:\/\/www.bhakademiker.org\/wp-content\/uploads\/2026\/03\/07-300x168.jpg 300w, https:\/\/www.bhakademiker.org\/wp-content\/uploads\/2026\/03\/07-1024x575.jpg 1024w, https:\/\/www.bhakademiker.org\/wp-content\/uploads\/2026\/03\/07-768x431.jpg 768w, https:\/\/www.bhakademiker.org\/wp-content\/uploads\/2026\/03\/07-18x10.jpg 18w, https:\/\/www.bhakademiker.org\/wp-content\/uploads\/2026\/03\/07-847x477.jpg 847w\" sizes=\"(max-width: 244px) 100vw, 244px\" \/><\/p>\n<p><img loading=\"lazy\" decoding=\"async\" class=\"alignnone  wp-image-4097\" src=\"https:\/\/www.bhakademiker.org\/wp-content\/uploads\/2026\/03\/02-2.jpeg\" alt=\"\" width=\"367\" height=\"179\" srcset=\"https:\/\/www.bhakademiker.org\/wp-content\/uploads\/2026\/03\/02-2.jpeg 2000w, https:\/\/www.bhakademiker.org\/wp-content\/uploads\/2026\/03\/02-2-300x146.jpeg 300w, https:\/\/www.bhakademiker.org\/wp-content\/uploads\/2026\/03\/02-2-1024x499.jpeg 1024w, https:\/\/www.bhakademiker.org\/wp-content\/uploads\/2026\/03\/02-2-768x374.jpeg 768w, https:\/\/www.bhakademiker.org\/wp-content\/uploads\/2026\/03\/02-2-1536x748.jpeg 1536w, https:\/\/www.bhakademiker.org\/wp-content\/uploads\/2026\/03\/02-2-18x9.jpeg 18w\" sizes=\"(max-width: 367px) 100vw, 367px\" \/> <img loading=\"lazy\" decoding=\"async\" class=\"alignnone  wp-image-4096\" src=\"https:\/\/www.bhakademiker.org\/wp-content\/uploads\/2026\/03\/01.jpeg\" alt=\"\" width=\"240\" height=\"180\" srcset=\"https:\/\/www.bhakademiker.org\/wp-content\/uploads\/2026\/03\/01.jpeg 2000w, https:\/\/www.bhakademiker.org\/wp-content\/uploads\/2026\/03\/01-300x225.jpeg 300w, https:\/\/www.bhakademiker.org\/wp-content\/uploads\/2026\/03\/01-1024x768.jpeg 1024w, https:\/\/www.bhakademiker.org\/wp-content\/uploads\/2026\/03\/01-768x576.jpeg 768w, https:\/\/www.bhakademiker.org\/wp-content\/uploads\/2026\/03\/01-1536x1152.jpeg 1536w, https:\/\/www.bhakademiker.org\/wp-content\/uploads\/2026\/03\/01-16x12.jpeg 16w\" sizes=\"(max-width: 240px) 100vw, 240px\" \/><img loading=\"lazy\" decoding=\"async\" class=\"alignnone  wp-image-4098\" src=\"https:\/\/www.bhakademiker.org\/wp-content\/uploads\/2026\/03\/03.jpeg\" alt=\"\" width=\"246\" height=\"184\" srcset=\"https:\/\/www.bhakademiker.org\/wp-content\/uploads\/2026\/03\/03.jpeg 2000w, https:\/\/www.bhakademiker.org\/wp-content\/uploads\/2026\/03\/03-300x225.jpeg 300w, https:\/\/www.bhakademiker.org\/wp-content\/uploads\/2026\/03\/03-1024x768.jpeg 1024w, https:\/\/www.bhakademiker.org\/wp-content\/uploads\/2026\/03\/03-768x576.jpeg 768w, https:\/\/www.bhakademiker.org\/wp-content\/uploads\/2026\/03\/03-1536x1152.jpeg 1536w, https:\/\/www.bhakademiker.org\/wp-content\/uploads\/2026\/03\/03-16x12.jpeg 16w\" sizes=\"(max-width: 246px) 100vw, 246px\" \/> <img loading=\"lazy\" decoding=\"async\" class=\"alignnone  wp-image-4099\" src=\"https:\/\/www.bhakademiker.org\/wp-content\/uploads\/2026\/03\/04.jpeg\" alt=\"\" width=\"247\" height=\"185\" srcset=\"https:\/\/www.bhakademiker.org\/wp-content\/uploads\/2026\/03\/04.jpeg 1600w, https:\/\/www.bhakademiker.org\/wp-content\/uploads\/2026\/03\/04-300x225.jpeg 300w, https:\/\/www.bhakademiker.org\/wp-content\/uploads\/2026\/03\/04-1024x768.jpeg 1024w, https:\/\/www.bhakademiker.org\/wp-content\/uploads\/2026\/03\/04-768x576.jpeg 768w, https:\/\/www.bhakademiker.org\/wp-content\/uploads\/2026\/03\/04-1536x1152.jpeg 1536w, https:\/\/www.bhakademiker.org\/wp-content\/uploads\/2026\/03\/04-16x12.jpeg 16w\" sizes=\"(max-width: 247px) 100vw, 247px\" \/><img loading=\"lazy\" decoding=\"async\" class=\"alignnone  wp-image-4100\" src=\"https:\/\/www.bhakademiker.org\/wp-content\/uploads\/2026\/03\/05.jpeg\" alt=\"\" width=\"367\" height=\"170\" srcset=\"https:\/\/www.bhakademiker.org\/wp-content\/uploads\/2026\/03\/05.jpeg 2048w, https:\/\/www.bhakademiker.org\/wp-content\/uploads\/2026\/03\/05-300x139.jpeg 300w, https:\/\/www.bhakademiker.org\/wp-content\/uploads\/2026\/03\/05-1024x474.jpeg 1024w, https:\/\/www.bhakademiker.org\/wp-content\/uploads\/2026\/03\/05-768x355.jpeg 768w, https:\/\/www.bhakademiker.org\/wp-content\/uploads\/2026\/03\/05-1536x710.jpeg 1536w, https:\/\/www.bhakademiker.org\/wp-content\/uploads\/2026\/03\/05-18x8.jpeg 18w\" sizes=\"(max-width: 367px) 100vw, 367px\" \/><\/p>\n<p><img loading=\"lazy\" decoding=\"async\" class=\"alignnone  wp-image-4115\" src=\"https:\/\/www.bhakademiker.org\/wp-content\/uploads\/2026\/03\/A7_0082.jpg\" alt=\"\" width=\"180\" height=\"135\" srcset=\"https:\/\/www.bhakademiker.org\/wp-content\/uploads\/2026\/03\/A7_0082.jpg 1000w, https:\/\/www.bhakademiker.org\/wp-content\/uploads\/2026\/03\/A7_0082-300x225.jpg 300w, https:\/\/www.bhakademiker.org\/wp-content\/uploads\/2026\/03\/A7_0082-768x576.jpg 768w, https:\/\/www.bhakademiker.org\/wp-content\/uploads\/2026\/03\/A7_0082-16x12.jpg 16w\" sizes=\"(max-width: 180px) 100vw, 180px\" \/> <img loading=\"lazy\" decoding=\"async\" class=\"alignnone  wp-image-4116\" src=\"https:\/\/www.bhakademiker.org\/wp-content\/uploads\/2026\/03\/A7_0091.jpg\" alt=\"\" width=\"179\" height=\"135\" srcset=\"https:\/\/www.bhakademiker.org\/wp-content\/uploads\/2026\/03\/A7_0091.jpg 1000w, https:\/\/www.bhakademiker.org\/wp-content\/uploads\/2026\/03\/A7_0091-300x225.jpg 300w, https:\/\/www.bhakademiker.org\/wp-content\/uploads\/2026\/03\/A7_0091-768x576.jpg 768w, https:\/\/www.bhakademiker.org\/wp-content\/uploads\/2026\/03\/A7_0091-16x12.jpg 16w\" sizes=\"(max-width: 179px) 100vw, 179px\" \/> <img loading=\"lazy\" decoding=\"async\" class=\"alignnone  wp-image-4117\" src=\"https:\/\/www.bhakademiker.org\/wp-content\/uploads\/2026\/03\/A7_0093.jpg\" alt=\"\" width=\"181\" height=\"136\" srcset=\"https:\/\/www.bhakademiker.org\/wp-content\/uploads\/2026\/03\/A7_0093.jpg 1000w, https:\/\/www.bhakademiker.org\/wp-content\/uploads\/2026\/03\/A7_0093-300x225.jpg 300w, https:\/\/www.bhakademiker.org\/wp-content\/uploads\/2026\/03\/A7_0093-768x576.jpg 768w, https:\/\/www.bhakademiker.org\/wp-content\/uploads\/2026\/03\/A7_0093-16x12.jpg 16w\" sizes=\"(max-width: 181px) 100vw, 181px\" \/><\/p>\n","protected":false},"excerpt":{"rendered":"<p>Wien, 27. Februar \u2013 Anl\u00e4sslich des 1. M\u00e4rz, des Unabh\u00e4ngigkeitstages von Bosnien und Herzegowina, fand im \u00f6sterreichischen Parlament eine Konferenz unter dem Titel \u201eBosnien und Herzegowina in der EU\u201c statt. Die Veranstaltung wurde von der Gesellschaft Bosnischer Akademiker in \u00d6sterreich und der \u00d6sterreichisch-Bosnisch-Herzegowinischen Gesellschaft organisiert, mit Unterst\u00fctzung des \u00f6sterreichischen Parlaments. Auf der Konferenz sprachen zahlreiche hochrangige G\u00e4ste. Seitens \u00d6sterreichs wandten sich Beate Meinl-Reisinger, die \u00f6sterreichische Au\u00dfenministerin, Helmut Brandst\u00e4tter, Mitglied des Europ\u00e4ischen Parlaments, sowie Andreas Minnich, Mitglied des \u00f6sterreichischen Nationalrats, an die Teilnehmer. F\u00fcr Bosnien und Herzegowina sprachen Elmedin Konakovi\u0107, Au\u00dfenminister von Bosnien und Herzegowina, sowie Danka Savi\u0107, Botschafterin von Bosnien&#8230;<\/p>\n","protected":false},"author":1,"featured_media":4095,"comment_status":"open","ping_status":"open","sticky":false,"template":"","format":"standard","meta":{"footnotes":""},"categories":[72],"tags":[],"class_list":["post-4094","post","type-post","status-publish","format-standard","has-post-thumbnail","hentry","category-bada"],"yoast_head":"<!-- This site is optimized with the Yoast SEO plugin v20.3 - https:\/\/yoast.com\/wordpress\/plugins\/seo\/ -->\n<title>Bosnien und Herzegowina in der EU - Gesellschaft Bosnischer Akademiker<\/title>\n<meta name=\"robots\" content=\"index, follow, max-snippet:-1, max-image-preview:large, max-video-preview:-1\" \/>\n<link rel=\"canonical\" href=\"https:\/\/www.bhakademiker.org\/de\/2026\/03\/06\/bosnien-und-herzegowina-in-der-eu\/\" \/>\n<meta property=\"og:locale\" content=\"de_DE\" \/>\n<meta property=\"og:type\" content=\"article\" \/>\n<meta property=\"og:title\" content=\"Bosnien und Herzegowina in der EU - Gesellschaft Bosnischer Akademiker\" \/>\n<meta property=\"og:description\" content=\"Wien, 27. Februar \u2013 Anl\u00e4sslich des 1. M\u00e4rz, des Unabh\u00e4ngigkeitstages von Bosnien und Herzegowina, fand im \u00f6sterreichischen Parlament eine Konferenz unter dem Titel \u201eBosnien und Herzegowina in der EU\u201c statt. Die Veranstaltung wurde von der Gesellschaft Bosnischer Akademiker in \u00d6sterreich und der \u00d6sterreichisch-Bosnisch-Herzegowinischen Gesellschaft organisiert, mit Unterst\u00fctzung des \u00f6sterreichischen Parlaments. Auf der Konferenz sprachen zahlreiche hochrangige G\u00e4ste. Seitens \u00d6sterreichs wandten sich Beate Meinl-Reisinger, die \u00f6sterreichische Au\u00dfenministerin, Helmut Brandst\u00e4tter, Mitglied des Europ\u00e4ischen Parlaments, sowie Andreas Minnich, Mitglied des \u00f6sterreichischen Nationalrats, an die Teilnehmer. F\u00fcr Bosnien und Herzegowina sprachen Elmedin Konakovi\u0107, Au\u00dfenminister von Bosnien und Herzegowina, sowie Danka Savi\u0107, Botschafterin von Bosnien...\" \/>\n<meta property=\"og:url\" content=\"https:\/\/www.bhakademiker.org\/de\/2026\/03\/06\/bosnien-und-herzegowina-in-der-eu\/\" \/>\n<meta property=\"og:site_name\" content=\"Gesellschaft Bosnischer Akademiker\" \/>\n<meta property=\"article:published_time\" content=\"2026-03-06T13:01:21+00:00\" \/>\n<meta property=\"article:modified_time\" content=\"2026-03-08T09:26:16+00:00\" \/>\n<meta property=\"og:image\" content=\"https:\/\/www.bhakademiker.org\/wp-content\/uploads\/2026\/03\/Plakat-web.jpg\" \/>\n\t<meta property=\"og:image:width\" content=\"720\" \/>\n\t<meta property=\"og:image:height\" content=\"405\" \/>\n\t<meta property=\"og:image:type\" content=\"image\/jpeg\" \/>\n<meta name=\"author\" content=\"BanKulin\" \/>\n<meta name=\"twitter:card\" content=\"summary_large_image\" \/>\n<meta name=\"twitter:label1\" content=\"Verfasst von\" \/>\n\t<meta name=\"twitter:data1\" content=\"BanKulin\" \/>\n\t<meta name=\"twitter:label2\" content=\"Gesch\u00e4tzte Lesezeit\" \/>\n\t<meta name=\"twitter:data2\" content=\"5\u00a0Minuten\" \/>\n<script type=\"application\/ld+json\" class=\"yoast-schema-graph\">{\"@context\":\"https:\/\/schema.org\",\"@graph\":[{\"@type\":\"Article\",\"@id\":\"https:\/\/www.bhakademiker.org\/2026\/03\/06\/bosnien-und-herzegowina-in-der-eu\/#article\",\"isPartOf\":{\"@id\":\"https:\/\/www.bhakademiker.org\/2026\/03\/06\/bosnien-und-herzegowina-in-der-eu\/\"},\"author\":{\"name\":\"BanKulin\",\"@id\":\"https:\/\/www.bhakademiker.org\/bs\/#\/schema\/person\/eb2bb45ccd10b1a8756ef049efa44da5\"},\"headline\":\"Bosnien und Herzegowina in der EU\",\"datePublished\":\"2026-03-06T13:01:21+00:00\",\"dateModified\":\"2026-03-08T09:26:16+00:00\",\"mainEntityOfPage\":{\"@id\":\"https:\/\/www.bhakademiker.org\/2026\/03\/06\/bosnien-und-herzegowina-in-der-eu\/\"},\"wordCount\":356,\"commentCount\":0,\"publisher\":{\"@id\":\"https:\/\/www.bhakademiker.org\/bs\/#organization\"},\"articleSection\":[\"BADA\"],\"inLanguage\":\"de\",\"potentialAction\":[{\"@type\":\"CommentAction\",\"name\":\"Comment\",\"target\":[\"https:\/\/www.bhakademiker.org\/2026\/03\/06\/bosnien-und-herzegowina-in-der-eu\/#respond\"]}]},{\"@type\":\"WebPage\",\"@id\":\"https:\/\/www.bhakademiker.org\/2026\/03\/06\/bosnien-und-herzegowina-in-der-eu\/\",\"url\":\"https:\/\/www.bhakademiker.org\/2026\/03\/06\/bosnien-und-herzegowina-in-der-eu\/\",\"name\":\"Bosnien und Herzegowina in der EU - Gesellschaft Bosnischer Akademiker\",\"isPartOf\":{\"@id\":\"https:\/\/www.bhakademiker.org\/bs\/#website\"},\"datePublished\":\"2026-03-06T13:01:21+00:00\",\"dateModified\":\"2026-03-08T09:26:16+00:00\",\"breadcrumb\":{\"@id\":\"https:\/\/www.bhakademiker.org\/2026\/03\/06\/bosnien-und-herzegowina-in-der-eu\/#breadcrumb\"},\"inLanguage\":\"de\",\"potentialAction\":[{\"@type\":\"ReadAction\",\"target\":[\"https:\/\/www.bhakademiker.org\/2026\/03\/06\/bosnien-und-herzegowina-in-der-eu\/\"]}]},{\"@type\":\"BreadcrumbList\",\"@id\":\"https:\/\/www.bhakademiker.org\/2026\/03\/06\/bosnien-und-herzegowina-in-der-eu\/#breadcrumb\",\"itemListElement\":[{\"@type\":\"ListItem\",\"position\":1,\"name\":\"Home\",\"item\":\"https:\/\/www.bhakademiker.org\/\"},{\"@type\":\"ListItem\",\"position\":2,\"name\":\"Bosnien und Herzegowina in der EU\"}]},{\"@type\":\"WebSite\",\"@id\":\"https:\/\/www.bhakademiker.org\/bs\/#website\",\"url\":\"https:\/\/www.bhakademiker.org\/bs\/\",\"name\":\"Gesellschaft Bosnischer Akademiker\",\"description\":\"\",\"publisher\":{\"@id\":\"https:\/\/www.bhakademiker.org\/bs\/#organization\"},\"potentialAction\":[{\"@type\":\"SearchAction\",\"target\":{\"@type\":\"EntryPoint\",\"urlTemplate\":\"https:\/\/www.bhakademiker.org\/bs\/?s={search_term_string}\"},\"query-input\":\"required name=search_term_string\"}],\"inLanguage\":\"de\"},{\"@type\":\"Organization\",\"@id\":\"https:\/\/www.bhakademiker.org\/bs\/#organization\",\"name\":\"Gesellschaft Bosnischer Akademiker in \u00d6sterreich\",\"url\":\"https:\/\/www.bhakademiker.org\/bs\/\",\"logo\":{\"@type\":\"ImageObject\",\"inLanguage\":\"de\",\"@id\":\"https:\/\/www.bhakademiker.org\/bs\/#\/schema\/logo\/image\/\",\"url\":\"https:\/\/www.bhakademiker.org\/wp-content\/uploads\/2022\/01\/featured-GBAA.png\",\"contentUrl\":\"https:\/\/www.bhakademiker.org\/wp-content\/uploads\/2022\/01\/featured-GBAA.png\",\"width\":1200,\"height\":630,\"caption\":\"Gesellschaft Bosnischer Akademiker in \u00d6sterreich\"},\"image\":{\"@id\":\"https:\/\/www.bhakademiker.org\/bs\/#\/schema\/logo\/image\/\"}},{\"@type\":\"Person\",\"@id\":\"https:\/\/www.bhakademiker.org\/bs\/#\/schema\/person\/eb2bb45ccd10b1a8756ef049efa44da5\",\"name\":\"BanKulin\",\"image\":{\"@type\":\"ImageObject\",\"inLanguage\":\"de\",\"@id\":\"https:\/\/www.bhakademiker.org\/bs\/#\/schema\/person\/image\/\",\"url\":\"https:\/\/secure.gravatar.com\/avatar\/c6d58ce317ac29451bb963305865585b0ee61581cac268f7b497945aea17e32c?s=96&d=mm&r=g\",\"contentUrl\":\"https:\/\/secure.gravatar.com\/avatar\/c6d58ce317ac29451bb963305865585b0ee61581cac268f7b497945aea17e32c?s=96&d=mm&r=g\",\"caption\":\"BanKulin\"},\"sameAs\":[\"https:\/\/www.bhakademiker.org\"],\"url\":\"https:\/\/www.bhakademiker.org\/de\/author\/bankulin\/\"}]}<\/script>\n<!-- \/ Yoast SEO plugin. -->","yoast_head_json":{"title":"Bosnien und Herzegowina in der EU - Gesellschaft Bosnischer Akademiker","robots":{"index":"index","follow":"follow","max-snippet":"max-snippet:-1","max-image-preview":"max-image-preview:large","max-video-preview":"max-video-preview:-1"},"canonical":"https:\/\/www.bhakademiker.org\/de\/2026\/03\/06\/bosnien-und-herzegowina-in-der-eu\/","og_locale":"de_DE","og_type":"article","og_title":"Bosnien und Herzegowina in der EU - Gesellschaft Bosnischer Akademiker","og_description":"Wien, 27. Februar \u2013 Anl\u00e4sslich des 1. M\u00e4rz, des Unabh\u00e4ngigkeitstages von Bosnien und Herzegowina, fand im \u00f6sterreichischen Parlament eine Konferenz unter dem Titel \u201eBosnien und Herzegowina in der EU\u201c statt. Die Veranstaltung wurde von der Gesellschaft Bosnischer Akademiker in \u00d6sterreich und der \u00d6sterreichisch-Bosnisch-Herzegowinischen Gesellschaft organisiert, mit Unterst\u00fctzung des \u00f6sterreichischen Parlaments. Auf der Konferenz sprachen zahlreiche hochrangige G\u00e4ste. Seitens \u00d6sterreichs wandten sich Beate Meinl-Reisinger, die \u00f6sterreichische Au\u00dfenministerin, Helmut Brandst\u00e4tter, Mitglied des Europ\u00e4ischen Parlaments, sowie Andreas Minnich, Mitglied des \u00f6sterreichischen Nationalrats, an die Teilnehmer. F\u00fcr Bosnien und Herzegowina sprachen Elmedin Konakovi\u0107, Au\u00dfenminister von Bosnien und Herzegowina, sowie Danka Savi\u0107, Botschafterin von Bosnien...","og_url":"https:\/\/www.bhakademiker.org\/de\/2026\/03\/06\/bosnien-und-herzegowina-in-der-eu\/","og_site_name":"Gesellschaft Bosnischer Akademiker","article_published_time":"2026-03-06T13:01:21+00:00","article_modified_time":"2026-03-08T09:26:16+00:00","og_image":[{"width":720,"height":405,"url":"https:\/\/www.bhakademiker.org\/wp-content\/uploads\/2026\/03\/Plakat-web.jpg","type":"image\/jpeg"}],"author":"BanKulin","twitter_card":"summary_large_image","twitter_misc":{"Verfasst von":"BanKulin","Gesch\u00e4tzte Lesezeit":"5\u00a0Minuten"},"schema":{"@context":"https:\/\/schema.org","@graph":[{"@type":"Article","@id":"https:\/\/www.bhakademiker.org\/2026\/03\/06\/bosnien-und-herzegowina-in-der-eu\/#article","isPartOf":{"@id":"https:\/\/www.bhakademiker.org\/2026\/03\/06\/bosnien-und-herzegowina-in-der-eu\/"},"author":{"name":"BanKulin","@id":"https:\/\/www.bhakademiker.org\/bs\/#\/schema\/person\/eb2bb45ccd10b1a8756ef049efa44da5"},"headline":"Bosnien und Herzegowina in der EU","datePublished":"2026-03-06T13:01:21+00:00","dateModified":"2026-03-08T09:26:16+00:00","mainEntityOfPage":{"@id":"https:\/\/www.bhakademiker.org\/2026\/03\/06\/bosnien-und-herzegowina-in-der-eu\/"},"wordCount":356,"commentCount":0,"publisher":{"@id":"https:\/\/www.bhakademiker.org\/bs\/#organization"},"articleSection":["BADA"],"inLanguage":"de","potentialAction":[{"@type":"CommentAction","name":"Comment","target":["https:\/\/www.bhakademiker.org\/2026\/03\/06\/bosnien-und-herzegowina-in-der-eu\/#respond"]}]},{"@type":"WebPage","@id":"https:\/\/www.bhakademiker.org\/2026\/03\/06\/bosnien-und-herzegowina-in-der-eu\/","url":"https:\/\/www.bhakademiker.org\/2026\/03\/06\/bosnien-und-herzegowina-in-der-eu\/","name":"Bosnien und Herzegowina in der EU - Gesellschaft Bosnischer Akademiker","isPartOf":{"@id":"https:\/\/www.bhakademiker.org\/bs\/#website"},"datePublished":"2026-03-06T13:01:21+00:00","dateModified":"2026-03-08T09:26:16+00:00","breadcrumb":{"@id":"https:\/\/www.bhakademiker.org\/2026\/03\/06\/bosnien-und-herzegowina-in-der-eu\/#breadcrumb"},"inLanguage":"de","potentialAction":[{"@type":"ReadAction","target":["https:\/\/www.bhakademiker.org\/2026\/03\/06\/bosnien-und-herzegowina-in-der-eu\/"]}]},{"@type":"BreadcrumbList","@id":"https:\/\/www.bhakademiker.org\/2026\/03\/06\/bosnien-und-herzegowina-in-der-eu\/#breadcrumb","itemListElement":[{"@type":"ListItem","position":1,"name":"Home","item":"https:\/\/www.bhakademiker.org\/"},{"@type":"ListItem","position":2,"name":"Bosnien und Herzegowina in der EU"}]},{"@type":"WebSite","@id":"https:\/\/www.bhakademiker.org\/bs\/#website","url":"https:\/\/www.bhakademiker.org\/bs\/","name":"Gesellschaft Bosnischer Akademiker","description":"","publisher":{"@id":"https:\/\/www.bhakademiker.org\/bs\/#organization"},"potentialAction":[{"@type":"SearchAction","target":{"@type":"EntryPoint","urlTemplate":"https:\/\/www.bhakademiker.org\/bs\/?s={search_term_string}"},"query-input":"required name=search_term_string"}],"inLanguage":"de"},{"@type":"Organization","@id":"https:\/\/www.bhakademiker.org\/bs\/#organization","name":"Gesellschaft Bosnischer Akademiker in \u00d6sterreich","url":"https:\/\/www.bhakademiker.org\/bs\/","logo":{"@type":"ImageObject","inLanguage":"de","@id":"https:\/\/www.bhakademiker.org\/bs\/#\/schema\/logo\/image\/","url":"https:\/\/www.bhakademiker.org\/wp-content\/uploads\/2022\/01\/featured-GBAA.png","contentUrl":"https:\/\/www.bhakademiker.org\/wp-content\/uploads\/2022\/01\/featured-GBAA.png","width":1200,"height":630,"caption":"Gesellschaft Bosnischer Akademiker in \u00d6sterreich"},"image":{"@id":"https:\/\/www.bhakademiker.org\/bs\/#\/schema\/logo\/image\/"}},{"@type":"Person","@id":"https:\/\/www.bhakademiker.org\/bs\/#\/schema\/person\/eb2bb45ccd10b1a8756ef049efa44da5","name":"BanKulin","image":{"@type":"ImageObject","inLanguage":"de","@id":"https:\/\/www.bhakademiker.org\/bs\/#\/schema\/person\/image\/","url":"https:\/\/secure.gravatar.com\/avatar\/c6d58ce317ac29451bb963305865585b0ee61581cac268f7b497945aea17e32c?s=96&d=mm&r=g","contentUrl":"https:\/\/secure.gravatar.com\/avatar\/c6d58ce317ac29451bb963305865585b0ee61581cac268f7b497945aea17e32c?s=96&d=mm&r=g","caption":"BanKulin"},"sameAs":["https:\/\/www.bhakademiker.org"],"url":"https:\/\/www.bhakademiker.org\/de\/author\/bankulin\/"}]}},"_links":{"self":[{"href":"https:\/\/www.bhakademiker.org\/de\/wp-json\/wp\/v2\/posts\/4094","targetHints":{"allow":["GET"]}}],"collection":[{"href":"https:\/\/www.bhakademiker.org\/de\/wp-json\/wp\/v2\/posts"}],"about":[{"href":"https:\/\/www.bhakademiker.org\/de\/wp-json\/wp\/v2\/types\/post"}],"author":[{"embeddable":true,"href":"https:\/\/www.bhakademiker.org\/de\/wp-json\/wp\/v2\/users\/1"}],"replies":[{"embeddable":true,"href":"https:\/\/www.bhakademiker.org\/de\/wp-json\/wp\/v2\/comments?post=4094"}],"version-history":[{"count":4,"href":"https:\/\/www.bhakademiker.org\/de\/wp-json\/wp\/v2\/posts\/4094\/revisions"}],"predecessor-version":[{"id":4123,"href":"https:\/\/www.bhakademiker.org\/de\/wp-json\/wp\/v2\/posts\/4094\/revisions\/4123"}],"wp:featuredmedia":[{"embeddable":true,"href":"https:\/\/www.bhakademiker.org\/de\/wp-json\/wp\/v2\/media\/4095"}],"wp:attachment":[{"href":"https:\/\/www.bhakademiker.org\/de\/wp-json\/wp\/v2\/media?parent=4094"}],"wp:term":[{"taxonomy":"category","embeddable":true,"href":"https:\/\/www.bhakademiker.org\/de\/wp-json\/wp\/v2\/categories?post=4094"},{"taxonomy":"post_tag","embeddable":true,"href":"https:\/\/www.bhakademiker.org\/de\/wp-json\/wp\/v2\/tags?post=4094"}],"curies":[{"name":"wp","href":"https:\/\/api.w.org\/{rel}","templated":true}]}}